{"id":4223,"date":"2024-06-04T16:30:07","date_gmt":"2024-06-04T19:30:07","guid":{"rendered":"https:\/\/www.fiemg.com.br\/fiemg\/noticias\/seminario-debate-desafios-e-oportunidades-da-mineracao-de-gemas\/"},"modified":"2024-06-04T16:30:07","modified_gmt":"2024-06-04T19:30:07","slug":"seminario-debate-desafios-e-oportunidades-da-mineracao-de-gemas","status":"publish","type":"noticias","link":"https:\/\/www.fiemg.com.br\/fiemg\/noticias\/seminario-debate-desafios-e-oportunidades-da-mineracao-de-gemas\/","title":{"rendered":"Semin\u00e1rio debate desafios e oportunidades da minera\u00e7\u00e3o de gemas"},"content":{"rendered":"\n<p>Um semin\u00e1rio na sede da FIEMG, em Belo Horizonte, debateu nessa segunda-feira (3\/6) temas importantes a respeito do futuro da minera\u00e7\u00e3o das gemas no Brasil a partir de diferentes perspectivas. O evento foi realizado pelo Sindijoias em parceria com Instituto Brasileiro de Gemas e Metais Preciosos (IBGM) e contou com a participa\u00e7\u00e3o de empres\u00e1rios do interior de Minas Gerais e de outros estados, associados da entidade, especialistas, pesquisadores e representantes do poder p\u00fablico.<\/p>\n\n\n\n<p>As gemas ou pedras preciosas s\u00e3o minerais que, lapidadas, podem ser usadas em joias. Segundo a Ag\u00eancia Nacional de Minera\u00e7\u00e3o (ANM), em 2022, o Brasil produziu cerca de 670 mil toneladas de gemas, totalizando mais de R$36 milh\u00f5es de reais. Minas Gerais \u00e9 o estado com maior produ\u00e7\u00e3o e registrou mais de mil toneladas.<\/p>\n\n\n\n<p>Ao agradecer a presen\u00e7a dos participantes, inclusive os que acompanharam remotamente o semin\u00e1rio, o presidente do Sindijoias, Murilo Graciano, destacou o potencial de crescimento de Minas e do Brasil nesse setor e,segundo ele, o encontro trouxe \u00e0 tona temas que afetam diariamente a ind\u00fastria da minera\u00e7\u00e3o, como qualifica\u00e7\u00e3o de m\u00e3o de obra, regulariza\u00e7\u00e3o, , forma\u00e7\u00e3o de cooperativas, financiamento a produtores, sustentabilidade e outros.<\/p>\n\n\n\n<p>&#8220;Os processos s\u00e3o burocr\u00e1ticos, pouco objetivos e contemplam as exig\u00eancias que poderiam ser parte de condicionantes e que acabam gerando v\u00e1rios processos para o mesmo empreendimento&#8221;, afirmou o dirigente ao se referir \u00e0 necessidade de revisar os licenciamentos ambientais e adequ\u00e1-los para atender melhor o setor. O Sindijoias, prosseguiu Graciano, formou um grupo de trabalho para tratar especificamente de minera\u00e7\u00e3o de gemas.<\/p>\n\n\n\n<p>Representando a FIEMG no evento, a superintendente de Desenvolvimento da Ind\u00fastria e de Pessoas da Federa\u00e7\u00e3o, Erika Morreale, falou sobre alguns servi\u00e7os e solu\u00e7\u00f5es da \u00e1rea de Defesa de Interesses dispon\u00edveis gratuitamente para as empresas associadas a sindicatos.<\/p>\n\n\n\n<p><strong>Um retrato do setor<\/strong><\/p>\n\n\n\n<p>Giorgio de Tomi, professor titular do N\u00facleo de Pesquisa para a Minera\u00e7\u00e3o Respons\u00e1vel da Universidade de S\u00e3o Paulo (NAP.Minera\u00e7\u00e3o\/USP), apresentou um panorama da minera\u00e7\u00e3o de pequena escala no Brasil. Entre outros pontos, o professor falou de um estudo sobre o segmento, elaborado em 2018 pelo NAP em parceria com o Minist\u00e9rio de Minas e Energia (MME) para o Banco Mundial.&nbsp;<\/p>\n\n\n\n<p>Segundo o levantamento, a distribui\u00e7\u00e3o das opera\u00e7\u00f5es registradas de gemas no Brasil est\u00e1 concentrada, sobretudo, 55% em Minas Gerais, 21% no Rio Grande do Sul e 12% no Mato Grosso. \u00c0 \u00e9poca, apenas 20% dos empreendimentos tinham licen\u00e7a ambiental e 14% realizavam o aproveitamento dos rejeitos.<\/p>\n\n\n\n<figure class=\"wp-block-image aligncenter size-large\"><img fetchpriority=\"high\" decoding=\"async\" width=\"1024\" height=\"396\" src=\"https:\/\/www.fiemg.com.br\/fiemg\/wp-content\/uploads\/sites\/10\/2024\/06\/seminario_interna_2-1024x396.jpeg\" alt=\"Semin\u00e1rio debate desafios e oportunidades da minera\u00e7\u00e3o de gemas\" class=\"wp-image-4227\" srcset=\"https:\/\/www.fiemg.com.br\/fiemg\/wp-content\/uploads\/sites\/10\/2024\/06\/seminario_interna_2-1024x396.jpeg 1024w, https:\/\/www.fiemg.com.br\/fiemg\/wp-content\/uploads\/sites\/10\/2024\/06\/seminario_interna_2-300x116.jpeg 300w, https:\/\/www.fiemg.com.br\/fiemg\/wp-content\/uploads\/sites\/10\/2024\/06\/seminario_interna_2-768x297.jpeg 768w, https:\/\/www.fiemg.com.br\/fiemg\/wp-content\/uploads\/sites\/10\/2024\/06\/seminario_interna_2.jpeg 1080w\" sizes=\"(max-width: 1024px) 100vw, 1024px\" \/><\/figure>\n\n\n\n<p>Com base nas an\u00e1lises, constatou-se que a extra\u00e7\u00e3o de gemas no pa\u00eds ocorre quase exclusivamente por garimpo e pequena minera\u00e7\u00e3o. \u201cA falta de conhecimento geol\u00f3gico afeta o desempenho do setor, os mineradores se queixam da complexidade e demora nos processos de formaliza\u00e7\u00e3o e aqueles formalizados s\u00e3o impactados pelas opera\u00e7\u00f5es ilegais\u201d, disse o professor.<\/p>\n\n\n\n<p>Para superar esses e outros desafios, o estudo recomendou incentivar o associativismo e o cooperativismo, ampliar os conv\u00eanios de coopera\u00e7\u00e3o t\u00e9cnica em centros de pesquisa e universidades, estabelecer linhas de cr\u00e9dito e investir em programa de capacita\u00e7\u00e3o para mineradoras.<\/p>\n\n\n\n<p><strong>Desafios e oportunidades<\/strong><\/p>\n\n\n\n<p>A vice-presidente de rela\u00e7\u00f5es institucionais do IBGM, Carla Pinheiro, conduziu uma palestra com o tema \u201cCadeia de valor da ind\u00fastria joalheira e minera\u00e7\u00e3o de gemas\u201d. Alguns dados trazidos por Carla Pinheiro indicam que o Brasil \u00e9 o 10\u00ba produtor mundial de ouro, com mais de 100 toneladas ao ano, e concentra o maior parque industrial joalheiro da Am\u00e9rica Latina, que gera mais de 200 mil empregos diretos. Em 2023, o Brasil exportou US$4 bilh\u00f5es, sendo US$3,5 bi em ouro, US$200 mi em gemas e US$36 mi em joias. J\u00e1 a carga tribut\u00e1ria m\u00e9dia incidente sobre o setor \u00e9 de 42%, patamar considerado se comparado aos pa\u00edses da \u00c1sia, Europa e Estados Unidos.<\/p>\n\n\n\n<p>\u201cPor que a ind\u00fastria brasileira n\u00e3o prospera adequadamente e realiza plenamente seu potencial? O desafio tem m\u00faltiplas faces, como complexidade tribut\u00e1ria, baixa competitividade da ind\u00fastria, ambiente de neg\u00f3cios adverso e falta de integra\u00e7\u00e3o ao longo da cadeia de valor\u201d, observou Carla Pinheiro.<\/p>\n\n\n\n<p>Sobre a minera\u00e7\u00e3o de pequena escala, as MPEs, a palestrante apresentou alguns dados segundo os quais o segmento responde por mais de 25% da m\u00e3o de obra contratada e 86% das minas existentes. De acordo com ela, \u201ca minera\u00e7\u00e3o de pequena escala no Brasil vive uma crise aguda, particularmente no segmento de ouro, em decorr\u00eancia do alto grau de informalidade, dados oficiais desatualizados, falta de integra\u00e7\u00e3o entre os diferentes \u00f3rg\u00e3os respons\u00e1veis pela geologia, minera\u00e7\u00e3o e fiscaliza\u00e7\u00e3o\u201d. O fortalecimento da ANM, a reforma e moderniza\u00e7\u00e3o do C\u00f3digo da Minera\u00e7\u00e3o, est\u00edmulo ao adensamento da cadeia de valor e fortalecimento do extensionismo mineral est\u00e3o entre as propostas sugeridas pelo IBGM para o desenvolvimento sustent\u00e1vel das MPEs.<\/p>\n\n\n\n<p><strong>A\u00e7\u00f5es do poder p\u00fablico<\/strong><\/p>\n\n\n\n<p>O deputado federal por Minas e presidente da Frente Parlamentar da Minera\u00e7\u00e3o Sustent\u00e1vel, Z\u00e9 Silva, o superintendente de Pol\u00edtica Miner\u00e1ria, Energ\u00e9tica e Log\u00edstica da Secretaria de Estado de Desenvolvimento Econ\u00f4mico (Sede\/MG), Pedro Oliveira Batista, e coordenadora-geral de minera\u00e7\u00e3o sustent\u00e1vel e diretora substituta do Departamento de Desenvolvimento Sustent\u00e1vel na Minera\u00e7\u00e3o do Minist\u00e9rio de Minas e Energia (MME), Julev\u00e2nia Ol\u00e9gario, participaram do semin\u00e1rio.<\/p>\n\n\n\n<p>Em suma, eles destacaram algumas iniciativas do poder p\u00fablico para o desenvolvimento do setor e falaram sobre a import\u00e2ncia da parceria com a ind\u00fastria mineral para alcan\u00e7\u00e1-lo. Fortalecimento dos Arranjos Produtivos Locais (APLs), ado\u00e7\u00e3o de mecanismos para tornar a minera\u00e7\u00e3o cada vez mais sustent\u00e1vel e aumento de linhas de cr\u00e9dito foram assuntos tratados.<br><br>Clique <a href=\"https:\/\/www.flickr.com\/photos\/sistemafiemg\/albums\/72177720317580368\/with\/53767765215\"><strong>aqui<\/strong><\/a> e veja mais fotos do evento<br><br><em>Rafael Passos<br><\/em><strong>Imprensa FIEMG<\/strong><\/p>\n\n\n\n<figure class=\"wp-block-image aligncenter size-large\"><img decoding=\"async\" width=\"1024\" height=\"396\" src=\"https:\/\/www.fiemg.com.br\/fiemg\/wp-content\/uploads\/sites\/10\/2024\/06\/gemas-1024x396.jpeg\" alt=\"Semin\u00e1rio debate desafios e oportunidades da minera\u00e7\u00e3o de gemas\" class=\"wp-image-4224\" srcset=\"https:\/\/www.fiemg.com.br\/fiemg\/wp-content\/uploads\/sites\/10\/2024\/06\/gemas-1024x396.jpeg 1024w, https:\/\/www.fiemg.com.br\/fiemg\/wp-content\/uploads\/sites\/10\/2024\/06\/gemas-300x116.jpeg 300w, https:\/\/www.fiemg.com.br\/fiemg\/wp-content\/uploads\/sites\/10\/2024\/06\/gemas-768x297.jpeg 768w, https:\/\/www.fiemg.com.br\/fiemg\/wp-content\/uploads\/sites\/10\/2024\/06\/gemas.jpeg 1080w\" sizes=\"(max-width: 1024px) 100vw, 1024px\" \/><\/figure>\n","protected":false},"featured_media":4225,"template":"","categories":[15],"tags":[104,787,806,138,807],"class_list":["post-4223","noticias","type-noticias","status-publish","has-post-thumbnail","hentry","category-desenvolvimento-industrial","tag-industria","tag-mg","tag-minercao","tag-seminario","tag-sindijoias"],"acf":[],"yoast_head":"<!-- This site is optimized with the Yoast SEO plugin v26.2 - https:\/\/yoast.com\/wordpress\/plugins\/seo\/ -->\n<title>Semin\u00e1rio debate desafios e oportunidades da minera\u00e7\u00e3o de gemas - FIEMG<\/title>\n<meta name=\"description\" content=\"Evento teve a participa\u00e7\u00e3o de empres\u00e1rios, associados do Sindijoias, especialistas, pesquisadores e representantes do poder p\u00fablico\" \/>\n<meta name=\"robots\" content=\"index, follow, max-snippet:-1, max-image-preview:large, max-video-preview:-1\" \/>\n<link rel=\"canonical\" href=\"https:\/\/www.fiemg.com.br\/fiemg\/noticias\/seminario-debate-desafios-e-oportunidades-da-mineracao-de-gemas\/\" \/>\n<meta property=\"og:locale\" content=\"pt_BR\" \/>\n<meta property=\"og:type\" content=\"article\" \/>\n<meta property=\"og:title\" content=\"Semin\u00e1rio debate desafios e oportunidades da minera\u00e7\u00e3o de gemas - FIEMG\" \/>\n<meta property=\"og:description\" content=\"Evento teve a participa\u00e7\u00e3o de empres\u00e1rios, associados do Sindijoias, especialistas, pesquisadores e representantes do poder p\u00fablico\" \/>\n<meta property=\"og:url\" content=\"https:\/\/www.fiemg.com.br\/fiemg\/noticias\/seminario-debate-desafios-e-oportunidades-da-mineracao-de-gemas\/\" \/>\n<meta property=\"og:site_name\" content=\"FIEMG\" \/>\n<meta property=\"og:image\" content=\"https:\/\/www.fiemg.com.br\/fiemg\/wp-content\/uploads\/sites\/10\/2024\/06\/seminario_thumb.jpeg\" \/>\n\t<meta property=\"og:image:width\" content=\"512\" \/>\n\t<meta property=\"og:image:height\" content=\"512\" \/>\n\t<meta property=\"og:image:type\" content=\"image\/jpeg\" \/>\n<meta name=\"twitter:card\" content=\"summary_large_image\" \/>\n<meta name=\"twitter:label1\" content=\"Est. tempo de leitura\" \/>\n\t<meta name=\"twitter:data1\" content=\"6 minutos\" \/>\n<script type=\"application\/ld+json\" class=\"yoast-schema-graph\">{\"@context\":\"https:\/\/schema.org\",\"@graph\":[{\"@type\":\"WebPage\",\"@id\":\"https:\/\/www.fiemg.com.br\/fiemg\/noticias\/seminario-debate-desafios-e-oportunidades-da-mineracao-de-gemas\/\",\"url\":\"https:\/\/www.fiemg.com.br\/fiemg\/noticias\/seminario-debate-desafios-e-oportunidades-da-mineracao-de-gemas\/\",\"name\":\"Semin\u00e1rio debate desafios e oportunidades da minera\u00e7\u00e3o de gemas - FIEMG\",\"isPartOf\":{\"@id\":\"https:\/\/www.fiemg.com.br\/fiemg\/#website\"},\"primaryImageOfPage\":{\"@id\":\"https:\/\/www.fiemg.com.br\/fiemg\/noticias\/seminario-debate-desafios-e-oportunidades-da-mineracao-de-gemas\/#primaryimage\"},\"image\":{\"@id\":\"https:\/\/www.fiemg.com.br\/fiemg\/noticias\/seminario-debate-desafios-e-oportunidades-da-mineracao-de-gemas\/#primaryimage\"},\"thumbnailUrl\":\"https:\/\/www.fiemg.com.br\/fiemg\/wp-content\/uploads\/sites\/10\/2024\/06\/seminario_thumb.jpeg\",\"datePublished\":\"2024-06-04T19:30:07+00:00\",\"description\":\"Evento teve a participa\u00e7\u00e3o de empres\u00e1rios, associados do Sindijoias, especialistas, pesquisadores e representantes do poder p\u00fablico\",\"breadcrumb\":{\"@id\":\"https:\/\/www.fiemg.com.br\/fiemg\/noticias\/seminario-debate-desafios-e-oportunidades-da-mineracao-de-gemas\/#breadcrumb\"},\"inLanguage\":\"pt-BR\",\"potentialAction\":[{\"@type\":\"ReadAction\",\"target\":[\"https:\/\/www.fiemg.com.br\/fiemg\/noticias\/seminario-debate-desafios-e-oportunidades-da-mineracao-de-gemas\/\"]}]},{\"@type\":\"ImageObject\",\"inLanguage\":\"pt-BR\",\"@id\":\"https:\/\/www.fiemg.com.br\/fiemg\/noticias\/seminario-debate-desafios-e-oportunidades-da-mineracao-de-gemas\/#primaryimage\",\"url\":\"https:\/\/www.fiemg.com.br\/fiemg\/wp-content\/uploads\/sites\/10\/2024\/06\/seminario_thumb.jpeg\",\"contentUrl\":\"https:\/\/www.fiemg.com.br\/fiemg\/wp-content\/uploads\/sites\/10\/2024\/06\/seminario_thumb.jpeg\",\"width\":512,\"height\":512,\"caption\":\"Semin\u00e1rio debate desafios e oportunidades da minera\u00e7\u00e3o de gemas\"},{\"@type\":\"BreadcrumbList\",\"@id\":\"https:\/\/www.fiemg.com.br\/fiemg\/noticias\/seminario-debate-desafios-e-oportunidades-da-mineracao-de-gemas\/#breadcrumb\",\"itemListElement\":[{\"@type\":\"ListItem\",\"position\":1,\"name\":\"In\u00edcio\",\"item\":\"https:\/\/www.fiemg.com.br\/fiemg\/\"},{\"@type\":\"ListItem\",\"position\":2,\"name\":\"Semin\u00e1rio debate desafios e oportunidades da minera\u00e7\u00e3o de gemas\"}]},{\"@type\":\"WebSite\",\"@id\":\"https:\/\/www.fiemg.com.br\/fiemg\/#website\",\"url\":\"https:\/\/www.fiemg.com.br\/fiemg\/\",\"name\":\"FIEMG\",\"description\":\"Federa\u00e7\u00e3o das Ind\u00fastrias do Estado de Minas Gerais\",\"publisher\":{\"@id\":\"https:\/\/www.fiemg.com.br\/fiemg\/#organization\"},\"potentialAction\":[{\"@type\":\"SearchAction\",\"target\":{\"@type\":\"EntryPoint\",\"urlTemplate\":\"https:\/\/www.fiemg.com.br\/fiemg\/?s={search_term_string}\"},\"query-input\":{\"@type\":\"PropertyValueSpecification\",\"valueRequired\":true,\"valueName\":\"search_term_string\"}}],\"inLanguage\":\"pt-BR\"},{\"@type\":\"Organization\",\"@id\":\"https:\/\/www.fiemg.com.br\/fiemg\/#organization\",\"name\":\"FIEMG\",\"url\":\"https:\/\/www.fiemg.com.br\/fiemg\/\",\"logo\":{\"@type\":\"ImageObject\",\"inLanguage\":\"pt-BR\",\"@id\":\"https:\/\/www.fiemg.com.br\/fiemg\/#\/schema\/logo\/image\/\",\"url\":\"https:\/\/www.fiemg.com.br\/fiemg\/wp-content\/uploads\/sites\/10\/2023\/02\/fiemg_branco.svg\",\"contentUrl\":\"https:\/\/www.fiemg.com.br\/fiemg\/wp-content\/uploads\/sites\/10\/2023\/02\/fiemg_branco.svg\",\"width\":561,\"height\":147,\"caption\":\"FIEMG\"},\"image\":{\"@id\":\"https:\/\/www.fiemg.com.br\/fiemg\/#\/schema\/logo\/image\/\"}}]}<\/script>\n<!-- \/ Yoast SEO plugin. -->","yoast_head_json":{"title":"Semin\u00e1rio debate desafios e oportunidades da minera\u00e7\u00e3o de gemas - FIEMG","description":"Evento teve a participa\u00e7\u00e3o de empres\u00e1rios, associados do Sindijoias, especialistas, pesquisadores e representantes do poder p\u00fablico","robots":{"index":"index","follow":"follow","max-snippet":"max-snippet:-1","max-image-preview":"max-image-preview:large","max-video-preview":"max-video-preview:-1"},"canonical":"https:\/\/www.fiemg.com.br\/fiemg\/noticias\/seminario-debate-desafios-e-oportunidades-da-mineracao-de-gemas\/","og_locale":"pt_BR","og_type":"article","og_title":"Semin\u00e1rio debate desafios e oportunidades da minera\u00e7\u00e3o de gemas - FIEMG","og_description":"Evento teve a participa\u00e7\u00e3o de empres\u00e1rios, associados do Sindijoias, especialistas, pesquisadores e representantes do poder p\u00fablico","og_url":"https:\/\/www.fiemg.com.br\/fiemg\/noticias\/seminario-debate-desafios-e-oportunidades-da-mineracao-de-gemas\/","og_site_name":"FIEMG","og_image":[{"width":512,"height":512,"url":"https:\/\/www.fiemg.com.br\/fiemg\/wp-content\/uploads\/sites\/10\/2024\/06\/seminario_thumb.jpeg","type":"image\/jpeg"}],"twitter_card":"summary_large_image","twitter_misc":{"Est. tempo de leitura":"6 minutos"},"schema":{"@context":"https:\/\/schema.org","@graph":[{"@type":"WebPage","@id":"https:\/\/www.fiemg.com.br\/fiemg\/noticias\/seminario-debate-desafios-e-oportunidades-da-mineracao-de-gemas\/","url":"https:\/\/www.fiemg.com.br\/fiemg\/noticias\/seminario-debate-desafios-e-oportunidades-da-mineracao-de-gemas\/","name":"Semin\u00e1rio debate desafios e oportunidades da minera\u00e7\u00e3o de gemas - FIEMG","isPartOf":{"@id":"https:\/\/www.fiemg.com.br\/fiemg\/#website"},"primaryImageOfPage":{"@id":"https:\/\/www.fiemg.com.br\/fiemg\/noticias\/seminario-debate-desafios-e-oportunidades-da-mineracao-de-gemas\/#primaryimage"},"image":{"@id":"https:\/\/www.fiemg.com.br\/fiemg\/noticias\/seminario-debate-desafios-e-oportunidades-da-mineracao-de-gemas\/#primaryimage"},"thumbnailUrl":"https:\/\/www.fiemg.com.br\/fiemg\/wp-content\/uploads\/sites\/10\/2024\/06\/seminario_thumb.jpeg","datePublished":"2024-06-04T19:30:07+00:00","description":"Evento teve a participa\u00e7\u00e3o de empres\u00e1rios, associados do Sindijoias, especialistas, pesquisadores e representantes do poder p\u00fablico","breadcrumb":{"@id":"https:\/\/www.fiemg.com.br\/fiemg\/noticias\/seminario-debate-desafios-e-oportunidades-da-mineracao-de-gemas\/#breadcrumb"},"inLanguage":"pt-BR","potentialAction":[{"@type":"ReadAction","target":["https:\/\/www.fiemg.com.br\/fiemg\/noticias\/seminario-debate-desafios-e-oportunidades-da-mineracao-de-gemas\/"]}]},{"@type":"ImageObject","inLanguage":"pt-BR","@id":"https:\/\/www.fiemg.com.br\/fiemg\/noticias\/seminario-debate-desafios-e-oportunidades-da-mineracao-de-gemas\/#primaryimage","url":"https:\/\/www.fiemg.com.br\/fiemg\/wp-content\/uploads\/sites\/10\/2024\/06\/seminario_thumb.jpeg","contentUrl":"https:\/\/www.fiemg.com.br\/fiemg\/wp-content\/uploads\/sites\/10\/2024\/06\/seminario_thumb.jpeg","width":512,"height":512,"caption":"Semin\u00e1rio debate desafios e oportunidades da minera\u00e7\u00e3o de gemas"},{"@type":"BreadcrumbList","@id":"https:\/\/www.fiemg.com.br\/fiemg\/noticias\/seminario-debate-desafios-e-oportunidades-da-mineracao-de-gemas\/#breadcrumb","itemListElement":[{"@type":"ListItem","position":1,"name":"In\u00edcio","item":"https:\/\/www.fiemg.com.br\/fiemg\/"},{"@type":"ListItem","position":2,"name":"Semin\u00e1rio debate desafios e oportunidades da minera\u00e7\u00e3o de gemas"}]},{"@type":"WebSite","@id":"https:\/\/www.fiemg.com.br\/fiemg\/#website","url":"https:\/\/www.fiemg.com.br\/fiemg\/","name":"FIEMG","description":"Federa\u00e7\u00e3o das Ind\u00fastrias do Estado de Minas Gerais","publisher":{"@id":"https:\/\/www.fiemg.com.br\/fiemg\/#organization"},"potentialAction":[{"@type":"SearchAction","target":{"@type":"EntryPoint","urlTemplate":"https:\/\/www.fiemg.com.br\/fiemg\/?s={search_term_string}"},"query-input":{"@type":"PropertyValueSpecification","valueRequired":true,"valueName":"search_term_string"}}],"inLanguage":"pt-BR"},{"@type":"Organization","@id":"https:\/\/www.fiemg.com.br\/fiemg\/#organization","name":"FIEMG","url":"https:\/\/www.fiemg.com.br\/fiemg\/","logo":{"@type":"ImageObject","inLanguage":"pt-BR","@id":"https:\/\/www.fiemg.com.br\/fiemg\/#\/schema\/logo\/image\/","url":"https:\/\/www.fiemg.com.br\/fiemg\/wp-content\/uploads\/sites\/10\/2023\/02\/fiemg_branco.svg","contentUrl":"https:\/\/www.fiemg.com.br\/fiemg\/wp-content\/uploads\/sites\/10\/2023\/02\/fiemg_branco.svg","width":561,"height":147,"caption":"FIEMG"},"image":{"@id":"https:\/\/www.fiemg.com.br\/fiemg\/#\/schema\/logo\/image\/"}}]}},"_links":{"self":[{"href":"https:\/\/www.fiemg.com.br\/fiemg\/wp-json\/wp\/v2\/noticias\/4223","targetHints":{"allow":["GET"]}}],"collection":[{"href":"https:\/\/www.fiemg.com.br\/fiemg\/wp-json\/wp\/v2\/noticias"}],"about":[{"href":"https:\/\/www.fiemg.com.br\/fiemg\/wp-json\/wp\/v2\/types\/noticias"}],"wp:featuredmedia":[{"embeddable":true,"href":"https:\/\/www.fiemg.com.br\/fiemg\/wp-json\/wp\/v2\/media\/4225"}],"wp:attachment":[{"href":"https:\/\/www.fiemg.com.br\/fiemg\/wp-json\/wp\/v2\/media?parent=4223"}],"wp:term":[{"taxonomy":"category","embeddable":true,"href":"https:\/\/www.fiemg.com.br\/fiemg\/wp-json\/wp\/v2\/categories?post=4223"},{"taxonomy":"post_tag","embeddable":true,"href":"https:\/\/www.fiemg.com.br\/fiemg\/wp-json\/wp\/v2\/tags?post=4223"}],"curies":[{"name":"wp","href":"https:\/\/api.w.org\/{rel}","templated":true}]}}