{"id":4673,"date":"2024-07-04T12:40:40","date_gmt":"2024-07-04T15:40:40","guid":{"rendered":"https:\/\/www.fiemg.com.br\/fiemg\/noticias\/minascon-2024-primeira-manha-de-atividades-traz-palestras-tecnicas-e-conteudo-inovador\/"},"modified":"2024-07-04T17:03:21","modified_gmt":"2024-07-04T20:03:21","slug":"minascon-2024-primeira-manha-de-atividades-traz-palestras-tecnicas-e-conteudo-inovador","status":"publish","type":"noticias","link":"https:\/\/www.fiemg.com.br\/fiemg\/noticias\/minascon-2024-primeira-manha-de-atividades-traz-palestras-tecnicas-e-conteudo-inovador\/","title":{"rendered":"Minascon 2024 \u2013 Primeira manh\u00e3 de atividades traz palestras t\u00e9cnicas e conte\u00fado inovador"},"content":{"rendered":"\n<p>O <a href=\"https:\/\/www.sympla.com.br\/evento\/21-ed-minascon-2024\/2485991?referrer=www.google.com.br\"><strong>Minascon<\/strong><\/a>, maior evento da cadeia da ind\u00fastria da constru\u00e7\u00e3o civil de Minas Gerais, desembarcou em Divin\u00f3polis na sua 21\u00aa edi\u00e7\u00e3o com extensa e rica programa\u00e7\u00e3o. A palestra \u201cResponsabilidade t\u00e9cnica na engenharia, agronomia e geoci\u00eancia\u201d foi uma das primeiras atividades do dia e recebeu profissionais, empres\u00e1rios e gestores do segmento da constru\u00e7\u00e3o civil.<\/p>\n\n\n\n<p>O p\u00fablico teve a oportunidade de acompanhar a apresenta\u00e7\u00e3o do Inspetor chefe do CREA-MG em Divin\u00f3polis, Luiz Ot\u00e1vio Santos Pereira, que discorreu sobre o exerc\u00edcio legal da profiss\u00e3o, o ato da fiscaliza\u00e7\u00e3o, a valoriza\u00e7\u00e3o da engenharia e a responsabilidade t\u00e9cnica, com intuito de ressaltar a valoriza\u00e7\u00e3o do profissional atuante no segmento da constru\u00e7\u00e3o civil. \u201c\u00c9 importante, dentro de um cen\u00e1rio otimista do processo construtivo, a contrata\u00e7\u00e3o de profissionais experts em determinadas \u00e1reas para garantir a execu\u00e7\u00e3o de cada uma das etapas com base no conhecimento cient\u00edfico e t\u00e9cnico\u201d, enfatizou.<\/p>\n\n\n\n<p>Ao todo, 3 palestras foram oferecidas na primeira manh\u00e3 do Minascon. Al\u00e9m disso, as 12 duplas de participantes do Concurso \u201cA Ponte\u201d, um dos principais atrativos do evento, j\u00e1 iniciaram a constru\u00e7\u00e3o dos prot\u00f3tipos usando apenas palitos de picol\u00e9 e cola branca. Para a dupla vencedora do desafio, o pr\u00eamio \u00e9 de R$5 mil, enquanto a vice-campe\u00e3, vai receber R$2,5 mil.&nbsp;O encerramento do concurso acontecer\u00e1 no s\u00e1bado (06), \u00faltimo dia da feira.<\/p>\n\n\n\n<p>A programa\u00e7\u00e3o continua durante os 3 dias com pain\u00e9is, semin\u00e1rios, palestras, mini cursos e outras atividades que ir\u00e3o oferecer informa\u00e7\u00e3o, conhecimento tecnol\u00f3gico e trazer inova\u00e7\u00e3o para profissionais, gestores, empres\u00e1rios e estudantes das diversas \u00e1reas do segmento. Os estandes estar\u00e3o abertos \u00e0 visita\u00e7\u00e3o hoje a partir das 14h.<\/p>\n\n\n\n<p>O Minascon 2024 \u00e9 uma realiza\u00e7\u00e3o da FIEMG, por meio da FIEMG Regional Centro-Oeste, do Sindicato das Ind\u00fastrias da Constru\u00e7\u00e3o Civil do Centro-Oeste, da C\u00e2mara da Ind\u00fastria da Constru\u00e7\u00e3o da FIEMG. Conta tamb\u00e9m com o apoio m\u00e1ster do SEBRAE, patroc\u00ednio ouro da CAIXA e Governo Federal, patroc\u00ednio prata do CREA-MG, Codemge e Governo do Estado de Minas Gerais, al\u00e9m dos apoios do SEST SENAT e institucional do Conselho de Arquitetura e Urbanismo de Minas Gerais (CAU-MG).<br><br>Clique <a href=\"https:\/\/www.sympla.com.br\/evento\/21-ed-minascon-2024\/2485991?referrer=www.google.com.br\"><strong>aqui<\/strong><\/a> e confira a programa\u00e7\u00e3o do evento<br><br><em>Gracielle Castro <br><\/em><strong>Imprensa FIEMG<\/strong><\/p>\n\n\n\n<figure class=\"wp-block-image aligncenter size-large is-resized\"><img decoding=\"async\" src=\"https:\/\/www.fiemg.com.br\/fiemg\/wp-content\/uploads\/sites\/10\/2024\/07\/Concurso-A-Ponte-Minascon20214-1024x682.jpeg\" alt=\"\" class=\"wp-image-4677\" style=\"width:770px;height:auto\" \/><\/figure>\n","protected":false},"featured_media":4674,"template":"","categories":[15],"tags":[],"class_list":["post-4673","noticias","type-noticias","status-publish","has-post-thumbnail","hentry","category-desenvolvimento-industrial"],"acf":[],"yoast_head":"<!-- This site is optimized with the Yoast SEO plugin v26.2 - https:\/\/yoast.com\/wordpress\/plugins\/seo\/ -->\n<title>Minascon 2024 \u2013 Primeira manh\u00e3 de atividades traz palestras t\u00e9cnicas e conte\u00fado inovador - FIEMG<\/title>\n<meta name=\"robots\" content=\"index, follow, max-snippet:-1, max-image-preview:large, max-video-preview:-1\" \/>\n<link rel=\"canonical\" href=\"https:\/\/www.fiemg.com.br\/fiemg\/noticias\/minascon-2024-primeira-manha-de-atividades-traz-palestras-tecnicas-e-conteudo-inovador\/\" \/>\n<meta property=\"og:locale\" content=\"pt_BR\" \/>\n<meta property=\"og:type\" content=\"article\" \/>\n<meta property=\"og:title\" content=\"Minascon 2024 \u2013 Primeira manh\u00e3 de atividades traz palestras t\u00e9cnicas e conte\u00fado inovador - FIEMG\" \/>\n<meta property=\"og:description\" content=\"O Minascon, maior evento da cadeia da ind\u00fastria da constru\u00e7\u00e3o civil de Minas Gerais, desembarcou em Divin\u00f3polis na sua 21\u00aa edi\u00e7\u00e3o com extensa e rica programa\u00e7\u00e3o. A palestra \u201cResponsabilidade t\u00e9cnica na engenharia, agronomia e geoci\u00eancia\u201d foi uma das primeiras atividades do dia e recebeu profissionais, empres\u00e1rios e gestores do segmento da constru\u00e7\u00e3o civil. O p\u00fablico [&hellip;]\" \/>\n<meta property=\"og:url\" content=\"https:\/\/www.fiemg.com.br\/fiemg\/noticias\/minascon-2024-primeira-manha-de-atividades-traz-palestras-tecnicas-e-conteudo-inovador\/\" \/>\n<meta property=\"og:site_name\" content=\"FIEMG\" \/>\n<meta property=\"article:modified_time\" content=\"2024-07-04T20:03:21+00:00\" \/>\n<meta property=\"og:image\" content=\"https:\/\/www.fiemg.com.br\/fiemg\/wp-content\/uploads\/sites\/10\/2024\/07\/palestra-inspetor-CREA-Divinopolis-Minascon2024-e1720107631792.jpeg\" \/>\n\t<meta property=\"og:image:width\" content=\"1066\" \/>\n\t<meta property=\"og:image:height\" content=\"1066\" \/>\n\t<meta property=\"og:image:type\" content=\"image\/jpeg\" \/>\n<meta name=\"twitter:card\" content=\"summary_large_image\" \/>\n<meta name=\"twitter:label1\" content=\"Est. tempo de leitura\" \/>\n\t<meta name=\"twitter:data1\" content=\"3 minutos\" \/>\n<script type=\"application\/ld+json\" class=\"yoast-schema-graph\">{\"@context\":\"https:\/\/schema.org\",\"@graph\":[{\"@type\":\"WebPage\",\"@id\":\"https:\/\/www.fiemg.com.br\/fiemg\/noticias\/minascon-2024-primeira-manha-de-atividades-traz-palestras-tecnicas-e-conteudo-inovador\/\",\"url\":\"https:\/\/www.fiemg.com.br\/fiemg\/noticias\/minascon-2024-primeira-manha-de-atividades-traz-palestras-tecnicas-e-conteudo-inovador\/\",\"name\":\"Minascon 2024 \u2013 Primeira manh\u00e3 de atividades traz palestras t\u00e9cnicas e conte\u00fado inovador - FIEMG\",\"isPartOf\":{\"@id\":\"https:\/\/www.fiemg.com.br\/fiemg\/#website\"},\"primaryImageOfPage\":{\"@id\":\"https:\/\/www.fiemg.com.br\/fiemg\/noticias\/minascon-2024-primeira-manha-de-atividades-traz-palestras-tecnicas-e-conteudo-inovador\/#primaryimage\"},\"image\":{\"@id\":\"https:\/\/www.fiemg.com.br\/fiemg\/noticias\/minascon-2024-primeira-manha-de-atividades-traz-palestras-tecnicas-e-conteudo-inovador\/#primaryimage\"},\"thumbnailUrl\":\"https:\/\/www.fiemg.com.br\/fiemg\/wp-content\/uploads\/sites\/10\/2024\/07\/palestra-inspetor-CREA-Divinopolis-Minascon2024-e1720107631792.jpeg\",\"datePublished\":\"2024-07-04T15:40:40+00:00\",\"dateModified\":\"2024-07-04T20:03:21+00:00\",\"breadcrumb\":{\"@id\":\"https:\/\/www.fiemg.com.br\/fiemg\/noticias\/minascon-2024-primeira-manha-de-atividades-traz-palestras-tecnicas-e-conteudo-inovador\/#breadcrumb\"},\"inLanguage\":\"pt-BR\",\"potentialAction\":[{\"@type\":\"ReadAction\",\"target\":[\"https:\/\/www.fiemg.com.br\/fiemg\/noticias\/minascon-2024-primeira-manha-de-atividades-traz-palestras-tecnicas-e-conteudo-inovador\/\"]}]},{\"@type\":\"ImageObject\",\"inLanguage\":\"pt-BR\",\"@id\":\"https:\/\/www.fiemg.com.br\/fiemg\/noticias\/minascon-2024-primeira-manha-de-atividades-traz-palestras-tecnicas-e-conteudo-inovador\/#primaryimage\",\"url\":\"https:\/\/www.fiemg.com.br\/fiemg\/wp-content\/uploads\/sites\/10\/2024\/07\/palestra-inspetor-CREA-Divinopolis-Minascon2024-e1720107631792.jpeg\",\"contentUrl\":\"https:\/\/www.fiemg.com.br\/fiemg\/wp-content\/uploads\/sites\/10\/2024\/07\/palestra-inspetor-CREA-Divinopolis-Minascon2024-e1720107631792.jpeg\",\"width\":1066,\"height\":1066},{\"@type\":\"BreadcrumbList\",\"@id\":\"https:\/\/www.fiemg.com.br\/fiemg\/noticias\/minascon-2024-primeira-manha-de-atividades-traz-palestras-tecnicas-e-conteudo-inovador\/#breadcrumb\",\"itemListElement\":[{\"@type\":\"ListItem\",\"position\":1,\"name\":\"In\u00edcio\",\"item\":\"https:\/\/www.fiemg.com.br\/fiemg\/\"},{\"@type\":\"ListItem\",\"position\":2,\"name\":\"Minascon 2024 \u2013 Primeira manh\u00e3 de atividades traz palestras t\u00e9cnicas e conte\u00fado inovador\"}]},{\"@type\":\"WebSite\",\"@id\":\"https:\/\/www.fiemg.com.br\/fiemg\/#website\",\"url\":\"https:\/\/www.fiemg.com.br\/fiemg\/\",\"name\":\"FIEMG\",\"description\":\"Federa\u00e7\u00e3o das Ind\u00fastrias do Estado de Minas Gerais\",\"publisher\":{\"@id\":\"https:\/\/www.fiemg.com.br\/fiemg\/#organization\"},\"potentialAction\":[{\"@type\":\"SearchAction\",\"target\":{\"@type\":\"EntryPoint\",\"urlTemplate\":\"https:\/\/www.fiemg.com.br\/fiemg\/?s={search_term_string}\"},\"query-input\":{\"@type\":\"PropertyValueSpecification\",\"valueRequired\":true,\"valueName\":\"search_term_string\"}}],\"inLanguage\":\"pt-BR\"},{\"@type\":\"Organization\",\"@id\":\"https:\/\/www.fiemg.com.br\/fiemg\/#organization\",\"name\":\"FIEMG\",\"url\":\"https:\/\/www.fiemg.com.br\/fiemg\/\",\"logo\":{\"@type\":\"ImageObject\",\"inLanguage\":\"pt-BR\",\"@id\":\"https:\/\/www.fiemg.com.br\/fiemg\/#\/schema\/logo\/image\/\",\"url\":\"https:\/\/www.fiemg.com.br\/fiemg\/wp-content\/uploads\/sites\/10\/2023\/02\/fiemg_branco.svg\",\"contentUrl\":\"https:\/\/www.fiemg.com.br\/fiemg\/wp-content\/uploads\/sites\/10\/2023\/02\/fiemg_branco.svg\",\"width\":561,\"height\":147,\"caption\":\"FIEMG\"},\"image\":{\"@id\":\"https:\/\/www.fiemg.com.br\/fiemg\/#\/schema\/logo\/image\/\"}}]}<\/script>\n<!-- \/ Yoast SEO plugin. -->","yoast_head_json":{"title":"Minascon 2024 \u2013 Primeira manh\u00e3 de atividades traz palestras t\u00e9cnicas e conte\u00fado inovador - FIEMG","robots":{"index":"index","follow":"follow","max-snippet":"max-snippet:-1","max-image-preview":"max-image-preview:large","max-video-preview":"max-video-preview:-1"},"canonical":"https:\/\/www.fiemg.com.br\/fiemg\/noticias\/minascon-2024-primeira-manha-de-atividades-traz-palestras-tecnicas-e-conteudo-inovador\/","og_locale":"pt_BR","og_type":"article","og_title":"Minascon 2024 \u2013 Primeira manh\u00e3 de atividades traz palestras t\u00e9cnicas e conte\u00fado inovador - FIEMG","og_description":"O Minascon, maior evento da cadeia da ind\u00fastria da constru\u00e7\u00e3o civil de Minas Gerais, desembarcou em Divin\u00f3polis na sua 21\u00aa edi\u00e7\u00e3o com extensa e rica programa\u00e7\u00e3o. A palestra \u201cResponsabilidade t\u00e9cnica na engenharia, agronomia e geoci\u00eancia\u201d foi uma das primeiras atividades do dia e recebeu profissionais, empres\u00e1rios e gestores do segmento da constru\u00e7\u00e3o civil. O p\u00fablico [&hellip;]","og_url":"https:\/\/www.fiemg.com.br\/fiemg\/noticias\/minascon-2024-primeira-manha-de-atividades-traz-palestras-tecnicas-e-conteudo-inovador\/","og_site_name":"FIEMG","article_modified_time":"2024-07-04T20:03:21+00:00","og_image":[{"width":1066,"height":1066,"url":"https:\/\/www.fiemg.com.br\/fiemg\/wp-content\/uploads\/sites\/10\/2024\/07\/palestra-inspetor-CREA-Divinopolis-Minascon2024-e1720107631792.jpeg","type":"image\/jpeg"}],"twitter_card":"summary_large_image","twitter_misc":{"Est. tempo de leitura":"3 minutos"},"schema":{"@context":"https:\/\/schema.org","@graph":[{"@type":"WebPage","@id":"https:\/\/www.fiemg.com.br\/fiemg\/noticias\/minascon-2024-primeira-manha-de-atividades-traz-palestras-tecnicas-e-conteudo-inovador\/","url":"https:\/\/www.fiemg.com.br\/fiemg\/noticias\/minascon-2024-primeira-manha-de-atividades-traz-palestras-tecnicas-e-conteudo-inovador\/","name":"Minascon 2024 \u2013 Primeira manh\u00e3 de atividades traz palestras t\u00e9cnicas e conte\u00fado inovador - FIEMG","isPartOf":{"@id":"https:\/\/www.fiemg.com.br\/fiemg\/#website"},"primaryImageOfPage":{"@id":"https:\/\/www.fiemg.com.br\/fiemg\/noticias\/minascon-2024-primeira-manha-de-atividades-traz-palestras-tecnicas-e-conteudo-inovador\/#primaryimage"},"image":{"@id":"https:\/\/www.fiemg.com.br\/fiemg\/noticias\/minascon-2024-primeira-manha-de-atividades-traz-palestras-tecnicas-e-conteudo-inovador\/#primaryimage"},"thumbnailUrl":"https:\/\/www.fiemg.com.br\/fiemg\/wp-content\/uploads\/sites\/10\/2024\/07\/palestra-inspetor-CREA-Divinopolis-Minascon2024-e1720107631792.jpeg","datePublished":"2024-07-04T15:40:40+00:00","dateModified":"2024-07-04T20:03:21+00:00","breadcrumb":{"@id":"https:\/\/www.fiemg.com.br\/fiemg\/noticias\/minascon-2024-primeira-manha-de-atividades-traz-palestras-tecnicas-e-conteudo-inovador\/#breadcrumb"},"inLanguage":"pt-BR","potentialAction":[{"@type":"ReadAction","target":["https:\/\/www.fiemg.com.br\/fiemg\/noticias\/minascon-2024-primeira-manha-de-atividades-traz-palestras-tecnicas-e-conteudo-inovador\/"]}]},{"@type":"ImageObject","inLanguage":"pt-BR","@id":"https:\/\/www.fiemg.com.br\/fiemg\/noticias\/minascon-2024-primeira-manha-de-atividades-traz-palestras-tecnicas-e-conteudo-inovador\/#primaryimage","url":"https:\/\/www.fiemg.com.br\/fiemg\/wp-content\/uploads\/sites\/10\/2024\/07\/palestra-inspetor-CREA-Divinopolis-Minascon2024-e1720107631792.jpeg","contentUrl":"https:\/\/www.fiemg.com.br\/fiemg\/wp-content\/uploads\/sites\/10\/2024\/07\/palestra-inspetor-CREA-Divinopolis-Minascon2024-e1720107631792.jpeg","width":1066,"height":1066},{"@type":"BreadcrumbList","@id":"https:\/\/www.fiemg.com.br\/fiemg\/noticias\/minascon-2024-primeira-manha-de-atividades-traz-palestras-tecnicas-e-conteudo-inovador\/#breadcrumb","itemListElement":[{"@type":"ListItem","position":1,"name":"In\u00edcio","item":"https:\/\/www.fiemg.com.br\/fiemg\/"},{"@type":"ListItem","position":2,"name":"Minascon 2024 \u2013 Primeira manh\u00e3 de atividades traz palestras t\u00e9cnicas e conte\u00fado inovador"}]},{"@type":"WebSite","@id":"https:\/\/www.fiemg.com.br\/fiemg\/#website","url":"https:\/\/www.fiemg.com.br\/fiemg\/","name":"FIEMG","description":"Federa\u00e7\u00e3o das Ind\u00fastrias do Estado de Minas Gerais","publisher":{"@id":"https:\/\/www.fiemg.com.br\/fiemg\/#organization"},"potentialAction":[{"@type":"SearchAction","target":{"@type":"EntryPoint","urlTemplate":"https:\/\/www.fiemg.com.br\/fiemg\/?s={search_term_string}"},"query-input":{"@type":"PropertyValueSpecification","valueRequired":true,"valueName":"search_term_string"}}],"inLanguage":"pt-BR"},{"@type":"Organization","@id":"https:\/\/www.fiemg.com.br\/fiemg\/#organization","name":"FIEMG","url":"https:\/\/www.fiemg.com.br\/fiemg\/","logo":{"@type":"ImageObject","inLanguage":"pt-BR","@id":"https:\/\/www.fiemg.com.br\/fiemg\/#\/schema\/logo\/image\/","url":"https:\/\/www.fiemg.com.br\/fiemg\/wp-content\/uploads\/sites\/10\/2023\/02\/fiemg_branco.svg","contentUrl":"https:\/\/www.fiemg.com.br\/fiemg\/wp-content\/uploads\/sites\/10\/2023\/02\/fiemg_branco.svg","width":561,"height":147,"caption":"FIEMG"},"image":{"@id":"https:\/\/www.fiemg.com.br\/fiemg\/#\/schema\/logo\/image\/"}}]}},"_links":{"self":[{"href":"https:\/\/www.fiemg.com.br\/fiemg\/wp-json\/wp\/v2\/noticias\/4673","targetHints":{"allow":["GET"]}}],"collection":[{"href":"https:\/\/www.fiemg.com.br\/fiemg\/wp-json\/wp\/v2\/noticias"}],"about":[{"href":"https:\/\/www.fiemg.com.br\/fiemg\/wp-json\/wp\/v2\/types\/noticias"}],"wp:featuredmedia":[{"embeddable":true,"href":"https:\/\/www.fiemg.com.br\/fiemg\/wp-json\/wp\/v2\/media\/4674"}],"wp:attachment":[{"href":"https:\/\/www.fiemg.com.br\/fiemg\/wp-json\/wp\/v2\/media?parent=4673"}],"wp:term":[{"taxonomy":"category","embeddable":true,"href":"https:\/\/www.fiemg.com.br\/fiemg\/wp-json\/wp\/v2\/categories?post=4673"},{"taxonomy":"post_tag","embeddable":true,"href":"https:\/\/www.fiemg.com.br\/fiemg\/wp-json\/wp\/v2\/tags?post=4673"}],"curies":[{"name":"wp","href":"https:\/\/api.w.org\/{rel}","templated":true}]}}