{"id":4854,"date":"2024-07-15T08:58:04","date_gmt":"2024-07-15T11:58:04","guid":{"rendered":"https:\/\/www.fiemg.com.br\/fiemg\/noticias\/sindipan-jf-realiza-missa-pelo-dia-do-panificador\/"},"modified":"2024-07-15T12:17:34","modified_gmt":"2024-07-15T15:17:34","slug":"sindipan-jf-realiza-missa-pelo-dia-do-panificador","status":"publish","type":"noticias","link":"https:\/\/www.fiemg.com.br\/fiemg\/noticias\/sindipan-jf-realiza-missa-pelo-dia-do-panificador\/","title":{"rendered":"Sindipan-JF realiza evento em comemora\u00e7\u00e3o ao Dia do Panificador"},"content":{"rendered":"\n<figure class=\"wp-block-image aligncenter size-full is-resized\"><img fetchpriority=\"high\" decoding=\"async\" width=\"1024\" height=\"317\" src=\"https:\/\/www.fiemg.com.br\/fiemg\/wp-content\/uploads\/sites\/10\/2024\/07\/SINDIPAN-JF-60993-872024-2-e1721044624904-1024x317-1.jpg\" alt=\"\" class=\"wp-image-4855\" style=\"width:862px;height:auto\" srcset=\"https:\/\/www.fiemg.com.br\/fiemg\/wp-content\/uploads\/sites\/10\/2024\/07\/SINDIPAN-JF-60993-872024-2-e1721044624904-1024x317-1.jpg 1024w, https:\/\/www.fiemg.com.br\/fiemg\/wp-content\/uploads\/sites\/10\/2024\/07\/SINDIPAN-JF-60993-872024-2-e1721044624904-1024x317-1-300x93.jpg 300w, https:\/\/www.fiemg.com.br\/fiemg\/wp-content\/uploads\/sites\/10\/2024\/07\/SINDIPAN-JF-60993-872024-2-e1721044624904-1024x317-1-768x238.jpg 768w\" sizes=\"(max-width: 1024px) 100vw, 1024px\" \/><\/figure>\n\n\n\n<p><\/p>\n\n\n\n<p>Para celebrar o Dia do Panificador, que \u00e9 comemorado em 08 de julho, o Sindicato Intermunicipal das Ind\u00fastrias de Panifica\u00e7\u00e3o e Confeitaria de Juiz de Fora e Regi\u00e3o (Sindipan-JF) realizou sua tradicional Missa em A\u00e7\u00e3o de Gra\u00e7as. A celebra\u00e7\u00e3o foi conduzida pelo Padre Jos\u00e9 Leles da Silva e reuniu mais de 100 pessoas, entre panificadores, familiares, fornecedores, parceiros, lideran\u00e7as pol\u00edticas e empresariais na sede da FIEMG Regional Zona da Mata, onde tamb\u00e9m se localiza o Sindicato. O evento contou com uma campanha de arrecada\u00e7\u00e3o de alimentos n\u00e3o-perec\u00edveis para doa\u00e7\u00e3o a institui\u00e7\u00f5es de caridade da cidade.<\/p>\n\n\n\n<p>A data de 08 de julho foi escolhida para festejar o Dia do Panificador por ser o dia de Santa Isabel, considerada a padroeira dos panificadores. Em seu serm\u00e3o, o padre Jos\u00e9 Leles falou sobre Santa Isabel, que soube superar as dificuldades da vida com sua f\u00e9 em Deus, e ressaltou que \u00e9 preciso permanecer em Cristo nas horas dif\u00edceis e nos momentos de tempestade. \u201cDeus n\u00e3o nos abandona nas dificuldades. Temos que nos manter firmes, alegres e agradecer pela vida e por todos os dons recebidos\u201d, disse.<\/p>\n\n\n\n<p>Ap\u00f3s a missa, o Sindicato realizou a entrega de algumas homenagens especiais a personalidades que se destacam e t\u00eam se mostrado grandes parceiros da Panifica\u00e7\u00e3o. As placas s\u00e3o um reconhecimento do Sindipan-JF por todo o trabalho destas pessoas voltado para o desenvolvimento do setor, que contribui para o crescimento da Ind\u00fastria de Panifica\u00e7\u00e3o e Confeitaria de Juiz de Fora e regi\u00e3o. Receberam as homenagens Ana Beatriz Belico, representante da Dispropan; e os advogados contratados pelo Sindipan-JF, Haroldo Ribeiro de Souza e Leandro Zanetti Debussi.<\/p>\n\n\n\n<p>Encerrando o evento, o presidente do Sindipan-JF e diretor da FIEMG Regional Zona da Mata, Heveraldo Lima de Castro, ressaltou que \u00e9 uma alegria comemorar o Dia do Panificador e pediu prote\u00e7\u00e3o para vencer mais um ano com dedica\u00e7\u00e3o e muito trabalho. \u201cVamos continuar mantendo nossa uni\u00e3o e permanecer firmes, com muita f\u00e9. Nosso Sindicato est\u00e1 sempre \u00e0 disposi\u00e7\u00e3o para atuar pelo desenvolvimento do nosso setor\u201d, disse. Ao final, foi oferecido um coquetel de confraterniza\u00e7\u00e3o aos participantes.<\/p>\n\n\n\n<p><\/p>\n\n\n\n<p><em>Graciele Vianna<\/em><\/p>\n\n\n\n<p><strong>Imprensa FIEMG<\/strong><\/p>\n","protected":false},"featured_media":4862,"template":"","categories":[528],"tags":[],"class_list":["post-4854","noticias","type-noticias","status-publish","has-post-thumbnail","hentry","category-associativismo"],"acf":[],"yoast_head":"<!-- This site is optimized with the Yoast SEO plugin v26.2 - https:\/\/yoast.com\/wordpress\/plugins\/seo\/ -->\n<title>Sindipan-JF realiza evento em comemora\u00e7\u00e3o ao Dia do Panificador - FIEMG<\/title>\n<meta name=\"robots\" content=\"index, follow, max-snippet:-1, max-image-preview:large, max-video-preview:-1\" \/>\n<link rel=\"canonical\" href=\"https:\/\/www.fiemg.com.br\/fiemg\/noticias\/sindipan-jf-realiza-missa-pelo-dia-do-panificador\/\" \/>\n<meta property=\"og:locale\" content=\"pt_BR\" \/>\n<meta property=\"og:type\" content=\"article\" \/>\n<meta property=\"og:title\" content=\"Sindipan-JF realiza evento em comemora\u00e7\u00e3o ao Dia do Panificador - FIEMG\" \/>\n<meta property=\"og:description\" content=\"Para celebrar o Dia do Panificador, que \u00e9 comemorado em 08 de julho, o Sindicato Intermunicipal das Ind\u00fastrias de Panifica\u00e7\u00e3o e Confeitaria de Juiz de Fora e Regi\u00e3o (Sindipan-JF) realizou sua tradicional Missa em A\u00e7\u00e3o de Gra\u00e7as. A celebra\u00e7\u00e3o foi conduzida pelo Padre Jos\u00e9 Leles da Silva e reuniu mais de 100 pessoas, entre panificadores, [&hellip;]\" \/>\n<meta property=\"og:url\" content=\"https:\/\/www.fiemg.com.br\/fiemg\/noticias\/sindipan-jf-realiza-missa-pelo-dia-do-panificador\/\" \/>\n<meta property=\"og:site_name\" content=\"FIEMG\" \/>\n<meta property=\"article:modified_time\" content=\"2024-07-15T15:17:34+00:00\" \/>\n<meta property=\"og:image\" content=\"https:\/\/www.fiemg.com.br\/fiemg\/wp-content\/uploads\/sites\/10\/2024\/07\/SINDIPAN-JF-c53df-872024.jpg\" \/>\n\t<meta property=\"og:image:width\" content=\"748\" \/>\n\t<meta property=\"og:image:height\" content=\"500\" \/>\n\t<meta property=\"og:image:type\" content=\"image\/jpeg\" \/>\n<meta name=\"twitter:card\" content=\"summary_large_image\" \/>\n<meta name=\"twitter:label1\" content=\"Est. tempo de leitura\" \/>\n\t<meta name=\"twitter:data1\" content=\"3 minutos\" \/>\n<script type=\"application\/ld+json\" class=\"yoast-schema-graph\">{\"@context\":\"https:\/\/schema.org\",\"@graph\":[{\"@type\":\"WebPage\",\"@id\":\"https:\/\/www.fiemg.com.br\/fiemg\/noticias\/sindipan-jf-realiza-missa-pelo-dia-do-panificador\/\",\"url\":\"https:\/\/www.fiemg.com.br\/fiemg\/noticias\/sindipan-jf-realiza-missa-pelo-dia-do-panificador\/\",\"name\":\"Sindipan-JF realiza evento em comemora\u00e7\u00e3o ao Dia do Panificador - FIEMG\",\"isPartOf\":{\"@id\":\"https:\/\/www.fiemg.com.br\/fiemg\/#website\"},\"primaryImageOfPage\":{\"@id\":\"https:\/\/www.fiemg.com.br\/fiemg\/noticias\/sindipan-jf-realiza-missa-pelo-dia-do-panificador\/#primaryimage\"},\"image\":{\"@id\":\"https:\/\/www.fiemg.com.br\/fiemg\/noticias\/sindipan-jf-realiza-missa-pelo-dia-do-panificador\/#primaryimage\"},\"thumbnailUrl\":\"https:\/\/www.fiemg.com.br\/fiemg\/wp-content\/uploads\/sites\/10\/2024\/07\/SINDIPAN-JF-c53df-872024.jpg\",\"datePublished\":\"2024-07-15T11:58:04+00:00\",\"dateModified\":\"2024-07-15T15:17:34+00:00\",\"breadcrumb\":{\"@id\":\"https:\/\/www.fiemg.com.br\/fiemg\/noticias\/sindipan-jf-realiza-missa-pelo-dia-do-panificador\/#breadcrumb\"},\"inLanguage\":\"pt-BR\",\"potentialAction\":[{\"@type\":\"ReadAction\",\"target\":[\"https:\/\/www.fiemg.com.br\/fiemg\/noticias\/sindipan-jf-realiza-missa-pelo-dia-do-panificador\/\"]}]},{\"@type\":\"ImageObject\",\"inLanguage\":\"pt-BR\",\"@id\":\"https:\/\/www.fiemg.com.br\/fiemg\/noticias\/sindipan-jf-realiza-missa-pelo-dia-do-panificador\/#primaryimage\",\"url\":\"https:\/\/www.fiemg.com.br\/fiemg\/wp-content\/uploads\/sites\/10\/2024\/07\/SINDIPAN-JF-c53df-872024.jpg\",\"contentUrl\":\"https:\/\/www.fiemg.com.br\/fiemg\/wp-content\/uploads\/sites\/10\/2024\/07\/SINDIPAN-JF-c53df-872024.jpg\",\"width\":748,\"height\":500},{\"@type\":\"BreadcrumbList\",\"@id\":\"https:\/\/www.fiemg.com.br\/fiemg\/noticias\/sindipan-jf-realiza-missa-pelo-dia-do-panificador\/#breadcrumb\",\"itemListElement\":[{\"@type\":\"ListItem\",\"position\":1,\"name\":\"In\u00edcio\",\"item\":\"https:\/\/www.fiemg.com.br\/fiemg\/\"},{\"@type\":\"ListItem\",\"position\":2,\"name\":\"Sindipan-JF realiza evento em comemora\u00e7\u00e3o ao Dia do Panificador\"}]},{\"@type\":\"WebSite\",\"@id\":\"https:\/\/www.fiemg.com.br\/fiemg\/#website\",\"url\":\"https:\/\/www.fiemg.com.br\/fiemg\/\",\"name\":\"FIEMG\",\"description\":\"Federa\u00e7\u00e3o das Ind\u00fastrias do Estado de Minas Gerais\",\"publisher\":{\"@id\":\"https:\/\/www.fiemg.com.br\/fiemg\/#organization\"},\"potentialAction\":[{\"@type\":\"SearchAction\",\"target\":{\"@type\":\"EntryPoint\",\"urlTemplate\":\"https:\/\/www.fiemg.com.br\/fiemg\/?s={search_term_string}\"},\"query-input\":{\"@type\":\"PropertyValueSpecification\",\"valueRequired\":true,\"valueName\":\"search_term_string\"}}],\"inLanguage\":\"pt-BR\"},{\"@type\":\"Organization\",\"@id\":\"https:\/\/www.fiemg.com.br\/fiemg\/#organization\",\"name\":\"FIEMG\",\"url\":\"https:\/\/www.fiemg.com.br\/fiemg\/\",\"logo\":{\"@type\":\"ImageObject\",\"inLanguage\":\"pt-BR\",\"@id\":\"https:\/\/www.fiemg.com.br\/fiemg\/#\/schema\/logo\/image\/\",\"url\":\"https:\/\/www.fiemg.com.br\/fiemg\/wp-content\/uploads\/sites\/10\/2023\/02\/fiemg_branco.svg\",\"contentUrl\":\"https:\/\/www.fiemg.com.br\/fiemg\/wp-content\/uploads\/sites\/10\/2023\/02\/fiemg_branco.svg\",\"width\":561,\"height\":147,\"caption\":\"FIEMG\"},\"image\":{\"@id\":\"https:\/\/www.fiemg.com.br\/fiemg\/#\/schema\/logo\/image\/\"}}]}<\/script>\n<!-- \/ Yoast SEO plugin. -->","yoast_head_json":{"title":"Sindipan-JF realiza evento em comemora\u00e7\u00e3o ao Dia do Panificador - FIEMG","robots":{"index":"index","follow":"follow","max-snippet":"max-snippet:-1","max-image-preview":"max-image-preview:large","max-video-preview":"max-video-preview:-1"},"canonical":"https:\/\/www.fiemg.com.br\/fiemg\/noticias\/sindipan-jf-realiza-missa-pelo-dia-do-panificador\/","og_locale":"pt_BR","og_type":"article","og_title":"Sindipan-JF realiza evento em comemora\u00e7\u00e3o ao Dia do Panificador - FIEMG","og_description":"Para celebrar o Dia do Panificador, que \u00e9 comemorado em 08 de julho, o Sindicato Intermunicipal das Ind\u00fastrias de Panifica\u00e7\u00e3o e Confeitaria de Juiz de Fora e Regi\u00e3o (Sindipan-JF) realizou sua tradicional Missa em A\u00e7\u00e3o de Gra\u00e7as. A celebra\u00e7\u00e3o foi conduzida pelo Padre Jos\u00e9 Leles da Silva e reuniu mais de 100 pessoas, entre panificadores, [&hellip;]","og_url":"https:\/\/www.fiemg.com.br\/fiemg\/noticias\/sindipan-jf-realiza-missa-pelo-dia-do-panificador\/","og_site_name":"FIEMG","article_modified_time":"2024-07-15T15:17:34+00:00","og_image":[{"width":748,"height":500,"url":"https:\/\/www.fiemg.com.br\/fiemg\/wp-content\/uploads\/sites\/10\/2024\/07\/SINDIPAN-JF-c53df-872024.jpg","type":"image\/jpeg"}],"twitter_card":"summary_large_image","twitter_misc":{"Est. tempo de leitura":"3 minutos"},"schema":{"@context":"https:\/\/schema.org","@graph":[{"@type":"WebPage","@id":"https:\/\/www.fiemg.com.br\/fiemg\/noticias\/sindipan-jf-realiza-missa-pelo-dia-do-panificador\/","url":"https:\/\/www.fiemg.com.br\/fiemg\/noticias\/sindipan-jf-realiza-missa-pelo-dia-do-panificador\/","name":"Sindipan-JF realiza evento em comemora\u00e7\u00e3o ao Dia do Panificador - FIEMG","isPartOf":{"@id":"https:\/\/www.fiemg.com.br\/fiemg\/#website"},"primaryImageOfPage":{"@id":"https:\/\/www.fiemg.com.br\/fiemg\/noticias\/sindipan-jf-realiza-missa-pelo-dia-do-panificador\/#primaryimage"},"image":{"@id":"https:\/\/www.fiemg.com.br\/fiemg\/noticias\/sindipan-jf-realiza-missa-pelo-dia-do-panificador\/#primaryimage"},"thumbnailUrl":"https:\/\/www.fiemg.com.br\/fiemg\/wp-content\/uploads\/sites\/10\/2024\/07\/SINDIPAN-JF-c53df-872024.jpg","datePublished":"2024-07-15T11:58:04+00:00","dateModified":"2024-07-15T15:17:34+00:00","breadcrumb":{"@id":"https:\/\/www.fiemg.com.br\/fiemg\/noticias\/sindipan-jf-realiza-missa-pelo-dia-do-panificador\/#breadcrumb"},"inLanguage":"pt-BR","potentialAction":[{"@type":"ReadAction","target":["https:\/\/www.fiemg.com.br\/fiemg\/noticias\/sindipan-jf-realiza-missa-pelo-dia-do-panificador\/"]}]},{"@type":"ImageObject","inLanguage":"pt-BR","@id":"https:\/\/www.fiemg.com.br\/fiemg\/noticias\/sindipan-jf-realiza-missa-pelo-dia-do-panificador\/#primaryimage","url":"https:\/\/www.fiemg.com.br\/fiemg\/wp-content\/uploads\/sites\/10\/2024\/07\/SINDIPAN-JF-c53df-872024.jpg","contentUrl":"https:\/\/www.fiemg.com.br\/fiemg\/wp-content\/uploads\/sites\/10\/2024\/07\/SINDIPAN-JF-c53df-872024.jpg","width":748,"height":500},{"@type":"BreadcrumbList","@id":"https:\/\/www.fiemg.com.br\/fiemg\/noticias\/sindipan-jf-realiza-missa-pelo-dia-do-panificador\/#breadcrumb","itemListElement":[{"@type":"ListItem","position":1,"name":"In\u00edcio","item":"https:\/\/www.fiemg.com.br\/fiemg\/"},{"@type":"ListItem","position":2,"name":"Sindipan-JF realiza evento em comemora\u00e7\u00e3o ao Dia do Panificador"}]},{"@type":"WebSite","@id":"https:\/\/www.fiemg.com.br\/fiemg\/#website","url":"https:\/\/www.fiemg.com.br\/fiemg\/","name":"FIEMG","description":"Federa\u00e7\u00e3o das Ind\u00fastrias do Estado de Minas Gerais","publisher":{"@id":"https:\/\/www.fiemg.com.br\/fiemg\/#organization"},"potentialAction":[{"@type":"SearchAction","target":{"@type":"EntryPoint","urlTemplate":"https:\/\/www.fiemg.com.br\/fiemg\/?s={search_term_string}"},"query-input":{"@type":"PropertyValueSpecification","valueRequired":true,"valueName":"search_term_string"}}],"inLanguage":"pt-BR"},{"@type":"Organization","@id":"https:\/\/www.fiemg.com.br\/fiemg\/#organization","name":"FIEMG","url":"https:\/\/www.fiemg.com.br\/fiemg\/","logo":{"@type":"ImageObject","inLanguage":"pt-BR","@id":"https:\/\/www.fiemg.com.br\/fiemg\/#\/schema\/logo\/image\/","url":"https:\/\/www.fiemg.com.br\/fiemg\/wp-content\/uploads\/sites\/10\/2023\/02\/fiemg_branco.svg","contentUrl":"https:\/\/www.fiemg.com.br\/fiemg\/wp-content\/uploads\/sites\/10\/2023\/02\/fiemg_branco.svg","width":561,"height":147,"caption":"FIEMG"},"image":{"@id":"https:\/\/www.fiemg.com.br\/fiemg\/#\/schema\/logo\/image\/"}}]}},"_links":{"self":[{"href":"https:\/\/www.fiemg.com.br\/fiemg\/wp-json\/wp\/v2\/noticias\/4854","targetHints":{"allow":["GET"]}}],"collection":[{"href":"https:\/\/www.fiemg.com.br\/fiemg\/wp-json\/wp\/v2\/noticias"}],"about":[{"href":"https:\/\/www.fiemg.com.br\/fiemg\/wp-json\/wp\/v2\/types\/noticias"}],"wp:featuredmedia":[{"embeddable":true,"href":"https:\/\/www.fiemg.com.br\/fiemg\/wp-json\/wp\/v2\/media\/4862"}],"wp:attachment":[{"href":"https:\/\/www.fiemg.com.br\/fiemg\/wp-json\/wp\/v2\/media?parent=4854"}],"wp:term":[{"taxonomy":"category","embeddable":true,"href":"https:\/\/www.fiemg.com.br\/fiemg\/wp-json\/wp\/v2\/categories?post=4854"},{"taxonomy":"post_tag","embeddable":true,"href":"https:\/\/www.fiemg.com.br\/fiemg\/wp-json\/wp\/v2\/tags?post=4854"}],"curies":[{"name":"wp","href":"https:\/\/api.w.org\/{rel}","templated":true}]}}