{"id":5107,"date":"2024-08-07T18:46:10","date_gmt":"2024-08-07T21:46:10","guid":{"rendered":"https:\/\/www.fiemg.com.br\/fiemg\/noticias\/macroeconomia-e-tema-de-palestra-do-fiemg-jovem\/"},"modified":"2024-08-08T15:07:31","modified_gmt":"2024-08-08T18:07:31","slug":"macroeconomia-e-tema-de-palestra-do-fiemg-jovem","status":"publish","type":"noticias","link":"https:\/\/www.fiemg.com.br\/fiemg\/noticias\/macroeconomia-e-tema-de-palestra-do-fiemg-jovem\/","title":{"rendered":"Macroeconomia \u00e9 tema de palestra do FIEMG Jovem"},"content":{"rendered":"\n<p>Fatos mais relevantes dos \u00faltimos anos que impactaram a economia no cen\u00e1rio externo e interno foram detalhados e explicados durante reuni\u00e3o do programa FIEMG Jovem, realizada nessa ter\u00e7a-feira (7\/8), em Belo Horizonte. Quem falou a respeito do tema foi o economista-chefe da Federa\u00e7\u00e3o, Jo\u00e3o Gabriel Pio.<\/p>\n\n\n\n<p>A partir de n\u00fameros distribu\u00eddos em gr\u00e1ficos, Pio fez uma an\u00e1lise da conjuntura econ\u00f4mica, tra\u00e7ou perspectivas para 2024 e falou sobre entraves para o aumento de competitividade e do produto interno bruto industrial. Pio retomou 2020, quando a pandemia de covid que provocou isolamento social, impactando diretamente a economia global, e deixou milhares de mortos.<\/p>\n\n\n\n<p>Um dos reflexos diretos da crise sanit\u00e1ria na economia, conforme o palestrante, foi o excesso de procura por bens em n\u00edvel global, causando desequil\u00edbrio entre oferta e demanda. \u201cOs pa\u00edses implementaram impulsos fiscais sem precedentes durante a pandemia\u201d, disse Jo\u00e3o Gabriel Pio ao citar algumas das medidas adotadas por diferentes na\u00e7\u00f5es para mitigar os efeitos da pandemia.<\/p>\n\n\n\n<figure class=\"wp-block-image alignright size-full is-resized\"><img fetchpriority=\"high\" decoding=\"async\" width=\"512\" height=\"512\" src=\"https:\/\/www.fiemg.com.br\/fiemg\/wp-content\/uploads\/sites\/10\/2024\/08\/joao_interna.jpeg\" alt=\"Macroeconomia \u00e9 tema de palestra do FIEMG Jovem \" class=\"wp-image-5108\" style=\"width:372px;height:auto\" srcset=\"https:\/\/www.fiemg.com.br\/fiemg\/wp-content\/uploads\/sites\/10\/2024\/08\/joao_interna.jpeg 512w, https:\/\/www.fiemg.com.br\/fiemg\/wp-content\/uploads\/sites\/10\/2024\/08\/joao_interna-300x300.jpeg 300w, https:\/\/www.fiemg.com.br\/fiemg\/wp-content\/uploads\/sites\/10\/2024\/08\/joao_interna-150x150.jpeg 150w\" sizes=\"(max-width: 512px) 100vw, 512px\" \/><\/figure>\n\n\n\n<p>Apesar das restri\u00e7\u00f5es por conta da covid, Pio considera que o Brasil se comportou bem sob o ponto de vista econ\u00f4mico, haja vista o crescimento do Produto Interno Bruto (PIB) de 2,9% em 2022 frente a alta de 0,3% prevista para o per\u00edodo.<\/p>\n\n\n\n<p>J\u00e1 no cen\u00e1rio externo, sobretudo em 2023, a atividade econ\u00f4mica se mostrou resiliente diante de fatos de grande repercuss\u00e3o, como a invas\u00e3o da Ucr\u00e2nia pela R\u00fassia. O PIB chines, por exemplo, registrou crescimento pr\u00f3ximo de 5% no quarto trimestre do ano passado.<\/p>\n\n\n\n<p>Em rela\u00e7\u00e3o a 2024, Pio acredita que a economia brasileira pode fechar o ano com uma alta de 2,2%, segundo as proje\u00e7\u00f5es feitas at\u00e9 agosto. J\u00e1 a infla\u00e7\u00e3o acumulada nos \u00faltimos 12 meses est\u00e1 em 4,5%, permanecendo na meta do governo<\/p>\n\n\n\n<p>A reforma tribut\u00e1ria, aprovada pelo Congresso em 2023, e o novo arcabou\u00e7o fiscal pavimentaram uma melhora na percep\u00e7\u00e3o da economia. Por outro lado, o economista chamou aten\u00e7\u00e3o para a necessidade de o governo controlar os gastos p\u00fablicos e estar atento ao cumprimento da meta fiscal.<\/p>\n\n\n\n<p>Outro ponto que Jo\u00e3o Gabriel Pio destacou na palestra foi o processo de desindustrializa\u00e7\u00e3o que ocorre no Brasil desde meados da d\u00e9cada de 1980. Em decorr\u00eancia disso, a participa\u00e7\u00e3o do setor na economia caiu de 35,9% em 1985 para 15,3% em 2023.<\/p>\n\n\n\n<p>Al\u00e9m disso, o Brasil vem perdendo competitividade industrial no cen\u00e1rio global, caindo 16 posi\u00e7\u00f5es entre 1990 e 2021 em um ranking que elenca os principais pa\u00edses. D\u00e9ficit de infraestrutura, inseguran\u00e7a jur\u00eddica e elevada carga tribut\u00e1ria s\u00e3o alguns fatores apontados pela economista que levaram a ind\u00fastria brasileira a essa condi\u00e7\u00e3o. Ao longo da palestra, Jo\u00e3o Gabriel Pio respondeu \u00e0s perguntas do p\u00fablico e esclareceu d\u00favidas.<\/p>\n\n\n\n<p>Durante a reuni\u00e3o do FIEMG Jovem, conduzida pelo diretor de ESG do programa, Matheus Menezes, houve a apresenta\u00e7\u00e3o do pitch empresarial da TSA Engenharia pelo gerente financeiro, Francisco Schettino.<br><br><em>Rafael Passos<br><\/em><strong>Imprensa FIEMG<\/strong><\/p>\n","protected":false},"featured_media":5108,"template":"","categories":[15],"tags":[88,229,906,176],"class_list":["post-5107","noticias","type-noticias","status-publish","has-post-thumbnail","hentry","category-desenvolvimento-industrial","tag-economia","tag-fiemg-jovem","tag-industria-2","tag-palestra"],"acf":[],"yoast_head":"<!-- This site is optimized with the Yoast SEO plugin v26.2 - https:\/\/yoast.com\/wordpress\/plugins\/seo\/ -->\n<title>Macroeconomia \u00e9 tema de palestra do FIEMG Jovem - FIEMG<\/title>\n<meta name=\"description\" content=\"Cen\u00e1rio interno e externo e acontecimentos que impactam atividade econ\u00f4mica nacional foram abordados em reuni\u00e3o do programa\" \/>\n<meta name=\"robots\" content=\"index, follow, max-snippet:-1, max-image-preview:large, max-video-preview:-1\" \/>\n<link rel=\"canonical\" href=\"https:\/\/www.fiemg.com.br\/fiemg\/noticias\/macroeconomia-e-tema-de-palestra-do-fiemg-jovem\/\" \/>\n<meta property=\"og:locale\" content=\"pt_BR\" \/>\n<meta property=\"og:type\" content=\"article\" \/>\n<meta property=\"og:title\" content=\"Macroeconomia \u00e9 tema de palestra do FIEMG Jovem - FIEMG\" \/>\n<meta property=\"og:description\" content=\"Cen\u00e1rio interno e externo e acontecimentos que impactam atividade econ\u00f4mica nacional foram abordados em reuni\u00e3o do programa\" \/>\n<meta property=\"og:url\" content=\"https:\/\/www.fiemg.com.br\/fiemg\/noticias\/macroeconomia-e-tema-de-palestra-do-fiemg-jovem\/\" \/>\n<meta property=\"og:site_name\" content=\"FIEMG\" \/>\n<meta property=\"article:modified_time\" content=\"2024-08-08T18:07:31+00:00\" \/>\n<meta property=\"og:image\" content=\"https:\/\/www.fiemg.com.br\/fiemg\/wp-content\/uploads\/sites\/10\/2024\/08\/joao_interna.jpeg\" \/>\n\t<meta property=\"og:image:width\" content=\"512\" \/>\n\t<meta property=\"og:image:height\" content=\"512\" \/>\n\t<meta property=\"og:image:type\" content=\"image\/jpeg\" \/>\n<meta name=\"twitter:card\" content=\"summary_large_image\" \/>\n<meta name=\"twitter:label1\" content=\"Est. tempo de leitura\" \/>\n\t<meta name=\"twitter:data1\" content=\"3 minutos\" \/>\n<script type=\"application\/ld+json\" class=\"yoast-schema-graph\">{\"@context\":\"https:\/\/schema.org\",\"@graph\":[{\"@type\":\"WebPage\",\"@id\":\"https:\/\/www.fiemg.com.br\/fiemg\/noticias\/macroeconomia-e-tema-de-palestra-do-fiemg-jovem\/\",\"url\":\"https:\/\/www.fiemg.com.br\/fiemg\/noticias\/macroeconomia-e-tema-de-palestra-do-fiemg-jovem\/\",\"name\":\"Macroeconomia \u00e9 tema de palestra do FIEMG Jovem - FIEMG\",\"isPartOf\":{\"@id\":\"https:\/\/www.fiemg.com.br\/fiemg\/#website\"},\"primaryImageOfPage\":{\"@id\":\"https:\/\/www.fiemg.com.br\/fiemg\/noticias\/macroeconomia-e-tema-de-palestra-do-fiemg-jovem\/#primaryimage\"},\"image\":{\"@id\":\"https:\/\/www.fiemg.com.br\/fiemg\/noticias\/macroeconomia-e-tema-de-palestra-do-fiemg-jovem\/#primaryimage\"},\"thumbnailUrl\":\"https:\/\/www.fiemg.com.br\/fiemg\/wp-content\/uploads\/sites\/10\/2024\/08\/joao_interna.jpeg\",\"datePublished\":\"2024-08-07T21:46:10+00:00\",\"dateModified\":\"2024-08-08T18:07:31+00:00\",\"description\":\"Cen\u00e1rio interno e externo e acontecimentos que impactam atividade econ\u00f4mica nacional foram abordados em reuni\u00e3o do programa\",\"breadcrumb\":{\"@id\":\"https:\/\/www.fiemg.com.br\/fiemg\/noticias\/macroeconomia-e-tema-de-palestra-do-fiemg-jovem\/#breadcrumb\"},\"inLanguage\":\"pt-BR\",\"potentialAction\":[{\"@type\":\"ReadAction\",\"target\":[\"https:\/\/www.fiemg.com.br\/fiemg\/noticias\/macroeconomia-e-tema-de-palestra-do-fiemg-jovem\/\"]}]},{\"@type\":\"ImageObject\",\"inLanguage\":\"pt-BR\",\"@id\":\"https:\/\/www.fiemg.com.br\/fiemg\/noticias\/macroeconomia-e-tema-de-palestra-do-fiemg-jovem\/#primaryimage\",\"url\":\"https:\/\/www.fiemg.com.br\/fiemg\/wp-content\/uploads\/sites\/10\/2024\/08\/joao_interna.jpeg\",\"contentUrl\":\"https:\/\/www.fiemg.com.br\/fiemg\/wp-content\/uploads\/sites\/10\/2024\/08\/joao_interna.jpeg\",\"width\":512,\"height\":512,\"caption\":\"Macroeconomia \u00e9 tema de palestra do FIEMG Jovem\"},{\"@type\":\"BreadcrumbList\",\"@id\":\"https:\/\/www.fiemg.com.br\/fiemg\/noticias\/macroeconomia-e-tema-de-palestra-do-fiemg-jovem\/#breadcrumb\",\"itemListElement\":[{\"@type\":\"ListItem\",\"position\":1,\"name\":\"In\u00edcio\",\"item\":\"https:\/\/www.fiemg.com.br\/fiemg\/\"},{\"@type\":\"ListItem\",\"position\":2,\"name\":\"Macroeconomia \u00e9 tema de palestra do FIEMG Jovem\"}]},{\"@type\":\"WebSite\",\"@id\":\"https:\/\/www.fiemg.com.br\/fiemg\/#website\",\"url\":\"https:\/\/www.fiemg.com.br\/fiemg\/\",\"name\":\"FIEMG\",\"description\":\"Federa\u00e7\u00e3o das Ind\u00fastrias do Estado de Minas Gerais\",\"publisher\":{\"@id\":\"https:\/\/www.fiemg.com.br\/fiemg\/#organization\"},\"potentialAction\":[{\"@type\":\"SearchAction\",\"target\":{\"@type\":\"EntryPoint\",\"urlTemplate\":\"https:\/\/www.fiemg.com.br\/fiemg\/?s={search_term_string}\"},\"query-input\":{\"@type\":\"PropertyValueSpecification\",\"valueRequired\":true,\"valueName\":\"search_term_string\"}}],\"inLanguage\":\"pt-BR\"},{\"@type\":\"Organization\",\"@id\":\"https:\/\/www.fiemg.com.br\/fiemg\/#organization\",\"name\":\"FIEMG\",\"url\":\"https:\/\/www.fiemg.com.br\/fiemg\/\",\"logo\":{\"@type\":\"ImageObject\",\"inLanguage\":\"pt-BR\",\"@id\":\"https:\/\/www.fiemg.com.br\/fiemg\/#\/schema\/logo\/image\/\",\"url\":\"https:\/\/www.fiemg.com.br\/fiemg\/wp-content\/uploads\/sites\/10\/2023\/02\/fiemg_branco.svg\",\"contentUrl\":\"https:\/\/www.fiemg.com.br\/fiemg\/wp-content\/uploads\/sites\/10\/2023\/02\/fiemg_branco.svg\",\"width\":561,\"height\":147,\"caption\":\"FIEMG\"},\"image\":{\"@id\":\"https:\/\/www.fiemg.com.br\/fiemg\/#\/schema\/logo\/image\/\"}}]}<\/script>\n<!-- \/ Yoast SEO plugin. -->","yoast_head_json":{"title":"Macroeconomia \u00e9 tema de palestra do FIEMG Jovem - FIEMG","description":"Cen\u00e1rio interno e externo e acontecimentos que impactam atividade econ\u00f4mica nacional foram abordados em reuni\u00e3o do programa","robots":{"index":"index","follow":"follow","max-snippet":"max-snippet:-1","max-image-preview":"max-image-preview:large","max-video-preview":"max-video-preview:-1"},"canonical":"https:\/\/www.fiemg.com.br\/fiemg\/noticias\/macroeconomia-e-tema-de-palestra-do-fiemg-jovem\/","og_locale":"pt_BR","og_type":"article","og_title":"Macroeconomia \u00e9 tema de palestra do FIEMG Jovem - FIEMG","og_description":"Cen\u00e1rio interno e externo e acontecimentos que impactam atividade econ\u00f4mica nacional foram abordados em reuni\u00e3o do programa","og_url":"https:\/\/www.fiemg.com.br\/fiemg\/noticias\/macroeconomia-e-tema-de-palestra-do-fiemg-jovem\/","og_site_name":"FIEMG","article_modified_time":"2024-08-08T18:07:31+00:00","og_image":[{"width":512,"height":512,"url":"https:\/\/www.fiemg.com.br\/fiemg\/wp-content\/uploads\/sites\/10\/2024\/08\/joao_interna.jpeg","type":"image\/jpeg"}],"twitter_card":"summary_large_image","twitter_misc":{"Est. tempo de leitura":"3 minutos"},"schema":{"@context":"https:\/\/schema.org","@graph":[{"@type":"WebPage","@id":"https:\/\/www.fiemg.com.br\/fiemg\/noticias\/macroeconomia-e-tema-de-palestra-do-fiemg-jovem\/","url":"https:\/\/www.fiemg.com.br\/fiemg\/noticias\/macroeconomia-e-tema-de-palestra-do-fiemg-jovem\/","name":"Macroeconomia \u00e9 tema de palestra do FIEMG Jovem - FIEMG","isPartOf":{"@id":"https:\/\/www.fiemg.com.br\/fiemg\/#website"},"primaryImageOfPage":{"@id":"https:\/\/www.fiemg.com.br\/fiemg\/noticias\/macroeconomia-e-tema-de-palestra-do-fiemg-jovem\/#primaryimage"},"image":{"@id":"https:\/\/www.fiemg.com.br\/fiemg\/noticias\/macroeconomia-e-tema-de-palestra-do-fiemg-jovem\/#primaryimage"},"thumbnailUrl":"https:\/\/www.fiemg.com.br\/fiemg\/wp-content\/uploads\/sites\/10\/2024\/08\/joao_interna.jpeg","datePublished":"2024-08-07T21:46:10+00:00","dateModified":"2024-08-08T18:07:31+00:00","description":"Cen\u00e1rio interno e externo e acontecimentos que impactam atividade econ\u00f4mica nacional foram abordados em reuni\u00e3o do programa","breadcrumb":{"@id":"https:\/\/www.fiemg.com.br\/fiemg\/noticias\/macroeconomia-e-tema-de-palestra-do-fiemg-jovem\/#breadcrumb"},"inLanguage":"pt-BR","potentialAction":[{"@type":"ReadAction","target":["https:\/\/www.fiemg.com.br\/fiemg\/noticias\/macroeconomia-e-tema-de-palestra-do-fiemg-jovem\/"]}]},{"@type":"ImageObject","inLanguage":"pt-BR","@id":"https:\/\/www.fiemg.com.br\/fiemg\/noticias\/macroeconomia-e-tema-de-palestra-do-fiemg-jovem\/#primaryimage","url":"https:\/\/www.fiemg.com.br\/fiemg\/wp-content\/uploads\/sites\/10\/2024\/08\/joao_interna.jpeg","contentUrl":"https:\/\/www.fiemg.com.br\/fiemg\/wp-content\/uploads\/sites\/10\/2024\/08\/joao_interna.jpeg","width":512,"height":512,"caption":"Macroeconomia \u00e9 tema de palestra do FIEMG Jovem"},{"@type":"BreadcrumbList","@id":"https:\/\/www.fiemg.com.br\/fiemg\/noticias\/macroeconomia-e-tema-de-palestra-do-fiemg-jovem\/#breadcrumb","itemListElement":[{"@type":"ListItem","position":1,"name":"In\u00edcio","item":"https:\/\/www.fiemg.com.br\/fiemg\/"},{"@type":"ListItem","position":2,"name":"Macroeconomia \u00e9 tema de palestra do FIEMG Jovem"}]},{"@type":"WebSite","@id":"https:\/\/www.fiemg.com.br\/fiemg\/#website","url":"https:\/\/www.fiemg.com.br\/fiemg\/","name":"FIEMG","description":"Federa\u00e7\u00e3o das Ind\u00fastrias do Estado de Minas Gerais","publisher":{"@id":"https:\/\/www.fiemg.com.br\/fiemg\/#organization"},"potentialAction":[{"@type":"SearchAction","target":{"@type":"EntryPoint","urlTemplate":"https:\/\/www.fiemg.com.br\/fiemg\/?s={search_term_string}"},"query-input":{"@type":"PropertyValueSpecification","valueRequired":true,"valueName":"search_term_string"}}],"inLanguage":"pt-BR"},{"@type":"Organization","@id":"https:\/\/www.fiemg.com.br\/fiemg\/#organization","name":"FIEMG","url":"https:\/\/www.fiemg.com.br\/fiemg\/","logo":{"@type":"ImageObject","inLanguage":"pt-BR","@id":"https:\/\/www.fiemg.com.br\/fiemg\/#\/schema\/logo\/image\/","url":"https:\/\/www.fiemg.com.br\/fiemg\/wp-content\/uploads\/sites\/10\/2023\/02\/fiemg_branco.svg","contentUrl":"https:\/\/www.fiemg.com.br\/fiemg\/wp-content\/uploads\/sites\/10\/2023\/02\/fiemg_branco.svg","width":561,"height":147,"caption":"FIEMG"},"image":{"@id":"https:\/\/www.fiemg.com.br\/fiemg\/#\/schema\/logo\/image\/"}}]}},"_links":{"self":[{"href":"https:\/\/www.fiemg.com.br\/fiemg\/wp-json\/wp\/v2\/noticias\/5107","targetHints":{"allow":["GET"]}}],"collection":[{"href":"https:\/\/www.fiemg.com.br\/fiemg\/wp-json\/wp\/v2\/noticias"}],"about":[{"href":"https:\/\/www.fiemg.com.br\/fiemg\/wp-json\/wp\/v2\/types\/noticias"}],"wp:featuredmedia":[{"embeddable":true,"href":"https:\/\/www.fiemg.com.br\/fiemg\/wp-json\/wp\/v2\/media\/5108"}],"wp:attachment":[{"href":"https:\/\/www.fiemg.com.br\/fiemg\/wp-json\/wp\/v2\/media?parent=5107"}],"wp:term":[{"taxonomy":"category","embeddable":true,"href":"https:\/\/www.fiemg.com.br\/fiemg\/wp-json\/wp\/v2\/categories?post=5107"},{"taxonomy":"post_tag","embeddable":true,"href":"https:\/\/www.fiemg.com.br\/fiemg\/wp-json\/wp\/v2\/tags?post=5107"}],"curies":[{"name":"wp","href":"https:\/\/api.w.org\/{rel}","templated":true}]}}