{"id":5685,"date":"2024-08-26T17:25:48","date_gmt":"2024-08-26T20:25:48","guid":{"rendered":"https:\/\/www.fiemg.com.br\/fiemg\/noticias\/curso-fassa-senai-de-qualificacao-em-mestre-de-obras-comeca-com-turma-completa\/"},"modified":"2024-08-26T17:25:51","modified_gmt":"2024-08-26T20:25:51","slug":"curso-fassa-senai-de-qualificacao-em-mestre-de-obras-comeca-com-turma-completa","status":"publish","type":"noticias","link":"https:\/\/www.fiemg.com.br\/fiemg\/noticias\/curso-fassa-senai-de-qualificacao-em-mestre-de-obras-comeca-com-turma-completa\/","title":{"rendered":"Curso Fassa-SENAI de qualifica\u00e7\u00e3o em mestre de obras come\u00e7a com turma completa"},"content":{"rendered":"\n<p>O curso Fassa-SENAI de Qualifica\u00e7\u00e3o em Mestre de Obras teve in\u00edcio em 19 de agosto, com uma turma de 25 pessoas. As aulas acontecem na unidade SENAI Paulo de Tarso, em Belo Horizonte, e a maioria dos alunos j\u00e1 trabalha na constru\u00e7\u00e3o civil e busca aprimoramento profissional.<\/p>\n\n\n\n<p>Inteiramente gratuito, o curso tem dura\u00e7\u00e3o de quatro meses e as atividades ocorrem de segunda a sexta-feira, das 18h30 \u00e0s 22h30. Houve mais de 60 inscri\u00e7\u00f5es para as 25 vagas dispon\u00edveis. \u201cPrecisamos investir em m\u00e3o de obra qualificada para que a constru\u00e7\u00e3o acompanhe as mudan\u00e7as tecnol\u00f3gicas que est\u00e3o revolucionando o setor\u201d, destaca o diretor financeiro e de rela\u00e7\u00f5es institucionais da Fassa, Ivan Aliberti.<\/p>\n\n\n\n<p>Para o presidente da FIEMG, Fl\u00e1vio Roscoe, o curso \u00e9 uma a\u00e7\u00e3o importante do SENAI e da Fassa na qualifica\u00e7\u00e3o dos trabalhadores da constru\u00e7\u00e3o, al\u00e9m de contribuir para o desenvolvimento e a sustentabilidade do setor em Minas Gerais. \u201cO SENAI tem compet\u00eancia comprovada na forma\u00e7\u00e3o profissional e tecnol\u00f3gica e o curso amplia ainda mais sua capacidade de atender \u00e0s demandas da ind\u00fastria da constru\u00e7\u00e3o civil\u201d, diz.<\/p>\n\n\n\n<p>Alguns alunos come\u00e7aram na constru\u00e7\u00e3o ainda adolescentes, inspirados nos pais ou familiares, enquanto outros t\u00eam a constru\u00e7\u00e3o com uma alternativa de trabalho. \u201cO curso \u00e9 uma oportunidade que eu n\u00e3o podia perder\u201d, diz Jos\u00e9 Hilton de Jesus Santana, de 52 anos, que hoje \u00e9 feitor depois de come\u00e7ar na \u00e1rea h\u00e1 tr\u00eas anos. Antes, ele trabalhava como metal\u00fargico. \u201cA empresa onde eu estava fechou as portas. Comecei ent\u00e3o como pedreiro, avancei na profiss\u00e3o e, hoje, quero seguir na \u00e1rea\u201d.<br><br><em>Rafael Passos<br><\/em><strong>Imprensa FIEMG<\/strong><\/p>\n","protected":false},"featured_media":5686,"template":"","categories":[15],"tags":[352,727,935,936,100],"class_list":["post-5685","noticias","type-noticias","status-publish","has-post-thumbnail","hentry","category-desenvolvimento-industrial","tag-construcao","tag-curso","tag-fassa","tag-qualificacao","tag-senai"],"acf":[],"yoast_head":"<!-- This site is optimized with the Yoast SEO plugin v26.2 - https:\/\/yoast.com\/wordpress\/plugins\/seo\/ -->\n<title>Curso Fassa-SENAI de qualifica\u00e7\u00e3o em mestre de obras come\u00e7a com turma completa - FIEMG<\/title>\n<meta name=\"description\" content=\"Houve mais de 60 inscri\u00e7\u00f5es para as 25 vagas dispon\u00edveis; aulas acontecem na unidade Paulo de Tarso, em BH, e s\u00e3o resultado de uma parceria entre a empresa e a institui\u00e7\u00e3o\" \/>\n<meta name=\"robots\" content=\"index, follow, max-snippet:-1, max-image-preview:large, max-video-preview:-1\" \/>\n<link rel=\"canonical\" href=\"https:\/\/www.fiemg.com.br\/fiemg\/noticias\/curso-fassa-senai-de-qualificacao-em-mestre-de-obras-comeca-com-turma-completa\/\" \/>\n<meta property=\"og:locale\" content=\"pt_BR\" \/>\n<meta property=\"og:type\" content=\"article\" \/>\n<meta property=\"og:title\" content=\"Curso Fassa-SENAI de qualifica\u00e7\u00e3o em mestre de obras come\u00e7a com turma completa - FIEMG\" \/>\n<meta property=\"og:description\" content=\"Houve mais de 60 inscri\u00e7\u00f5es para as 25 vagas dispon\u00edveis; aulas acontecem na unidade Paulo de Tarso, em BH, e s\u00e3o resultado de uma parceria entre a empresa e a institui\u00e7\u00e3o\" \/>\n<meta property=\"og:url\" content=\"https:\/\/www.fiemg.com.br\/fiemg\/noticias\/curso-fassa-senai-de-qualificacao-em-mestre-de-obras-comeca-com-turma-completa\/\" \/>\n<meta property=\"og:site_name\" content=\"FIEMG\" \/>\n<meta property=\"article:modified_time\" content=\"2024-08-26T20:25:51+00:00\" \/>\n<meta property=\"og:image\" content=\"https:\/\/www.fiemg.com.br\/fiemg\/wp-content\/uploads\/sites\/10\/2024\/08\/curso_thumb.jpeg\" \/>\n\t<meta property=\"og:image:width\" content=\"512\" \/>\n\t<meta property=\"og:image:height\" content=\"512\" \/>\n\t<meta property=\"og:image:type\" content=\"image\/jpeg\" \/>\n<meta name=\"twitter:card\" content=\"summary_large_image\" \/>\n<meta name=\"twitter:label1\" content=\"Est. tempo de leitura\" \/>\n\t<meta name=\"twitter:data1\" content=\"2 minutos\" \/>\n<script type=\"application\/ld+json\" class=\"yoast-schema-graph\">{\"@context\":\"https:\/\/schema.org\",\"@graph\":[{\"@type\":\"WebPage\",\"@id\":\"https:\/\/www.fiemg.com.br\/fiemg\/noticias\/curso-fassa-senai-de-qualificacao-em-mestre-de-obras-comeca-com-turma-completa\/\",\"url\":\"https:\/\/www.fiemg.com.br\/fiemg\/noticias\/curso-fassa-senai-de-qualificacao-em-mestre-de-obras-comeca-com-turma-completa\/\",\"name\":\"Curso Fassa-SENAI de qualifica\u00e7\u00e3o em mestre de obras come\u00e7a com turma completa - FIEMG\",\"isPartOf\":{\"@id\":\"https:\/\/www.fiemg.com.br\/fiemg\/#website\"},\"primaryImageOfPage\":{\"@id\":\"https:\/\/www.fiemg.com.br\/fiemg\/noticias\/curso-fassa-senai-de-qualificacao-em-mestre-de-obras-comeca-com-turma-completa\/#primaryimage\"},\"image\":{\"@id\":\"https:\/\/www.fiemg.com.br\/fiemg\/noticias\/curso-fassa-senai-de-qualificacao-em-mestre-de-obras-comeca-com-turma-completa\/#primaryimage\"},\"thumbnailUrl\":\"https:\/\/www.fiemg.com.br\/fiemg\/wp-content\/uploads\/sites\/10\/2024\/08\/curso_thumb.jpeg\",\"datePublished\":\"2024-08-26T20:25:48+00:00\",\"dateModified\":\"2024-08-26T20:25:51+00:00\",\"description\":\"Houve mais de 60 inscri\u00e7\u00f5es para as 25 vagas dispon\u00edveis; aulas acontecem na unidade Paulo de Tarso, em BH, e s\u00e3o resultado de uma parceria entre a empresa e a institui\u00e7\u00e3o\",\"breadcrumb\":{\"@id\":\"https:\/\/www.fiemg.com.br\/fiemg\/noticias\/curso-fassa-senai-de-qualificacao-em-mestre-de-obras-comeca-com-turma-completa\/#breadcrumb\"},\"inLanguage\":\"pt-BR\",\"potentialAction\":[{\"@type\":\"ReadAction\",\"target\":[\"https:\/\/www.fiemg.com.br\/fiemg\/noticias\/curso-fassa-senai-de-qualificacao-em-mestre-de-obras-comeca-com-turma-completa\/\"]}]},{\"@type\":\"ImageObject\",\"inLanguage\":\"pt-BR\",\"@id\":\"https:\/\/www.fiemg.com.br\/fiemg\/noticias\/curso-fassa-senai-de-qualificacao-em-mestre-de-obras-comeca-com-turma-completa\/#primaryimage\",\"url\":\"https:\/\/www.fiemg.com.br\/fiemg\/wp-content\/uploads\/sites\/10\/2024\/08\/curso_thumb.jpeg\",\"contentUrl\":\"https:\/\/www.fiemg.com.br\/fiemg\/wp-content\/uploads\/sites\/10\/2024\/08\/curso_thumb.jpeg\",\"width\":512,\"height\":512,\"caption\":\"Curso Fassa-SENAI de qualifica\u00e7\u00e3o em mestre de obras come\u00e7a com turma completa\"},{\"@type\":\"BreadcrumbList\",\"@id\":\"https:\/\/www.fiemg.com.br\/fiemg\/noticias\/curso-fassa-senai-de-qualificacao-em-mestre-de-obras-comeca-com-turma-completa\/#breadcrumb\",\"itemListElement\":[{\"@type\":\"ListItem\",\"position\":1,\"name\":\"In\u00edcio\",\"item\":\"https:\/\/www.fiemg.com.br\/fiemg\/\"},{\"@type\":\"ListItem\",\"position\":2,\"name\":\"Curso Fassa-SENAI de qualifica\u00e7\u00e3o em mestre de obras come\u00e7a com turma completa\"}]},{\"@type\":\"WebSite\",\"@id\":\"https:\/\/www.fiemg.com.br\/fiemg\/#website\",\"url\":\"https:\/\/www.fiemg.com.br\/fiemg\/\",\"name\":\"FIEMG\",\"description\":\"Federa\u00e7\u00e3o das Ind\u00fastrias do Estado de Minas Gerais\",\"publisher\":{\"@id\":\"https:\/\/www.fiemg.com.br\/fiemg\/#organization\"},\"potentialAction\":[{\"@type\":\"SearchAction\",\"target\":{\"@type\":\"EntryPoint\",\"urlTemplate\":\"https:\/\/www.fiemg.com.br\/fiemg\/?s={search_term_string}\"},\"query-input\":{\"@type\":\"PropertyValueSpecification\",\"valueRequired\":true,\"valueName\":\"search_term_string\"}}],\"inLanguage\":\"pt-BR\"},{\"@type\":\"Organization\",\"@id\":\"https:\/\/www.fiemg.com.br\/fiemg\/#organization\",\"name\":\"FIEMG\",\"url\":\"https:\/\/www.fiemg.com.br\/fiemg\/\",\"logo\":{\"@type\":\"ImageObject\",\"inLanguage\":\"pt-BR\",\"@id\":\"https:\/\/www.fiemg.com.br\/fiemg\/#\/schema\/logo\/image\/\",\"url\":\"https:\/\/www.fiemg.com.br\/fiemg\/wp-content\/uploads\/sites\/10\/2023\/02\/fiemg_branco.svg\",\"contentUrl\":\"https:\/\/www.fiemg.com.br\/fiemg\/wp-content\/uploads\/sites\/10\/2023\/02\/fiemg_branco.svg\",\"width\":561,\"height\":147,\"caption\":\"FIEMG\"},\"image\":{\"@id\":\"https:\/\/www.fiemg.com.br\/fiemg\/#\/schema\/logo\/image\/\"}}]}<\/script>\n<!-- \/ Yoast SEO plugin. -->","yoast_head_json":{"title":"Curso Fassa-SENAI de qualifica\u00e7\u00e3o em mestre de obras come\u00e7a com turma completa - FIEMG","description":"Houve mais de 60 inscri\u00e7\u00f5es para as 25 vagas dispon\u00edveis; aulas acontecem na unidade Paulo de Tarso, em BH, e s\u00e3o resultado de uma parceria entre a empresa e a institui\u00e7\u00e3o","robots":{"index":"index","follow":"follow","max-snippet":"max-snippet:-1","max-image-preview":"max-image-preview:large","max-video-preview":"max-video-preview:-1"},"canonical":"https:\/\/www.fiemg.com.br\/fiemg\/noticias\/curso-fassa-senai-de-qualificacao-em-mestre-de-obras-comeca-com-turma-completa\/","og_locale":"pt_BR","og_type":"article","og_title":"Curso Fassa-SENAI de qualifica\u00e7\u00e3o em mestre de obras come\u00e7a com turma completa - FIEMG","og_description":"Houve mais de 60 inscri\u00e7\u00f5es para as 25 vagas dispon\u00edveis; aulas acontecem na unidade Paulo de Tarso, em BH, e s\u00e3o resultado de uma parceria entre a empresa e a institui\u00e7\u00e3o","og_url":"https:\/\/www.fiemg.com.br\/fiemg\/noticias\/curso-fassa-senai-de-qualificacao-em-mestre-de-obras-comeca-com-turma-completa\/","og_site_name":"FIEMG","article_modified_time":"2024-08-26T20:25:51+00:00","og_image":[{"width":512,"height":512,"url":"https:\/\/www.fiemg.com.br\/fiemg\/wp-content\/uploads\/sites\/10\/2024\/08\/curso_thumb.jpeg","type":"image\/jpeg"}],"twitter_card":"summary_large_image","twitter_misc":{"Est. tempo de leitura":"2 minutos"},"schema":{"@context":"https:\/\/schema.org","@graph":[{"@type":"WebPage","@id":"https:\/\/www.fiemg.com.br\/fiemg\/noticias\/curso-fassa-senai-de-qualificacao-em-mestre-de-obras-comeca-com-turma-completa\/","url":"https:\/\/www.fiemg.com.br\/fiemg\/noticias\/curso-fassa-senai-de-qualificacao-em-mestre-de-obras-comeca-com-turma-completa\/","name":"Curso Fassa-SENAI de qualifica\u00e7\u00e3o em mestre de obras come\u00e7a com turma completa - FIEMG","isPartOf":{"@id":"https:\/\/www.fiemg.com.br\/fiemg\/#website"},"primaryImageOfPage":{"@id":"https:\/\/www.fiemg.com.br\/fiemg\/noticias\/curso-fassa-senai-de-qualificacao-em-mestre-de-obras-comeca-com-turma-completa\/#primaryimage"},"image":{"@id":"https:\/\/www.fiemg.com.br\/fiemg\/noticias\/curso-fassa-senai-de-qualificacao-em-mestre-de-obras-comeca-com-turma-completa\/#primaryimage"},"thumbnailUrl":"https:\/\/www.fiemg.com.br\/fiemg\/wp-content\/uploads\/sites\/10\/2024\/08\/curso_thumb.jpeg","datePublished":"2024-08-26T20:25:48+00:00","dateModified":"2024-08-26T20:25:51+00:00","description":"Houve mais de 60 inscri\u00e7\u00f5es para as 25 vagas dispon\u00edveis; aulas acontecem na unidade Paulo de Tarso, em BH, e s\u00e3o resultado de uma parceria entre a empresa e a institui\u00e7\u00e3o","breadcrumb":{"@id":"https:\/\/www.fiemg.com.br\/fiemg\/noticias\/curso-fassa-senai-de-qualificacao-em-mestre-de-obras-comeca-com-turma-completa\/#breadcrumb"},"inLanguage":"pt-BR","potentialAction":[{"@type":"ReadAction","target":["https:\/\/www.fiemg.com.br\/fiemg\/noticias\/curso-fassa-senai-de-qualificacao-em-mestre-de-obras-comeca-com-turma-completa\/"]}]},{"@type":"ImageObject","inLanguage":"pt-BR","@id":"https:\/\/www.fiemg.com.br\/fiemg\/noticias\/curso-fassa-senai-de-qualificacao-em-mestre-de-obras-comeca-com-turma-completa\/#primaryimage","url":"https:\/\/www.fiemg.com.br\/fiemg\/wp-content\/uploads\/sites\/10\/2024\/08\/curso_thumb.jpeg","contentUrl":"https:\/\/www.fiemg.com.br\/fiemg\/wp-content\/uploads\/sites\/10\/2024\/08\/curso_thumb.jpeg","width":512,"height":512,"caption":"Curso Fassa-SENAI de qualifica\u00e7\u00e3o em mestre de obras come\u00e7a com turma completa"},{"@type":"BreadcrumbList","@id":"https:\/\/www.fiemg.com.br\/fiemg\/noticias\/curso-fassa-senai-de-qualificacao-em-mestre-de-obras-comeca-com-turma-completa\/#breadcrumb","itemListElement":[{"@type":"ListItem","position":1,"name":"In\u00edcio","item":"https:\/\/www.fiemg.com.br\/fiemg\/"},{"@type":"ListItem","position":2,"name":"Curso Fassa-SENAI de qualifica\u00e7\u00e3o em mestre de obras come\u00e7a com turma completa"}]},{"@type":"WebSite","@id":"https:\/\/www.fiemg.com.br\/fiemg\/#website","url":"https:\/\/www.fiemg.com.br\/fiemg\/","name":"FIEMG","description":"Federa\u00e7\u00e3o das Ind\u00fastrias do Estado de Minas Gerais","publisher":{"@id":"https:\/\/www.fiemg.com.br\/fiemg\/#organization"},"potentialAction":[{"@type":"SearchAction","target":{"@type":"EntryPoint","urlTemplate":"https:\/\/www.fiemg.com.br\/fiemg\/?s={search_term_string}"},"query-input":{"@type":"PropertyValueSpecification","valueRequired":true,"valueName":"search_term_string"}}],"inLanguage":"pt-BR"},{"@type":"Organization","@id":"https:\/\/www.fiemg.com.br\/fiemg\/#organization","name":"FIEMG","url":"https:\/\/www.fiemg.com.br\/fiemg\/","logo":{"@type":"ImageObject","inLanguage":"pt-BR","@id":"https:\/\/www.fiemg.com.br\/fiemg\/#\/schema\/logo\/image\/","url":"https:\/\/www.fiemg.com.br\/fiemg\/wp-content\/uploads\/sites\/10\/2023\/02\/fiemg_branco.svg","contentUrl":"https:\/\/www.fiemg.com.br\/fiemg\/wp-content\/uploads\/sites\/10\/2023\/02\/fiemg_branco.svg","width":561,"height":147,"caption":"FIEMG"},"image":{"@id":"https:\/\/www.fiemg.com.br\/fiemg\/#\/schema\/logo\/image\/"}}]}},"_links":{"self":[{"href":"https:\/\/www.fiemg.com.br\/fiemg\/wp-json\/wp\/v2\/noticias\/5685","targetHints":{"allow":["GET"]}}],"collection":[{"href":"https:\/\/www.fiemg.com.br\/fiemg\/wp-json\/wp\/v2\/noticias"}],"about":[{"href":"https:\/\/www.fiemg.com.br\/fiemg\/wp-json\/wp\/v2\/types\/noticias"}],"wp:featuredmedia":[{"embeddable":true,"href":"https:\/\/www.fiemg.com.br\/fiemg\/wp-json\/wp\/v2\/media\/5686"}],"wp:attachment":[{"href":"https:\/\/www.fiemg.com.br\/fiemg\/wp-json\/wp\/v2\/media?parent=5685"}],"wp:term":[{"taxonomy":"category","embeddable":true,"href":"https:\/\/www.fiemg.com.br\/fiemg\/wp-json\/wp\/v2\/categories?post=5685"},{"taxonomy":"post_tag","embeddable":true,"href":"https:\/\/www.fiemg.com.br\/fiemg\/wp-json\/wp\/v2\/tags?post=5685"}],"curies":[{"name":"wp","href":"https:\/\/api.w.org\/{rel}","templated":true}]}}