{"id":5756,"date":"2024-09-04T17:24:36","date_gmt":"2024-09-04T20:24:36","guid":{"rendered":"https:\/\/www.fiemg.com.br\/fiemg\/noticias\/inteligencia-artificial-no-setor-energetico-e-debatida-em-webinar\/"},"modified":"2024-09-04T17:24:38","modified_gmt":"2024-09-04T20:24:38","slug":"inteligencia-artificial-no-setor-energetico-e-debatida-em-webinar","status":"publish","type":"noticias","link":"https:\/\/www.fiemg.com.br\/fiemg\/noticias\/inteligencia-artificial-no-setor-energetico-e-debatida-em-webinar\/","title":{"rendered":"Intelig\u00eancia artificial no setor energ\u00e9tico \u00e9 debatida em webinar"},"content":{"rendered":"\n<p>A intelig\u00eancia artificial (IA), presente em diversos segmentos e profiss\u00f5es, pode tamb\u00e9m ser aplicada no setor energ\u00e9tico. Esse tema foi debatido durante um webinar, realizado nessa ter\u00e7a-feira (3\/), pelo Sindicato Intermunicipal das Empresas de Gera\u00e7\u00e3o, Transmiss\u00e3o e Distribui\u00e7\u00e3o de Energia do Estado de Minas Gerais (SindGTD).&nbsp;<\/p>\n\n\n\n<p>Transmitido da sede da FIEMG, em Belo Horizonte, para associados da entidade, o evento contou com a participa\u00e7\u00e3o dos presidentes da Federa\u00e7\u00e3o, Fl\u00e1vio Roscoe, e do sindicato, Augusto Machado. O palestrante foi Ramon Azevedo, CEO da Morada IA, empresa de tecnologia.<\/p>\n\n\n\n<p>Melo deu in\u00edcio ao webinar, saudando os participantes, e passou a palavra para Roscoe, que elogiou a iniciativa do SindGTD de trazer \u00e0 tona o debate sobre a import\u00e2ncia do uso do IA no segmento energ\u00e9tico e industrial. Para o l\u00edder empresarial, \u00e9 fundamental que o setor produtivo invista no uso da tecnologia para aumentar a competitividade e produtividade no mercado.&nbsp;<\/p>\n\n\n\n<p>Em rela\u00e7\u00e3o \u00e0 energia, Roscoe entende que a intelig\u00eancia artificial pode ser uma aliada da&nbsp; efici\u00eancia e da sustentabilidade das opera\u00e7\u00f5es. \u201c A IA pode ser uma importante ferramenta para maximizar o potencial do sistema el\u00e9trico e acredito que esses ganhos podem ser usados em novos investimentos porque h\u00e1 uma demanda permanente por inova\u00e7\u00e3o\u201d.&nbsp;<\/p>\n\n\n\n<p>Ramon Azevedo dividiu a palestra na conceitua\u00e7\u00e3o da intelig\u00eancia, contextualiza\u00e7\u00e3o, desafios e aplicabilidade no setor energ\u00e9tico. Azevedo classificou a IA como \u201csistemas capazes de realizar tarefas que normalmente exigiriam intelig\u00eancia humana, como reconhecimento de fala, tomada de decis\u00e3o e tradu\u00e7\u00e3o de idiomas. Esses sistemas utilizam algoritmos e grandes volumes de dados para aprender e melhorar o desempenho ao longo do tempo\u201d.&nbsp;<\/p>\n\n\n\n<p>O CEO disse que a IA est\u00e1 no centro do que ele chamou de \u201crevolu\u00e7\u00e3o tecnol\u00f3gica\u201d, movimento que acontece em \u00e9pocas distintas no mundo. \u201cO n\u00edvel de desenvolvimento tecnol\u00f3gico que vivemos hoje foi projetado para 2030. A IA vem para repetir comportamentos humanos em larga escala e isso pode ser aplicado em uma infinidade de situa\u00e7\u00f5es\u201d, acrescentou.<\/p>\n\n\n\n<p>\u201cA IA j\u00e1 faz parte do nosso dia a dia. Todos n\u00f3s j\u00e1 somos impactados diariamente por algoritmos de intelig\u00eancia artificial, mas isso s\u00f3 gera bons resultados em ambientes que abram espa\u00e7o para a inova\u00e7\u00e3o\u201d, afirmou ao ponderar que&nbsp; empresas e organiza\u00e7\u00f5es t\u00eam um desafio de criar uma cultura que permite e apoia as pessoas a testar a IA, envolvendo um processo de aprendizado.<\/p>\n\n\n\n<p>Especificamente sobre o setor energ\u00e9tico, Ramon Azevedo afirmou que a IA tem aplicabilidade na detec\u00e7\u00e3o de perdas, gest\u00e3o de recursos, atendimento ao consumidor, manuten\u00e7\u00e3o preditiva, armazenamento de energia, previs\u00e3o de demanda e efici\u00eancia. Augusto Machado encerrou o evento, salientando que a palestra trouxe informa\u00e7\u00f5es relevantes para que os empres\u00e1rios comecem a pensar em como aplicar IA nos seus neg\u00f3cios. <br><br>Clique <a href=\"https:\/\/www.flickr.com\/photos\/sistemafiemg\/albums\/72177720320038095\/with\/53969557969\"><strong>aqui<\/strong><\/a> e veja mais fotos<br><br><em>Rafael Passos<br><\/em>Imprensa FIEMG<\/p>\n","protected":false},"featured_media":5757,"template":"","categories":[15],"tags":[208,78,174,246,946],"class_list":["post-5756","noticias","type-noticias","status-publish","has-post-thumbnail","hentry","category-desenvolvimento-industrial","tag-energia","tag-fiemg","tag-inteligencia-artificial","tag-sindicato","tag-webinar"],"acf":[],"yoast_head":"<!-- This site is optimized with the Yoast SEO plugin v26.2 - https:\/\/yoast.com\/wordpress\/plugins\/seo\/ -->\n<title>Intelig\u00eancia artificial no setor energ\u00e9tico \u00e9 debatida em webinar - FIEMG<\/title>\n<meta name=\"description\" content=\"Tema foi explicado por especialista, que falou a respeito do contexto e dos desafios para uso de tecnologias\" \/>\n<meta name=\"robots\" content=\"index, follow, max-snippet:-1, max-image-preview:large, max-video-preview:-1\" \/>\n<link rel=\"canonical\" href=\"https:\/\/www.fiemg.com.br\/fiemg\/noticias\/inteligencia-artificial-no-setor-energetico-e-debatida-em-webinar\/\" \/>\n<meta property=\"og:locale\" content=\"pt_BR\" \/>\n<meta property=\"og:type\" content=\"article\" \/>\n<meta property=\"og:title\" content=\"Intelig\u00eancia artificial no setor energ\u00e9tico \u00e9 debatida em webinar - FIEMG\" \/>\n<meta property=\"og:description\" content=\"Tema foi explicado por especialista, que falou a respeito do contexto e dos desafios para uso de tecnologias\" \/>\n<meta property=\"og:url\" content=\"https:\/\/www.fiemg.com.br\/fiemg\/noticias\/inteligencia-artificial-no-setor-energetico-e-debatida-em-webinar\/\" \/>\n<meta property=\"og:site_name\" content=\"FIEMG\" \/>\n<meta property=\"article:modified_time\" content=\"2024-09-04T20:24:38+00:00\" \/>\n<meta property=\"og:image\" content=\"https:\/\/www.fiemg.com.br\/fiemg\/wp-content\/uploads\/sites\/10\/2024\/09\/ia_thumb.jpeg\" \/>\n\t<meta property=\"og:image:width\" content=\"512\" \/>\n\t<meta property=\"og:image:height\" content=\"512\" \/>\n\t<meta property=\"og:image:type\" content=\"image\/jpeg\" \/>\n<meta name=\"twitter:card\" content=\"summary_large_image\" \/>\n<meta name=\"twitter:label1\" content=\"Est. tempo de leitura\" \/>\n\t<meta name=\"twitter:data1\" content=\"3 minutos\" \/>\n<script type=\"application\/ld+json\" class=\"yoast-schema-graph\">{\"@context\":\"https:\/\/schema.org\",\"@graph\":[{\"@type\":\"WebPage\",\"@id\":\"https:\/\/www.fiemg.com.br\/fiemg\/noticias\/inteligencia-artificial-no-setor-energetico-e-debatida-em-webinar\/\",\"url\":\"https:\/\/www.fiemg.com.br\/fiemg\/noticias\/inteligencia-artificial-no-setor-energetico-e-debatida-em-webinar\/\",\"name\":\"Intelig\u00eancia artificial no setor energ\u00e9tico \u00e9 debatida em webinar - FIEMG\",\"isPartOf\":{\"@id\":\"https:\/\/www.fiemg.com.br\/fiemg\/#website\"},\"primaryImageOfPage\":{\"@id\":\"https:\/\/www.fiemg.com.br\/fiemg\/noticias\/inteligencia-artificial-no-setor-energetico-e-debatida-em-webinar\/#primaryimage\"},\"image\":{\"@id\":\"https:\/\/www.fiemg.com.br\/fiemg\/noticias\/inteligencia-artificial-no-setor-energetico-e-debatida-em-webinar\/#primaryimage\"},\"thumbnailUrl\":\"https:\/\/www.fiemg.com.br\/fiemg\/wp-content\/uploads\/sites\/10\/2024\/09\/ia_thumb.jpeg\",\"datePublished\":\"2024-09-04T20:24:36+00:00\",\"dateModified\":\"2024-09-04T20:24:38+00:00\",\"description\":\"Tema foi explicado por especialista, que falou a respeito do contexto e dos desafios para uso de tecnologias\",\"breadcrumb\":{\"@id\":\"https:\/\/www.fiemg.com.br\/fiemg\/noticias\/inteligencia-artificial-no-setor-energetico-e-debatida-em-webinar\/#breadcrumb\"},\"inLanguage\":\"pt-BR\",\"potentialAction\":[{\"@type\":\"ReadAction\",\"target\":[\"https:\/\/www.fiemg.com.br\/fiemg\/noticias\/inteligencia-artificial-no-setor-energetico-e-debatida-em-webinar\/\"]}]},{\"@type\":\"ImageObject\",\"inLanguage\":\"pt-BR\",\"@id\":\"https:\/\/www.fiemg.com.br\/fiemg\/noticias\/inteligencia-artificial-no-setor-energetico-e-debatida-em-webinar\/#primaryimage\",\"url\":\"https:\/\/www.fiemg.com.br\/fiemg\/wp-content\/uploads\/sites\/10\/2024\/09\/ia_thumb.jpeg\",\"contentUrl\":\"https:\/\/www.fiemg.com.br\/fiemg\/wp-content\/uploads\/sites\/10\/2024\/09\/ia_thumb.jpeg\",\"width\":512,\"height\":512,\"caption\":\"Aplica\u00e7\u00e3o da intelig\u00eancia artificial no setor energ\u00e9tico \u00e9 debatido em webinar\"},{\"@type\":\"BreadcrumbList\",\"@id\":\"https:\/\/www.fiemg.com.br\/fiemg\/noticias\/inteligencia-artificial-no-setor-energetico-e-debatida-em-webinar\/#breadcrumb\",\"itemListElement\":[{\"@type\":\"ListItem\",\"position\":1,\"name\":\"In\u00edcio\",\"item\":\"https:\/\/www.fiemg.com.br\/fiemg\/\"},{\"@type\":\"ListItem\",\"position\":2,\"name\":\"Intelig\u00eancia artificial no setor energ\u00e9tico \u00e9 debatida em webinar\"}]},{\"@type\":\"WebSite\",\"@id\":\"https:\/\/www.fiemg.com.br\/fiemg\/#website\",\"url\":\"https:\/\/www.fiemg.com.br\/fiemg\/\",\"name\":\"FIEMG\",\"description\":\"Federa\u00e7\u00e3o das Ind\u00fastrias do Estado de Minas Gerais\",\"publisher\":{\"@id\":\"https:\/\/www.fiemg.com.br\/fiemg\/#organization\"},\"potentialAction\":[{\"@type\":\"SearchAction\",\"target\":{\"@type\":\"EntryPoint\",\"urlTemplate\":\"https:\/\/www.fiemg.com.br\/fiemg\/?s={search_term_string}\"},\"query-input\":{\"@type\":\"PropertyValueSpecification\",\"valueRequired\":true,\"valueName\":\"search_term_string\"}}],\"inLanguage\":\"pt-BR\"},{\"@type\":\"Organization\",\"@id\":\"https:\/\/www.fiemg.com.br\/fiemg\/#organization\",\"name\":\"FIEMG\",\"url\":\"https:\/\/www.fiemg.com.br\/fiemg\/\",\"logo\":{\"@type\":\"ImageObject\",\"inLanguage\":\"pt-BR\",\"@id\":\"https:\/\/www.fiemg.com.br\/fiemg\/#\/schema\/logo\/image\/\",\"url\":\"https:\/\/www.fiemg.com.br\/fiemg\/wp-content\/uploads\/sites\/10\/2023\/02\/fiemg_branco.svg\",\"contentUrl\":\"https:\/\/www.fiemg.com.br\/fiemg\/wp-content\/uploads\/sites\/10\/2023\/02\/fiemg_branco.svg\",\"width\":561,\"height\":147,\"caption\":\"FIEMG\"},\"image\":{\"@id\":\"https:\/\/www.fiemg.com.br\/fiemg\/#\/schema\/logo\/image\/\"}}]}<\/script>\n<!-- \/ Yoast SEO plugin. -->","yoast_head_json":{"title":"Intelig\u00eancia artificial no setor energ\u00e9tico \u00e9 debatida em webinar - FIEMG","description":"Tema foi explicado por especialista, que falou a respeito do contexto e dos desafios para uso de tecnologias","robots":{"index":"index","follow":"follow","max-snippet":"max-snippet:-1","max-image-preview":"max-image-preview:large","max-video-preview":"max-video-preview:-1"},"canonical":"https:\/\/www.fiemg.com.br\/fiemg\/noticias\/inteligencia-artificial-no-setor-energetico-e-debatida-em-webinar\/","og_locale":"pt_BR","og_type":"article","og_title":"Intelig\u00eancia artificial no setor energ\u00e9tico \u00e9 debatida em webinar - FIEMG","og_description":"Tema foi explicado por especialista, que falou a respeito do contexto e dos desafios para uso de tecnologias","og_url":"https:\/\/www.fiemg.com.br\/fiemg\/noticias\/inteligencia-artificial-no-setor-energetico-e-debatida-em-webinar\/","og_site_name":"FIEMG","article_modified_time":"2024-09-04T20:24:38+00:00","og_image":[{"width":512,"height":512,"url":"https:\/\/www.fiemg.com.br\/fiemg\/wp-content\/uploads\/sites\/10\/2024\/09\/ia_thumb.jpeg","type":"image\/jpeg"}],"twitter_card":"summary_large_image","twitter_misc":{"Est. tempo de leitura":"3 minutos"},"schema":{"@context":"https:\/\/schema.org","@graph":[{"@type":"WebPage","@id":"https:\/\/www.fiemg.com.br\/fiemg\/noticias\/inteligencia-artificial-no-setor-energetico-e-debatida-em-webinar\/","url":"https:\/\/www.fiemg.com.br\/fiemg\/noticias\/inteligencia-artificial-no-setor-energetico-e-debatida-em-webinar\/","name":"Intelig\u00eancia artificial no setor energ\u00e9tico \u00e9 debatida em webinar - FIEMG","isPartOf":{"@id":"https:\/\/www.fiemg.com.br\/fiemg\/#website"},"primaryImageOfPage":{"@id":"https:\/\/www.fiemg.com.br\/fiemg\/noticias\/inteligencia-artificial-no-setor-energetico-e-debatida-em-webinar\/#primaryimage"},"image":{"@id":"https:\/\/www.fiemg.com.br\/fiemg\/noticias\/inteligencia-artificial-no-setor-energetico-e-debatida-em-webinar\/#primaryimage"},"thumbnailUrl":"https:\/\/www.fiemg.com.br\/fiemg\/wp-content\/uploads\/sites\/10\/2024\/09\/ia_thumb.jpeg","datePublished":"2024-09-04T20:24:36+00:00","dateModified":"2024-09-04T20:24:38+00:00","description":"Tema foi explicado por especialista, que falou a respeito do contexto e dos desafios para uso de tecnologias","breadcrumb":{"@id":"https:\/\/www.fiemg.com.br\/fiemg\/noticias\/inteligencia-artificial-no-setor-energetico-e-debatida-em-webinar\/#breadcrumb"},"inLanguage":"pt-BR","potentialAction":[{"@type":"ReadAction","target":["https:\/\/www.fiemg.com.br\/fiemg\/noticias\/inteligencia-artificial-no-setor-energetico-e-debatida-em-webinar\/"]}]},{"@type":"ImageObject","inLanguage":"pt-BR","@id":"https:\/\/www.fiemg.com.br\/fiemg\/noticias\/inteligencia-artificial-no-setor-energetico-e-debatida-em-webinar\/#primaryimage","url":"https:\/\/www.fiemg.com.br\/fiemg\/wp-content\/uploads\/sites\/10\/2024\/09\/ia_thumb.jpeg","contentUrl":"https:\/\/www.fiemg.com.br\/fiemg\/wp-content\/uploads\/sites\/10\/2024\/09\/ia_thumb.jpeg","width":512,"height":512,"caption":"Aplica\u00e7\u00e3o da intelig\u00eancia artificial no setor energ\u00e9tico \u00e9 debatido em webinar"},{"@type":"BreadcrumbList","@id":"https:\/\/www.fiemg.com.br\/fiemg\/noticias\/inteligencia-artificial-no-setor-energetico-e-debatida-em-webinar\/#breadcrumb","itemListElement":[{"@type":"ListItem","position":1,"name":"In\u00edcio","item":"https:\/\/www.fiemg.com.br\/fiemg\/"},{"@type":"ListItem","position":2,"name":"Intelig\u00eancia artificial no setor energ\u00e9tico \u00e9 debatida em webinar"}]},{"@type":"WebSite","@id":"https:\/\/www.fiemg.com.br\/fiemg\/#website","url":"https:\/\/www.fiemg.com.br\/fiemg\/","name":"FIEMG","description":"Federa\u00e7\u00e3o das Ind\u00fastrias do Estado de Minas Gerais","publisher":{"@id":"https:\/\/www.fiemg.com.br\/fiemg\/#organization"},"potentialAction":[{"@type":"SearchAction","target":{"@type":"EntryPoint","urlTemplate":"https:\/\/www.fiemg.com.br\/fiemg\/?s={search_term_string}"},"query-input":{"@type":"PropertyValueSpecification","valueRequired":true,"valueName":"search_term_string"}}],"inLanguage":"pt-BR"},{"@type":"Organization","@id":"https:\/\/www.fiemg.com.br\/fiemg\/#organization","name":"FIEMG","url":"https:\/\/www.fiemg.com.br\/fiemg\/","logo":{"@type":"ImageObject","inLanguage":"pt-BR","@id":"https:\/\/www.fiemg.com.br\/fiemg\/#\/schema\/logo\/image\/","url":"https:\/\/www.fiemg.com.br\/fiemg\/wp-content\/uploads\/sites\/10\/2023\/02\/fiemg_branco.svg","contentUrl":"https:\/\/www.fiemg.com.br\/fiemg\/wp-content\/uploads\/sites\/10\/2023\/02\/fiemg_branco.svg","width":561,"height":147,"caption":"FIEMG"},"image":{"@id":"https:\/\/www.fiemg.com.br\/fiemg\/#\/schema\/logo\/image\/"}}]}},"_links":{"self":[{"href":"https:\/\/www.fiemg.com.br\/fiemg\/wp-json\/wp\/v2\/noticias\/5756","targetHints":{"allow":["GET"]}}],"collection":[{"href":"https:\/\/www.fiemg.com.br\/fiemg\/wp-json\/wp\/v2\/noticias"}],"about":[{"href":"https:\/\/www.fiemg.com.br\/fiemg\/wp-json\/wp\/v2\/types\/noticias"}],"wp:featuredmedia":[{"embeddable":true,"href":"https:\/\/www.fiemg.com.br\/fiemg\/wp-json\/wp\/v2\/media\/5757"}],"wp:attachment":[{"href":"https:\/\/www.fiemg.com.br\/fiemg\/wp-json\/wp\/v2\/media?parent=5756"}],"wp:term":[{"taxonomy":"category","embeddable":true,"href":"https:\/\/www.fiemg.com.br\/fiemg\/wp-json\/wp\/v2\/categories?post=5756"},{"taxonomy":"post_tag","embeddable":true,"href":"https:\/\/www.fiemg.com.br\/fiemg\/wp-json\/wp\/v2\/tags?post=5756"}],"curies":[{"name":"wp","href":"https:\/\/api.w.org\/{rel}","templated":true}]}}