{"id":5803,"date":"2024-09-09T19:06:06","date_gmt":"2024-09-09T22:06:06","guid":{"rendered":"https:\/\/www.fiemg.com.br\/fiemg\/noticias\/diretora-comercial-da-embaixada-dos-eua-visita-p7-criativo\/"},"modified":"2024-09-09T19:10:16","modified_gmt":"2024-09-09T22:10:16","slug":"diretora-comercial-da-embaixada-dos-eua-visita-p7-criativo","status":"publish","type":"noticias","link":"https:\/\/www.fiemg.com.br\/fiemg\/noticias\/diretora-comercial-da-embaixada-dos-eua-visita-p7-criativo\/","title":{"rendered":"Diretora comercial da Embaixada dos EUA visita P7 Criativo"},"content":{"rendered":"\n<p>A diretora comercial s\u00eanior da Embaixada dos Estados Unidos em Bras\u00edlia, Nicole DeSilvis, visitou nesta segunda-feira (9\/9) o P7 Criativo, edif\u00edcio ic\u00f4nico no Centro de Belo Horizonte administrado pela FIEMG e que abriga um hub de inova\u00e7\u00e3o aberta e economia criativa. A diretora comercial foi recebida pelo superintendente regional do Instituto Euvaldo Lodi (IEL) e presidente do P7, Gustavo Macena.<\/p>\n\n\n\n<p>Em reuni\u00e3o, Macena apresentou para Nicole Desilves projetos e iniciativas do IEL voltados ao desenvolvimento da ind\u00fastria e economia a partir do uso da tecnologia em novos modelos de neg\u00f3cios, al\u00e9m da possibilidade de novas oportunidades e parcerias. Macena falou tamb\u00e9m sobre a estrutura e o funcionamento do P7. Entusiasta da inova\u00e7\u00e3o, Nicole elogiou as iniciativas do IEL e disse que s\u00e3o \u201cinteressantes e criativas\u201d. <\/p>\n\n\n\n<p>O com\u00e9rcio bilateral entre Minas e EUA \u00e9 representativo. Em 2023, por exemplo, as exporta\u00e7\u00f5es mineiras chegaram a 9,1% do total do Brasil para o pa\u00eds americano. As importa\u00e7\u00f5es somaram 13%.<\/p>\n\n\n\n<p>Ferro gusa, caf\u00e9 e tubos e perfis ocos de ferro ou a\u00e7o sem costura foram os produtos mais vendidos para os americanos. Os principais itens importados por Minas Gerais foram caminh\u00f5es de carga, briquetes de carv\u00e3o, linhita e turfa de carv\u00e3o.<br><br>Clique <a href=\"https:\/\/www.flickr.com\/photos\/sistemafiemg\/with\/53983606293\" target=\"_blank\" rel=\"noreferrer noopener\"><strong>aqui<\/strong><\/a> e veja mais fotos<\/p>\n\n\n\n<figure class=\"wp-block-image aligncenter size-large\"><img fetchpriority=\"high\" decoding=\"async\" width=\"1024\" height=\"396\" src=\"https:\/\/www.fiemg.com.br\/fiemg\/wp-content\/uploads\/sites\/10\/2024\/09\/p7_interna_2-1024x396.jpeg\" alt=\"Diretora comercial s\u00eanior da Embaixada dos Estados Unidos em Bras\u00edlia, Nicole DeSilvis, vista P7 Criativo\" class=\"wp-image-5804\" srcset=\"https:\/\/www.fiemg.com.br\/fiemg\/wp-content\/uploads\/sites\/10\/2024\/09\/p7_interna_2-1024x396.jpeg 1024w, https:\/\/www.fiemg.com.br\/fiemg\/wp-content\/uploads\/sites\/10\/2024\/09\/p7_interna_2-300x116.jpeg 300w, https:\/\/www.fiemg.com.br\/fiemg\/wp-content\/uploads\/sites\/10\/2024\/09\/p7_interna_2-768x297.jpeg 768w, https:\/\/www.fiemg.com.br\/fiemg\/wp-content\/uploads\/sites\/10\/2024\/09\/p7_interna_2.jpeg 1080w\" sizes=\"(max-width: 1024px) 100vw, 1024px\" \/><\/figure>\n","protected":false},"featured_media":5805,"template":"","categories":[15],"tags":[961,136,104,287,962],"class_list":["post-5803","noticias","type-noticias","status-publish","has-post-thumbnail","hentry","category-desenvolvimento-industrial","tag-embaixada","tag-eua","tag-industria","tag-p7-criativo","tag-vistia"],"acf":[],"yoast_head":"<!-- This site is optimized with the Yoast SEO plugin v26.2 - https:\/\/yoast.com\/wordpress\/plugins\/seo\/ -->\n<title>Diretora comercial da Embaixada dos EUA visita P7 Criativo - FIEMG<\/title>\n<meta name=\"robots\" content=\"index, follow, max-snippet:-1, max-image-preview:large, max-video-preview:-1\" \/>\n<link rel=\"canonical\" href=\"https:\/\/www.fiemg.com.br\/fiemg\/noticias\/diretora-comercial-da-embaixada-dos-eua-visita-p7-criativo\/\" \/>\n<meta property=\"og:locale\" content=\"pt_BR\" \/>\n<meta property=\"og:type\" content=\"article\" \/>\n<meta property=\"og:title\" content=\"Diretora comercial da Embaixada dos EUA visita P7 Criativo - FIEMG\" \/>\n<meta property=\"og:description\" content=\"A diretora comercial s\u00eanior da Embaixada dos Estados Unidos em Bras\u00edlia, Nicole DeSilvis, visitou nesta segunda-feira (9\/9) o P7 Criativo, edif\u00edcio ic\u00f4nico no Centro de Belo Horizonte administrado pela FIEMG e que abriga um hub de inova\u00e7\u00e3o aberta e economia criativa. A diretora comercial foi recebida pelo superintendente regional do Instituto Euvaldo Lodi (IEL) e [&hellip;]\" \/>\n<meta property=\"og:url\" content=\"https:\/\/www.fiemg.com.br\/fiemg\/noticias\/diretora-comercial-da-embaixada-dos-eua-visita-p7-criativo\/\" \/>\n<meta property=\"og:site_name\" content=\"FIEMG\" \/>\n<meta property=\"article:modified_time\" content=\"2024-09-09T22:10:16+00:00\" \/>\n<meta property=\"og:image\" content=\"https:\/\/www.fiemg.com.br\/fiemg\/wp-content\/uploads\/sites\/10\/2024\/09\/p7_thumb.jpeg\" \/>\n\t<meta property=\"og:image:width\" content=\"512\" \/>\n\t<meta property=\"og:image:height\" content=\"512\" \/>\n\t<meta property=\"og:image:type\" content=\"image\/jpeg\" \/>\n<meta name=\"twitter:card\" content=\"summary_large_image\" \/>\n<meta name=\"twitter:label1\" content=\"Est. tempo de leitura\" \/>\n\t<meta name=\"twitter:data1\" content=\"2 minutos\" \/>\n<script type=\"application\/ld+json\" class=\"yoast-schema-graph\">{\"@context\":\"https:\/\/schema.org\",\"@graph\":[{\"@type\":\"WebPage\",\"@id\":\"https:\/\/www.fiemg.com.br\/fiemg\/noticias\/diretora-comercial-da-embaixada-dos-eua-visita-p7-criativo\/\",\"url\":\"https:\/\/www.fiemg.com.br\/fiemg\/noticias\/diretora-comercial-da-embaixada-dos-eua-visita-p7-criativo\/\",\"name\":\"Diretora comercial da Embaixada dos EUA visita P7 Criativo - FIEMG\",\"isPartOf\":{\"@id\":\"https:\/\/www.fiemg.com.br\/fiemg\/#website\"},\"primaryImageOfPage\":{\"@id\":\"https:\/\/www.fiemg.com.br\/fiemg\/noticias\/diretora-comercial-da-embaixada-dos-eua-visita-p7-criativo\/#primaryimage\"},\"image\":{\"@id\":\"https:\/\/www.fiemg.com.br\/fiemg\/noticias\/diretora-comercial-da-embaixada-dos-eua-visita-p7-criativo\/#primaryimage\"},\"thumbnailUrl\":\"https:\/\/www.fiemg.com.br\/fiemg\/wp-content\/uploads\/sites\/10\/2024\/09\/p7_thumb.jpeg\",\"datePublished\":\"2024-09-09T22:06:06+00:00\",\"dateModified\":\"2024-09-09T22:10:16+00:00\",\"breadcrumb\":{\"@id\":\"https:\/\/www.fiemg.com.br\/fiemg\/noticias\/diretora-comercial-da-embaixada-dos-eua-visita-p7-criativo\/#breadcrumb\"},\"inLanguage\":\"pt-BR\",\"potentialAction\":[{\"@type\":\"ReadAction\",\"target\":[\"https:\/\/www.fiemg.com.br\/fiemg\/noticias\/diretora-comercial-da-embaixada-dos-eua-visita-p7-criativo\/\"]}]},{\"@type\":\"ImageObject\",\"inLanguage\":\"pt-BR\",\"@id\":\"https:\/\/www.fiemg.com.br\/fiemg\/noticias\/diretora-comercial-da-embaixada-dos-eua-visita-p7-criativo\/#primaryimage\",\"url\":\"https:\/\/www.fiemg.com.br\/fiemg\/wp-content\/uploads\/sites\/10\/2024\/09\/p7_thumb.jpeg\",\"contentUrl\":\"https:\/\/www.fiemg.com.br\/fiemg\/wp-content\/uploads\/sites\/10\/2024\/09\/p7_thumb.jpeg\",\"width\":512,\"height\":512,\"caption\":\"Diretora comercial s\u00eanior da Embaixada dos Estados Unidos em Bras\u00edlia, Nicole DeSilvis, vista P7 Criativo\"},{\"@type\":\"BreadcrumbList\",\"@id\":\"https:\/\/www.fiemg.com.br\/fiemg\/noticias\/diretora-comercial-da-embaixada-dos-eua-visita-p7-criativo\/#breadcrumb\",\"itemListElement\":[{\"@type\":\"ListItem\",\"position\":1,\"name\":\"In\u00edcio\",\"item\":\"https:\/\/www.fiemg.com.br\/fiemg\/\"},{\"@type\":\"ListItem\",\"position\":2,\"name\":\"Diretora comercial da Embaixada dos EUA visita P7 Criativo\"}]},{\"@type\":\"WebSite\",\"@id\":\"https:\/\/www.fiemg.com.br\/fiemg\/#website\",\"url\":\"https:\/\/www.fiemg.com.br\/fiemg\/\",\"name\":\"FIEMG\",\"description\":\"Federa\u00e7\u00e3o das Ind\u00fastrias do Estado de Minas Gerais\",\"publisher\":{\"@id\":\"https:\/\/www.fiemg.com.br\/fiemg\/#organization\"},\"potentialAction\":[{\"@type\":\"SearchAction\",\"target\":{\"@type\":\"EntryPoint\",\"urlTemplate\":\"https:\/\/www.fiemg.com.br\/fiemg\/?s={search_term_string}\"},\"query-input\":{\"@type\":\"PropertyValueSpecification\",\"valueRequired\":true,\"valueName\":\"search_term_string\"}}],\"inLanguage\":\"pt-BR\"},{\"@type\":\"Organization\",\"@id\":\"https:\/\/www.fiemg.com.br\/fiemg\/#organization\",\"name\":\"FIEMG\",\"url\":\"https:\/\/www.fiemg.com.br\/fiemg\/\",\"logo\":{\"@type\":\"ImageObject\",\"inLanguage\":\"pt-BR\",\"@id\":\"https:\/\/www.fiemg.com.br\/fiemg\/#\/schema\/logo\/image\/\",\"url\":\"https:\/\/www.fiemg.com.br\/fiemg\/wp-content\/uploads\/sites\/10\/2023\/02\/fiemg_branco.svg\",\"contentUrl\":\"https:\/\/www.fiemg.com.br\/fiemg\/wp-content\/uploads\/sites\/10\/2023\/02\/fiemg_branco.svg\",\"width\":561,\"height\":147,\"caption\":\"FIEMG\"},\"image\":{\"@id\":\"https:\/\/www.fiemg.com.br\/fiemg\/#\/schema\/logo\/image\/\"}}]}<\/script>\n<!-- \/ Yoast SEO plugin. -->","yoast_head_json":{"title":"Diretora comercial da Embaixada dos EUA visita P7 Criativo - FIEMG","robots":{"index":"index","follow":"follow","max-snippet":"max-snippet:-1","max-image-preview":"max-image-preview:large","max-video-preview":"max-video-preview:-1"},"canonical":"https:\/\/www.fiemg.com.br\/fiemg\/noticias\/diretora-comercial-da-embaixada-dos-eua-visita-p7-criativo\/","og_locale":"pt_BR","og_type":"article","og_title":"Diretora comercial da Embaixada dos EUA visita P7 Criativo - FIEMG","og_description":"A diretora comercial s\u00eanior da Embaixada dos Estados Unidos em Bras\u00edlia, Nicole DeSilvis, visitou nesta segunda-feira (9\/9) o P7 Criativo, edif\u00edcio ic\u00f4nico no Centro de Belo Horizonte administrado pela FIEMG e que abriga um hub de inova\u00e7\u00e3o aberta e economia criativa. A diretora comercial foi recebida pelo superintendente regional do Instituto Euvaldo Lodi (IEL) e [&hellip;]","og_url":"https:\/\/www.fiemg.com.br\/fiemg\/noticias\/diretora-comercial-da-embaixada-dos-eua-visita-p7-criativo\/","og_site_name":"FIEMG","article_modified_time":"2024-09-09T22:10:16+00:00","og_image":[{"width":512,"height":512,"url":"https:\/\/www.fiemg.com.br\/fiemg\/wp-content\/uploads\/sites\/10\/2024\/09\/p7_thumb.jpeg","type":"image\/jpeg"}],"twitter_card":"summary_large_image","twitter_misc":{"Est. tempo de leitura":"2 minutos"},"schema":{"@context":"https:\/\/schema.org","@graph":[{"@type":"WebPage","@id":"https:\/\/www.fiemg.com.br\/fiemg\/noticias\/diretora-comercial-da-embaixada-dos-eua-visita-p7-criativo\/","url":"https:\/\/www.fiemg.com.br\/fiemg\/noticias\/diretora-comercial-da-embaixada-dos-eua-visita-p7-criativo\/","name":"Diretora comercial da Embaixada dos EUA visita P7 Criativo - FIEMG","isPartOf":{"@id":"https:\/\/www.fiemg.com.br\/fiemg\/#website"},"primaryImageOfPage":{"@id":"https:\/\/www.fiemg.com.br\/fiemg\/noticias\/diretora-comercial-da-embaixada-dos-eua-visita-p7-criativo\/#primaryimage"},"image":{"@id":"https:\/\/www.fiemg.com.br\/fiemg\/noticias\/diretora-comercial-da-embaixada-dos-eua-visita-p7-criativo\/#primaryimage"},"thumbnailUrl":"https:\/\/www.fiemg.com.br\/fiemg\/wp-content\/uploads\/sites\/10\/2024\/09\/p7_thumb.jpeg","datePublished":"2024-09-09T22:06:06+00:00","dateModified":"2024-09-09T22:10:16+00:00","breadcrumb":{"@id":"https:\/\/www.fiemg.com.br\/fiemg\/noticias\/diretora-comercial-da-embaixada-dos-eua-visita-p7-criativo\/#breadcrumb"},"inLanguage":"pt-BR","potentialAction":[{"@type":"ReadAction","target":["https:\/\/www.fiemg.com.br\/fiemg\/noticias\/diretora-comercial-da-embaixada-dos-eua-visita-p7-criativo\/"]}]},{"@type":"ImageObject","inLanguage":"pt-BR","@id":"https:\/\/www.fiemg.com.br\/fiemg\/noticias\/diretora-comercial-da-embaixada-dos-eua-visita-p7-criativo\/#primaryimage","url":"https:\/\/www.fiemg.com.br\/fiemg\/wp-content\/uploads\/sites\/10\/2024\/09\/p7_thumb.jpeg","contentUrl":"https:\/\/www.fiemg.com.br\/fiemg\/wp-content\/uploads\/sites\/10\/2024\/09\/p7_thumb.jpeg","width":512,"height":512,"caption":"Diretora comercial s\u00eanior da Embaixada dos Estados Unidos em Bras\u00edlia, Nicole DeSilvis, vista P7 Criativo"},{"@type":"BreadcrumbList","@id":"https:\/\/www.fiemg.com.br\/fiemg\/noticias\/diretora-comercial-da-embaixada-dos-eua-visita-p7-criativo\/#breadcrumb","itemListElement":[{"@type":"ListItem","position":1,"name":"In\u00edcio","item":"https:\/\/www.fiemg.com.br\/fiemg\/"},{"@type":"ListItem","position":2,"name":"Diretora comercial da Embaixada dos EUA visita P7 Criativo"}]},{"@type":"WebSite","@id":"https:\/\/www.fiemg.com.br\/fiemg\/#website","url":"https:\/\/www.fiemg.com.br\/fiemg\/","name":"FIEMG","description":"Federa\u00e7\u00e3o das Ind\u00fastrias do Estado de Minas Gerais","publisher":{"@id":"https:\/\/www.fiemg.com.br\/fiemg\/#organization"},"potentialAction":[{"@type":"SearchAction","target":{"@type":"EntryPoint","urlTemplate":"https:\/\/www.fiemg.com.br\/fiemg\/?s={search_term_string}"},"query-input":{"@type":"PropertyValueSpecification","valueRequired":true,"valueName":"search_term_string"}}],"inLanguage":"pt-BR"},{"@type":"Organization","@id":"https:\/\/www.fiemg.com.br\/fiemg\/#organization","name":"FIEMG","url":"https:\/\/www.fiemg.com.br\/fiemg\/","logo":{"@type":"ImageObject","inLanguage":"pt-BR","@id":"https:\/\/www.fiemg.com.br\/fiemg\/#\/schema\/logo\/image\/","url":"https:\/\/www.fiemg.com.br\/fiemg\/wp-content\/uploads\/sites\/10\/2023\/02\/fiemg_branco.svg","contentUrl":"https:\/\/www.fiemg.com.br\/fiemg\/wp-content\/uploads\/sites\/10\/2023\/02\/fiemg_branco.svg","width":561,"height":147,"caption":"FIEMG"},"image":{"@id":"https:\/\/www.fiemg.com.br\/fiemg\/#\/schema\/logo\/image\/"}}]}},"_links":{"self":[{"href":"https:\/\/www.fiemg.com.br\/fiemg\/wp-json\/wp\/v2\/noticias\/5803","targetHints":{"allow":["GET"]}}],"collection":[{"href":"https:\/\/www.fiemg.com.br\/fiemg\/wp-json\/wp\/v2\/noticias"}],"about":[{"href":"https:\/\/www.fiemg.com.br\/fiemg\/wp-json\/wp\/v2\/types\/noticias"}],"wp:featuredmedia":[{"embeddable":true,"href":"https:\/\/www.fiemg.com.br\/fiemg\/wp-json\/wp\/v2\/media\/5805"}],"wp:attachment":[{"href":"https:\/\/www.fiemg.com.br\/fiemg\/wp-json\/wp\/v2\/media?parent=5803"}],"wp:term":[{"taxonomy":"category","embeddable":true,"href":"https:\/\/www.fiemg.com.br\/fiemg\/wp-json\/wp\/v2\/categories?post=5803"},{"taxonomy":"post_tag","embeddable":true,"href":"https:\/\/www.fiemg.com.br\/fiemg\/wp-json\/wp\/v2\/tags?post=5803"}],"curies":[{"name":"wp","href":"https:\/\/api.w.org\/{rel}","templated":true}]}}