{"id":5822,"date":"2024-09-11T14:42:25","date_gmt":"2024-09-11T17:42:25","guid":{"rendered":"https:\/\/www.fiemg.com.br\/fiemg\/noticias\/projeto-fomenta-desenvolvimento-da-cadeia-do-turismo-em-mg-e-es\/"},"modified":"2024-09-12T14:12:59","modified_gmt":"2024-09-12T17:12:59","slug":"projeto-fomenta-desenvolvimento-da-cadeia-do-turismo-em-mg-e-es","status":"publish","type":"noticias","link":"https:\/\/www.fiemg.com.br\/fiemg\/noticias\/projeto-fomenta-desenvolvimento-da-cadeia-do-turismo-em-mg-e-es\/","title":{"rendered":"Projeto fomenta desenvolvimento da cadeia do turismo em MG e ES"},"content":{"rendered":"\n<p>Empres\u00e1rios do setor de turismo de Mariana, Marli\u00e9ria e Governador Valadares, em Minas Gerais, e Linhares, no Esp\u00edrito Santo, localizadas na Bacia do Rio Doce, ter\u00e3o capacita\u00e7\u00e3o e miss\u00f5es t\u00e9cnicas em eventos do setor para desenvolvimento dos neg\u00f3cios. As a\u00e7\u00f5es est\u00e3o previstas em um projeto desenvolvido pelo Instituto Euvaldo Lodi (IEL), por meio da Ger\u00eancia de Consultoria para Neg\u00f3cios, e Instituto Estrada Real, sendo contratado pela Funda\u00e7\u00e3o Renova.<\/p>\n\n\n\n<p>Na \u00faltima quinta-feira (5\/9), uma reuni\u00e3o tratou do escopo, cronograma, expectativas e apresentou os profissionais envolvidos no projeto. Segundo Eduardo Marchetti, analista de Intelig\u00eancia Competitiva da Ger\u00eancia de Consultoria para Neg\u00f3cios, os empreendimentos selecionados passar\u00e3o por diagn\u00f3stico de maturidade organizacional para \u201cidentificar compet\u00eancias e capacidades, considerando quesitos relacionados a aspectos de mercado, finan\u00e7as, processos, planejamento, entre outros\u201d, disse.<\/p>\n\n\n\n<p>O analista do IEL explicou que, a partir dos resultados, ser\u00e1 elaborada uma trilha de capacita\u00e7\u00e3o para cada participante, visando o desenvolvimento dos empreendimentos. Ser\u00e3o quatro cursos de at\u00e9 150 horas para cada munic\u00edpio, que v\u00e3o abordar temas como acessibilidade em servi\u00e7os e equipamentos tur\u00edsticos, atendimento ao turismo, elabora\u00e7\u00e3o de roteiros tur\u00edsticos, turismo de base comunit\u00e1ria, gest\u00e3o de neg\u00f3cios para empreendimentos vinculados ao turismo, inova\u00e7\u00e3o e empreendedorismo em turismo, ecoturismo, turismo educacional, marketing tur\u00edstico.<\/p>\n\n\n\n<p>Al\u00e9m disso, est\u00e3o previstas seis miss\u00f5es t\u00e9cnicas para divulgar o potencial tur\u00edstico das cidades escolhidas e visitas para benchmarking de melhores pr\u00e1ticas. As primeiras viagens ser\u00e3o para o Abeta Summit 2024, o maior congresso de turismo de natureza do pa\u00eds, que ser\u00e1 de 30\/10 a 2\/11, em Foz do Igua\u00e7u, no Paran\u00e1. O outro destino \u00e9 o Pesca &amp; Companhia Trade Show, que vai acontecer de 20 a 22 de mar\u00e7o de 2025, em S\u00e3o Paulo.<br><br><em>Rafael Passos<br><\/em><strong>Imprensa FIEMG<\/strong><\/p>\n","protected":false},"featured_media":2185,"template":"","categories":[15],"tags":[93,976,326,837],"class_list":["post-5822","noticias","type-noticias","status-publish","has-post-thumbnail","hentry","category-desenvolvimento-industrial","tag-iel","tag-instituto-estrada-real","tag-rio-doce","tag-turismo"],"acf":[],"yoast_head":"<!-- This site is optimized with the Yoast SEO plugin v26.2 - https:\/\/yoast.com\/wordpress\/plugins\/seo\/ -->\n<title>Projeto fomenta desenvolvimento da cadeia do turismo em MG e ES - FIEMG<\/title>\n<meta name=\"description\" content=\"Conjunto de a\u00e7\u00f5es do IEL e Instituto Estrada Real vai capacitar empreendedores de munic\u00edpios com potencial tur\u00edstico na Bacia do Rio Doce\" \/>\n<meta name=\"robots\" content=\"index, follow, max-snippet:-1, max-image-preview:large, max-video-preview:-1\" \/>\n<link rel=\"canonical\" href=\"https:\/\/www.fiemg.com.br\/fiemg\/noticias\/projeto-fomenta-desenvolvimento-da-cadeia-do-turismo-em-mg-e-es\/\" \/>\n<meta property=\"og:locale\" content=\"pt_BR\" \/>\n<meta property=\"og:type\" content=\"article\" \/>\n<meta property=\"og:title\" content=\"Projeto fomenta desenvolvimento da cadeia do turismo em MG e ES - FIEMG\" \/>\n<meta property=\"og:description\" content=\"Conjunto de a\u00e7\u00f5es do IEL e Instituto Estrada Real vai capacitar empreendedores de munic\u00edpios com potencial tur\u00edstico na Bacia do Rio Doce\" \/>\n<meta property=\"og:url\" content=\"https:\/\/www.fiemg.com.br\/fiemg\/noticias\/projeto-fomenta-desenvolvimento-da-cadeia-do-turismo-em-mg-e-es\/\" \/>\n<meta property=\"og:site_name\" content=\"FIEMG\" \/>\n<meta property=\"article:modified_time\" content=\"2024-09-12T17:12:59+00:00\" \/>\n<meta property=\"og:image\" content=\"https:\/\/www.fiemg.com.br\/fiemg\/wp-content\/uploads\/sites\/10\/2023\/08\/default.png\" \/>\n\t<meta property=\"og:image:width\" content=\"300\" \/>\n\t<meta property=\"og:image:height\" content=\"300\" \/>\n\t<meta property=\"og:image:type\" content=\"image\/png\" \/>\n<meta name=\"twitter:card\" content=\"summary_large_image\" \/>\n<meta name=\"twitter:label1\" content=\"Est. tempo de leitura\" \/>\n\t<meta name=\"twitter:data1\" content=\"2 minutos\" \/>\n<script type=\"application\/ld+json\" class=\"yoast-schema-graph\">{\"@context\":\"https:\/\/schema.org\",\"@graph\":[{\"@type\":\"WebPage\",\"@id\":\"https:\/\/www.fiemg.com.br\/fiemg\/noticias\/projeto-fomenta-desenvolvimento-da-cadeia-do-turismo-em-mg-e-es\/\",\"url\":\"https:\/\/www.fiemg.com.br\/fiemg\/noticias\/projeto-fomenta-desenvolvimento-da-cadeia-do-turismo-em-mg-e-es\/\",\"name\":\"Projeto fomenta desenvolvimento da cadeia do turismo em MG e ES - FIEMG\",\"isPartOf\":{\"@id\":\"https:\/\/www.fiemg.com.br\/fiemg\/#website\"},\"primaryImageOfPage\":{\"@id\":\"https:\/\/www.fiemg.com.br\/fiemg\/noticias\/projeto-fomenta-desenvolvimento-da-cadeia-do-turismo-em-mg-e-es\/#primaryimage\"},\"image\":{\"@id\":\"https:\/\/www.fiemg.com.br\/fiemg\/noticias\/projeto-fomenta-desenvolvimento-da-cadeia-do-turismo-em-mg-e-es\/#primaryimage\"},\"thumbnailUrl\":\"https:\/\/www.fiemg.com.br\/fiemg\/wp-content\/uploads\/sites\/10\/2023\/08\/default.png\",\"datePublished\":\"2024-09-11T17:42:25+00:00\",\"dateModified\":\"2024-09-12T17:12:59+00:00\",\"description\":\"Conjunto de a\u00e7\u00f5es do IEL e Instituto Estrada Real vai capacitar empreendedores de munic\u00edpios com potencial tur\u00edstico na Bacia do Rio Doce\",\"breadcrumb\":{\"@id\":\"https:\/\/www.fiemg.com.br\/fiemg\/noticias\/projeto-fomenta-desenvolvimento-da-cadeia-do-turismo-em-mg-e-es\/#breadcrumb\"},\"inLanguage\":\"pt-BR\",\"potentialAction\":[{\"@type\":\"ReadAction\",\"target\":[\"https:\/\/www.fiemg.com.br\/fiemg\/noticias\/projeto-fomenta-desenvolvimento-da-cadeia-do-turismo-em-mg-e-es\/\"]}]},{\"@type\":\"ImageObject\",\"inLanguage\":\"pt-BR\",\"@id\":\"https:\/\/www.fiemg.com.br\/fiemg\/noticias\/projeto-fomenta-desenvolvimento-da-cadeia-do-turismo-em-mg-e-es\/#primaryimage\",\"url\":\"https:\/\/www.fiemg.com.br\/fiemg\/wp-content\/uploads\/sites\/10\/2023\/08\/default.png\",\"contentUrl\":\"https:\/\/www.fiemg.com.br\/fiemg\/wp-content\/uploads\/sites\/10\/2023\/08\/default.png\",\"width\":300,\"height\":300},{\"@type\":\"BreadcrumbList\",\"@id\":\"https:\/\/www.fiemg.com.br\/fiemg\/noticias\/projeto-fomenta-desenvolvimento-da-cadeia-do-turismo-em-mg-e-es\/#breadcrumb\",\"itemListElement\":[{\"@type\":\"ListItem\",\"position\":1,\"name\":\"In\u00edcio\",\"item\":\"https:\/\/www.fiemg.com.br\/fiemg\/\"},{\"@type\":\"ListItem\",\"position\":2,\"name\":\"Projeto fomenta desenvolvimento da cadeia do turismo em MG e ES\"}]},{\"@type\":\"WebSite\",\"@id\":\"https:\/\/www.fiemg.com.br\/fiemg\/#website\",\"url\":\"https:\/\/www.fiemg.com.br\/fiemg\/\",\"name\":\"FIEMG\",\"description\":\"Federa\u00e7\u00e3o das Ind\u00fastrias do Estado de Minas Gerais\",\"publisher\":{\"@id\":\"https:\/\/www.fiemg.com.br\/fiemg\/#organization\"},\"potentialAction\":[{\"@type\":\"SearchAction\",\"target\":{\"@type\":\"EntryPoint\",\"urlTemplate\":\"https:\/\/www.fiemg.com.br\/fiemg\/?s={search_term_string}\"},\"query-input\":{\"@type\":\"PropertyValueSpecification\",\"valueRequired\":true,\"valueName\":\"search_term_string\"}}],\"inLanguage\":\"pt-BR\"},{\"@type\":\"Organization\",\"@id\":\"https:\/\/www.fiemg.com.br\/fiemg\/#organization\",\"name\":\"FIEMG\",\"url\":\"https:\/\/www.fiemg.com.br\/fiemg\/\",\"logo\":{\"@type\":\"ImageObject\",\"inLanguage\":\"pt-BR\",\"@id\":\"https:\/\/www.fiemg.com.br\/fiemg\/#\/schema\/logo\/image\/\",\"url\":\"https:\/\/www.fiemg.com.br\/fiemg\/wp-content\/uploads\/sites\/10\/2023\/02\/fiemg_branco.svg\",\"contentUrl\":\"https:\/\/www.fiemg.com.br\/fiemg\/wp-content\/uploads\/sites\/10\/2023\/02\/fiemg_branco.svg\",\"width\":561,\"height\":147,\"caption\":\"FIEMG\"},\"image\":{\"@id\":\"https:\/\/www.fiemg.com.br\/fiemg\/#\/schema\/logo\/image\/\"}}]}<\/script>\n<!-- \/ Yoast SEO plugin. -->","yoast_head_json":{"title":"Projeto fomenta desenvolvimento da cadeia do turismo em MG e ES - FIEMG","description":"Conjunto de a\u00e7\u00f5es do IEL e Instituto Estrada Real vai capacitar empreendedores de munic\u00edpios com potencial tur\u00edstico na Bacia do Rio Doce","robots":{"index":"index","follow":"follow","max-snippet":"max-snippet:-1","max-image-preview":"max-image-preview:large","max-video-preview":"max-video-preview:-1"},"canonical":"https:\/\/www.fiemg.com.br\/fiemg\/noticias\/projeto-fomenta-desenvolvimento-da-cadeia-do-turismo-em-mg-e-es\/","og_locale":"pt_BR","og_type":"article","og_title":"Projeto fomenta desenvolvimento da cadeia do turismo em MG e ES - FIEMG","og_description":"Conjunto de a\u00e7\u00f5es do IEL e Instituto Estrada Real vai capacitar empreendedores de munic\u00edpios com potencial tur\u00edstico na Bacia do Rio Doce","og_url":"https:\/\/www.fiemg.com.br\/fiemg\/noticias\/projeto-fomenta-desenvolvimento-da-cadeia-do-turismo-em-mg-e-es\/","og_site_name":"FIEMG","article_modified_time":"2024-09-12T17:12:59+00:00","og_image":[{"width":300,"height":300,"url":"https:\/\/www.fiemg.com.br\/fiemg\/wp-content\/uploads\/sites\/10\/2023\/08\/default.png","type":"image\/png"}],"twitter_card":"summary_large_image","twitter_misc":{"Est. tempo de leitura":"2 minutos"},"schema":{"@context":"https:\/\/schema.org","@graph":[{"@type":"WebPage","@id":"https:\/\/www.fiemg.com.br\/fiemg\/noticias\/projeto-fomenta-desenvolvimento-da-cadeia-do-turismo-em-mg-e-es\/","url":"https:\/\/www.fiemg.com.br\/fiemg\/noticias\/projeto-fomenta-desenvolvimento-da-cadeia-do-turismo-em-mg-e-es\/","name":"Projeto fomenta desenvolvimento da cadeia do turismo em MG e ES - FIEMG","isPartOf":{"@id":"https:\/\/www.fiemg.com.br\/fiemg\/#website"},"primaryImageOfPage":{"@id":"https:\/\/www.fiemg.com.br\/fiemg\/noticias\/projeto-fomenta-desenvolvimento-da-cadeia-do-turismo-em-mg-e-es\/#primaryimage"},"image":{"@id":"https:\/\/www.fiemg.com.br\/fiemg\/noticias\/projeto-fomenta-desenvolvimento-da-cadeia-do-turismo-em-mg-e-es\/#primaryimage"},"thumbnailUrl":"https:\/\/www.fiemg.com.br\/fiemg\/wp-content\/uploads\/sites\/10\/2023\/08\/default.png","datePublished":"2024-09-11T17:42:25+00:00","dateModified":"2024-09-12T17:12:59+00:00","description":"Conjunto de a\u00e7\u00f5es do IEL e Instituto Estrada Real vai capacitar empreendedores de munic\u00edpios com potencial tur\u00edstico na Bacia do Rio Doce","breadcrumb":{"@id":"https:\/\/www.fiemg.com.br\/fiemg\/noticias\/projeto-fomenta-desenvolvimento-da-cadeia-do-turismo-em-mg-e-es\/#breadcrumb"},"inLanguage":"pt-BR","potentialAction":[{"@type":"ReadAction","target":["https:\/\/www.fiemg.com.br\/fiemg\/noticias\/projeto-fomenta-desenvolvimento-da-cadeia-do-turismo-em-mg-e-es\/"]}]},{"@type":"ImageObject","inLanguage":"pt-BR","@id":"https:\/\/www.fiemg.com.br\/fiemg\/noticias\/projeto-fomenta-desenvolvimento-da-cadeia-do-turismo-em-mg-e-es\/#primaryimage","url":"https:\/\/www.fiemg.com.br\/fiemg\/wp-content\/uploads\/sites\/10\/2023\/08\/default.png","contentUrl":"https:\/\/www.fiemg.com.br\/fiemg\/wp-content\/uploads\/sites\/10\/2023\/08\/default.png","width":300,"height":300},{"@type":"BreadcrumbList","@id":"https:\/\/www.fiemg.com.br\/fiemg\/noticias\/projeto-fomenta-desenvolvimento-da-cadeia-do-turismo-em-mg-e-es\/#breadcrumb","itemListElement":[{"@type":"ListItem","position":1,"name":"In\u00edcio","item":"https:\/\/www.fiemg.com.br\/fiemg\/"},{"@type":"ListItem","position":2,"name":"Projeto fomenta desenvolvimento da cadeia do turismo em MG e ES"}]},{"@type":"WebSite","@id":"https:\/\/www.fiemg.com.br\/fiemg\/#website","url":"https:\/\/www.fiemg.com.br\/fiemg\/","name":"FIEMG","description":"Federa\u00e7\u00e3o das Ind\u00fastrias do Estado de Minas Gerais","publisher":{"@id":"https:\/\/www.fiemg.com.br\/fiemg\/#organization"},"potentialAction":[{"@type":"SearchAction","target":{"@type":"EntryPoint","urlTemplate":"https:\/\/www.fiemg.com.br\/fiemg\/?s={search_term_string}"},"query-input":{"@type":"PropertyValueSpecification","valueRequired":true,"valueName":"search_term_string"}}],"inLanguage":"pt-BR"},{"@type":"Organization","@id":"https:\/\/www.fiemg.com.br\/fiemg\/#organization","name":"FIEMG","url":"https:\/\/www.fiemg.com.br\/fiemg\/","logo":{"@type":"ImageObject","inLanguage":"pt-BR","@id":"https:\/\/www.fiemg.com.br\/fiemg\/#\/schema\/logo\/image\/","url":"https:\/\/www.fiemg.com.br\/fiemg\/wp-content\/uploads\/sites\/10\/2023\/02\/fiemg_branco.svg","contentUrl":"https:\/\/www.fiemg.com.br\/fiemg\/wp-content\/uploads\/sites\/10\/2023\/02\/fiemg_branco.svg","width":561,"height":147,"caption":"FIEMG"},"image":{"@id":"https:\/\/www.fiemg.com.br\/fiemg\/#\/schema\/logo\/image\/"}}]}},"_links":{"self":[{"href":"https:\/\/www.fiemg.com.br\/fiemg\/wp-json\/wp\/v2\/noticias\/5822","targetHints":{"allow":["GET"]}}],"collection":[{"href":"https:\/\/www.fiemg.com.br\/fiemg\/wp-json\/wp\/v2\/noticias"}],"about":[{"href":"https:\/\/www.fiemg.com.br\/fiemg\/wp-json\/wp\/v2\/types\/noticias"}],"wp:featuredmedia":[{"embeddable":true,"href":"https:\/\/www.fiemg.com.br\/fiemg\/wp-json\/wp\/v2\/media\/2185"}],"wp:attachment":[{"href":"https:\/\/www.fiemg.com.br\/fiemg\/wp-json\/wp\/v2\/media?parent=5822"}],"wp:term":[{"taxonomy":"category","embeddable":true,"href":"https:\/\/www.fiemg.com.br\/fiemg\/wp-json\/wp\/v2\/categories?post=5822"},{"taxonomy":"post_tag","embeddable":true,"href":"https:\/\/www.fiemg.com.br\/fiemg\/wp-json\/wp\/v2\/tags?post=5822"}],"curies":[{"name":"wp","href":"https:\/\/api.w.org\/{rel}","templated":true}]}}