{"id":5867,"date":"2024-09-17T15:33:50","date_gmt":"2024-09-17T18:33:50","guid":{"rendered":"https:\/\/www.fiemg.com.br\/fiemg\/noticias\/equipe-do-senai-mg-conquista-duas-medalhas-na-worldskills-2024-em-lyon\/"},"modified":"2024-09-18T15:16:44","modified_gmt":"2024-09-18T18:16:44","slug":"equipe-do-senai-mg-conquista-duas-medalhas-na-worldskills-2024-em-lyon","status":"publish","type":"noticias","link":"https:\/\/www.fiemg.com.br\/fiemg\/noticias\/equipe-do-senai-mg-conquista-duas-medalhas-na-worldskills-2024-em-lyon\/","title":{"rendered":"Equipe do SENAI-MG conquista duas medalhas na WorldSkills 2024, em Lyon"},"content":{"rendered":"\n<p><\/p>\n\n\n\n<p>A equipe do Servi\u00e7o Nacional de Aprendizagem Industrial de Minas Gerais (SENAI-MG) conquistou duas medalhas na WorldSkills 2024, a maior competi\u00e7\u00e3o de educa\u00e7\u00e3o profissional do mundo, que aconteceu entre 10 e 15 de setembro, em Lyon, na Fran\u00e7a. Ao todo foram 13 ex-alunos, trainees e assistentes do SENAI-MG que participaram da competi\u00e7\u00e3o em 11 ocupa\u00e7\u00f5es, conquistando uma medalha de prata e outra de bronze.&nbsp;<\/p>\n\n\n\n<p>Victor Rodrigo de Freitas Ferreira, ex-aluno da unidade do SENAI em Visconde do Rio Branco, conquistou a medalha de prata na ocupa\u00e7\u00e3o #59 Tecnologia em Design Industrial. \u201cFoi dif\u00edcil demais, nunca pensei que pudesse vencer os asi\u00e1ticos. Tem oito anos que comecei na Olimp\u00edada, passei por v\u00e1rias \u00e1reas diferentes e, para mim, era um sonho estar aqui. E hoje poder estar pegando a medalha de prata aqui na WorldSkills \u00e9 gratificante demais\u201d, disse.&nbsp;<\/p>\n\n\n\n<p>\u201cEu nunca vou esquecer dessa experi\u00eancia que eu tive, essa troca de conhecimentos, essa exibi\u00e7\u00e3o das maiores habilidades do mundo. E tudo isso eu devo ao meu primeiro curso, que fiz no SENAI-MG\u201d, completou Victor, que cursou Aprendizagem em Manuten\u00e7\u00e3o Mec\u00e2nica Industrial e, posteriormente fez o T\u00e9cnico em Eletromec\u00e2nica.<\/p>\n\n\n\n<figure class=\"wp-block-image alignleft size-large is-resized\"><img fetchpriority=\"high\" decoding=\"async\" width=\"1024\" height=\"682\" src=\"https:\/\/www.fiemg.com.br\/fiemg\/wp-content\/uploads\/sites\/10\/2024\/09\/WorldSkills-bronze-1024x682.jpeg\" alt=\"Jo\u00e3o Luiz Diniz Carvalho conquistou a medalha de bronze na modalidade #01 Mec\u00e2nica Industrial\" class=\"wp-image-5869\" style=\"width:666px;height:auto\" srcset=\"https:\/\/www.fiemg.com.br\/fiemg\/wp-content\/uploads\/sites\/10\/2024\/09\/WorldSkills-bronze-1024x682.jpeg 1024w, https:\/\/www.fiemg.com.br\/fiemg\/wp-content\/uploads\/sites\/10\/2024\/09\/WorldSkills-bronze-300x200.jpeg 300w, https:\/\/www.fiemg.com.br\/fiemg\/wp-content\/uploads\/sites\/10\/2024\/09\/WorldSkills-bronze-768x512.jpeg 768w, https:\/\/www.fiemg.com.br\/fiemg\/wp-content\/uploads\/sites\/10\/2024\/09\/WorldSkills-bronze.jpeg 1280w\" sizes=\"(max-width: 1024px) 100vw, 1024px\" \/><figcaption class=\"wp-element-caption\">Jo\u00e3o Luiz Diniz Carvalho conquistou a medalha de bronze na modalidade #01 Mec\u00e2nica Industrial<\/figcaption><\/figure>\n\n\n\n<p>J\u00e1 Jo\u00e3o Luiz Diniz Carvalho, ex-aluno da unidade do SENAI Euvaldo Lodi, em Contagem, conquistou a medalha de bronze na modalidade #01 Mec\u00e2nica Industrial. \u201cEstar aqui depois de longos seis anos e de uma jornada que a gente sempre sonhou, sempre acreditou, ter participado de tr\u00eas nacionais e ter tido a oportunidade de estar aqui \u00e9 sem palavras, sem explica\u00e7\u00e3o. Eu era moleque l\u00e1 na escola, tinha acabado de chegar e n\u00e3o sabia o que era mexer numa m\u00e1quina, e hoje estou aqui, medalha no peito\u201d, disse. E completou: \u201cEstou muito feliz com o resultado, independente da cor da medalha, porque s\u00f3 quem sabe tudo que eu passei sabe o valor e o peso da medalha que est\u00e1 pendurada no meu pesco\u00e7o. E eu sou muito grato a todos que me ajudaram a trilhar esse caminho\u201d.<\/p>\n\n\n\n<p>Al\u00e9m dos jovens que subiram ao p\u00f3dio, outros 6 mineiros conquistaram medalhas de excel\u00eancia, ao se destacarem na competi\u00e7\u00e3o em sua modalidade. Foram eles: Matheus Palha De Barros, na ocupa\u00e7\u00e3o #57 Manufatura Aditiva; Vit\u00f3ria Fernanda de Jesus Nesio e Walace Felipe de Almeida Oliveira (MG), na ocupa\u00e7\u00e3o #63 Integra\u00e7\u00e3o de Sistemas Rob\u00f3ticos; Let\u00edcia Possid\u00f4nea Eliezer, na ocupa\u00e7\u00e3o #31 Tecnologia da Moda; Darli Felipe Alves Amaral , na ocupa\u00e7\u00e3o #12 Aplica\u00e7\u00e3o de Revestimentos Cer\u00e2micos; e Bruno Ferreira de Almeida, na ocupa\u00e7\u00e3o #25 Marcenaria de Estruturas.<\/p>\n\n\n\n<p>Foi uma participa\u00e7\u00e3o inesquec\u00edvel e o Brasil, mais uma vez, representou muito bem todo nosso trabalho e a nossa educa\u00e7\u00e3o profissionalizante. Ficamos em segundo lugar na escala de pontos e a gente sobe uma coloca\u00e7\u00e3o pois, desde 2019, estamos em terceiro. Isso mostra que estamos sim muito bem preparados para essas competi\u00e7\u00f5es. E em rela\u00e7\u00e3o aos competidores mineiros, a gente entende que foi um \u00f3timo resultado porque de 11 ocupa\u00e7\u00f5es, n\u00f3s trouxemos medalhas em sete delas, sendo uma de prata, uma de bronze e cinco medalhas de excel\u00eancia&#8221;, destacou o coordenador do projeto WorldSkills em Minas Gerais e <em>team leader<\/em> da equipe brasileira em Lyon, Flaudil\u00eanio Eduardo Lima.<\/p>\n\n\n\n<figure class=\"wp-block-image alignright size-large is-resized\"><img decoding=\"async\" width=\"1024\" height=\"576\" src=\"https:\/\/www.fiemg.com.br\/fiemg\/wp-content\/uploads\/sites\/10\/2024\/09\/WhatsApp-Image-2024-09-16-at-17.07.41-1024x576.jpeg\" alt=\"\" class=\"wp-image-5868\" style=\"width:668px;height:auto\" srcset=\"https:\/\/www.fiemg.com.br\/fiemg\/wp-content\/uploads\/sites\/10\/2024\/09\/WhatsApp-Image-2024-09-16-at-17.07.41-1024x576.jpeg 1024w, https:\/\/www.fiemg.com.br\/fiemg\/wp-content\/uploads\/sites\/10\/2024\/09\/WhatsApp-Image-2024-09-16-at-17.07.41-300x169.jpeg 300w, https:\/\/www.fiemg.com.br\/fiemg\/wp-content\/uploads\/sites\/10\/2024\/09\/WhatsApp-Image-2024-09-16-at-17.07.41-768x432.jpeg 768w, https:\/\/www.fiemg.com.br\/fiemg\/wp-content\/uploads\/sites\/10\/2024\/09\/WhatsApp-Image-2024-09-16-at-17.07.41.jpeg 1280w\" sizes=\"(max-width: 1024px) 100vw, 1024px\" \/><figcaption class=\"wp-element-caption\">Presidente da FIEMG, Fl\u00e1vio Roscoe, ao lado dos representantes da delega\u00e7\u00e3o mineira na 47\u00aa WorldSkills, em Lyon, na Fran\u00e7a<\/figcaption><\/figure>\n\n\n\n<p>O presidente da FIEMG, Fl\u00e1vio Roscoe, participou da 47\u00aa WorldSkills juntamente com a equipe mineira e discursou na reuni\u00e3o de encerramento do evento representando o presidente da Confedera\u00e7\u00e3o Nacional da Ind\u00fastria (CNI), Ricardo Alban.<\/p>\n\n\n\n<p><strong>Brasil<\/strong><\/p>\n\n\n\n<p>O Brasil encerrou sua participa\u00e7\u00e3o na 47\u00aa WorldSkills com oito medalhas, sendo uma de ouro, quatro de prata e tr\u00eas de bronze, al\u00e9m de 27 medalhas de excel\u00eancia, que reconhecem o desempenho acima da m\u00e9dia. O pa\u00eds terminou na segunda coloca\u00e7\u00e3o no ranking de soma de pontos, atr\u00e1s da China.&nbsp;<\/p>\n\n\n\n<p>A competi\u00e7\u00e3o, realizada a cada dois anos em uma cidade sede diferente, contou com a participa\u00e7\u00e3o de 1.400 competidores de 69 pa\u00edses. A delega\u00e7\u00e3o brasileira foi formada por 64 alunos e ex-alunos do SENAI e do Servi\u00e7o Nacional de Aprendizagem Comercial (SENAC), disputou 56 das 59 modalidades do torneio \u2013 algumas s\u00e3o em dupla ou trio.&nbsp;<\/p>\n\n\n\n<p>A WorldSkills, maior competi\u00e7\u00e3o mundial de profiss\u00f5es t\u00e9cnicas, testa habilidades individuais e coletivas de jovens de at\u00e9 25 anos rec\u00e9m-formados ou que est\u00e3o cursando a educa\u00e7\u00e3o profissional. Durante as provas, eles realizam uma s\u00e9rie de tarefas de alto n\u00edvel t\u00e9cnico e dentro de padr\u00f5es internacionais de qualidade.&nbsp;&nbsp;<\/p>\n\n\n\n<p>Criado em 1950, o torneio \u00e9 uma oportunidade de os pa\u00edses prepararem as institui\u00e7\u00f5es de ensino e a for\u00e7a de trabalho para as novas tecnologias do mundo do trabalho, j\u00e1 que as ocupa\u00e7\u00f5es e as provas da competi\u00e7\u00e3o s\u00e3o regularmente atualizadas.&nbsp;&nbsp;<\/p>\n\n\n\n<p><em>Tha\u00eds Mota, com informa\u00e7\u00f5es da Ag\u00eancia CNI<\/em><br><strong>Imprensa FIEMG<\/strong><\/p>\n","protected":false},"featured_media":5870,"template":"","categories":[16],"tags":[981,498,100,982,280],"class_list":["post-5867","noticias","type-noticias","status-publish","has-post-thumbnail","hentry","category-educacao","tag-delegacao-mineira","tag-medalha","tag-senai","tag-senai-mg-2","tag-worldskills"],"acf":[],"yoast_head":"<!-- This site is optimized with the Yoast SEO plugin v26.2 - https:\/\/yoast.com\/wordpress\/plugins\/seo\/ -->\n<title>Equipe do SENAI-MG conquista duas medalhas na WorldSkills 2024, em Lyon - FIEMG<\/title>\n<meta name=\"description\" content=\"Victor Rodrigo de Freitas Ferreira conquistou medalha de prata em Tecnologia em Design Industrial e Jo\u00e3o Luiz Diniz Carvalho foi medalha de bronze em Mec\u00e2nica Industrial\" \/>\n<meta name=\"robots\" content=\"index, follow, max-snippet:-1, max-image-preview:large, max-video-preview:-1\" \/>\n<link rel=\"canonical\" href=\"https:\/\/www.fiemg.com.br\/fiemg\/noticias\/equipe-do-senai-mg-conquista-duas-medalhas-na-worldskills-2024-em-lyon\/\" \/>\n<meta property=\"og:locale\" content=\"pt_BR\" \/>\n<meta property=\"og:type\" content=\"article\" \/>\n<meta property=\"og:title\" content=\"Equipe do SENAI-MG conquista duas medalhas na WorldSkills 2024, em Lyon - FIEMG\" \/>\n<meta property=\"og:description\" content=\"Victor Rodrigo de Freitas Ferreira conquistou medalha de prata em Tecnologia em Design Industrial e Jo\u00e3o Luiz Diniz Carvalho foi medalha de bronze em Mec\u00e2nica Industrial\" \/>\n<meta property=\"og:url\" content=\"https:\/\/www.fiemg.com.br\/fiemg\/noticias\/equipe-do-senai-mg-conquista-duas-medalhas-na-worldskills-2024-em-lyon\/\" \/>\n<meta property=\"og:site_name\" content=\"FIEMG\" \/>\n<meta property=\"article:modified_time\" content=\"2024-09-18T18:16:44+00:00\" \/>\n<meta property=\"og:image\" content=\"https:\/\/www.fiemg.com.br\/fiemg\/wp-content\/uploads\/sites\/10\/2024\/09\/World-Skills-1.jpg\" \/>\n\t<meta property=\"og:image:width\" content=\"1080\" \/>\n\t<meta property=\"og:image:height\" content=\"418\" \/>\n\t<meta property=\"og:image:type\" content=\"image\/jpeg\" \/>\n<meta name=\"twitter:card\" content=\"summary_large_image\" \/>\n<meta name=\"twitter:label1\" content=\"Est. tempo de leitura\" \/>\n\t<meta name=\"twitter:data1\" content=\"5 minutos\" \/>\n<script type=\"application\/ld+json\" class=\"yoast-schema-graph\">{\"@context\":\"https:\/\/schema.org\",\"@graph\":[{\"@type\":\"WebPage\",\"@id\":\"https:\/\/www.fiemg.com.br\/fiemg\/noticias\/equipe-do-senai-mg-conquista-duas-medalhas-na-worldskills-2024-em-lyon\/\",\"url\":\"https:\/\/www.fiemg.com.br\/fiemg\/noticias\/equipe-do-senai-mg-conquista-duas-medalhas-na-worldskills-2024-em-lyon\/\",\"name\":\"Equipe do SENAI-MG conquista duas medalhas na WorldSkills 2024, em Lyon - FIEMG\",\"isPartOf\":{\"@id\":\"https:\/\/www.fiemg.com.br\/fiemg\/#website\"},\"primaryImageOfPage\":{\"@id\":\"https:\/\/www.fiemg.com.br\/fiemg\/noticias\/equipe-do-senai-mg-conquista-duas-medalhas-na-worldskills-2024-em-lyon\/#primaryimage\"},\"image\":{\"@id\":\"https:\/\/www.fiemg.com.br\/fiemg\/noticias\/equipe-do-senai-mg-conquista-duas-medalhas-na-worldskills-2024-em-lyon\/#primaryimage\"},\"thumbnailUrl\":\"https:\/\/www.fiemg.com.br\/fiemg\/wp-content\/uploads\/sites\/10\/2024\/09\/World-Skills-1.jpg\",\"datePublished\":\"2024-09-17T18:33:50+00:00\",\"dateModified\":\"2024-09-18T18:16:44+00:00\",\"description\":\"Victor Rodrigo de Freitas Ferreira conquistou medalha de prata em Tecnologia em Design Industrial e Jo\u00e3o Luiz Diniz Carvalho foi medalha de bronze em Mec\u00e2nica Industrial\",\"breadcrumb\":{\"@id\":\"https:\/\/www.fiemg.com.br\/fiemg\/noticias\/equipe-do-senai-mg-conquista-duas-medalhas-na-worldskills-2024-em-lyon\/#breadcrumb\"},\"inLanguage\":\"pt-BR\",\"potentialAction\":[{\"@type\":\"ReadAction\",\"target\":[\"https:\/\/www.fiemg.com.br\/fiemg\/noticias\/equipe-do-senai-mg-conquista-duas-medalhas-na-worldskills-2024-em-lyon\/\"]}]},{\"@type\":\"ImageObject\",\"inLanguage\":\"pt-BR\",\"@id\":\"https:\/\/www.fiemg.com.br\/fiemg\/noticias\/equipe-do-senai-mg-conquista-duas-medalhas-na-worldskills-2024-em-lyon\/#primaryimage\",\"url\":\"https:\/\/www.fiemg.com.br\/fiemg\/wp-content\/uploads\/sites\/10\/2024\/09\/World-Skills-1.jpg\",\"contentUrl\":\"https:\/\/www.fiemg.com.br\/fiemg\/wp-content\/uploads\/sites\/10\/2024\/09\/World-Skills-1.jpg\",\"width\":1080,\"height\":418,\"caption\":\"Victor Rodrigo de Freitas Ferreira, ex-aluno da unidade do SENAI em Visconde do Rio Branco, conquistou a medalha de prata na ocupa\u00e7\u00e3o #59 Tecnologia em Design Industrial\"},{\"@type\":\"BreadcrumbList\",\"@id\":\"https:\/\/www.fiemg.com.br\/fiemg\/noticias\/equipe-do-senai-mg-conquista-duas-medalhas-na-worldskills-2024-em-lyon\/#breadcrumb\",\"itemListElement\":[{\"@type\":\"ListItem\",\"position\":1,\"name\":\"In\u00edcio\",\"item\":\"https:\/\/www.fiemg.com.br\/fiemg\/\"},{\"@type\":\"ListItem\",\"position\":2,\"name\":\"Equipe do SENAI-MG conquista duas medalhas na WorldSkills 2024, em Lyon\"}]},{\"@type\":\"WebSite\",\"@id\":\"https:\/\/www.fiemg.com.br\/fiemg\/#website\",\"url\":\"https:\/\/www.fiemg.com.br\/fiemg\/\",\"name\":\"FIEMG\",\"description\":\"Federa\u00e7\u00e3o das Ind\u00fastrias do Estado de Minas Gerais\",\"publisher\":{\"@id\":\"https:\/\/www.fiemg.com.br\/fiemg\/#organization\"},\"potentialAction\":[{\"@type\":\"SearchAction\",\"target\":{\"@type\":\"EntryPoint\",\"urlTemplate\":\"https:\/\/www.fiemg.com.br\/fiemg\/?s={search_term_string}\"},\"query-input\":{\"@type\":\"PropertyValueSpecification\",\"valueRequired\":true,\"valueName\":\"search_term_string\"}}],\"inLanguage\":\"pt-BR\"},{\"@type\":\"Organization\",\"@id\":\"https:\/\/www.fiemg.com.br\/fiemg\/#organization\",\"name\":\"FIEMG\",\"url\":\"https:\/\/www.fiemg.com.br\/fiemg\/\",\"logo\":{\"@type\":\"ImageObject\",\"inLanguage\":\"pt-BR\",\"@id\":\"https:\/\/www.fiemg.com.br\/fiemg\/#\/schema\/logo\/image\/\",\"url\":\"https:\/\/www.fiemg.com.br\/fiemg\/wp-content\/uploads\/sites\/10\/2023\/02\/fiemg_branco.svg\",\"contentUrl\":\"https:\/\/www.fiemg.com.br\/fiemg\/wp-content\/uploads\/sites\/10\/2023\/02\/fiemg_branco.svg\",\"width\":561,\"height\":147,\"caption\":\"FIEMG\"},\"image\":{\"@id\":\"https:\/\/www.fiemg.com.br\/fiemg\/#\/schema\/logo\/image\/\"}}]}<\/script>\n<!-- \/ Yoast SEO plugin. -->","yoast_head_json":{"title":"Equipe do SENAI-MG conquista duas medalhas na WorldSkills 2024, em Lyon - FIEMG","description":"Victor Rodrigo de Freitas Ferreira conquistou medalha de prata em Tecnologia em Design Industrial e Jo\u00e3o Luiz Diniz Carvalho foi medalha de bronze em Mec\u00e2nica Industrial","robots":{"index":"index","follow":"follow","max-snippet":"max-snippet:-1","max-image-preview":"max-image-preview:large","max-video-preview":"max-video-preview:-1"},"canonical":"https:\/\/www.fiemg.com.br\/fiemg\/noticias\/equipe-do-senai-mg-conquista-duas-medalhas-na-worldskills-2024-em-lyon\/","og_locale":"pt_BR","og_type":"article","og_title":"Equipe do SENAI-MG conquista duas medalhas na WorldSkills 2024, em Lyon - FIEMG","og_description":"Victor Rodrigo de Freitas Ferreira conquistou medalha de prata em Tecnologia em Design Industrial e Jo\u00e3o Luiz Diniz Carvalho foi medalha de bronze em Mec\u00e2nica Industrial","og_url":"https:\/\/www.fiemg.com.br\/fiemg\/noticias\/equipe-do-senai-mg-conquista-duas-medalhas-na-worldskills-2024-em-lyon\/","og_site_name":"FIEMG","article_modified_time":"2024-09-18T18:16:44+00:00","og_image":[{"width":1080,"height":418,"url":"https:\/\/www.fiemg.com.br\/fiemg\/wp-content\/uploads\/sites\/10\/2024\/09\/World-Skills-1.jpg","type":"image\/jpeg"}],"twitter_card":"summary_large_image","twitter_misc":{"Est. tempo de leitura":"5 minutos"},"schema":{"@context":"https:\/\/schema.org","@graph":[{"@type":"WebPage","@id":"https:\/\/www.fiemg.com.br\/fiemg\/noticias\/equipe-do-senai-mg-conquista-duas-medalhas-na-worldskills-2024-em-lyon\/","url":"https:\/\/www.fiemg.com.br\/fiemg\/noticias\/equipe-do-senai-mg-conquista-duas-medalhas-na-worldskills-2024-em-lyon\/","name":"Equipe do SENAI-MG conquista duas medalhas na WorldSkills 2024, em Lyon - FIEMG","isPartOf":{"@id":"https:\/\/www.fiemg.com.br\/fiemg\/#website"},"primaryImageOfPage":{"@id":"https:\/\/www.fiemg.com.br\/fiemg\/noticias\/equipe-do-senai-mg-conquista-duas-medalhas-na-worldskills-2024-em-lyon\/#primaryimage"},"image":{"@id":"https:\/\/www.fiemg.com.br\/fiemg\/noticias\/equipe-do-senai-mg-conquista-duas-medalhas-na-worldskills-2024-em-lyon\/#primaryimage"},"thumbnailUrl":"https:\/\/www.fiemg.com.br\/fiemg\/wp-content\/uploads\/sites\/10\/2024\/09\/World-Skills-1.jpg","datePublished":"2024-09-17T18:33:50+00:00","dateModified":"2024-09-18T18:16:44+00:00","description":"Victor Rodrigo de Freitas Ferreira conquistou medalha de prata em Tecnologia em Design Industrial e Jo\u00e3o Luiz Diniz Carvalho foi medalha de bronze em Mec\u00e2nica Industrial","breadcrumb":{"@id":"https:\/\/www.fiemg.com.br\/fiemg\/noticias\/equipe-do-senai-mg-conquista-duas-medalhas-na-worldskills-2024-em-lyon\/#breadcrumb"},"inLanguage":"pt-BR","potentialAction":[{"@type":"ReadAction","target":["https:\/\/www.fiemg.com.br\/fiemg\/noticias\/equipe-do-senai-mg-conquista-duas-medalhas-na-worldskills-2024-em-lyon\/"]}]},{"@type":"ImageObject","inLanguage":"pt-BR","@id":"https:\/\/www.fiemg.com.br\/fiemg\/noticias\/equipe-do-senai-mg-conquista-duas-medalhas-na-worldskills-2024-em-lyon\/#primaryimage","url":"https:\/\/www.fiemg.com.br\/fiemg\/wp-content\/uploads\/sites\/10\/2024\/09\/World-Skills-1.jpg","contentUrl":"https:\/\/www.fiemg.com.br\/fiemg\/wp-content\/uploads\/sites\/10\/2024\/09\/World-Skills-1.jpg","width":1080,"height":418,"caption":"Victor Rodrigo de Freitas Ferreira, ex-aluno da unidade do SENAI em Visconde do Rio Branco, conquistou a medalha de prata na ocupa\u00e7\u00e3o #59 Tecnologia em Design Industrial"},{"@type":"BreadcrumbList","@id":"https:\/\/www.fiemg.com.br\/fiemg\/noticias\/equipe-do-senai-mg-conquista-duas-medalhas-na-worldskills-2024-em-lyon\/#breadcrumb","itemListElement":[{"@type":"ListItem","position":1,"name":"In\u00edcio","item":"https:\/\/www.fiemg.com.br\/fiemg\/"},{"@type":"ListItem","position":2,"name":"Equipe do SENAI-MG conquista duas medalhas na WorldSkills 2024, em Lyon"}]},{"@type":"WebSite","@id":"https:\/\/www.fiemg.com.br\/fiemg\/#website","url":"https:\/\/www.fiemg.com.br\/fiemg\/","name":"FIEMG","description":"Federa\u00e7\u00e3o das Ind\u00fastrias do Estado de Minas Gerais","publisher":{"@id":"https:\/\/www.fiemg.com.br\/fiemg\/#organization"},"potentialAction":[{"@type":"SearchAction","target":{"@type":"EntryPoint","urlTemplate":"https:\/\/www.fiemg.com.br\/fiemg\/?s={search_term_string}"},"query-input":{"@type":"PropertyValueSpecification","valueRequired":true,"valueName":"search_term_string"}}],"inLanguage":"pt-BR"},{"@type":"Organization","@id":"https:\/\/www.fiemg.com.br\/fiemg\/#organization","name":"FIEMG","url":"https:\/\/www.fiemg.com.br\/fiemg\/","logo":{"@type":"ImageObject","inLanguage":"pt-BR","@id":"https:\/\/www.fiemg.com.br\/fiemg\/#\/schema\/logo\/image\/","url":"https:\/\/www.fiemg.com.br\/fiemg\/wp-content\/uploads\/sites\/10\/2023\/02\/fiemg_branco.svg","contentUrl":"https:\/\/www.fiemg.com.br\/fiemg\/wp-content\/uploads\/sites\/10\/2023\/02\/fiemg_branco.svg","width":561,"height":147,"caption":"FIEMG"},"image":{"@id":"https:\/\/www.fiemg.com.br\/fiemg\/#\/schema\/logo\/image\/"}}]}},"_links":{"self":[{"href":"https:\/\/www.fiemg.com.br\/fiemg\/wp-json\/wp\/v2\/noticias\/5867","targetHints":{"allow":["GET"]}}],"collection":[{"href":"https:\/\/www.fiemg.com.br\/fiemg\/wp-json\/wp\/v2\/noticias"}],"about":[{"href":"https:\/\/www.fiemg.com.br\/fiemg\/wp-json\/wp\/v2\/types\/noticias"}],"wp:featuredmedia":[{"embeddable":true,"href":"https:\/\/www.fiemg.com.br\/fiemg\/wp-json\/wp\/v2\/media\/5870"}],"wp:attachment":[{"href":"https:\/\/www.fiemg.com.br\/fiemg\/wp-json\/wp\/v2\/media?parent=5867"}],"wp:term":[{"taxonomy":"category","embeddable":true,"href":"https:\/\/www.fiemg.com.br\/fiemg\/wp-json\/wp\/v2\/categories?post=5867"},{"taxonomy":"post_tag","embeddable":true,"href":"https:\/\/www.fiemg.com.br\/fiemg\/wp-json\/wp\/v2\/tags?post=5867"}],"curies":[{"name":"wp","href":"https:\/\/api.w.org\/{rel}","templated":true}]}}