{"id":5997,"date":"2024-10-02T19:18:51","date_gmt":"2024-10-02T22:18:51","guid":{"rendered":"https:\/\/www.fiemg.com.br\/fiemg\/noticias\/nova-geracao-de-trabalhadores-impoe-desafios-na-qualificacao-profissional-para-industria\/"},"modified":"2024-10-02T21:49:01","modified_gmt":"2024-10-03T00:49:01","slug":"nova-geracao-de-trabalhadores-impoe-desafios-na-qualificacao-profissional-para-industria","status":"publish","type":"noticias","link":"https:\/\/www.fiemg.com.br\/fiemg\/noticias\/nova-geracao-de-trabalhadores-impoe-desafios-na-qualificacao-profissional-para-industria\/","title":{"rendered":"Nova gera\u00e7\u00e3o de trabalhadores imp\u00f5e desafios na qualifica\u00e7\u00e3o profissional para ind\u00fastria"},"content":{"rendered":"\n<p>A retomada do desenvolvimento industrial brasileiro envolve diretamente a qualifica\u00e7\u00e3o de m\u00e3o de obra, as novas gera\u00e7\u00f5es de trabalhadores e tecnologias. A opini\u00e3o \u00e9 do ministro interino do Trabalho e do Emprego, Francisco Macena, e do presidente da FIEMG, Fl\u00e1vio Roscoe, que participaram do painel \u201cNova Ind\u00fastria Brasil e os impactos nas rela\u00e7\u00f5es de trabalho\u201d, realizado nesta quarta-feira (2\/10), no Imers\u00e3o Ind\u00fastria, em Belo Horizonte.&nbsp;<\/p>\n\n\n\n<p>No in\u00edcio do debate e para contextualiz\u00e1-lo, Roscoe destacou a import\u00e2ncia do F\u00f3rum Estadual Emprego e Renda da Federa\u00e7\u00e3o, criado em 2022, para discutir temas importantes que afetam a ind\u00fastria, os trabalhadores e, por consequ\u00eancia, a sociedade. \u201cUma das quest\u00f5es levadas \u00e0 reflex\u00e3o no F\u00f3rum trata justamente da nova ind\u00fastria brasileira, com os seus avan\u00e7os tecnol\u00f3gicos, novas demandas da sociedade e os reflexos na rela\u00e7\u00e3o trabalhista\u201d.<\/p>\n\n\n\n<p>Fl\u00e1vio Roscoe citou ainda tr\u00eas desafios que ele considera cruciais e envolvem esfor\u00e7os conjuntos do poder p\u00fablico, da sociedade e dos trabalhadores para super\u00e1-los. Segundo ele, atualmente, uma reclama\u00e7\u00e3o comum dos empres\u00e1rios \u00e9 a dificuldade de contratar m\u00e3o de obra qualificada para determinados setores e a comunica\u00e7\u00e3o com as gera\u00e7\u00f5es mais novas de trabalhadores, sobretudo as que est\u00e3o abaixo dos 40 anos, para compreender os anseios desse p\u00fablico no universo trabalhista. O segundo ponto \u00e9 a valoriza\u00e7\u00e3o da atividade industrial no pa\u00eds e o terceiro, o equil\u00edbrio para que programas sociais sejam conciliados com o trabalho.<\/p>\n\n\n\n<p>No in\u00edcio da sua fala, o ministro Francisco Macena elogiou a iniciativa da FIEMG de formar o F\u00f3rum com a finalidade de ouvir diferentes vozes e encontrar solu\u00e7\u00f5es diante de problemas que afetam os trabalhadores e o setor produtivo. Em seguida, o ministro interino falou sobre a gera\u00e7\u00e3o de emprego no pa\u00eds de janeiro a agosto de 2024. Nesse per\u00edodo, a ind\u00fastria foi respons\u00e1vel por criar 343.924 mil postos com carteira assinada, conforme o Cdastro Geral de Empregados e Desempregados (Caged).<\/p>\n\n\n\n<p>Esses n\u00fameros balizaram o ministro na afirmativa sobre a relev\u00e2ncia da retomada do desenvolvimento do setor produtivo no pa\u00eds. Segundo ele, a nova industrializa\u00e7\u00e3o tem como miss\u00e3o fomentar as cadeias agroindustriais, infraestrutura, transforma\u00e7\u00e3o digital, transi\u00e7\u00e3o energ\u00e9tica, visando gerar empregos de alta qualidade e de maior renda.&nbsp;<\/p>\n\n\n\n<p>Na outra ponta, o chefe interino da pasta falou dos desafios que a nova ind\u00fastria imp\u00f5e ao governo. Entre eles, est\u00e3o qualifica\u00e7\u00e3o profissional de acordo com as voca\u00e7\u00f5es, observa\u00e7\u00e3o conjunta do novo mundo do trabalho, inova\u00e7\u00e3o e produ\u00e7\u00e3o de tecnologias, atra\u00e7\u00e3o de jovens para o novo mundo do trabalho e integra\u00e7\u00e3o de sistemas p\u00fablicos e privados.<\/p>\n\n\n\n<p>\u201c\u00c9 preciso preparar o mercado de trabalho para lidar com essa nova realidade e discutir uma estrat\u00e9gia de qualifica\u00e7\u00e3o profissional e empregabilidade numa rela\u00e7\u00e3o tripartite com trabalhadores, empresas e governos, fazendo um diagn\u00f3stico preciso para atuar\u201d, observou.&nbsp;<\/p>\n\n\n\n<p>Na sequ\u00eancia, houve outro painel que debateu a import\u00e2ncia da valoriza\u00e7\u00e3o do trabalho numa sociedade complexa, multifacetada e marcada pelo avan\u00e7o das tecnologias. Participaram o superintendente Regional do Trabalho em Minas Gerais, Carlos Calazans, e o fundador e CEO da Ind\u00fastria de M\u00f3veis Infantis Carolina Baby, \u00c1ureo Cal\u00e7ado Barbosa.<br><br>O Imers\u00e3o Ind\u00fastria \u00e9 realizado pela FIEMG, SESI e SENAI, com patroc\u00ednio m\u00e1ster da ArcelorMittal, Codemge, CNI e Vale; apoio m\u00e1ster do SEBRAE; patroc\u00ednio ouro da Herculano Minera\u00e7\u00e3o, Gerdau, Eletrobras, Schneider Eletric; patroc\u00ednio prata do Sicoob Credfiemg, Copasa, CBMM, Souza Cruz\/BAT Brasil, USIMINAS e Nanum Nanotecnologia; e apoio do BDMG, Localiza, Bemisa, Sambatec, FAEMG e Fecom\u00e9rcio.<br><br><em>Rafael Passos<br><\/em><strong>Imprensa FIEMG<\/strong><\/p>\n","protected":false},"featured_media":5998,"template":"","categories":[15],"tags":[997,150,566,1010,1011],"class_list":["post-5997","noticias","type-noticias","status-publish","has-post-thumbnail","hentry","category-desenvolvimento-industrial","tag-desafios","tag-imersao-industria","tag-mercado-de-trabalho","tag-nova-industria","tag-tecnologias"],"acf":[],"yoast_head":"<!-- This site is optimized with the Yoast SEO plugin v26.2 - https:\/\/yoast.com\/wordpress\/plugins\/seo\/ -->\n<title>Nova gera\u00e7\u00e3o de trabalhadores imp\u00f5e desafios na qualifica\u00e7\u00e3o profissional para ind\u00fastria - FIEMG<\/title>\n<meta name=\"description\" content=\"Tema foi debatido por ministro interino do Trabalho e Emprego e pelo presidente da FIEMG, Fl\u00e1vio Roscoe, em painel no Imers\u00e3o Ind\u00fastria\" \/>\n<meta name=\"robots\" content=\"index, follow, max-snippet:-1, max-image-preview:large, max-video-preview:-1\" \/>\n<link rel=\"canonical\" href=\"https:\/\/www.fiemg.com.br\/fiemg\/noticias\/nova-geracao-de-trabalhadores-impoe-desafios-na-qualificacao-profissional-para-industria\/\" \/>\n<meta property=\"og:locale\" content=\"pt_BR\" \/>\n<meta property=\"og:type\" content=\"article\" \/>\n<meta property=\"og:title\" content=\"Nova gera\u00e7\u00e3o de trabalhadores imp\u00f5e desafios na qualifica\u00e7\u00e3o profissional para ind\u00fastria - FIEMG\" \/>\n<meta property=\"og:description\" content=\"Tema foi debatido por ministro interino do Trabalho e Emprego e pelo presidente da FIEMG, Fl\u00e1vio Roscoe, em painel no Imers\u00e3o Ind\u00fastria\" \/>\n<meta property=\"og:url\" content=\"https:\/\/www.fiemg.com.br\/fiemg\/noticias\/nova-geracao-de-trabalhadores-impoe-desafios-na-qualificacao-profissional-para-industria\/\" \/>\n<meta property=\"og:site_name\" content=\"FIEMG\" \/>\n<meta property=\"article:modified_time\" content=\"2024-10-03T00:49:01+00:00\" \/>\n<meta property=\"og:image\" content=\"https:\/\/www.fiemg.com.br\/fiemg\/wp-content\/uploads\/sites\/10\/2023\/08\/default.png\" \/>\n\t<meta property=\"og:image:width\" content=\"300\" \/>\n\t<meta property=\"og:image:height\" content=\"300\" \/>\n\t<meta property=\"og:image:type\" content=\"image\/png\" \/>\n<meta name=\"twitter:card\" content=\"summary_large_image\" \/>\n<meta name=\"twitter:label1\" content=\"Est. tempo de leitura\" \/>\n\t<meta name=\"twitter:data1\" content=\"3 minutos\" \/>\n<script type=\"application\/ld+json\" class=\"yoast-schema-graph\">{\"@context\":\"https:\/\/schema.org\",\"@graph\":[{\"@type\":\"WebPage\",\"@id\":\"https:\/\/www.fiemg.com.br\/fiemg\/noticias\/nova-geracao-de-trabalhadores-impoe-desafios-na-qualificacao-profissional-para-industria\/\",\"url\":\"https:\/\/www.fiemg.com.br\/fiemg\/noticias\/nova-geracao-de-trabalhadores-impoe-desafios-na-qualificacao-profissional-para-industria\/\",\"name\":\"Nova gera\u00e7\u00e3o de trabalhadores imp\u00f5e desafios na qualifica\u00e7\u00e3o profissional para ind\u00fastria - FIEMG\",\"isPartOf\":{\"@id\":\"https:\/\/www.fiemg.com.br\/fiemg\/#website\"},\"primaryImageOfPage\":{\"@id\":\"https:\/\/www.fiemg.com.br\/fiemg\/noticias\/nova-geracao-de-trabalhadores-impoe-desafios-na-qualificacao-profissional-para-industria\/#primaryimage\"},\"image\":{\"@id\":\"https:\/\/www.fiemg.com.br\/fiemg\/noticias\/nova-geracao-de-trabalhadores-impoe-desafios-na-qualificacao-profissional-para-industria\/#primaryimage\"},\"thumbnailUrl\":\"https:\/\/www.fiemg.com.br\/fiemg\/wp-content\/uploads\/sites\/10\/2024\/10\/roscoe_thumb.jpeg\",\"datePublished\":\"2024-10-02T22:18:51+00:00\",\"dateModified\":\"2024-10-03T00:49:01+00:00\",\"description\":\"Tema foi debatido por ministro interino do Trabalho e Emprego e pelo presidente da FIEMG, Fl\u00e1vio Roscoe, em painel no Imers\u00e3o Ind\u00fastria\",\"breadcrumb\":{\"@id\":\"https:\/\/www.fiemg.com.br\/fiemg\/noticias\/nova-geracao-de-trabalhadores-impoe-desafios-na-qualificacao-profissional-para-industria\/#breadcrumb\"},\"inLanguage\":\"pt-BR\",\"potentialAction\":[{\"@type\":\"ReadAction\",\"target\":[\"https:\/\/www.fiemg.com.br\/fiemg\/noticias\/nova-geracao-de-trabalhadores-impoe-desafios-na-qualificacao-profissional-para-industria\/\"]}]},{\"@type\":\"ImageObject\",\"inLanguage\":\"pt-BR\",\"@id\":\"https:\/\/www.fiemg.com.br\/fiemg\/noticias\/nova-geracao-de-trabalhadores-impoe-desafios-na-qualificacao-profissional-para-industria\/#primaryimage\",\"url\":\"https:\/\/www.fiemg.com.br\/fiemg\/wp-content\/uploads\/sites\/10\/2024\/10\/roscoe_thumb.jpeg\",\"contentUrl\":\"https:\/\/www.fiemg.com.br\/fiemg\/wp-content\/uploads\/sites\/10\/2024\/10\/roscoe_thumb.jpeg\",\"width\":512,\"height\":512,\"caption\":\"Nova gera\u00e7\u00e3o de trabalhadores imp\u00f5e desafios na qualifica\u00e7\u00e3o profissional para ind\u00fastria\"},{\"@type\":\"BreadcrumbList\",\"@id\":\"https:\/\/www.fiemg.com.br\/fiemg\/noticias\/nova-geracao-de-trabalhadores-impoe-desafios-na-qualificacao-profissional-para-industria\/#breadcrumb\",\"itemListElement\":[{\"@type\":\"ListItem\",\"position\":1,\"name\":\"In\u00edcio\",\"item\":\"https:\/\/www.fiemg.com.br\/fiemg\/\"},{\"@type\":\"ListItem\",\"position\":2,\"name\":\"Nova gera\u00e7\u00e3o de trabalhadores imp\u00f5e desafios na qualifica\u00e7\u00e3o profissional para ind\u00fastria\"}]},{\"@type\":\"WebSite\",\"@id\":\"https:\/\/www.fiemg.com.br\/fiemg\/#website\",\"url\":\"https:\/\/www.fiemg.com.br\/fiemg\/\",\"name\":\"FIEMG\",\"description\":\"Federa\u00e7\u00e3o das Ind\u00fastrias do Estado de Minas Gerais\",\"publisher\":{\"@id\":\"https:\/\/www.fiemg.com.br\/fiemg\/#organization\"},\"potentialAction\":[{\"@type\":\"SearchAction\",\"target\":{\"@type\":\"EntryPoint\",\"urlTemplate\":\"https:\/\/www.fiemg.com.br\/fiemg\/?s={search_term_string}\"},\"query-input\":{\"@type\":\"PropertyValueSpecification\",\"valueRequired\":true,\"valueName\":\"search_term_string\"}}],\"inLanguage\":\"pt-BR\"},{\"@type\":\"Organization\",\"@id\":\"https:\/\/www.fiemg.com.br\/fiemg\/#organization\",\"name\":\"FIEMG\",\"url\":\"https:\/\/www.fiemg.com.br\/fiemg\/\",\"logo\":{\"@type\":\"ImageObject\",\"inLanguage\":\"pt-BR\",\"@id\":\"https:\/\/www.fiemg.com.br\/fiemg\/#\/schema\/logo\/image\/\",\"url\":\"https:\/\/www.fiemg.com.br\/fiemg\/wp-content\/uploads\/sites\/10\/2023\/02\/fiemg_branco.svg\",\"contentUrl\":\"https:\/\/www.fiemg.com.br\/fiemg\/wp-content\/uploads\/sites\/10\/2023\/02\/fiemg_branco.svg\",\"width\":561,\"height\":147,\"caption\":\"FIEMG\"},\"image\":{\"@id\":\"https:\/\/www.fiemg.com.br\/fiemg\/#\/schema\/logo\/image\/\"}}]}<\/script>\n<!-- \/ Yoast SEO plugin. -->","yoast_head_json":{"title":"Nova gera\u00e7\u00e3o de trabalhadores imp\u00f5e desafios na qualifica\u00e7\u00e3o profissional para ind\u00fastria - FIEMG","description":"Tema foi debatido por ministro interino do Trabalho e Emprego e pelo presidente da FIEMG, Fl\u00e1vio Roscoe, em painel no Imers\u00e3o Ind\u00fastria","robots":{"index":"index","follow":"follow","max-snippet":"max-snippet:-1","max-image-preview":"max-image-preview:large","max-video-preview":"max-video-preview:-1"},"canonical":"https:\/\/www.fiemg.com.br\/fiemg\/noticias\/nova-geracao-de-trabalhadores-impoe-desafios-na-qualificacao-profissional-para-industria\/","og_locale":"pt_BR","og_type":"article","og_title":"Nova gera\u00e7\u00e3o de trabalhadores imp\u00f5e desafios na qualifica\u00e7\u00e3o profissional para ind\u00fastria - FIEMG","og_description":"Tema foi debatido por ministro interino do Trabalho e Emprego e pelo presidente da FIEMG, Fl\u00e1vio Roscoe, em painel no Imers\u00e3o Ind\u00fastria","og_url":"https:\/\/www.fiemg.com.br\/fiemg\/noticias\/nova-geracao-de-trabalhadores-impoe-desafios-na-qualificacao-profissional-para-industria\/","og_site_name":"FIEMG","article_modified_time":"2024-10-03T00:49:01+00:00","og_image":[{"width":300,"height":300,"url":"https:\/\/www.fiemg.com.br\/fiemg\/wp-content\/uploads\/sites\/10\/2023\/08\/default.png","type":"image\/png"}],"twitter_card":"summary_large_image","twitter_misc":{"Est. tempo de leitura":"3 minutos"},"schema":{"@context":"https:\/\/schema.org","@graph":[{"@type":"WebPage","@id":"https:\/\/www.fiemg.com.br\/fiemg\/noticias\/nova-geracao-de-trabalhadores-impoe-desafios-na-qualificacao-profissional-para-industria\/","url":"https:\/\/www.fiemg.com.br\/fiemg\/noticias\/nova-geracao-de-trabalhadores-impoe-desafios-na-qualificacao-profissional-para-industria\/","name":"Nova gera\u00e7\u00e3o de trabalhadores imp\u00f5e desafios na qualifica\u00e7\u00e3o profissional para ind\u00fastria - FIEMG","isPartOf":{"@id":"https:\/\/www.fiemg.com.br\/fiemg\/#website"},"primaryImageOfPage":{"@id":"https:\/\/www.fiemg.com.br\/fiemg\/noticias\/nova-geracao-de-trabalhadores-impoe-desafios-na-qualificacao-profissional-para-industria\/#primaryimage"},"image":{"@id":"https:\/\/www.fiemg.com.br\/fiemg\/noticias\/nova-geracao-de-trabalhadores-impoe-desafios-na-qualificacao-profissional-para-industria\/#primaryimage"},"thumbnailUrl":"https:\/\/www.fiemg.com.br\/fiemg\/wp-content\/uploads\/sites\/10\/2024\/10\/roscoe_thumb.jpeg","datePublished":"2024-10-02T22:18:51+00:00","dateModified":"2024-10-03T00:49:01+00:00","description":"Tema foi debatido por ministro interino do Trabalho e Emprego e pelo presidente da FIEMG, Fl\u00e1vio Roscoe, em painel no Imers\u00e3o Ind\u00fastria","breadcrumb":{"@id":"https:\/\/www.fiemg.com.br\/fiemg\/noticias\/nova-geracao-de-trabalhadores-impoe-desafios-na-qualificacao-profissional-para-industria\/#breadcrumb"},"inLanguage":"pt-BR","potentialAction":[{"@type":"ReadAction","target":["https:\/\/www.fiemg.com.br\/fiemg\/noticias\/nova-geracao-de-trabalhadores-impoe-desafios-na-qualificacao-profissional-para-industria\/"]}]},{"@type":"ImageObject","inLanguage":"pt-BR","@id":"https:\/\/www.fiemg.com.br\/fiemg\/noticias\/nova-geracao-de-trabalhadores-impoe-desafios-na-qualificacao-profissional-para-industria\/#primaryimage","url":"https:\/\/www.fiemg.com.br\/fiemg\/wp-content\/uploads\/sites\/10\/2024\/10\/roscoe_thumb.jpeg","contentUrl":"https:\/\/www.fiemg.com.br\/fiemg\/wp-content\/uploads\/sites\/10\/2024\/10\/roscoe_thumb.jpeg","width":512,"height":512,"caption":"Nova gera\u00e7\u00e3o de trabalhadores imp\u00f5e desafios na qualifica\u00e7\u00e3o profissional para ind\u00fastria"},{"@type":"BreadcrumbList","@id":"https:\/\/www.fiemg.com.br\/fiemg\/noticias\/nova-geracao-de-trabalhadores-impoe-desafios-na-qualificacao-profissional-para-industria\/#breadcrumb","itemListElement":[{"@type":"ListItem","position":1,"name":"In\u00edcio","item":"https:\/\/www.fiemg.com.br\/fiemg\/"},{"@type":"ListItem","position":2,"name":"Nova gera\u00e7\u00e3o de trabalhadores imp\u00f5e desafios na qualifica\u00e7\u00e3o profissional para ind\u00fastria"}]},{"@type":"WebSite","@id":"https:\/\/www.fiemg.com.br\/fiemg\/#website","url":"https:\/\/www.fiemg.com.br\/fiemg\/","name":"FIEMG","description":"Federa\u00e7\u00e3o das Ind\u00fastrias do Estado de Minas Gerais","publisher":{"@id":"https:\/\/www.fiemg.com.br\/fiemg\/#organization"},"potentialAction":[{"@type":"SearchAction","target":{"@type":"EntryPoint","urlTemplate":"https:\/\/www.fiemg.com.br\/fiemg\/?s={search_term_string}"},"query-input":{"@type":"PropertyValueSpecification","valueRequired":true,"valueName":"search_term_string"}}],"inLanguage":"pt-BR"},{"@type":"Organization","@id":"https:\/\/www.fiemg.com.br\/fiemg\/#organization","name":"FIEMG","url":"https:\/\/www.fiemg.com.br\/fiemg\/","logo":{"@type":"ImageObject","inLanguage":"pt-BR","@id":"https:\/\/www.fiemg.com.br\/fiemg\/#\/schema\/logo\/image\/","url":"https:\/\/www.fiemg.com.br\/fiemg\/wp-content\/uploads\/sites\/10\/2023\/02\/fiemg_branco.svg","contentUrl":"https:\/\/www.fiemg.com.br\/fiemg\/wp-content\/uploads\/sites\/10\/2023\/02\/fiemg_branco.svg","width":561,"height":147,"caption":"FIEMG"},"image":{"@id":"https:\/\/www.fiemg.com.br\/fiemg\/#\/schema\/logo\/image\/"}}]}},"_links":{"self":[{"href":"https:\/\/www.fiemg.com.br\/fiemg\/wp-json\/wp\/v2\/noticias\/5997","targetHints":{"allow":["GET"]}}],"collection":[{"href":"https:\/\/www.fiemg.com.br\/fiemg\/wp-json\/wp\/v2\/noticias"}],"about":[{"href":"https:\/\/www.fiemg.com.br\/fiemg\/wp-json\/wp\/v2\/types\/noticias"}],"wp:featuredmedia":[{"embeddable":true,"href":"https:\/\/www.fiemg.com.br\/fiemg\/wp-json\/wp\/v2\/media\/5998"}],"wp:attachment":[{"href":"https:\/\/www.fiemg.com.br\/fiemg\/wp-json\/wp\/v2\/media?parent=5997"}],"wp:term":[{"taxonomy":"category","embeddable":true,"href":"https:\/\/www.fiemg.com.br\/fiemg\/wp-json\/wp\/v2\/categories?post=5997"},{"taxonomy":"post_tag","embeddable":true,"href":"https:\/\/www.fiemg.com.br\/fiemg\/wp-json\/wp\/v2\/tags?post=5997"}],"curies":[{"name":"wp","href":"https:\/\/api.w.org\/{rel}","templated":true}]}}