{"id":6092,"date":"2024-10-14T14:47:44","date_gmt":"2024-10-14T17:47:44","guid":{"rendered":"https:\/\/www.fiemg.com.br\/fiemg\/noticias\/fiemg-e-fecomercio-recebem-candidatos-a-prefeitura-de-belo-horizonte\/"},"modified":"2024-10-14T16:14:29","modified_gmt":"2024-10-14T19:14:29","slug":"fiemg-e-fecomercio-recebem-candidatos-a-prefeitura-de-belo-horizonte","status":"publish","type":"noticias","link":"https:\/\/www.fiemg.com.br\/fiemg\/noticias\/fiemg-e-fecomercio-recebem-candidatos-a-prefeitura-de-belo-horizonte\/","title":{"rendered":"FIEMG e Fecom\u00e9rcio recebem candidatos \u00e0 Prefeitura de Belo Horizonte"},"content":{"rendered":"\n<p><\/p>\n\n\n\n<p>A Federa\u00e7\u00e3o das Ind\u00fastrias do Estado de Minas Gerais (FIEMG) e a Fecom\u00e9rcio receberam nesta segunda-feira (14\/10) os candidatos \u00e0 Prefeitura de Belo Horizonte (PBH), Bruno Engler e Fuad Noman, para apresentar as demandas dos dois setores e ouvir as propostas dos postulantes ao cargo de prefeito da capital mineira.\u00a0<\/p>\n\n\n\n<p>O BH em Debate aconteceu no Teatro SESIMINAS e reuniu empres\u00e1rios da ind\u00fastria e do com\u00e9rcio, al\u00e9m de l\u00edderes sindicais dos dois setores. Os candidatos participaram separadamente e cada um deles teve aproximadamente uma hora para apresentar suas propostas para as \u00e1reas e responder perguntas do p\u00fablico presente.<\/p>\n\n\n\n<p>A abertura do evento foi feita pelo presidente da FIEMG, Fl\u00e1vio Roscoe, que destacou a import\u00e2ncia de debates do setor produtivo com os candidatos \u00e0 prefeitura de Belo Horizonte. \u201c\u00c9 muito importante realizar encontros como esse e acho que no segundo turno seja um pouco mais produtivo para que os candidatos possam apresentar suas propostas e ouvir nossas contribui\u00e7\u00f5es\u201d, disse.\u00a0<\/p>\n\n\n\n<figure class=\"wp-block-image alignleft size-large is-resized\"><img fetchpriority=\"high\" decoding=\"async\" width=\"1024\" height=\"682\" src=\"https:\/\/www.fiemg.com.br\/fiemg\/wp-content\/uploads\/sites\/10\/2024\/10\/BH-em-Debate-1-1024x682.jpeg\" alt=\"\" class=\"wp-image-6093\" style=\"width:589px;height:auto\" srcset=\"https:\/\/www.fiemg.com.br\/fiemg\/wp-content\/uploads\/sites\/10\/2024\/10\/BH-em-Debate-1-1024x682.jpeg 1024w, https:\/\/www.fiemg.com.br\/fiemg\/wp-content\/uploads\/sites\/10\/2024\/10\/BH-em-Debate-1-300x200.jpeg 300w, https:\/\/www.fiemg.com.br\/fiemg\/wp-content\/uploads\/sites\/10\/2024\/10\/BH-em-Debate-1-768x512.jpeg 768w, https:\/\/www.fiemg.com.br\/fiemg\/wp-content\/uploads\/sites\/10\/2024\/10\/BH-em-Debate-1-1536x1023.jpeg 1536w, https:\/\/www.fiemg.com.br\/fiemg\/wp-content\/uploads\/sites\/10\/2024\/10\/BH-em-Debate-1.jpeg 1600w\" sizes=\"(max-width: 1024px) 100vw, 1024px\" \/><figcaption class=\"wp-element-caption\">Presidentes da FIEMG, Fl\u00e1vio Roscoe, e da Fecom\u00e9rcio, Nadim Donato, em entrevista coletiva  (Foto: Amanda Koide)<\/figcaption><\/figure>\n\n\n\n<p>Ele tamb\u00e9m apresentou aos dois candidatos algumas das principais demandas do setor. \u201cEntendemos que a discuss\u00e3o do plano diretor \u00e9 fundamental, avaliamos que o centro de BH precisa ser revitalizado, entendemos que h\u00e1 uma necessidade grande de desburocratiza\u00e7\u00e3o porque entendemos que a prefeitura ainda \u00e9 muito engessada e recebemos muitas queixas de empres\u00e1rios sobre a dificuldade de investir e empreender aqui, principalmente na Secretaria de Pol\u00edtica Urbana\u201d, completou Fl\u00e1vio Roscoe.&nbsp;<\/p>\n\n\n\n<p>O presidente da FIEMG mencionou ainda a relev\u00e2ncia de obras de melhorias no Anel Rodovi\u00e1rio da capital e entregou aos candidatos um documento com propostas da ind\u00fastria para o desenvolvimento do setor em Belo Horizonte.<\/p>\n\n\n\n<p>Em seguida, o presidente da Fecom\u00e9rcio, Nadim Donato, destacou alguns dos temas priorit\u00e1rios para o com\u00e9rcio da capital, como a situa\u00e7\u00e3o dos moradores de rua no centro de BH, a seguran\u00e7a p\u00fablica e refor\u00e7ou a import\u00e2ncia da desburocratiza\u00e7\u00e3o de processos junto \u00e0 prefeitura.<\/p>\n\n\n\n<p>\u201cA Federa\u00e7\u00e3o do Com\u00e9rcio tem dois grandes projetos para fazer: um im\u00f3vel na rua Tupinamb\u00e1s, que \u00e9 do Senac, e uma nova sede na avenida Raja Gabaglia, e todos os dois levaram quase dois anos para que os projetos fossem liberados. Ent\u00e3o, o sistema da prefeitura se tornou muito lento e isso atrapalha o desenvolvimento, a empregabilidade. S\u00e3o investimentos de R$ 40 milh\u00f5es e R$ 70 milh\u00f5es que n\u00f3s poder\u00edamos j\u00e1 estar trabalhando e gerando emprego e receita, com mais dinheiro circulando na cidade. Ent\u00e3o s\u00e3o pontos importantes que Belo Horizonte precisa resolver\u201d, disse.<\/p>\n\n\n\n<p>Nadim tamb\u00e9m mencionou a quest\u00e3o da mobilidade urbana como um dos pontos centrais para serem enfrentados pelo pr\u00f3ximo prefeito da capital. \u201cOs nossos funcion\u00e1rios demoram duas ou tr\u00eas horas para chegar, n\u00e3o tem uma conex\u00e3o das cidades da regi\u00e3o metropolitana com Belo Horizonte\u201d, completou.&nbsp;&nbsp;<\/p>\n\n\n\n<p>Ambos os candidatos apresentaram propostas para ampliar a seguran\u00e7a p\u00fablica, desburocratizar os processos de regulariza\u00e7\u00e3o junto \u00e0 PBH, revisar o plano diretor e melhorar a mobilidade urbana. Tamb\u00e9m apresentaram propostas para a quest\u00e3o da popula\u00e7\u00e3o em situa\u00e7\u00e3o de rua, especialmente na regi\u00e3o central, limpeza urbana, estacionamento na regi\u00e3o central, revitaliza\u00e7\u00e3o do centro e hipercentro, entre outros temas.<\/p>\n\n\n\n<p>Veja mais fotos do evento BH em Debate, <a href=\"https:\/\/www.flickr.com\/photos\/sistemafiemg\/albums\/72177720321216758\/\" target=\"_blank\" rel=\"noreferrer noopener\">clicando aqui<\/a><br><br><em>Tha\u00eds Mota<\/em><br><strong>Imprensa FIEMG<\/strong><\/p>\n\n\n\n<p><\/p>\n\n\n\n<p><\/p>\n","protected":false},"featured_media":6095,"template":"","categories":[15],"tags":[1032,1033,78,79,1034,1035],"class_list":["post-6092","noticias","type-noticias","status-publish","has-post-thumbnail","hentry","category-desenvolvimento-industrial","tag-bruno-engler","tag-fecomercio-2","tag-fiemg","tag-flavio-roscoe","tag-fuad-noman","tag-nadim-donato"],"acf":[],"yoast_head":"<!-- This site is optimized with the Yoast SEO plugin v26.2 - https:\/\/yoast.com\/wordpress\/plugins\/seo\/ -->\n<title>FIEMG e Fecom\u00e9rcio recebem candidatos \u00e0 Prefeitura de Belo Horizonte - FIEMG<\/title>\n<meta name=\"description\" content=\"Deputado Bruno Engler e prefeito Fuad Noman apresentaram suas propostas e responderam perguntas de representantes dos setores produtivos da capital mineira\" \/>\n<meta name=\"robots\" content=\"index, follow, max-snippet:-1, max-image-preview:large, max-video-preview:-1\" \/>\n<link rel=\"canonical\" href=\"https:\/\/www.fiemg.com.br\/fiemg\/noticias\/fiemg-e-fecomercio-recebem-candidatos-a-prefeitura-de-belo-horizonte\/\" \/>\n<meta property=\"og:locale\" content=\"pt_BR\" \/>\n<meta property=\"og:type\" content=\"article\" \/>\n<meta property=\"og:title\" content=\"FIEMG e Fecom\u00e9rcio recebem candidatos \u00e0 Prefeitura de Belo Horizonte - FIEMG\" \/>\n<meta property=\"og:description\" content=\"Deputado Bruno Engler e prefeito Fuad Noman apresentaram suas propostas e responderam perguntas de representantes dos setores produtivos da capital mineira\" \/>\n<meta property=\"og:url\" content=\"https:\/\/www.fiemg.com.br\/fiemg\/noticias\/fiemg-e-fecomercio-recebem-candidatos-a-prefeitura-de-belo-horizonte\/\" \/>\n<meta property=\"og:site_name\" content=\"FIEMG\" \/>\n<meta property=\"article:modified_time\" content=\"2024-10-14T19:14:29+00:00\" \/>\n<meta property=\"og:image\" content=\"https:\/\/www.fiemg.com.br\/fiemg\/wp-content\/uploads\/sites\/10\/2024\/10\/Thumb-nova-512-x-512.jpg\" \/>\n\t<meta property=\"og:image:width\" content=\"512\" \/>\n\t<meta property=\"og:image:height\" content=\"512\" \/>\n\t<meta property=\"og:image:type\" content=\"image\/jpeg\" \/>\n<meta name=\"twitter:card\" content=\"summary_large_image\" \/>\n<meta name=\"twitter:label1\" content=\"Est. tempo de leitura\" \/>\n\t<meta name=\"twitter:data1\" content=\"4 minutos\" \/>\n<script type=\"application\/ld+json\" class=\"yoast-schema-graph\">{\"@context\":\"https:\/\/schema.org\",\"@graph\":[{\"@type\":\"WebPage\",\"@id\":\"https:\/\/www.fiemg.com.br\/fiemg\/noticias\/fiemg-e-fecomercio-recebem-candidatos-a-prefeitura-de-belo-horizonte\/\",\"url\":\"https:\/\/www.fiemg.com.br\/fiemg\/noticias\/fiemg-e-fecomercio-recebem-candidatos-a-prefeitura-de-belo-horizonte\/\",\"name\":\"FIEMG e Fecom\u00e9rcio recebem candidatos \u00e0 Prefeitura de Belo Horizonte - FIEMG\",\"isPartOf\":{\"@id\":\"https:\/\/www.fiemg.com.br\/fiemg\/#website\"},\"primaryImageOfPage\":{\"@id\":\"https:\/\/www.fiemg.com.br\/fiemg\/noticias\/fiemg-e-fecomercio-recebem-candidatos-a-prefeitura-de-belo-horizonte\/#primaryimage\"},\"image\":{\"@id\":\"https:\/\/www.fiemg.com.br\/fiemg\/noticias\/fiemg-e-fecomercio-recebem-candidatos-a-prefeitura-de-belo-horizonte\/#primaryimage\"},\"thumbnailUrl\":\"https:\/\/www.fiemg.com.br\/fiemg\/wp-content\/uploads\/sites\/10\/2024\/10\/Thumb-nova-512-x-512.jpg\",\"datePublished\":\"2024-10-14T17:47:44+00:00\",\"dateModified\":\"2024-10-14T19:14:29+00:00\",\"description\":\"Deputado Bruno Engler e prefeito Fuad Noman apresentaram suas propostas e responderam perguntas de representantes dos setores produtivos da capital mineira\",\"breadcrumb\":{\"@id\":\"https:\/\/www.fiemg.com.br\/fiemg\/noticias\/fiemg-e-fecomercio-recebem-candidatos-a-prefeitura-de-belo-horizonte\/#breadcrumb\"},\"inLanguage\":\"pt-BR\",\"potentialAction\":[{\"@type\":\"ReadAction\",\"target\":[\"https:\/\/www.fiemg.com.br\/fiemg\/noticias\/fiemg-e-fecomercio-recebem-candidatos-a-prefeitura-de-belo-horizonte\/\"]}]},{\"@type\":\"ImageObject\",\"inLanguage\":\"pt-BR\",\"@id\":\"https:\/\/www.fiemg.com.br\/fiemg\/noticias\/fiemg-e-fecomercio-recebem-candidatos-a-prefeitura-de-belo-horizonte\/#primaryimage\",\"url\":\"https:\/\/www.fiemg.com.br\/fiemg\/wp-content\/uploads\/sites\/10\/2024\/10\/Thumb-nova-512-x-512.jpg\",\"contentUrl\":\"https:\/\/www.fiemg.com.br\/fiemg\/wp-content\/uploads\/sites\/10\/2024\/10\/Thumb-nova-512-x-512.jpg\",\"width\":512,\"height\":512},{\"@type\":\"BreadcrumbList\",\"@id\":\"https:\/\/www.fiemg.com.br\/fiemg\/noticias\/fiemg-e-fecomercio-recebem-candidatos-a-prefeitura-de-belo-horizonte\/#breadcrumb\",\"itemListElement\":[{\"@type\":\"ListItem\",\"position\":1,\"name\":\"In\u00edcio\",\"item\":\"https:\/\/www.fiemg.com.br\/fiemg\/\"},{\"@type\":\"ListItem\",\"position\":2,\"name\":\"FIEMG e Fecom\u00e9rcio recebem candidatos \u00e0 Prefeitura de Belo Horizonte\"}]},{\"@type\":\"WebSite\",\"@id\":\"https:\/\/www.fiemg.com.br\/fiemg\/#website\",\"url\":\"https:\/\/www.fiemg.com.br\/fiemg\/\",\"name\":\"FIEMG\",\"description\":\"Federa\u00e7\u00e3o das Ind\u00fastrias do Estado de Minas Gerais\",\"publisher\":{\"@id\":\"https:\/\/www.fiemg.com.br\/fiemg\/#organization\"},\"potentialAction\":[{\"@type\":\"SearchAction\",\"target\":{\"@type\":\"EntryPoint\",\"urlTemplate\":\"https:\/\/www.fiemg.com.br\/fiemg\/?s={search_term_string}\"},\"query-input\":{\"@type\":\"PropertyValueSpecification\",\"valueRequired\":true,\"valueName\":\"search_term_string\"}}],\"inLanguage\":\"pt-BR\"},{\"@type\":\"Organization\",\"@id\":\"https:\/\/www.fiemg.com.br\/fiemg\/#organization\",\"name\":\"FIEMG\",\"url\":\"https:\/\/www.fiemg.com.br\/fiemg\/\",\"logo\":{\"@type\":\"ImageObject\",\"inLanguage\":\"pt-BR\",\"@id\":\"https:\/\/www.fiemg.com.br\/fiemg\/#\/schema\/logo\/image\/\",\"url\":\"https:\/\/www.fiemg.com.br\/fiemg\/wp-content\/uploads\/sites\/10\/2023\/02\/fiemg_branco.svg\",\"contentUrl\":\"https:\/\/www.fiemg.com.br\/fiemg\/wp-content\/uploads\/sites\/10\/2023\/02\/fiemg_branco.svg\",\"width\":561,\"height\":147,\"caption\":\"FIEMG\"},\"image\":{\"@id\":\"https:\/\/www.fiemg.com.br\/fiemg\/#\/schema\/logo\/image\/\"}}]}<\/script>\n<!-- \/ Yoast SEO plugin. -->","yoast_head_json":{"title":"FIEMG e Fecom\u00e9rcio recebem candidatos \u00e0 Prefeitura de Belo Horizonte - FIEMG","description":"Deputado Bruno Engler e prefeito Fuad Noman apresentaram suas propostas e responderam perguntas de representantes dos setores produtivos da capital mineira","robots":{"index":"index","follow":"follow","max-snippet":"max-snippet:-1","max-image-preview":"max-image-preview:large","max-video-preview":"max-video-preview:-1"},"canonical":"https:\/\/www.fiemg.com.br\/fiemg\/noticias\/fiemg-e-fecomercio-recebem-candidatos-a-prefeitura-de-belo-horizonte\/","og_locale":"pt_BR","og_type":"article","og_title":"FIEMG e Fecom\u00e9rcio recebem candidatos \u00e0 Prefeitura de Belo Horizonte - FIEMG","og_description":"Deputado Bruno Engler e prefeito Fuad Noman apresentaram suas propostas e responderam perguntas de representantes dos setores produtivos da capital mineira","og_url":"https:\/\/www.fiemg.com.br\/fiemg\/noticias\/fiemg-e-fecomercio-recebem-candidatos-a-prefeitura-de-belo-horizonte\/","og_site_name":"FIEMG","article_modified_time":"2024-10-14T19:14:29+00:00","og_image":[{"width":512,"height":512,"url":"https:\/\/www.fiemg.com.br\/fiemg\/wp-content\/uploads\/sites\/10\/2024\/10\/Thumb-nova-512-x-512.jpg","type":"image\/jpeg"}],"twitter_card":"summary_large_image","twitter_misc":{"Est. tempo de leitura":"4 minutos"},"schema":{"@context":"https:\/\/schema.org","@graph":[{"@type":"WebPage","@id":"https:\/\/www.fiemg.com.br\/fiemg\/noticias\/fiemg-e-fecomercio-recebem-candidatos-a-prefeitura-de-belo-horizonte\/","url":"https:\/\/www.fiemg.com.br\/fiemg\/noticias\/fiemg-e-fecomercio-recebem-candidatos-a-prefeitura-de-belo-horizonte\/","name":"FIEMG e Fecom\u00e9rcio recebem candidatos \u00e0 Prefeitura de Belo Horizonte - FIEMG","isPartOf":{"@id":"https:\/\/www.fiemg.com.br\/fiemg\/#website"},"primaryImageOfPage":{"@id":"https:\/\/www.fiemg.com.br\/fiemg\/noticias\/fiemg-e-fecomercio-recebem-candidatos-a-prefeitura-de-belo-horizonte\/#primaryimage"},"image":{"@id":"https:\/\/www.fiemg.com.br\/fiemg\/noticias\/fiemg-e-fecomercio-recebem-candidatos-a-prefeitura-de-belo-horizonte\/#primaryimage"},"thumbnailUrl":"https:\/\/www.fiemg.com.br\/fiemg\/wp-content\/uploads\/sites\/10\/2024\/10\/Thumb-nova-512-x-512.jpg","datePublished":"2024-10-14T17:47:44+00:00","dateModified":"2024-10-14T19:14:29+00:00","description":"Deputado Bruno Engler e prefeito Fuad Noman apresentaram suas propostas e responderam perguntas de representantes dos setores produtivos da capital mineira","breadcrumb":{"@id":"https:\/\/www.fiemg.com.br\/fiemg\/noticias\/fiemg-e-fecomercio-recebem-candidatos-a-prefeitura-de-belo-horizonte\/#breadcrumb"},"inLanguage":"pt-BR","potentialAction":[{"@type":"ReadAction","target":["https:\/\/www.fiemg.com.br\/fiemg\/noticias\/fiemg-e-fecomercio-recebem-candidatos-a-prefeitura-de-belo-horizonte\/"]}]},{"@type":"ImageObject","inLanguage":"pt-BR","@id":"https:\/\/www.fiemg.com.br\/fiemg\/noticias\/fiemg-e-fecomercio-recebem-candidatos-a-prefeitura-de-belo-horizonte\/#primaryimage","url":"https:\/\/www.fiemg.com.br\/fiemg\/wp-content\/uploads\/sites\/10\/2024\/10\/Thumb-nova-512-x-512.jpg","contentUrl":"https:\/\/www.fiemg.com.br\/fiemg\/wp-content\/uploads\/sites\/10\/2024\/10\/Thumb-nova-512-x-512.jpg","width":512,"height":512},{"@type":"BreadcrumbList","@id":"https:\/\/www.fiemg.com.br\/fiemg\/noticias\/fiemg-e-fecomercio-recebem-candidatos-a-prefeitura-de-belo-horizonte\/#breadcrumb","itemListElement":[{"@type":"ListItem","position":1,"name":"In\u00edcio","item":"https:\/\/www.fiemg.com.br\/fiemg\/"},{"@type":"ListItem","position":2,"name":"FIEMG e Fecom\u00e9rcio recebem candidatos \u00e0 Prefeitura de Belo Horizonte"}]},{"@type":"WebSite","@id":"https:\/\/www.fiemg.com.br\/fiemg\/#website","url":"https:\/\/www.fiemg.com.br\/fiemg\/","name":"FIEMG","description":"Federa\u00e7\u00e3o das Ind\u00fastrias do Estado de Minas Gerais","publisher":{"@id":"https:\/\/www.fiemg.com.br\/fiemg\/#organization"},"potentialAction":[{"@type":"SearchAction","target":{"@type":"EntryPoint","urlTemplate":"https:\/\/www.fiemg.com.br\/fiemg\/?s={search_term_string}"},"query-input":{"@type":"PropertyValueSpecification","valueRequired":true,"valueName":"search_term_string"}}],"inLanguage":"pt-BR"},{"@type":"Organization","@id":"https:\/\/www.fiemg.com.br\/fiemg\/#organization","name":"FIEMG","url":"https:\/\/www.fiemg.com.br\/fiemg\/","logo":{"@type":"ImageObject","inLanguage":"pt-BR","@id":"https:\/\/www.fiemg.com.br\/fiemg\/#\/schema\/logo\/image\/","url":"https:\/\/www.fiemg.com.br\/fiemg\/wp-content\/uploads\/sites\/10\/2023\/02\/fiemg_branco.svg","contentUrl":"https:\/\/www.fiemg.com.br\/fiemg\/wp-content\/uploads\/sites\/10\/2023\/02\/fiemg_branco.svg","width":561,"height":147,"caption":"FIEMG"},"image":{"@id":"https:\/\/www.fiemg.com.br\/fiemg\/#\/schema\/logo\/image\/"}}]}},"_links":{"self":[{"href":"https:\/\/www.fiemg.com.br\/fiemg\/wp-json\/wp\/v2\/noticias\/6092","targetHints":{"allow":["GET"]}}],"collection":[{"href":"https:\/\/www.fiemg.com.br\/fiemg\/wp-json\/wp\/v2\/noticias"}],"about":[{"href":"https:\/\/www.fiemg.com.br\/fiemg\/wp-json\/wp\/v2\/types\/noticias"}],"wp:featuredmedia":[{"embeddable":true,"href":"https:\/\/www.fiemg.com.br\/fiemg\/wp-json\/wp\/v2\/media\/6095"}],"wp:attachment":[{"href":"https:\/\/www.fiemg.com.br\/fiemg\/wp-json\/wp\/v2\/media?parent=6092"}],"wp:term":[{"taxonomy":"category","embeddable":true,"href":"https:\/\/www.fiemg.com.br\/fiemg\/wp-json\/wp\/v2\/categories?post=6092"},{"taxonomy":"post_tag","embeddable":true,"href":"https:\/\/www.fiemg.com.br\/fiemg\/wp-json\/wp\/v2\/tags?post=6092"}],"curies":[{"name":"wp","href":"https:\/\/api.w.org\/{rel}","templated":true}]}}