{"id":6483,"date":"2024-10-25T12:37:27","date_gmt":"2024-10-25T15:37:27","guid":{"rendered":"https:\/\/www.fiemg.com.br\/fiemg\/noticias\/professor-elcio-lucas-da-unimontes-apresentou-novo-curso-e-visitou-escola-senai-audiovisual\/"},"modified":"2024-10-25T12:37:29","modified_gmt":"2024-10-25T15:37:29","slug":"professor-elcio-lucas-da-unimontes-apresentou-novo-curso-e-visitou-escola-senai-audiovisual","status":"publish","type":"noticias","link":"https:\/\/www.fiemg.com.br\/fiemg\/noticias\/professor-elcio-lucas-da-unimontes-apresentou-novo-curso-e-visitou-escola-senai-audiovisual\/","title":{"rendered":"Grupo de Trabalho Audiovisual destaca forma\u00e7\u00e3o profissional"},"content":{"rendered":"\n<p>As a\u00e7\u00f5es regionais de desenvolvimento setorial foram destaque na reuni\u00e3o do Grupo de Trabalho do Audiovisual da C\u00e2mara da Ind\u00fastria da Comunica\u00e7\u00e3o da FIEMG nesta quinta-feira, dia 24 de outubro de 2024. Na abertura, o presidente da Empresa Mineira de Comunica\u00e7\u00e3o (EMC) e coordenador do GT de Audiovisual, Gustavo Mendicino apresentou o professor \u00c9lcio Lucas, novo membro do GT representando a Universidade Estadual de Montes Claros (Unimontes) e o curso de Cinema e Audiovisual da institui\u00e7\u00e3o, cuja previs\u00e3o \u00e9 de in\u00edcio das atividades no primeiro semestre de 2025.<\/p>\n\n\n\n<p>O professor \u00c9lcio Lucas falou sobre as a\u00e7\u00f5es para a implanta\u00e7\u00e3o da nova gradua\u00e7\u00e3o de Cinema e Audiovisual. \u201cMontes Claros \u00e9 p\u00f3lo de produ\u00e7\u00e3o e al\u00e9m de preparar os alunos para os desafios t\u00e9cnicos e est\u00e9ticos da ind\u00fastria cinematogr\u00e1fica, o curso de Cinema e Audiovisual tamb\u00e9m evidencia a import\u00e2ncia da reflex\u00e3o cr\u00edtica sobre o papel do cinema na sociedade contempor\u00e2nea,\u201d observou. No per\u00edodo da tarde, o professor \u00c9lcio visitou conosco a Escola SENAI Audiovisual e ficou muito bem impressionado.<\/p>\n\n\n\n<p>A reuni\u00e3o do Grupo de Trabalho do Audiovisual contou com participa\u00e7\u00e3o do presidente da C\u00e2mara da Ind\u00fastria da Comunica\u00e7\u00e3o da FIEMG, Rodrigo Silva Fernandes. Ele ressaltou a import\u00e2ncia da atua\u00e7\u00e3o regional pelo desenvolvimento do setor audiovisual no interior de Minas Gerais.<\/p>\n\n\n\n<p><em>Trajano Raposo<\/em><br><strong>Imprensa FIEMG<\/strong><\/p>\n","protected":false},"featured_media":6484,"template":"","categories":[15],"tags":[1061,78],"class_list":["post-6483","noticias","type-noticias","status-publish","has-post-thumbnail","hentry","category-desenvolvimento-industrial","tag-camara-da-industria-da-comunicacao-da-fiemg","tag-fiemg"],"acf":[],"yoast_head":"<!-- This site is optimized with the Yoast SEO plugin v26.2 - https:\/\/yoast.com\/wordpress\/plugins\/seo\/ -->\n<title>Grupo de Trabalho Audiovisual destaca forma\u00e7\u00e3o profissional - FIEMG<\/title>\n<meta name=\"description\" content=\"Professor \u00c9lcio Lucas, da Unimontes, apresentou novo curso e visitou Escola SENAI Audiovisual\" \/>\n<meta name=\"robots\" content=\"index, follow, max-snippet:-1, max-image-preview:large, max-video-preview:-1\" \/>\n<link rel=\"canonical\" href=\"https:\/\/www.fiemg.com.br\/fiemg\/noticias\/professor-elcio-lucas-da-unimontes-apresentou-novo-curso-e-visitou-escola-senai-audiovisual\/\" \/>\n<meta property=\"og:locale\" content=\"pt_BR\" \/>\n<meta property=\"og:type\" content=\"article\" \/>\n<meta property=\"og:title\" content=\"Grupo de Trabalho Audiovisual destaca forma\u00e7\u00e3o profissional - FIEMG\" \/>\n<meta property=\"og:description\" content=\"Professor \u00c9lcio Lucas, da Unimontes, apresentou novo curso e visitou Escola SENAI Audiovisual\" \/>\n<meta property=\"og:url\" content=\"https:\/\/www.fiemg.com.br\/fiemg\/noticias\/professor-elcio-lucas-da-unimontes-apresentou-novo-curso-e-visitou-escola-senai-audiovisual\/\" \/>\n<meta property=\"og:site_name\" content=\"FIEMG\" \/>\n<meta property=\"article:modified_time\" content=\"2024-10-25T15:37:29+00:00\" \/>\n<meta property=\"og:image\" content=\"https:\/\/www.fiemg.com.br\/fiemg\/wp-content\/uploads\/sites\/10\/2024\/10\/CAMARA2.png\" \/>\n\t<meta property=\"og:image:width\" content=\"512\" \/>\n\t<meta property=\"og:image:height\" content=\"512\" \/>\n\t<meta property=\"og:image:type\" content=\"image\/png\" \/>\n<meta name=\"twitter:card\" content=\"summary_large_image\" \/>\n<meta name=\"twitter:label1\" content=\"Est. tempo de leitura\" \/>\n\t<meta name=\"twitter:data1\" content=\"2 minutos\" \/>\n<script type=\"application\/ld+json\" class=\"yoast-schema-graph\">{\"@context\":\"https:\/\/schema.org\",\"@graph\":[{\"@type\":\"WebPage\",\"@id\":\"https:\/\/www.fiemg.com.br\/fiemg\/noticias\/professor-elcio-lucas-da-unimontes-apresentou-novo-curso-e-visitou-escola-senai-audiovisual\/\",\"url\":\"https:\/\/www.fiemg.com.br\/fiemg\/noticias\/professor-elcio-lucas-da-unimontes-apresentou-novo-curso-e-visitou-escola-senai-audiovisual\/\",\"name\":\"Grupo de Trabalho Audiovisual destaca forma\u00e7\u00e3o profissional - FIEMG\",\"isPartOf\":{\"@id\":\"https:\/\/www.fiemg.com.br\/fiemg\/#website\"},\"primaryImageOfPage\":{\"@id\":\"https:\/\/www.fiemg.com.br\/fiemg\/noticias\/professor-elcio-lucas-da-unimontes-apresentou-novo-curso-e-visitou-escola-senai-audiovisual\/#primaryimage\"},\"image\":{\"@id\":\"https:\/\/www.fiemg.com.br\/fiemg\/noticias\/professor-elcio-lucas-da-unimontes-apresentou-novo-curso-e-visitou-escola-senai-audiovisual\/#primaryimage\"},\"thumbnailUrl\":\"https:\/\/www.fiemg.com.br\/fiemg\/wp-content\/uploads\/sites\/10\/2024\/10\/CAMARA2.png\",\"datePublished\":\"2024-10-25T15:37:27+00:00\",\"dateModified\":\"2024-10-25T15:37:29+00:00\",\"description\":\"Professor \u00c9lcio Lucas, da Unimontes, apresentou novo curso e visitou Escola SENAI Audiovisual\",\"breadcrumb\":{\"@id\":\"https:\/\/www.fiemg.com.br\/fiemg\/noticias\/professor-elcio-lucas-da-unimontes-apresentou-novo-curso-e-visitou-escola-senai-audiovisual\/#breadcrumb\"},\"inLanguage\":\"pt-BR\",\"potentialAction\":[{\"@type\":\"ReadAction\",\"target\":[\"https:\/\/www.fiemg.com.br\/fiemg\/noticias\/professor-elcio-lucas-da-unimontes-apresentou-novo-curso-e-visitou-escola-senai-audiovisual\/\"]}]},{\"@type\":\"ImageObject\",\"inLanguage\":\"pt-BR\",\"@id\":\"https:\/\/www.fiemg.com.br\/fiemg\/noticias\/professor-elcio-lucas-da-unimontes-apresentou-novo-curso-e-visitou-escola-senai-audiovisual\/#primaryimage\",\"url\":\"https:\/\/www.fiemg.com.br\/fiemg\/wp-content\/uploads\/sites\/10\/2024\/10\/CAMARA2.png\",\"contentUrl\":\"https:\/\/www.fiemg.com.br\/fiemg\/wp-content\/uploads\/sites\/10\/2024\/10\/CAMARA2.png\",\"width\":512,\"height\":512},{\"@type\":\"BreadcrumbList\",\"@id\":\"https:\/\/www.fiemg.com.br\/fiemg\/noticias\/professor-elcio-lucas-da-unimontes-apresentou-novo-curso-e-visitou-escola-senai-audiovisual\/#breadcrumb\",\"itemListElement\":[{\"@type\":\"ListItem\",\"position\":1,\"name\":\"In\u00edcio\",\"item\":\"https:\/\/www.fiemg.com.br\/fiemg\/\"},{\"@type\":\"ListItem\",\"position\":2,\"name\":\"Grupo de Trabalho Audiovisual destaca forma\u00e7\u00e3o profissional\"}]},{\"@type\":\"WebSite\",\"@id\":\"https:\/\/www.fiemg.com.br\/fiemg\/#website\",\"url\":\"https:\/\/www.fiemg.com.br\/fiemg\/\",\"name\":\"FIEMG\",\"description\":\"Federa\u00e7\u00e3o das Ind\u00fastrias do Estado de Minas Gerais\",\"publisher\":{\"@id\":\"https:\/\/www.fiemg.com.br\/fiemg\/#organization\"},\"potentialAction\":[{\"@type\":\"SearchAction\",\"target\":{\"@type\":\"EntryPoint\",\"urlTemplate\":\"https:\/\/www.fiemg.com.br\/fiemg\/?s={search_term_string}\"},\"query-input\":{\"@type\":\"PropertyValueSpecification\",\"valueRequired\":true,\"valueName\":\"search_term_string\"}}],\"inLanguage\":\"pt-BR\"},{\"@type\":\"Organization\",\"@id\":\"https:\/\/www.fiemg.com.br\/fiemg\/#organization\",\"name\":\"FIEMG\",\"url\":\"https:\/\/www.fiemg.com.br\/fiemg\/\",\"logo\":{\"@type\":\"ImageObject\",\"inLanguage\":\"pt-BR\",\"@id\":\"https:\/\/www.fiemg.com.br\/fiemg\/#\/schema\/logo\/image\/\",\"url\":\"https:\/\/www.fiemg.com.br\/fiemg\/wp-content\/uploads\/sites\/10\/2023\/02\/fiemg_branco.svg\",\"contentUrl\":\"https:\/\/www.fiemg.com.br\/fiemg\/wp-content\/uploads\/sites\/10\/2023\/02\/fiemg_branco.svg\",\"width\":561,\"height\":147,\"caption\":\"FIEMG\"},\"image\":{\"@id\":\"https:\/\/www.fiemg.com.br\/fiemg\/#\/schema\/logo\/image\/\"}}]}<\/script>\n<!-- \/ Yoast SEO plugin. -->","yoast_head_json":{"title":"Grupo de Trabalho Audiovisual destaca forma\u00e7\u00e3o profissional - FIEMG","description":"Professor \u00c9lcio Lucas, da Unimontes, apresentou novo curso e visitou Escola SENAI Audiovisual","robots":{"index":"index","follow":"follow","max-snippet":"max-snippet:-1","max-image-preview":"max-image-preview:large","max-video-preview":"max-video-preview:-1"},"canonical":"https:\/\/www.fiemg.com.br\/fiemg\/noticias\/professor-elcio-lucas-da-unimontes-apresentou-novo-curso-e-visitou-escola-senai-audiovisual\/","og_locale":"pt_BR","og_type":"article","og_title":"Grupo de Trabalho Audiovisual destaca forma\u00e7\u00e3o profissional - FIEMG","og_description":"Professor \u00c9lcio Lucas, da Unimontes, apresentou novo curso e visitou Escola SENAI Audiovisual","og_url":"https:\/\/www.fiemg.com.br\/fiemg\/noticias\/professor-elcio-lucas-da-unimontes-apresentou-novo-curso-e-visitou-escola-senai-audiovisual\/","og_site_name":"FIEMG","article_modified_time":"2024-10-25T15:37:29+00:00","og_image":[{"width":512,"height":512,"url":"https:\/\/www.fiemg.com.br\/fiemg\/wp-content\/uploads\/sites\/10\/2024\/10\/CAMARA2.png","type":"image\/png"}],"twitter_card":"summary_large_image","twitter_misc":{"Est. tempo de leitura":"2 minutos"},"schema":{"@context":"https:\/\/schema.org","@graph":[{"@type":"WebPage","@id":"https:\/\/www.fiemg.com.br\/fiemg\/noticias\/professor-elcio-lucas-da-unimontes-apresentou-novo-curso-e-visitou-escola-senai-audiovisual\/","url":"https:\/\/www.fiemg.com.br\/fiemg\/noticias\/professor-elcio-lucas-da-unimontes-apresentou-novo-curso-e-visitou-escola-senai-audiovisual\/","name":"Grupo de Trabalho Audiovisual destaca forma\u00e7\u00e3o profissional - FIEMG","isPartOf":{"@id":"https:\/\/www.fiemg.com.br\/fiemg\/#website"},"primaryImageOfPage":{"@id":"https:\/\/www.fiemg.com.br\/fiemg\/noticias\/professor-elcio-lucas-da-unimontes-apresentou-novo-curso-e-visitou-escola-senai-audiovisual\/#primaryimage"},"image":{"@id":"https:\/\/www.fiemg.com.br\/fiemg\/noticias\/professor-elcio-lucas-da-unimontes-apresentou-novo-curso-e-visitou-escola-senai-audiovisual\/#primaryimage"},"thumbnailUrl":"https:\/\/www.fiemg.com.br\/fiemg\/wp-content\/uploads\/sites\/10\/2024\/10\/CAMARA2.png","datePublished":"2024-10-25T15:37:27+00:00","dateModified":"2024-10-25T15:37:29+00:00","description":"Professor \u00c9lcio Lucas, da Unimontes, apresentou novo curso e visitou Escola SENAI Audiovisual","breadcrumb":{"@id":"https:\/\/www.fiemg.com.br\/fiemg\/noticias\/professor-elcio-lucas-da-unimontes-apresentou-novo-curso-e-visitou-escola-senai-audiovisual\/#breadcrumb"},"inLanguage":"pt-BR","potentialAction":[{"@type":"ReadAction","target":["https:\/\/www.fiemg.com.br\/fiemg\/noticias\/professor-elcio-lucas-da-unimontes-apresentou-novo-curso-e-visitou-escola-senai-audiovisual\/"]}]},{"@type":"ImageObject","inLanguage":"pt-BR","@id":"https:\/\/www.fiemg.com.br\/fiemg\/noticias\/professor-elcio-lucas-da-unimontes-apresentou-novo-curso-e-visitou-escola-senai-audiovisual\/#primaryimage","url":"https:\/\/www.fiemg.com.br\/fiemg\/wp-content\/uploads\/sites\/10\/2024\/10\/CAMARA2.png","contentUrl":"https:\/\/www.fiemg.com.br\/fiemg\/wp-content\/uploads\/sites\/10\/2024\/10\/CAMARA2.png","width":512,"height":512},{"@type":"BreadcrumbList","@id":"https:\/\/www.fiemg.com.br\/fiemg\/noticias\/professor-elcio-lucas-da-unimontes-apresentou-novo-curso-e-visitou-escola-senai-audiovisual\/#breadcrumb","itemListElement":[{"@type":"ListItem","position":1,"name":"In\u00edcio","item":"https:\/\/www.fiemg.com.br\/fiemg\/"},{"@type":"ListItem","position":2,"name":"Grupo de Trabalho Audiovisual destaca forma\u00e7\u00e3o profissional"}]},{"@type":"WebSite","@id":"https:\/\/www.fiemg.com.br\/fiemg\/#website","url":"https:\/\/www.fiemg.com.br\/fiemg\/","name":"FIEMG","description":"Federa\u00e7\u00e3o das Ind\u00fastrias do Estado de Minas Gerais","publisher":{"@id":"https:\/\/www.fiemg.com.br\/fiemg\/#organization"},"potentialAction":[{"@type":"SearchAction","target":{"@type":"EntryPoint","urlTemplate":"https:\/\/www.fiemg.com.br\/fiemg\/?s={search_term_string}"},"query-input":{"@type":"PropertyValueSpecification","valueRequired":true,"valueName":"search_term_string"}}],"inLanguage":"pt-BR"},{"@type":"Organization","@id":"https:\/\/www.fiemg.com.br\/fiemg\/#organization","name":"FIEMG","url":"https:\/\/www.fiemg.com.br\/fiemg\/","logo":{"@type":"ImageObject","inLanguage":"pt-BR","@id":"https:\/\/www.fiemg.com.br\/fiemg\/#\/schema\/logo\/image\/","url":"https:\/\/www.fiemg.com.br\/fiemg\/wp-content\/uploads\/sites\/10\/2023\/02\/fiemg_branco.svg","contentUrl":"https:\/\/www.fiemg.com.br\/fiemg\/wp-content\/uploads\/sites\/10\/2023\/02\/fiemg_branco.svg","width":561,"height":147,"caption":"FIEMG"},"image":{"@id":"https:\/\/www.fiemg.com.br\/fiemg\/#\/schema\/logo\/image\/"}}]}},"_links":{"self":[{"href":"https:\/\/www.fiemg.com.br\/fiemg\/wp-json\/wp\/v2\/noticias\/6483","targetHints":{"allow":["GET"]}}],"collection":[{"href":"https:\/\/www.fiemg.com.br\/fiemg\/wp-json\/wp\/v2\/noticias"}],"about":[{"href":"https:\/\/www.fiemg.com.br\/fiemg\/wp-json\/wp\/v2\/types\/noticias"}],"wp:featuredmedia":[{"embeddable":true,"href":"https:\/\/www.fiemg.com.br\/fiemg\/wp-json\/wp\/v2\/media\/6484"}],"wp:attachment":[{"href":"https:\/\/www.fiemg.com.br\/fiemg\/wp-json\/wp\/v2\/media?parent=6483"}],"wp:term":[{"taxonomy":"category","embeddable":true,"href":"https:\/\/www.fiemg.com.br\/fiemg\/wp-json\/wp\/v2\/categories?post=6483"},{"taxonomy":"post_tag","embeddable":true,"href":"https:\/\/www.fiemg.com.br\/fiemg\/wp-json\/wp\/v2\/tags?post=6483"}],"curies":[{"name":"wp","href":"https:\/\/api.w.org\/{rel}","templated":true}]}}