{"id":6622,"date":"2024-10-31T17:53:06","date_gmt":"2024-10-31T20:53:06","guid":{"rendered":"https:\/\/www.fiemg.com.br\/fiemg\/noticias\/encontro-minas-a-casa-do-leite-destaca-a-forca-do-setor-lacteo-em-minas-gerais\/"},"modified":"2024-10-31T17:53:06","modified_gmt":"2024-10-31T20:53:06","slug":"encontro-minas-a-casa-do-leite-destaca-a-forca-do-setor-lacteo-em-minas-gerais","status":"publish","type":"noticias","link":"https:\/\/www.fiemg.com.br\/fiemg\/noticias\/encontro-minas-a-casa-do-leite-destaca-a-forca-do-setor-lacteo-em-minas-gerais\/","title":{"rendered":"Encontro Minas \u2013 A Casa do Leite destaca a for\u00e7a do setor l\u00e1cteo em Minas Gerais \u00a0"},"content":{"rendered":"\n<p>Nesta quinta-feira, 31\/10, a sede da Federa\u00e7\u00e3o das Ind\u00fastrias de Minas Gerais (FIEMG) foi palco do Encontro Minas \u2013 A Casa do Leite, promovido pelo Sindicato da Ind\u00fastria de Latic\u00ednios e Produtos Derivados do Estado de Minas Gerais (SILEMG). O evento reuniu lideran\u00e7as pol\u00edticas e empresariais para discutir o desenvolvimento da ind\u00fastria de latic\u00ednios e homenagear personalidades de destaque do setor.<\/p>\n\n\n\n<p>A abertura do evento destacou a import\u00e2ncia da produ\u00e7\u00e3o de leite para Minas Gerais, estado respons\u00e1vel por uma das maiores produ\u00e7\u00f5es de leite do pa\u00eds, com 9,4 bilh\u00f5es de litros anuais, gerando cerca de um milh\u00e3o de empregos. Com n\u00fameros expressivos e tradi\u00e7\u00e3o em queijos e derivados l\u00e1cteos, o estado se destaca n\u00e3o apenas pela quantidade, mas pela relev\u00e2ncia econ\u00f4mica e cultural dessa cadeia produtiva.<\/p>\n\n\n\n<p>Na mesa de abertura, figuras importantes como o presidente em exerc\u00edcio da FIEMG, Ren\u00ea Wakil J\u00fanior, o presidente do SILEMG, Guilherme Abrantes, e a secret\u00e1ria de Estado de Meio Ambiente, Mar\u00edlia Melo, enalteceram os esfor\u00e7os para o crescimento do setor. Em discurso, Guilherme Abrantes revelou sua prepara\u00e7\u00e3o para suceder o presidente Fl\u00e1vio Roscoe na FIEMG em 2026. &#8220;Aceitei e estou disposto a defender a ind\u00fastria fortemente, como tem sido feito nos \u00faltimos anos&#8221;, afirmou Abrantes.<\/p>\n\n\n\n<p>Mar\u00edlia Melo refor\u00e7ou a import\u00e2ncia de uma atua\u00e7\u00e3o conjunta entre setores como agro e ind\u00fastria, com o apoio do governador Romeu Zema. &#8220;Esse interesse de desenvolvimento sustent\u00e1vel n\u00e3o \u00e9 interesse apenas do governo, \u00e9 um interesse e um engajamento real do agro de Minas Gerais e da ind\u00fastria do estado&#8221;, destacou a secret\u00e1ria.<\/p>\n\n\n\n<p>O deputado federal Reginaldo Lopes, coordenador do Grupo da Reforma Tribut\u00e1ria, expressou otimismo em rela\u00e7\u00e3o \u00e0s novas dire\u00e7\u00f5es da economia e ao papel de Minas Gerais no contexto nacional. &#8220;Com esses movimentos, as coa\u00e7\u00f5es internacionais, novos investidores, acredito que em 2026 para 2027 nos tornaremos o segundo PIB do pa\u00eds&#8221;, declarou.<\/p>\n\n\n\n<p>O evento tamb\u00e9m contou com a entrega de homenagens a representantes do SILEMG que se destacaram em suas atividades, como os coordenadores regionais Jo\u00e3o Marques Pereira Neto (Regional Governador Valadares\/Alto Capara\u00f3), Robson Paula Valle (Regional Juiz de Fora), Emerson Faria do Amaral (Regional Uberl\u00e2ndia), Wilson Teixeira de Andrade Leite (Regional S\u00e3o Jo\u00e3o Del Rei) e Geraldo Carlos da Silva (Regional Te\u00f3filo Otoni). &#8220;Reconhecemos os homenageados pela lideran\u00e7a e dedica\u00e7\u00e3o na coordena\u00e7\u00e3o das reuni\u00f5es de mercado das regionais&#8221;, disse Abrantes.<\/p>\n\n\n\n<figure class=\"wp-block-image size-large\"><img decoding=\"async\" src=\"https:\/\/www.fiemg.com.br\/fiemg\/wp-content\/uploads\/sites\/10\/2024\/10\/54108099983_778b7d8608_o-1024x682.jpg\" alt=\"\" class=\"wp-image-6623\" \/><\/figure>\n\n\n\n<p><strong>Palestras e patroc\u00ednios impulsionam o debate sobre tecnologia e sustentabilidade<\/strong><\/p>\n\n\n\n<p>A programa\u00e7\u00e3o contou com palestras de especialistas, como o fundador e CEO da Morada.AI, Ramon Azevedo, que discutiu os &#8220;Impactos da Intelig\u00eancia Artificial nos Neg\u00f3cios&#8221;, e J\u00falio C\u00e9sar Pereira Alves, diretor de vendas da Sealed Air para a Am\u00e9rica Latina\/Cryovac, que abordou &#8220;Automa\u00e7\u00e3o: Desafios e Solu\u00e7\u00f5es&#8221;. Eduardo Nascimento, gerente de suprimentos da Leites Jussara, fechou o ciclo de palestras com uma an\u00e1lise sobre o &#8220;Mercado do Leite e Derivados&#8221;.<\/p>\n\n\n\n<p>A noite foi encerrada com a apresenta\u00e7\u00e3o do stand-up comedy \u201cRir n\u00e3o d\u00e1 trabalho: qualidade de vida\u201d, com Christiano Junqueira (CJ) e um jantar de confraterniza\u00e7\u00e3o.<\/p>\n\n\n\n<p>Entre as palestras, os patrocinadores do evento tiveram a oportunidade de expor suas inova\u00e7\u00f5es e projetos, refor\u00e7ando a import\u00e2ncia do apoio de empresas, s\u00e3o elas: ABC Industrial, Artvac Embalagens, Cap-Lab Tecnologia e Inova\u00e7\u00e3o para Laborat\u00f3rios, Companhia do Leite, Cryovac, Grupo Equil\u00edbrio, Engefril, Engenho 9, Exsto Automation, Fermentech, Global Food, Inoxnew, Lacerda Diniz e Sena Advogados, Mais Previd\u00eancia, Novonesis, Proaudi &amp; Adviser, Refrisat, Relco, Magistech, Tetra Pak, Tridium e WGM.<\/p>\n\n\n\n<p>Na manh\u00e3 desta quinta, o SILEMG promoveu uma Assembleia Geral, com a apresenta\u00e7\u00e3o da proposta or\u00e7ament\u00e1ria par ao exerc\u00edcio 2024 e retificativo para 2025, al\u00e9m do plano de a\u00e7\u00f5es do sindicato para o pr\u00f3ximo ano e alinhamento do SILEMG Jovem. Na ocasi\u00e3o, foram apresentados os vencedores do Concurso SILEMG de Desenho e Reda\u00e7\u00e3o 2024 e uma palestra sobre Sustentabilidade, com a gerente de Vendas da Tetra Pak Brasil, Rafaelle Alves. <strong><a href=\"https:\/\/www.fiemg.com.br\/noticias\/concurso-do-silemg-premia-estudantes-e-destaca-importancia-do-leite-para-minas\/\">Clique aqui<\/a> <\/strong>e saiba mais.<\/p>\n\n\n\n<p>Veja abaixo as fotos do evento:<\/p>\n\n\n\n<figure class=\"wp-block-embed is-type-rich is-provider-flickr wp-block-embed-flickr\"><div class=\"wp-block-embed__wrapper\">\n<a data-flickr-embed='true' href='https:\/\/www.flickr.com\/photos\/sistemafiemg\/albums\/72177720321624167\/' title='311024 Encontro Minas - A casa do Leite \/ Debates referente ao Mercado   by FIEMGoficial, on Flickr'><img src='https:\/\/live.staticflickr.com\/65535\/54106975372_6c4a09415e_c.jpg' width='800' height='600' alt='SJJ_0243'><\/a><script async src='https:\/\/embedr.flickr.com\/assets\/client-code.js' charset='utf-8'><\/script>\n<\/div><\/figure>\n\n\n\n<p><em>Ana Paula Motta<\/em><br><strong>Imprensa FIEMG<\/strong><\/p>\n","protected":false},"featured_media":6625,"template":"","categories":[15],"tags":[],"class_list":["post-6622","noticias","type-noticias","status-publish","has-post-thumbnail","hentry","category-desenvolvimento-industrial"],"acf":[],"yoast_head":"<!-- This site is optimized with the Yoast SEO plugin v26.2 - https:\/\/yoast.com\/wordpress\/plugins\/seo\/ -->\n<title>Encontro Minas \u2013 A Casa do Leite destaca a for\u00e7a do setor l\u00e1cteo em Minas Gerais \u00a0 - FIEMG<\/title>\n<meta name=\"robots\" content=\"index, follow, max-snippet:-1, max-image-preview:large, max-video-preview:-1\" \/>\n<link rel=\"canonical\" href=\"https:\/\/www.fiemg.com.br\/fiemg\/noticias\/encontro-minas-a-casa-do-leite-destaca-a-forca-do-setor-lacteo-em-minas-gerais\/\" \/>\n<meta property=\"og:locale\" content=\"pt_BR\" \/>\n<meta property=\"og:type\" content=\"article\" \/>\n<meta property=\"og:title\" content=\"Encontro Minas \u2013 A Casa do Leite destaca a for\u00e7a do setor l\u00e1cteo em Minas Gerais \u00a0 - FIEMG\" \/>\n<meta property=\"og:description\" content=\"Nesta quinta-feira, 31\/10, a sede da Federa\u00e7\u00e3o das Ind\u00fastrias de Minas Gerais (FIEMG) foi palco do Encontro Minas \u2013 A Casa do Leite, promovido pelo Sindicato da Ind\u00fastria de Latic\u00ednios e Produtos Derivados do Estado de Minas Gerais (SILEMG). O evento reuniu lideran\u00e7as pol\u00edticas e empresariais para discutir o desenvolvimento da ind\u00fastria de latic\u00ednios e [&hellip;]\" \/>\n<meta property=\"og:url\" content=\"https:\/\/www.fiemg.com.br\/fiemg\/noticias\/encontro-minas-a-casa-do-leite-destaca-a-forca-do-setor-lacteo-em-minas-gerais\/\" \/>\n<meta property=\"og:site_name\" content=\"FIEMG\" \/>\n<meta property=\"og:image\" content=\"https:\/\/www.fiemg.com.br\/fiemg\/wp-content\/uploads\/sites\/10\/2024\/10\/Thumb-Noticia-22.jpg\" \/>\n\t<meta property=\"og:image:width\" content=\"512\" \/>\n\t<meta property=\"og:image:height\" content=\"512\" \/>\n\t<meta property=\"og:image:type\" content=\"image\/jpeg\" \/>\n<meta name=\"twitter:card\" content=\"summary_large_image\" \/>\n<meta name=\"twitter:label1\" content=\"Est. tempo de leitura\" \/>\n\t<meta name=\"twitter:data1\" content=\"4 minutos\" \/>\n<script type=\"application\/ld+json\" class=\"yoast-schema-graph\">{\"@context\":\"https:\/\/schema.org\",\"@graph\":[{\"@type\":\"WebPage\",\"@id\":\"https:\/\/www.fiemg.com.br\/fiemg\/noticias\/encontro-minas-a-casa-do-leite-destaca-a-forca-do-setor-lacteo-em-minas-gerais\/\",\"url\":\"https:\/\/www.fiemg.com.br\/fiemg\/noticias\/encontro-minas-a-casa-do-leite-destaca-a-forca-do-setor-lacteo-em-minas-gerais\/\",\"name\":\"Encontro Minas \u2013 A Casa do Leite destaca a for\u00e7a do setor l\u00e1cteo em Minas Gerais \u00a0 - FIEMG\",\"isPartOf\":{\"@id\":\"https:\/\/www.fiemg.com.br\/fiemg\/#website\"},\"primaryImageOfPage\":{\"@id\":\"https:\/\/www.fiemg.com.br\/fiemg\/noticias\/encontro-minas-a-casa-do-leite-destaca-a-forca-do-setor-lacteo-em-minas-gerais\/#primaryimage\"},\"image\":{\"@id\":\"https:\/\/www.fiemg.com.br\/fiemg\/noticias\/encontro-minas-a-casa-do-leite-destaca-a-forca-do-setor-lacteo-em-minas-gerais\/#primaryimage\"},\"thumbnailUrl\":\"https:\/\/www.fiemg.com.br\/fiemg\/wp-content\/uploads\/sites\/10\/2024\/10\/Thumb-Noticia-22.jpg\",\"datePublished\":\"2024-10-31T20:53:06+00:00\",\"breadcrumb\":{\"@id\":\"https:\/\/www.fiemg.com.br\/fiemg\/noticias\/encontro-minas-a-casa-do-leite-destaca-a-forca-do-setor-lacteo-em-minas-gerais\/#breadcrumb\"},\"inLanguage\":\"pt-BR\",\"potentialAction\":[{\"@type\":\"ReadAction\",\"target\":[\"https:\/\/www.fiemg.com.br\/fiemg\/noticias\/encontro-minas-a-casa-do-leite-destaca-a-forca-do-setor-lacteo-em-minas-gerais\/\"]}]},{\"@type\":\"ImageObject\",\"inLanguage\":\"pt-BR\",\"@id\":\"https:\/\/www.fiemg.com.br\/fiemg\/noticias\/encontro-minas-a-casa-do-leite-destaca-a-forca-do-setor-lacteo-em-minas-gerais\/#primaryimage\",\"url\":\"https:\/\/www.fiemg.com.br\/fiemg\/wp-content\/uploads\/sites\/10\/2024\/10\/Thumb-Noticia-22.jpg\",\"contentUrl\":\"https:\/\/www.fiemg.com.br\/fiemg\/wp-content\/uploads\/sites\/10\/2024\/10\/Thumb-Noticia-22.jpg\",\"width\":512,\"height\":512},{\"@type\":\"BreadcrumbList\",\"@id\":\"https:\/\/www.fiemg.com.br\/fiemg\/noticias\/encontro-minas-a-casa-do-leite-destaca-a-forca-do-setor-lacteo-em-minas-gerais\/#breadcrumb\",\"itemListElement\":[{\"@type\":\"ListItem\",\"position\":1,\"name\":\"In\u00edcio\",\"item\":\"https:\/\/www.fiemg.com.br\/fiemg\/\"},{\"@type\":\"ListItem\",\"position\":2,\"name\":\"Encontro Minas \u2013 A Casa do Leite destaca a for\u00e7a do setor l\u00e1cteo em Minas Gerais \u00a0\"}]},{\"@type\":\"WebSite\",\"@id\":\"https:\/\/www.fiemg.com.br\/fiemg\/#website\",\"url\":\"https:\/\/www.fiemg.com.br\/fiemg\/\",\"name\":\"FIEMG\",\"description\":\"Federa\u00e7\u00e3o das Ind\u00fastrias do Estado de Minas Gerais\",\"publisher\":{\"@id\":\"https:\/\/www.fiemg.com.br\/fiemg\/#organization\"},\"potentialAction\":[{\"@type\":\"SearchAction\",\"target\":{\"@type\":\"EntryPoint\",\"urlTemplate\":\"https:\/\/www.fiemg.com.br\/fiemg\/?s={search_term_string}\"},\"query-input\":{\"@type\":\"PropertyValueSpecification\",\"valueRequired\":true,\"valueName\":\"search_term_string\"}}],\"inLanguage\":\"pt-BR\"},{\"@type\":\"Organization\",\"@id\":\"https:\/\/www.fiemg.com.br\/fiemg\/#organization\",\"name\":\"FIEMG\",\"url\":\"https:\/\/www.fiemg.com.br\/fiemg\/\",\"logo\":{\"@type\":\"ImageObject\",\"inLanguage\":\"pt-BR\",\"@id\":\"https:\/\/www.fiemg.com.br\/fiemg\/#\/schema\/logo\/image\/\",\"url\":\"https:\/\/www.fiemg.com.br\/fiemg\/wp-content\/uploads\/sites\/10\/2023\/02\/fiemg_branco.svg\",\"contentUrl\":\"https:\/\/www.fiemg.com.br\/fiemg\/wp-content\/uploads\/sites\/10\/2023\/02\/fiemg_branco.svg\",\"width\":561,\"height\":147,\"caption\":\"FIEMG\"},\"image\":{\"@id\":\"https:\/\/www.fiemg.com.br\/fiemg\/#\/schema\/logo\/image\/\"}}]}<\/script>\n<!-- \/ Yoast SEO plugin. -->","yoast_head_json":{"title":"Encontro Minas \u2013 A Casa do Leite destaca a for\u00e7a do setor l\u00e1cteo em Minas Gerais \u00a0 - FIEMG","robots":{"index":"index","follow":"follow","max-snippet":"max-snippet:-1","max-image-preview":"max-image-preview:large","max-video-preview":"max-video-preview:-1"},"canonical":"https:\/\/www.fiemg.com.br\/fiemg\/noticias\/encontro-minas-a-casa-do-leite-destaca-a-forca-do-setor-lacteo-em-minas-gerais\/","og_locale":"pt_BR","og_type":"article","og_title":"Encontro Minas \u2013 A Casa do Leite destaca a for\u00e7a do setor l\u00e1cteo em Minas Gerais \u00a0 - FIEMG","og_description":"Nesta quinta-feira, 31\/10, a sede da Federa\u00e7\u00e3o das Ind\u00fastrias de Minas Gerais (FIEMG) foi palco do Encontro Minas \u2013 A Casa do Leite, promovido pelo Sindicato da Ind\u00fastria de Latic\u00ednios e Produtos Derivados do Estado de Minas Gerais (SILEMG). O evento reuniu lideran\u00e7as pol\u00edticas e empresariais para discutir o desenvolvimento da ind\u00fastria de latic\u00ednios e [&hellip;]","og_url":"https:\/\/www.fiemg.com.br\/fiemg\/noticias\/encontro-minas-a-casa-do-leite-destaca-a-forca-do-setor-lacteo-em-minas-gerais\/","og_site_name":"FIEMG","og_image":[{"width":512,"height":512,"url":"https:\/\/www.fiemg.com.br\/fiemg\/wp-content\/uploads\/sites\/10\/2024\/10\/Thumb-Noticia-22.jpg","type":"image\/jpeg"}],"twitter_card":"summary_large_image","twitter_misc":{"Est. tempo de leitura":"4 minutos"},"schema":{"@context":"https:\/\/schema.org","@graph":[{"@type":"WebPage","@id":"https:\/\/www.fiemg.com.br\/fiemg\/noticias\/encontro-minas-a-casa-do-leite-destaca-a-forca-do-setor-lacteo-em-minas-gerais\/","url":"https:\/\/www.fiemg.com.br\/fiemg\/noticias\/encontro-minas-a-casa-do-leite-destaca-a-forca-do-setor-lacteo-em-minas-gerais\/","name":"Encontro Minas \u2013 A Casa do Leite destaca a for\u00e7a do setor l\u00e1cteo em Minas Gerais \u00a0 - FIEMG","isPartOf":{"@id":"https:\/\/www.fiemg.com.br\/fiemg\/#website"},"primaryImageOfPage":{"@id":"https:\/\/www.fiemg.com.br\/fiemg\/noticias\/encontro-minas-a-casa-do-leite-destaca-a-forca-do-setor-lacteo-em-minas-gerais\/#primaryimage"},"image":{"@id":"https:\/\/www.fiemg.com.br\/fiemg\/noticias\/encontro-minas-a-casa-do-leite-destaca-a-forca-do-setor-lacteo-em-minas-gerais\/#primaryimage"},"thumbnailUrl":"https:\/\/www.fiemg.com.br\/fiemg\/wp-content\/uploads\/sites\/10\/2024\/10\/Thumb-Noticia-22.jpg","datePublished":"2024-10-31T20:53:06+00:00","breadcrumb":{"@id":"https:\/\/www.fiemg.com.br\/fiemg\/noticias\/encontro-minas-a-casa-do-leite-destaca-a-forca-do-setor-lacteo-em-minas-gerais\/#breadcrumb"},"inLanguage":"pt-BR","potentialAction":[{"@type":"ReadAction","target":["https:\/\/www.fiemg.com.br\/fiemg\/noticias\/encontro-minas-a-casa-do-leite-destaca-a-forca-do-setor-lacteo-em-minas-gerais\/"]}]},{"@type":"ImageObject","inLanguage":"pt-BR","@id":"https:\/\/www.fiemg.com.br\/fiemg\/noticias\/encontro-minas-a-casa-do-leite-destaca-a-forca-do-setor-lacteo-em-minas-gerais\/#primaryimage","url":"https:\/\/www.fiemg.com.br\/fiemg\/wp-content\/uploads\/sites\/10\/2024\/10\/Thumb-Noticia-22.jpg","contentUrl":"https:\/\/www.fiemg.com.br\/fiemg\/wp-content\/uploads\/sites\/10\/2024\/10\/Thumb-Noticia-22.jpg","width":512,"height":512},{"@type":"BreadcrumbList","@id":"https:\/\/www.fiemg.com.br\/fiemg\/noticias\/encontro-minas-a-casa-do-leite-destaca-a-forca-do-setor-lacteo-em-minas-gerais\/#breadcrumb","itemListElement":[{"@type":"ListItem","position":1,"name":"In\u00edcio","item":"https:\/\/www.fiemg.com.br\/fiemg\/"},{"@type":"ListItem","position":2,"name":"Encontro Minas \u2013 A Casa do Leite destaca a for\u00e7a do setor l\u00e1cteo em Minas Gerais \u00a0"}]},{"@type":"WebSite","@id":"https:\/\/www.fiemg.com.br\/fiemg\/#website","url":"https:\/\/www.fiemg.com.br\/fiemg\/","name":"FIEMG","description":"Federa\u00e7\u00e3o das Ind\u00fastrias do Estado de Minas Gerais","publisher":{"@id":"https:\/\/www.fiemg.com.br\/fiemg\/#organization"},"potentialAction":[{"@type":"SearchAction","target":{"@type":"EntryPoint","urlTemplate":"https:\/\/www.fiemg.com.br\/fiemg\/?s={search_term_string}"},"query-input":{"@type":"PropertyValueSpecification","valueRequired":true,"valueName":"search_term_string"}}],"inLanguage":"pt-BR"},{"@type":"Organization","@id":"https:\/\/www.fiemg.com.br\/fiemg\/#organization","name":"FIEMG","url":"https:\/\/www.fiemg.com.br\/fiemg\/","logo":{"@type":"ImageObject","inLanguage":"pt-BR","@id":"https:\/\/www.fiemg.com.br\/fiemg\/#\/schema\/logo\/image\/","url":"https:\/\/www.fiemg.com.br\/fiemg\/wp-content\/uploads\/sites\/10\/2023\/02\/fiemg_branco.svg","contentUrl":"https:\/\/www.fiemg.com.br\/fiemg\/wp-content\/uploads\/sites\/10\/2023\/02\/fiemg_branco.svg","width":561,"height":147,"caption":"FIEMG"},"image":{"@id":"https:\/\/www.fiemg.com.br\/fiemg\/#\/schema\/logo\/image\/"}}]}},"_links":{"self":[{"href":"https:\/\/www.fiemg.com.br\/fiemg\/wp-json\/wp\/v2\/noticias\/6622","targetHints":{"allow":["GET"]}}],"collection":[{"href":"https:\/\/www.fiemg.com.br\/fiemg\/wp-json\/wp\/v2\/noticias"}],"about":[{"href":"https:\/\/www.fiemg.com.br\/fiemg\/wp-json\/wp\/v2\/types\/noticias"}],"wp:featuredmedia":[{"embeddable":true,"href":"https:\/\/www.fiemg.com.br\/fiemg\/wp-json\/wp\/v2\/media\/6625"}],"wp:attachment":[{"href":"https:\/\/www.fiemg.com.br\/fiemg\/wp-json\/wp\/v2\/media?parent=6622"}],"wp:term":[{"taxonomy":"category","embeddable":true,"href":"https:\/\/www.fiemg.com.br\/fiemg\/wp-json\/wp\/v2\/categories?post=6622"},{"taxonomy":"post_tag","embeddable":true,"href":"https:\/\/www.fiemg.com.br\/fiemg\/wp-json\/wp\/v2\/tags?post=6622"}],"curies":[{"name":"wp","href":"https:\/\/api.w.org\/{rel}","templated":true}]}}