{"id":6911,"date":"2024-11-22T14:47:47","date_gmt":"2024-11-22T17:47:47","guid":{"rendered":"https:\/\/www.fiemg.com.br\/fiemg\/?post_type=noticias&#038;p=6911"},"modified":"2024-11-22T14:47:51","modified_gmt":"2024-11-22T17:47:51","slug":"fiemg-e-houer-divulgam-estudo-de-impacto-para-a-industria-da-duplicacao-da-br-381","status":"publish","type":"noticias","link":"https:\/\/www.fiemg.com.br\/fiemg\/noticias\/fiemg-e-houer-divulgam-estudo-de-impacto-para-a-industria-da-duplicacao-da-br-381\/","title":{"rendered":"FIEMG e Houer divulgam estudo de impacto para a ind\u00fastria da duplica\u00e7\u00e3o da BR-381"},"content":{"rendered":"\n<figure class=\"wp-block-image alignleft size-full is-resized\"><img fetchpriority=\"high\" decoding=\"async\" width=\"949\" height=\"534\" src=\"https:\/\/www.fiemg.com.br\/fiemg\/wp-content\/uploads\/sites\/10\/2024\/11\/Estudo-BR-381.jpg\" alt=\"\" class=\"wp-image-6913\" style=\"width:611px;height:auto\" srcset=\"https:\/\/www.fiemg.com.br\/fiemg\/wp-content\/uploads\/sites\/10\/2024\/11\/Estudo-BR-381.jpg 949w, https:\/\/www.fiemg.com.br\/fiemg\/wp-content\/uploads\/sites\/10\/2024\/11\/Estudo-BR-381-300x169.jpg 300w, https:\/\/www.fiemg.com.br\/fiemg\/wp-content\/uploads\/sites\/10\/2024\/11\/Estudo-BR-381-768x432.jpg 768w\" sizes=\"(max-width: 949px) 100vw, 949px\" \/><\/figure>\n\n\n\n<p>Com a proximidade do prazo final para a assinatura do contrato de concess\u00e3o da BR-381, no trecho que liga Belo Horizonte a Governador Valadares, no Leste do Estado, a Federa\u00e7\u00e3o das Ind\u00fastrias do Estado de Minas Gerais (FIEMG) e a consultoria Houer divulgam um estudo sobre os impactos sociais e econ\u00f4micos da rodovia para o Estado e a ind\u00fastria mineira.&nbsp;<\/p>\n\n\n\n<p>A publica\u00e7\u00e3o foi elaborada pela consultoria para o Conselho de Infraestrutura da FIEMG e traz um compilado de dados p\u00fablicos acerca da situa\u00e7\u00e3o da BR, como extens\u00e3o, trechos com problemas, diferen\u00e7a entre a parte duplicada e n\u00e3o duplicada, bem como n\u00famero de acidentes e mortes. Al\u00e9m disso, o estudo faz uma proje\u00e7\u00e3o dos impactos positivos em decorr\u00eancia da concess\u00e3o da rodovia para a seguran\u00e7a, efici\u00eancia e sustentabilidade do trecho entre Belo Horizonte e Valadares.&nbsp;<\/p>\n\n\n\n<p>Al\u00e9m de proporcionar mais fluidez do tr\u00e2nsito, considerado um dos grandes gargalos da rodovia, o estudo estima que, a partir da concess\u00e3o e duplica\u00e7\u00e3o do trecho, sejam mitigados cerca de 161 mil toneladas de gases de efeito estufa ao longo de 30 anos. Al\u00e9m disso, o levantamento prev\u00ea uma redu\u00e7\u00e3o de R$1,01 bilh\u00e3o em despesas aos usu\u00e1rios (considerando gastos com combust\u00edvel, lubrificantes, pe\u00e7as, pneus e tempo de transporte de cargas) e de R$374,55 milh\u00f5es em custos com acidentes.&nbsp;<\/p>\n\n\n\n<p>Segundo o diretor do Conselho de Infraestrutura da FIEMG, Vict\u00f3rio Semionato, al\u00e9m dos impactos diretos calculados pelo estudo da Houer, h\u00e1 ainda consequ\u00eancias indiretas que, inicialmente, n\u00e3o s\u00e3o pass\u00edveis de mensura\u00e7\u00e3o, entre eles o preju\u00edzo causado pela atual situa\u00e7\u00e3o da BR-381 para a atra\u00e7\u00e3o de investimentos para regi\u00f5es ligadas pela rodovia. \u201cA dificuldade de escoamento de produ\u00e7\u00e3o pela BR-381 acaba por impactar negativamente na instala\u00e7\u00e3o de ind\u00fastrias em diversos munic\u00edpios localizados \u00e0s margens da rodovia. Nesse sentido, a regi\u00e3o do Vale do A\u00e7o, por exemplo, acaba prejudicada na atra\u00e7\u00e3o de novas ind\u00fastrias por uma dificuldade log\u00edstica de liga\u00e7\u00e3o com Belo Horizonte\u201d, disse.<\/p>\n\n\n\n<p>Inclusive, o estudo apresenta um comparativo entre o trecho concedido entre BH e S\u00e3o Paulo e o n\u00e3o concedido, da capital mineira a Valadares, sob a \u00f3tica da gera\u00e7\u00e3o de empregos para a ind\u00fastria. Quando analisadas somente as cidades sob influ\u00eancia direta da BR-381 no trecho concessionado at\u00e9 S\u00e3o Paulo, com exce\u00e7\u00e3o de Belo Horizonte, foi criado em 2023 um saldo de 22.907 vagas, sendo 5.524 no setor industrial. J\u00e1 nas cidades sob influ\u00eancia direta do trecho n\u00e3o concessionado houve um registro negativo, com a perda 1.180 v\u00ednculos de empregos no setor industrial no ano passado.<\/p>\n\n\n\n<p>Semionato ressaltou tamb\u00e9m o impacto da concess\u00e3o para a popula\u00e7\u00e3o, uma vez que os custos de transporte mais elevados em raz\u00e3o da situa\u00e7\u00e3o das vias influenciam diretamente o valor do frete. \u201cE todo esse custo \u00e9, invariavelmente, repassado ao pre\u00e7o final dos produtos, impactando diretamente os consumidores\u201d, completou.<\/p>\n\n\n\n<p>J\u00e1 o presidente da Houer e membro do Conselho de Infraestrutura da FIEMG, Fernando Iannotti, destacou que a concess\u00e3o do trecho entre BH e Governador Valadares tem potencial muito grande de melhorar as condi\u00e7\u00f5es de seguran\u00e7a e trafegabilidade da rodovia. &#8220;A concess\u00e3o da BR-381 representa um avan\u00e7o significativo para transformar a principal rota log\u00edstica de Minas Gerais, com potencial de impacto direto na vida de mais de 5 milh\u00f5es de pessoas que vivem ao longo de seu trajeto. A iniciativa privada assumir\u00e1 os custos que o poder p\u00fablico hoje n\u00e3o consegue cobrir integralmente, o que representa economia e arrecada\u00e7\u00e3o significativa para o Estado e retorno direto para a sociedade\u201d, disse.&nbsp;<\/p>\n\n\n\n<p>A nova rodada de concess\u00e3o da BR-381 foi realizada em 29 de agosto e a 4UM Investimentos venceu a disputa. O fundo re\u00fane a\u00e7\u00f5es das empresas MLC, Aterpa e Senpar.<\/p>\n\n\n\n<p>Ao longo dos \u00faltimos anos, o governo federal tentou realizar o leil\u00e3o da rodovia para a iniciativa privada em pelo menos tr\u00eas ocasi\u00f5es (novembro\/2021, fevereiro\/2022 e novembro\/2023). Tamb\u00e9m houve uma tentativa de concess\u00e3o em 2013, por\u00e9m n\u00e3o houve interessados.<\/p>\n\n\n\n<p>Confira a \u00edntegra do estudo \u201cINFRAESTRUTURA E CRESCIMENTO ECON\u00d4MICO: a nova rodada de concess\u00e3o da BR-381 como modelo de seguran\u00e7a, efici\u00eancia e sustentabilidade\u201d, <strong><a href=\"https:\/\/www.fiemg.com.br\/wp-content\/uploads\/2024\/11\/20241108-Artigo-Houer-Infraestrutura-e-crescimento-economico_Atualizado.pdf\" target=\"_blank\" rel=\"noreferrer noopener\">clicando aqui<\/a><\/strong>.<\/p>\n\n\n\n<p><em>Tha\u00eds Mota<\/em><br><strong>Imprensa FIEMG<\/strong><\/p>\n\n\n\n<p><\/p>\n\n\n\n<p><\/p>\n\n\n\n<p><\/p>\n\n\n\n<p><\/p>\n","protected":false},"featured_media":6912,"template":"","categories":[15],"tags":[1124,1125,1126,1127,78,1128],"class_list":["post-6911","noticias","type-noticias","status-publish","has-post-thumbnail","hentry","category-desenvolvimento-industrial","tag-belo-horizonte","tag-br-381","tag-duplicacao","tag-estudo-de-impacto","tag-fiemg","tag-houer"],"acf":[],"yoast_head":"<!-- This site is optimized with the Yoast SEO plugin v26.2 - https:\/\/yoast.com\/wordpress\/plugins\/seo\/ -->\n<title>FIEMG e Houer divulgam estudo de impacto para a ind\u00fastria da duplica\u00e7\u00e3o da BR-381 - FIEMG<\/title>\n<meta name=\"description\" content=\"Levantamento faz uma proje\u00e7\u00e3o sobre os impactos da concess\u00e3o da rodovia podem gerar para a seguran\u00e7a, efici\u00eancia e sustentabilidade do trecho que liga BH \u00e0 Valadares\" \/>\n<meta name=\"robots\" content=\"index, follow, max-snippet:-1, max-image-preview:large, max-video-preview:-1\" \/>\n<link rel=\"canonical\" href=\"https:\/\/www.fiemg.com.br\/fiemg\/noticias\/fiemg-e-houer-divulgam-estudo-de-impacto-para-a-industria-da-duplicacao-da-br-381\/\" \/>\n<meta property=\"og:locale\" content=\"pt_BR\" \/>\n<meta property=\"og:type\" content=\"article\" \/>\n<meta property=\"og:title\" content=\"FIEMG e Houer divulgam estudo de impacto para a ind\u00fastria da duplica\u00e7\u00e3o da BR-381 - FIEMG\" \/>\n<meta property=\"og:description\" content=\"Levantamento faz uma proje\u00e7\u00e3o sobre os impactos da concess\u00e3o da rodovia podem gerar para a seguran\u00e7a, efici\u00eancia e sustentabilidade do trecho que liga BH \u00e0 Valadares\" \/>\n<meta property=\"og:url\" content=\"https:\/\/www.fiemg.com.br\/fiemg\/noticias\/fiemg-e-houer-divulgam-estudo-de-impacto-para-a-industria-da-duplicacao-da-br-381\/\" \/>\n<meta property=\"og:site_name\" content=\"FIEMG\" \/>\n<meta property=\"article:modified_time\" content=\"2024-11-22T17:47:51+00:00\" \/>\n<meta property=\"og:image\" content=\"https:\/\/www.fiemg.com.br\/fiemg\/wp-content\/uploads\/sites\/10\/2024\/11\/BR-381.jpg\" \/>\n\t<meta property=\"og:image:width\" content=\"512\" \/>\n\t<meta property=\"og:image:height\" content=\"512\" \/>\n\t<meta property=\"og:image:type\" content=\"image\/jpeg\" \/>\n<meta name=\"twitter:card\" content=\"summary_large_image\" \/>\n<meta name=\"twitter:label1\" content=\"Est. tempo de leitura\" \/>\n\t<meta name=\"twitter:data1\" content=\"5 minutos\" \/>\n<script type=\"application\/ld+json\" class=\"yoast-schema-graph\">{\"@context\":\"https:\/\/schema.org\",\"@graph\":[{\"@type\":\"WebPage\",\"@id\":\"https:\/\/www.fiemg.com.br\/fiemg\/noticias\/fiemg-e-houer-divulgam-estudo-de-impacto-para-a-industria-da-duplicacao-da-br-381\/\",\"url\":\"https:\/\/www.fiemg.com.br\/fiemg\/noticias\/fiemg-e-houer-divulgam-estudo-de-impacto-para-a-industria-da-duplicacao-da-br-381\/\",\"name\":\"FIEMG e Houer divulgam estudo de impacto para a ind\u00fastria da duplica\u00e7\u00e3o da BR-381 - FIEMG\",\"isPartOf\":{\"@id\":\"https:\/\/www.fiemg.com.br\/fiemg\/#website\"},\"primaryImageOfPage\":{\"@id\":\"https:\/\/www.fiemg.com.br\/fiemg\/noticias\/fiemg-e-houer-divulgam-estudo-de-impacto-para-a-industria-da-duplicacao-da-br-381\/#primaryimage\"},\"image\":{\"@id\":\"https:\/\/www.fiemg.com.br\/fiemg\/noticias\/fiemg-e-houer-divulgam-estudo-de-impacto-para-a-industria-da-duplicacao-da-br-381\/#primaryimage\"},\"thumbnailUrl\":\"https:\/\/www.fiemg.com.br\/fiemg\/wp-content\/uploads\/sites\/10\/2024\/11\/BR-381.jpg\",\"datePublished\":\"2024-11-22T17:47:47+00:00\",\"dateModified\":\"2024-11-22T17:47:51+00:00\",\"description\":\"Levantamento faz uma proje\u00e7\u00e3o sobre os impactos da concess\u00e3o da rodovia podem gerar para a seguran\u00e7a, efici\u00eancia e sustentabilidade do trecho que liga BH \u00e0 Valadares\",\"breadcrumb\":{\"@id\":\"https:\/\/www.fiemg.com.br\/fiemg\/noticias\/fiemg-e-houer-divulgam-estudo-de-impacto-para-a-industria-da-duplicacao-da-br-381\/#breadcrumb\"},\"inLanguage\":\"pt-BR\",\"potentialAction\":[{\"@type\":\"ReadAction\",\"target\":[\"https:\/\/www.fiemg.com.br\/fiemg\/noticias\/fiemg-e-houer-divulgam-estudo-de-impacto-para-a-industria-da-duplicacao-da-br-381\/\"]}]},{\"@type\":\"ImageObject\",\"inLanguage\":\"pt-BR\",\"@id\":\"https:\/\/www.fiemg.com.br\/fiemg\/noticias\/fiemg-e-houer-divulgam-estudo-de-impacto-para-a-industria-da-duplicacao-da-br-381\/#primaryimage\",\"url\":\"https:\/\/www.fiemg.com.br\/fiemg\/wp-content\/uploads\/sites\/10\/2024\/11\/BR-381.jpg\",\"contentUrl\":\"https:\/\/www.fiemg.com.br\/fiemg\/wp-content\/uploads\/sites\/10\/2024\/11\/BR-381.jpg\",\"width\":512,\"height\":512},{\"@type\":\"BreadcrumbList\",\"@id\":\"https:\/\/www.fiemg.com.br\/fiemg\/noticias\/fiemg-e-houer-divulgam-estudo-de-impacto-para-a-industria-da-duplicacao-da-br-381\/#breadcrumb\",\"itemListElement\":[{\"@type\":\"ListItem\",\"position\":1,\"name\":\"In\u00edcio\",\"item\":\"https:\/\/www.fiemg.com.br\/fiemg\/\"},{\"@type\":\"ListItem\",\"position\":2,\"name\":\"FIEMG e Houer divulgam estudo de impacto para a ind\u00fastria da duplica\u00e7\u00e3o da BR-381\"}]},{\"@type\":\"WebSite\",\"@id\":\"https:\/\/www.fiemg.com.br\/fiemg\/#website\",\"url\":\"https:\/\/www.fiemg.com.br\/fiemg\/\",\"name\":\"FIEMG\",\"description\":\"Federa\u00e7\u00e3o das Ind\u00fastrias do Estado de Minas Gerais\",\"publisher\":{\"@id\":\"https:\/\/www.fiemg.com.br\/fiemg\/#organization\"},\"potentialAction\":[{\"@type\":\"SearchAction\",\"target\":{\"@type\":\"EntryPoint\",\"urlTemplate\":\"https:\/\/www.fiemg.com.br\/fiemg\/?s={search_term_string}\"},\"query-input\":{\"@type\":\"PropertyValueSpecification\",\"valueRequired\":true,\"valueName\":\"search_term_string\"}}],\"inLanguage\":\"pt-BR\"},{\"@type\":\"Organization\",\"@id\":\"https:\/\/www.fiemg.com.br\/fiemg\/#organization\",\"name\":\"FIEMG\",\"url\":\"https:\/\/www.fiemg.com.br\/fiemg\/\",\"logo\":{\"@type\":\"ImageObject\",\"inLanguage\":\"pt-BR\",\"@id\":\"https:\/\/www.fiemg.com.br\/fiemg\/#\/schema\/logo\/image\/\",\"url\":\"https:\/\/www.fiemg.com.br\/fiemg\/wp-content\/uploads\/sites\/10\/2023\/02\/fiemg_branco.svg\",\"contentUrl\":\"https:\/\/www.fiemg.com.br\/fiemg\/wp-content\/uploads\/sites\/10\/2023\/02\/fiemg_branco.svg\",\"width\":561,\"height\":147,\"caption\":\"FIEMG\"},\"image\":{\"@id\":\"https:\/\/www.fiemg.com.br\/fiemg\/#\/schema\/logo\/image\/\"}}]}<\/script>\n<!-- \/ Yoast SEO plugin. -->","yoast_head_json":{"title":"FIEMG e Houer divulgam estudo de impacto para a ind\u00fastria da duplica\u00e7\u00e3o da BR-381 - FIEMG","description":"Levantamento faz uma proje\u00e7\u00e3o sobre os impactos da concess\u00e3o da rodovia podem gerar para a seguran\u00e7a, efici\u00eancia e sustentabilidade do trecho que liga BH \u00e0 Valadares","robots":{"index":"index","follow":"follow","max-snippet":"max-snippet:-1","max-image-preview":"max-image-preview:large","max-video-preview":"max-video-preview:-1"},"canonical":"https:\/\/www.fiemg.com.br\/fiemg\/noticias\/fiemg-e-houer-divulgam-estudo-de-impacto-para-a-industria-da-duplicacao-da-br-381\/","og_locale":"pt_BR","og_type":"article","og_title":"FIEMG e Houer divulgam estudo de impacto para a ind\u00fastria da duplica\u00e7\u00e3o da BR-381 - FIEMG","og_description":"Levantamento faz uma proje\u00e7\u00e3o sobre os impactos da concess\u00e3o da rodovia podem gerar para a seguran\u00e7a, efici\u00eancia e sustentabilidade do trecho que liga BH \u00e0 Valadares","og_url":"https:\/\/www.fiemg.com.br\/fiemg\/noticias\/fiemg-e-houer-divulgam-estudo-de-impacto-para-a-industria-da-duplicacao-da-br-381\/","og_site_name":"FIEMG","article_modified_time":"2024-11-22T17:47:51+00:00","og_image":[{"width":512,"height":512,"url":"https:\/\/www.fiemg.com.br\/fiemg\/wp-content\/uploads\/sites\/10\/2024\/11\/BR-381.jpg","type":"image\/jpeg"}],"twitter_card":"summary_large_image","twitter_misc":{"Est. tempo de leitura":"5 minutos"},"schema":{"@context":"https:\/\/schema.org","@graph":[{"@type":"WebPage","@id":"https:\/\/www.fiemg.com.br\/fiemg\/noticias\/fiemg-e-houer-divulgam-estudo-de-impacto-para-a-industria-da-duplicacao-da-br-381\/","url":"https:\/\/www.fiemg.com.br\/fiemg\/noticias\/fiemg-e-houer-divulgam-estudo-de-impacto-para-a-industria-da-duplicacao-da-br-381\/","name":"FIEMG e Houer divulgam estudo de impacto para a ind\u00fastria da duplica\u00e7\u00e3o da BR-381 - FIEMG","isPartOf":{"@id":"https:\/\/www.fiemg.com.br\/fiemg\/#website"},"primaryImageOfPage":{"@id":"https:\/\/www.fiemg.com.br\/fiemg\/noticias\/fiemg-e-houer-divulgam-estudo-de-impacto-para-a-industria-da-duplicacao-da-br-381\/#primaryimage"},"image":{"@id":"https:\/\/www.fiemg.com.br\/fiemg\/noticias\/fiemg-e-houer-divulgam-estudo-de-impacto-para-a-industria-da-duplicacao-da-br-381\/#primaryimage"},"thumbnailUrl":"https:\/\/www.fiemg.com.br\/fiemg\/wp-content\/uploads\/sites\/10\/2024\/11\/BR-381.jpg","datePublished":"2024-11-22T17:47:47+00:00","dateModified":"2024-11-22T17:47:51+00:00","description":"Levantamento faz uma proje\u00e7\u00e3o sobre os impactos da concess\u00e3o da rodovia podem gerar para a seguran\u00e7a, efici\u00eancia e sustentabilidade do trecho que liga BH \u00e0 Valadares","breadcrumb":{"@id":"https:\/\/www.fiemg.com.br\/fiemg\/noticias\/fiemg-e-houer-divulgam-estudo-de-impacto-para-a-industria-da-duplicacao-da-br-381\/#breadcrumb"},"inLanguage":"pt-BR","potentialAction":[{"@type":"ReadAction","target":["https:\/\/www.fiemg.com.br\/fiemg\/noticias\/fiemg-e-houer-divulgam-estudo-de-impacto-para-a-industria-da-duplicacao-da-br-381\/"]}]},{"@type":"ImageObject","inLanguage":"pt-BR","@id":"https:\/\/www.fiemg.com.br\/fiemg\/noticias\/fiemg-e-houer-divulgam-estudo-de-impacto-para-a-industria-da-duplicacao-da-br-381\/#primaryimage","url":"https:\/\/www.fiemg.com.br\/fiemg\/wp-content\/uploads\/sites\/10\/2024\/11\/BR-381.jpg","contentUrl":"https:\/\/www.fiemg.com.br\/fiemg\/wp-content\/uploads\/sites\/10\/2024\/11\/BR-381.jpg","width":512,"height":512},{"@type":"BreadcrumbList","@id":"https:\/\/www.fiemg.com.br\/fiemg\/noticias\/fiemg-e-houer-divulgam-estudo-de-impacto-para-a-industria-da-duplicacao-da-br-381\/#breadcrumb","itemListElement":[{"@type":"ListItem","position":1,"name":"In\u00edcio","item":"https:\/\/www.fiemg.com.br\/fiemg\/"},{"@type":"ListItem","position":2,"name":"FIEMG e Houer divulgam estudo de impacto para a ind\u00fastria da duplica\u00e7\u00e3o da BR-381"}]},{"@type":"WebSite","@id":"https:\/\/www.fiemg.com.br\/fiemg\/#website","url":"https:\/\/www.fiemg.com.br\/fiemg\/","name":"FIEMG","description":"Federa\u00e7\u00e3o das Ind\u00fastrias do Estado de Minas Gerais","publisher":{"@id":"https:\/\/www.fiemg.com.br\/fiemg\/#organization"},"potentialAction":[{"@type":"SearchAction","target":{"@type":"EntryPoint","urlTemplate":"https:\/\/www.fiemg.com.br\/fiemg\/?s={search_term_string}"},"query-input":{"@type":"PropertyValueSpecification","valueRequired":true,"valueName":"search_term_string"}}],"inLanguage":"pt-BR"},{"@type":"Organization","@id":"https:\/\/www.fiemg.com.br\/fiemg\/#organization","name":"FIEMG","url":"https:\/\/www.fiemg.com.br\/fiemg\/","logo":{"@type":"ImageObject","inLanguage":"pt-BR","@id":"https:\/\/www.fiemg.com.br\/fiemg\/#\/schema\/logo\/image\/","url":"https:\/\/www.fiemg.com.br\/fiemg\/wp-content\/uploads\/sites\/10\/2023\/02\/fiemg_branco.svg","contentUrl":"https:\/\/www.fiemg.com.br\/fiemg\/wp-content\/uploads\/sites\/10\/2023\/02\/fiemg_branco.svg","width":561,"height":147,"caption":"FIEMG"},"image":{"@id":"https:\/\/www.fiemg.com.br\/fiemg\/#\/schema\/logo\/image\/"}}]}},"_links":{"self":[{"href":"https:\/\/www.fiemg.com.br\/fiemg\/wp-json\/wp\/v2\/noticias\/6911","targetHints":{"allow":["GET"]}}],"collection":[{"href":"https:\/\/www.fiemg.com.br\/fiemg\/wp-json\/wp\/v2\/noticias"}],"about":[{"href":"https:\/\/www.fiemg.com.br\/fiemg\/wp-json\/wp\/v2\/types\/noticias"}],"wp:featuredmedia":[{"embeddable":true,"href":"https:\/\/www.fiemg.com.br\/fiemg\/wp-json\/wp\/v2\/media\/6912"}],"wp:attachment":[{"href":"https:\/\/www.fiemg.com.br\/fiemg\/wp-json\/wp\/v2\/media?parent=6911"}],"wp:term":[{"taxonomy":"category","embeddable":true,"href":"https:\/\/www.fiemg.com.br\/fiemg\/wp-json\/wp\/v2\/categories?post=6911"},{"taxonomy":"post_tag","embeddable":true,"href":"https:\/\/www.fiemg.com.br\/fiemg\/wp-json\/wp\/v2\/tags?post=6911"}],"curies":[{"name":"wp","href":"https:\/\/api.w.org\/{rel}","templated":true}]}}