{"id":7122,"date":"2024-12-03T11:54:16","date_gmt":"2024-12-03T14:54:16","guid":{"rendered":"https:\/\/www.fiemg.com.br\/fiemg\/noticias\/inteligencia-emocional-e-gestao-das-emocoes-no-trabalho-e-tema-de-treinamento-da-fiemg-regional-zm-3\/"},"modified":"2024-12-03T16:11:45","modified_gmt":"2024-12-03T19:11:45","slug":"inteligencia-emocional-e-gestao-das-emocoes-no-trabalho-e-tema-de-treinamento-da-fiemg-regional-zm-3","status":"publish","type":"noticias","link":"https:\/\/www.fiemg.com.br\/fiemg\/noticias\/inteligencia-emocional-e-gestao-das-emocoes-no-trabalho-e-tema-de-treinamento-da-fiemg-regional-zm-3\/","title":{"rendered":"Intelig\u00eancia Emocional e Gest\u00e3o das Emo\u00e7\u00f5es no Trabalho \u00e9 tema de treinamento da FIEMG Regional ZM"},"content":{"rendered":"\n<p>A intelig\u00eancia emocional \u00e9 uma habilidade crucial para a vida profissional moderna, especialmente em um mundo onde as press\u00f5es e as exig\u00eancias s\u00e3o constantes. Pensando na capacita\u00e7\u00e3o dos profissionais de Juiz de Fora e regi\u00e3o, nos dias 28 e 29 de novembro, a FIEMG Regional Zona da Mata ofereceu um treinamento inovador sobre <strong>Intelig\u00eancia Emocional e Gest\u00e3o das Emo\u00e7\u00f5es no Trabalho<\/strong>. Este curso presencial, com 12 horas de aula, contou com uma abordagem pr\u00e1tica e vivencial voltadas para o desenvolvimento de compet\u00eancias essenciais no ambiente profissional e pessoal.<\/p>\n\n\n\n<p>O objetivo da a\u00e7\u00e3o foi capacitar os participantes a reconhecerem e gerenciarem suas emo\u00e7\u00f5es e as dos outros, melhorando a resili\u00eancia, a comunica\u00e7\u00e3o n\u00e3o violenta, a empatia e a autoconfian\u00e7a. Atrav\u00e9s de atividades pr\u00e1ticas, eles aprenderam a estabelecer relacionamentos saud\u00e1veis, identificar e honrar seus sentimentos e desenvolver uma intelig\u00eancia emocional robusta que possa contribuir para o sucesso e a sustentabilidade de suas carreiras e neg\u00f3cios.<\/p>\n\n\n\n<p>O treinamento foi voltado para profissionais de todas as \u00e1reas, especialmente aqueles que ocupam cargos de gest\u00e3o, lideran\u00e7a e coordena\u00e7\u00e3o, independentemente do setor de atua\u00e7\u00e3o. A apresenta\u00e7\u00e3o do tema ficou a cargo da professora La\u00eds Gouvea, especialista em Gest\u00e3o Educacional, Psicopedagogia e Administra\u00e7\u00e3o, com estudos de doutorado em Neuroci\u00eancia e Biologia do Comportamento, al\u00e9m de forma\u00e7\u00e3o em Coaching pelo ICI.<\/p>\n\n\n\n<p>O curso tamb\u00e9m contou com a participa\u00e7\u00e3o da doutora em Hist\u00f3ria Giovana Castro, especialista em Hist\u00f3ria Africana e Afro-brasileira, mestra em Ci\u00eancia da Religi\u00e3o; palestrante e treinadora empresarial com foco em \u00c9tica, Rela\u00e7\u00f5es Interpessoais, Lideran\u00e7a Emp\u00e1tica e Educa\u00e7\u00e3o para a Diversidade.<\/p>\n\n\n\n<p>Dentro do conte\u00fado program\u00e1tico, estavam temas como: O sentido da Intelig\u00eancia Emocional; Plasticidade cerebral, emo\u00e7\u00e3o e raz\u00e3o; Emo\u00e7\u00f5es b\u00e1sicas; Identificando sentimentos em mim e no outro; Dom\u00ednios para ter Intelig\u00eancia Emocional; Sequestro emocional; Controle de impulsos e pensamentos confusos; Atitudes para mitigar ansiedade, intoler\u00e2ncia e impulsividade; e Sentimentos que desgastam as rela\u00e7\u00f5es.<\/p>\n\n\n\n<p>.<\/p>\n\n\n\n<p><em>Graciele Vianna<\/em><\/p>\n\n\n\n<p><strong>Imprensa FIEMG<\/strong><\/p>\n","protected":false},"featured_media":7130,"template":"","categories":[5],"tags":[],"class_list":["post-7122","noticias","type-noticias","status-publish","has-post-thumbnail","hentry","category-capacitacao-empresarial"],"acf":[],"yoast_head":"<!-- This site is optimized with the Yoast SEO plugin v26.2 - https:\/\/yoast.com\/wordpress\/plugins\/seo\/ -->\n<title>Intelig\u00eancia Emocional e Gest\u00e3o das Emo\u00e7\u00f5es no Trabalho \u00e9 tema de treinamento da FIEMG Regional ZM - FIEMG<\/title>\n<meta name=\"robots\" content=\"index, follow, max-snippet:-1, max-image-preview:large, max-video-preview:-1\" \/>\n<link rel=\"canonical\" href=\"https:\/\/www.fiemg.com.br\/fiemg\/noticias\/inteligencia-emocional-e-gestao-das-emocoes-no-trabalho-e-tema-de-treinamento-da-fiemg-regional-zm-3\/\" \/>\n<meta property=\"og:locale\" content=\"pt_BR\" \/>\n<meta property=\"og:type\" content=\"article\" \/>\n<meta property=\"og:title\" content=\"Intelig\u00eancia Emocional e Gest\u00e3o das Emo\u00e7\u00f5es no Trabalho \u00e9 tema de treinamento da FIEMG Regional ZM - FIEMG\" \/>\n<meta property=\"og:description\" content=\"A intelig\u00eancia emocional \u00e9 uma habilidade crucial para a vida profissional moderna, especialmente em um mundo onde as press\u00f5es e as exig\u00eancias s\u00e3o constantes. Pensando na capacita\u00e7\u00e3o dos profissionais de Juiz de Fora e regi\u00e3o, nos dias 28 e 29 de novembro, a FIEMG Regional Zona da Mata ofereceu um treinamento inovador sobre Intelig\u00eancia Emocional [&hellip;]\" \/>\n<meta property=\"og:url\" content=\"https:\/\/www.fiemg.com.br\/fiemg\/noticias\/inteligencia-emocional-e-gestao-das-emocoes-no-trabalho-e-tema-de-treinamento-da-fiemg-regional-zm-3\/\" \/>\n<meta property=\"og:site_name\" content=\"FIEMG\" \/>\n<meta property=\"article:modified_time\" content=\"2024-12-03T19:11:45+00:00\" \/>\n<meta property=\"og:image\" content=\"https:\/\/www.fiemg.com.br\/fiemg\/wp-content\/uploads\/sites\/10\/2024\/12\/curso-inteligencia-emocional1.jpg\" \/>\n\t<meta property=\"og:image:width\" content=\"1920\" \/>\n\t<meta property=\"og:image:height\" content=\"863\" \/>\n\t<meta property=\"og:image:type\" content=\"image\/jpeg\" \/>\n<meta name=\"twitter:card\" content=\"summary_large_image\" \/>\n<meta name=\"twitter:label1\" content=\"Est. tempo de leitura\" \/>\n\t<meta name=\"twitter:data1\" content=\"2 minutos\" \/>\n<script type=\"application\/ld+json\" class=\"yoast-schema-graph\">{\"@context\":\"https:\/\/schema.org\",\"@graph\":[{\"@type\":\"WebPage\",\"@id\":\"https:\/\/www.fiemg.com.br\/fiemg\/noticias\/inteligencia-emocional-e-gestao-das-emocoes-no-trabalho-e-tema-de-treinamento-da-fiemg-regional-zm-3\/\",\"url\":\"https:\/\/www.fiemg.com.br\/fiemg\/noticias\/inteligencia-emocional-e-gestao-das-emocoes-no-trabalho-e-tema-de-treinamento-da-fiemg-regional-zm-3\/\",\"name\":\"Intelig\u00eancia Emocional e Gest\u00e3o das Emo\u00e7\u00f5es no Trabalho \u00e9 tema de treinamento da FIEMG Regional ZM - FIEMG\",\"isPartOf\":{\"@id\":\"https:\/\/www.fiemg.com.br\/fiemg\/#website\"},\"primaryImageOfPage\":{\"@id\":\"https:\/\/www.fiemg.com.br\/fiemg\/noticias\/inteligencia-emocional-e-gestao-das-emocoes-no-trabalho-e-tema-de-treinamento-da-fiemg-regional-zm-3\/#primaryimage\"},\"image\":{\"@id\":\"https:\/\/www.fiemg.com.br\/fiemg\/noticias\/inteligencia-emocional-e-gestao-das-emocoes-no-trabalho-e-tema-de-treinamento-da-fiemg-regional-zm-3\/#primaryimage\"},\"thumbnailUrl\":\"https:\/\/www.fiemg.com.br\/fiemg\/wp-content\/uploads\/sites\/10\/2024\/12\/curso-inteligencia-emocional1.jpg\",\"datePublished\":\"2024-12-03T14:54:16+00:00\",\"dateModified\":\"2024-12-03T19:11:45+00:00\",\"breadcrumb\":{\"@id\":\"https:\/\/www.fiemg.com.br\/fiemg\/noticias\/inteligencia-emocional-e-gestao-das-emocoes-no-trabalho-e-tema-de-treinamento-da-fiemg-regional-zm-3\/#breadcrumb\"},\"inLanguage\":\"pt-BR\",\"potentialAction\":[{\"@type\":\"ReadAction\",\"target\":[\"https:\/\/www.fiemg.com.br\/fiemg\/noticias\/inteligencia-emocional-e-gestao-das-emocoes-no-trabalho-e-tema-de-treinamento-da-fiemg-regional-zm-3\/\"]}]},{\"@type\":\"ImageObject\",\"inLanguage\":\"pt-BR\",\"@id\":\"https:\/\/www.fiemg.com.br\/fiemg\/noticias\/inteligencia-emocional-e-gestao-das-emocoes-no-trabalho-e-tema-de-treinamento-da-fiemg-regional-zm-3\/#primaryimage\",\"url\":\"https:\/\/www.fiemg.com.br\/fiemg\/wp-content\/uploads\/sites\/10\/2024\/12\/curso-inteligencia-emocional1.jpg\",\"contentUrl\":\"https:\/\/www.fiemg.com.br\/fiemg\/wp-content\/uploads\/sites\/10\/2024\/12\/curso-inteligencia-emocional1.jpg\",\"width\":1920,\"height\":863},{\"@type\":\"BreadcrumbList\",\"@id\":\"https:\/\/www.fiemg.com.br\/fiemg\/noticias\/inteligencia-emocional-e-gestao-das-emocoes-no-trabalho-e-tema-de-treinamento-da-fiemg-regional-zm-3\/#breadcrumb\",\"itemListElement\":[{\"@type\":\"ListItem\",\"position\":1,\"name\":\"In\u00edcio\",\"item\":\"https:\/\/www.fiemg.com.br\/fiemg\/\"},{\"@type\":\"ListItem\",\"position\":2,\"name\":\"Intelig\u00eancia Emocional e Gest\u00e3o das Emo\u00e7\u00f5es no Trabalho \u00e9 tema de treinamento da FIEMG Regional ZM\"}]},{\"@type\":\"WebSite\",\"@id\":\"https:\/\/www.fiemg.com.br\/fiemg\/#website\",\"url\":\"https:\/\/www.fiemg.com.br\/fiemg\/\",\"name\":\"FIEMG\",\"description\":\"Federa\u00e7\u00e3o das Ind\u00fastrias do Estado de Minas Gerais\",\"publisher\":{\"@id\":\"https:\/\/www.fiemg.com.br\/fiemg\/#organization\"},\"potentialAction\":[{\"@type\":\"SearchAction\",\"target\":{\"@type\":\"EntryPoint\",\"urlTemplate\":\"https:\/\/www.fiemg.com.br\/fiemg\/?s={search_term_string}\"},\"query-input\":{\"@type\":\"PropertyValueSpecification\",\"valueRequired\":true,\"valueName\":\"search_term_string\"}}],\"inLanguage\":\"pt-BR\"},{\"@type\":\"Organization\",\"@id\":\"https:\/\/www.fiemg.com.br\/fiemg\/#organization\",\"name\":\"FIEMG\",\"url\":\"https:\/\/www.fiemg.com.br\/fiemg\/\",\"logo\":{\"@type\":\"ImageObject\",\"inLanguage\":\"pt-BR\",\"@id\":\"https:\/\/www.fiemg.com.br\/fiemg\/#\/schema\/logo\/image\/\",\"url\":\"https:\/\/www.fiemg.com.br\/fiemg\/wp-content\/uploads\/sites\/10\/2023\/02\/fiemg_branco.svg\",\"contentUrl\":\"https:\/\/www.fiemg.com.br\/fiemg\/wp-content\/uploads\/sites\/10\/2023\/02\/fiemg_branco.svg\",\"width\":561,\"height\":147,\"caption\":\"FIEMG\"},\"image\":{\"@id\":\"https:\/\/www.fiemg.com.br\/fiemg\/#\/schema\/logo\/image\/\"}}]}<\/script>\n<!-- \/ Yoast SEO plugin. -->","yoast_head_json":{"title":"Intelig\u00eancia Emocional e Gest\u00e3o das Emo\u00e7\u00f5es no Trabalho \u00e9 tema de treinamento da FIEMG Regional ZM - FIEMG","robots":{"index":"index","follow":"follow","max-snippet":"max-snippet:-1","max-image-preview":"max-image-preview:large","max-video-preview":"max-video-preview:-1"},"canonical":"https:\/\/www.fiemg.com.br\/fiemg\/noticias\/inteligencia-emocional-e-gestao-das-emocoes-no-trabalho-e-tema-de-treinamento-da-fiemg-regional-zm-3\/","og_locale":"pt_BR","og_type":"article","og_title":"Intelig\u00eancia Emocional e Gest\u00e3o das Emo\u00e7\u00f5es no Trabalho \u00e9 tema de treinamento da FIEMG Regional ZM - FIEMG","og_description":"A intelig\u00eancia emocional \u00e9 uma habilidade crucial para a vida profissional moderna, especialmente em um mundo onde as press\u00f5es e as exig\u00eancias s\u00e3o constantes. Pensando na capacita\u00e7\u00e3o dos profissionais de Juiz de Fora e regi\u00e3o, nos dias 28 e 29 de novembro, a FIEMG Regional Zona da Mata ofereceu um treinamento inovador sobre Intelig\u00eancia Emocional [&hellip;]","og_url":"https:\/\/www.fiemg.com.br\/fiemg\/noticias\/inteligencia-emocional-e-gestao-das-emocoes-no-trabalho-e-tema-de-treinamento-da-fiemg-regional-zm-3\/","og_site_name":"FIEMG","article_modified_time":"2024-12-03T19:11:45+00:00","og_image":[{"width":1920,"height":863,"url":"https:\/\/www.fiemg.com.br\/fiemg\/wp-content\/uploads\/sites\/10\/2024\/12\/curso-inteligencia-emocional1.jpg","type":"image\/jpeg"}],"twitter_card":"summary_large_image","twitter_misc":{"Est. tempo de leitura":"2 minutos"},"schema":{"@context":"https:\/\/schema.org","@graph":[{"@type":"WebPage","@id":"https:\/\/www.fiemg.com.br\/fiemg\/noticias\/inteligencia-emocional-e-gestao-das-emocoes-no-trabalho-e-tema-de-treinamento-da-fiemg-regional-zm-3\/","url":"https:\/\/www.fiemg.com.br\/fiemg\/noticias\/inteligencia-emocional-e-gestao-das-emocoes-no-trabalho-e-tema-de-treinamento-da-fiemg-regional-zm-3\/","name":"Intelig\u00eancia Emocional e Gest\u00e3o das Emo\u00e7\u00f5es no Trabalho \u00e9 tema de treinamento da FIEMG Regional ZM - FIEMG","isPartOf":{"@id":"https:\/\/www.fiemg.com.br\/fiemg\/#website"},"primaryImageOfPage":{"@id":"https:\/\/www.fiemg.com.br\/fiemg\/noticias\/inteligencia-emocional-e-gestao-das-emocoes-no-trabalho-e-tema-de-treinamento-da-fiemg-regional-zm-3\/#primaryimage"},"image":{"@id":"https:\/\/www.fiemg.com.br\/fiemg\/noticias\/inteligencia-emocional-e-gestao-das-emocoes-no-trabalho-e-tema-de-treinamento-da-fiemg-regional-zm-3\/#primaryimage"},"thumbnailUrl":"https:\/\/www.fiemg.com.br\/fiemg\/wp-content\/uploads\/sites\/10\/2024\/12\/curso-inteligencia-emocional1.jpg","datePublished":"2024-12-03T14:54:16+00:00","dateModified":"2024-12-03T19:11:45+00:00","breadcrumb":{"@id":"https:\/\/www.fiemg.com.br\/fiemg\/noticias\/inteligencia-emocional-e-gestao-das-emocoes-no-trabalho-e-tema-de-treinamento-da-fiemg-regional-zm-3\/#breadcrumb"},"inLanguage":"pt-BR","potentialAction":[{"@type":"ReadAction","target":["https:\/\/www.fiemg.com.br\/fiemg\/noticias\/inteligencia-emocional-e-gestao-das-emocoes-no-trabalho-e-tema-de-treinamento-da-fiemg-regional-zm-3\/"]}]},{"@type":"ImageObject","inLanguage":"pt-BR","@id":"https:\/\/www.fiemg.com.br\/fiemg\/noticias\/inteligencia-emocional-e-gestao-das-emocoes-no-trabalho-e-tema-de-treinamento-da-fiemg-regional-zm-3\/#primaryimage","url":"https:\/\/www.fiemg.com.br\/fiemg\/wp-content\/uploads\/sites\/10\/2024\/12\/curso-inteligencia-emocional1.jpg","contentUrl":"https:\/\/www.fiemg.com.br\/fiemg\/wp-content\/uploads\/sites\/10\/2024\/12\/curso-inteligencia-emocional1.jpg","width":1920,"height":863},{"@type":"BreadcrumbList","@id":"https:\/\/www.fiemg.com.br\/fiemg\/noticias\/inteligencia-emocional-e-gestao-das-emocoes-no-trabalho-e-tema-de-treinamento-da-fiemg-regional-zm-3\/#breadcrumb","itemListElement":[{"@type":"ListItem","position":1,"name":"In\u00edcio","item":"https:\/\/www.fiemg.com.br\/fiemg\/"},{"@type":"ListItem","position":2,"name":"Intelig\u00eancia Emocional e Gest\u00e3o das Emo\u00e7\u00f5es no Trabalho \u00e9 tema de treinamento da FIEMG Regional ZM"}]},{"@type":"WebSite","@id":"https:\/\/www.fiemg.com.br\/fiemg\/#website","url":"https:\/\/www.fiemg.com.br\/fiemg\/","name":"FIEMG","description":"Federa\u00e7\u00e3o das Ind\u00fastrias do Estado de Minas Gerais","publisher":{"@id":"https:\/\/www.fiemg.com.br\/fiemg\/#organization"},"potentialAction":[{"@type":"SearchAction","target":{"@type":"EntryPoint","urlTemplate":"https:\/\/www.fiemg.com.br\/fiemg\/?s={search_term_string}"},"query-input":{"@type":"PropertyValueSpecification","valueRequired":true,"valueName":"search_term_string"}}],"inLanguage":"pt-BR"},{"@type":"Organization","@id":"https:\/\/www.fiemg.com.br\/fiemg\/#organization","name":"FIEMG","url":"https:\/\/www.fiemg.com.br\/fiemg\/","logo":{"@type":"ImageObject","inLanguage":"pt-BR","@id":"https:\/\/www.fiemg.com.br\/fiemg\/#\/schema\/logo\/image\/","url":"https:\/\/www.fiemg.com.br\/fiemg\/wp-content\/uploads\/sites\/10\/2023\/02\/fiemg_branco.svg","contentUrl":"https:\/\/www.fiemg.com.br\/fiemg\/wp-content\/uploads\/sites\/10\/2023\/02\/fiemg_branco.svg","width":561,"height":147,"caption":"FIEMG"},"image":{"@id":"https:\/\/www.fiemg.com.br\/fiemg\/#\/schema\/logo\/image\/"}}]}},"_links":{"self":[{"href":"https:\/\/www.fiemg.com.br\/fiemg\/wp-json\/wp\/v2\/noticias\/7122","targetHints":{"allow":["GET"]}}],"collection":[{"href":"https:\/\/www.fiemg.com.br\/fiemg\/wp-json\/wp\/v2\/noticias"}],"about":[{"href":"https:\/\/www.fiemg.com.br\/fiemg\/wp-json\/wp\/v2\/types\/noticias"}],"wp:featuredmedia":[{"embeddable":true,"href":"https:\/\/www.fiemg.com.br\/fiemg\/wp-json\/wp\/v2\/media\/7130"}],"wp:attachment":[{"href":"https:\/\/www.fiemg.com.br\/fiemg\/wp-json\/wp\/v2\/media?parent=7122"}],"wp:term":[{"taxonomy":"category","embeddable":true,"href":"https:\/\/www.fiemg.com.br\/fiemg\/wp-json\/wp\/v2\/categories?post=7122"},{"taxonomy":"post_tag","embeddable":true,"href":"https:\/\/www.fiemg.com.br\/fiemg\/wp-json\/wp\/v2\/tags?post=7122"}],"curies":[{"name":"wp","href":"https:\/\/api.w.org\/{rel}","templated":true}]}}