{"id":7365,"date":"2024-12-18T08:00:00","date_gmt":"2024-12-18T11:00:00","guid":{"rendered":"https:\/\/www.fiemg.com.br\/fiemg\/?post_type=noticias&#038;p=7365"},"modified":"2024-12-18T13:49:56","modified_gmt":"2024-12-18T16:49:56","slug":"duplicacao-da-br-381-deve-reduzir-numero-de-acidentes-na-rodovia-da-morte","status":"publish","type":"noticias","link":"https:\/\/www.fiemg.com.br\/fiemg\/noticias\/duplicacao-da-br-381-deve-reduzir-numero-de-acidentes-na-rodovia-da-morte\/","title":{"rendered":"Duplica\u00e7\u00e3o da BR-381 deve reduzir n\u00famero de acidentes na Rodovia da Morte"},"content":{"rendered":"\n<p><\/p>\n\n\n\n<p>A concess\u00e3o da BR-381, entre Belo Horizonte e Governador Valadares, tem potencial para reduzir consideravelmente o n\u00famero de acidentes no trecho, que \u00e9 conhecido como \u2018Rodovia da Morte\u2019. \u00c9 o que aponta o estudo elaborado pela consultoria para o Conselho de Infraestrutura da Federa\u00e7\u00e3o das Ind\u00fastrias do Estado de Minas Gerais (FIEMG).&nbsp; O material traz um comparativo entre a situa\u00e7\u00e3o da rodovia e o n\u00famero de ocorr\u00eancias registradas em 2023 nos trechos duplicados e nos trechos sem duplica\u00e7\u00e3o.<\/p>\n\n\n\n<p>O levantamento realizado pela Houer aponta que, considerando o fluxo de ve\u00edculos e a extens\u00e3o, os trechos n\u00e3o duplicados da BR-381 &#8211; que est\u00e3o concentrados no trecho sob gest\u00e3o p\u00fablica, ou seja, entre BH e Valadares &#8211; tiveram 7,36% mais acidentes a cada 10 mil ve\u00edculos em 2023, na compara\u00e7\u00e3o com os trechos duplicados (a maioria deles entre BH e S\u00e3o Paulo, sob gest\u00e3o da iniciativa privada h\u00e1 mais de 15 anos).&nbsp;<\/p>\n\n\n\n<figure class=\"wp-block-image aligncenter\"><img decoding=\"async\" src=\"https:\/\/lh7-rt.googleusercontent.com\/docsz\/AD_4nXenWj0UI-v8lfwVjT1HXJ62RECHJ21UuH9ZFE2qz_QCMBwqSAxgaovUh30UmOZtIW8lxiENhvSc_sM5vcKl6iZjp2w73PYC07Ze_TshHhJ8JLhr1pvZK-3ScC7_kqRtOl3nNUj0?key=yE_nw3B-tE_5XsstDsII_7tU\" alt=\"\" \/><\/figure>\n\n\n\n<p>Al\u00e9m disso, a severidade dos acidentes foi 110,66% maior no trecho n\u00e3o duplicado e ainda sob gest\u00e3o p\u00fablica. \u201cAl\u00e9m de registrar um n\u00famero maior de acidentes em 2023, a cada 100 registros foram contabilizados 5,16 \u00f3bitos nos trechos duplicados e 10,87 \u00f3bitos nos trechos n\u00e3o duplicados, ou seja, mais do que o dobro\u201d, disse o Head de ESG e Inova\u00e7\u00e3o da Houer, Felipe Barbosa.<\/p>\n\n\n\n<figure class=\"wp-block-image aligncenter\"><img decoding=\"async\" src=\"https:\/\/lh7-rt.googleusercontent.com\/docsz\/AD_4nXcFDFHahmM0nSuqgbtV73q5MsqNSU-6_ZZ7LFKsVi0qfX0EfFshrTGLIaBJV5ziZJHF7bCOfCcAe1z7JvPBaRpY7G-8qUwhdMTX4SdGY_WmdK6c5IjMLLeLrgbWPvwKOVTD3PFqfQ?key=yE_nw3B-tE_5XsstDsII_7tU\" alt=\"\" \/><\/figure>\n\n\n\n<p><strong>Rodovia da Morte<\/strong><\/p>\n\n\n\n<p>Por concentrar uma das maiores malhas rodovi\u00e1rias do pa\u00eds, Minas Gerais registra tamb\u00e9m o maior n\u00famero de acidentes em rodovias federais. No ano passado, esse n\u00famero chegou a 9 mil acidentes e 727 mortos.&nbsp;<\/p>\n\n\n\n<p>A BR-381 \u00e9 a segunda maior em extens\u00e3o dentre as rodovias federais que cortam o Estado e soma o maior n\u00famero de acidentes e mortes em Minas. S\u00f3 em 2023 foram registrados 2.641 acidentes em toda a extens\u00e3o da rodovia (entre S\u00e3o Paulo e Governador Valadares) e 171 mortes, al\u00e9m de 3.435 feridos.&nbsp;<\/p>\n\n\n\n<p>O dado \u00e9 45% maior que o n\u00famero de acidentes registrados na segunda rodovia com mais acidentes no Estado, a BR-040, que, em 2023, somou 1.816 registros e cuja extens\u00e3o \u00e9 apenas 43,4 quil\u00f4metros menor em rela\u00e7\u00e3o \u00e0 BR-381.<\/p>\n\n\n\n<p>Confira a \u00edntegra do estudo \u201cINFRAESTRUTURA E CRESCIMENTO ECON\u00d4MICO: a nova rodada de concess\u00e3o da BR-381 como modelo de seguran\u00e7a, efici\u00eancia e sustentabilidade\u201d, <strong><a href=\"https:\/\/www.fiemg.com.br\/wp-content\/uploads\/2024\/11\/20241108-Artigo-Houer-Infraestrutura-e-crescimento-economico_Atualizado.pdf\">clicando aqui<\/a><\/strong>.<\/p>\n\n\n\n<p><strong>Leia tamb\u00e9m:<\/strong><\/p>\n\n\n\n<ul class=\"wp-block-list\">\n<li><a href=\"https:\/\/www.fiemg.com.br\/noticias\/concessao-da-br-381-vai-impulsionar-geracao-de-emprego-e-renda-e-alavancar-a-arrecadacao-de-impostos\/\">Concess\u00e3o da BR-381 vai impulsionar gera\u00e7\u00e3o de emprego e renda e alavancar a arrecada\u00e7\u00e3o de imposto<\/a><a href=\"https:\/\/www.fiemg.com.br\/noticias\/concessao-da-br-381-vai-impulsionar-geracao-de-emprego-e-renda-e-alavancar-a-arrecadacao-de-impostos\/\" target=\"_blank\" rel=\"noreferrer noopener\">s<\/a><\/li>\n\n\n\n<li><a href=\"https:\/\/www.fiemg.com.br\/noticias\/estudo-aponta-para-mitigacao-de-mais-de-160-mil-toneladas-de-gases-de-efeito-estufa-com-a-concessao-da-br-381\/\">Estudo aponta para mitiga\u00e7\u00e3o de mais de 160 mil toneladas de gases de efeito estufa com a concess\u00e3o da BR-38<\/a><a href=\"https:\/\/www.fiemg.com.br\/noticias\/estudo-aponta-para-mitigacao-de-mais-de-160-mil-toneladas-de-gases-de-efeito-estufa-com-a-concessao-da-br-381\/\" target=\"_blank\" rel=\"noreferrer noopener\">1<\/a><\/li>\n\n\n\n<li><a href=\"https:\/\/www.fiemg.com.br\/noticias\/fiemg-e-houer-divulgam-estudo-de-impacto-para-a-industria-da-duplicacao-da-br-381\/\" target=\"_blank\" rel=\"noreferrer noopener\">F<\/a><a href=\"https:\/\/www.fiemg.com.br\/noticias\/fiemg-e-houer-divulgam-estudo-de-impacto-para-a-industria-da-duplicacao-da-br-381\/\">IEMG e Houer divulgam estudo de impacto para a ind\u00fastria da duplica\u00e7\u00e3o da BR-381<\/a><\/li>\n<\/ul>\n\n\n\n<p><em>Tha\u00eds Mota<\/em><br><strong>Imprensa FIEMG<\/strong><\/p>\n","protected":false},"featured_media":6912,"template":"","categories":[15],"tags":[1162,1125,1128,1079,1163],"class_list":["post-7365","noticias","type-noticias","status-publish","has-post-thumbnail","hentry","category-desenvolvimento-industrial","tag-acidentes","tag-br-381","tag-houer","tag-rodovia","tag-rodovia-da-morte"],"acf":[],"yoast_head":"<!-- This site is optimized with the Yoast SEO plugin v26.2 - https:\/\/yoast.com\/wordpress\/plugins\/seo\/ -->\n<title>Duplica\u00e7\u00e3o da BR-381 deve reduzir n\u00famero de acidentes na Rodovia da Morte - FIEMG<\/title>\n<meta name=\"description\" content=\"Levantamento elaborado pela Houer para a FIEMG compara registros de acidentes entre os trechos duplicados e n\u00e3o duplicados da rodovia\" \/>\n<meta name=\"robots\" content=\"index, follow, max-snippet:-1, max-image-preview:large, max-video-preview:-1\" \/>\n<link rel=\"canonical\" href=\"https:\/\/www.fiemg.com.br\/fiemg\/noticias\/duplicacao-da-br-381-deve-reduzir-numero-de-acidentes-na-rodovia-da-morte\/\" \/>\n<meta property=\"og:locale\" content=\"pt_BR\" \/>\n<meta property=\"og:type\" content=\"article\" \/>\n<meta property=\"og:title\" content=\"Duplica\u00e7\u00e3o da BR-381 deve reduzir n\u00famero de acidentes na Rodovia da Morte - FIEMG\" \/>\n<meta property=\"og:description\" content=\"Levantamento elaborado pela Houer para a FIEMG compara registros de acidentes entre os trechos duplicados e n\u00e3o duplicados da rodovia\" \/>\n<meta property=\"og:url\" content=\"https:\/\/www.fiemg.com.br\/fiemg\/noticias\/duplicacao-da-br-381-deve-reduzir-numero-de-acidentes-na-rodovia-da-morte\/\" \/>\n<meta property=\"og:site_name\" content=\"FIEMG\" \/>\n<meta property=\"article:modified_time\" content=\"2024-12-18T16:49:56+00:00\" \/>\n<meta property=\"og:image\" content=\"https:\/\/www.fiemg.com.br\/fiemg\/wp-content\/uploads\/sites\/10\/2024\/11\/BR-381.jpg\" \/>\n\t<meta property=\"og:image:width\" content=\"512\" \/>\n\t<meta property=\"og:image:height\" content=\"512\" \/>\n\t<meta property=\"og:image:type\" content=\"image\/jpeg\" \/>\n<meta name=\"twitter:card\" content=\"summary_large_image\" \/>\n<meta name=\"twitter:label1\" content=\"Est. tempo de leitura\" \/>\n\t<meta name=\"twitter:data1\" content=\"3 minutos\" \/>\n<script type=\"application\/ld+json\" class=\"yoast-schema-graph\">{\"@context\":\"https:\/\/schema.org\",\"@graph\":[{\"@type\":\"WebPage\",\"@id\":\"https:\/\/www.fiemg.com.br\/fiemg\/noticias\/duplicacao-da-br-381-deve-reduzir-numero-de-acidentes-na-rodovia-da-morte\/\",\"url\":\"https:\/\/www.fiemg.com.br\/fiemg\/noticias\/duplicacao-da-br-381-deve-reduzir-numero-de-acidentes-na-rodovia-da-morte\/\",\"name\":\"Duplica\u00e7\u00e3o da BR-381 deve reduzir n\u00famero de acidentes na Rodovia da Morte - FIEMG\",\"isPartOf\":{\"@id\":\"https:\/\/www.fiemg.com.br\/fiemg\/#website\"},\"primaryImageOfPage\":{\"@id\":\"https:\/\/www.fiemg.com.br\/fiemg\/noticias\/duplicacao-da-br-381-deve-reduzir-numero-de-acidentes-na-rodovia-da-morte\/#primaryimage\"},\"image\":{\"@id\":\"https:\/\/www.fiemg.com.br\/fiemg\/noticias\/duplicacao-da-br-381-deve-reduzir-numero-de-acidentes-na-rodovia-da-morte\/#primaryimage\"},\"thumbnailUrl\":\"https:\/\/www.fiemg.com.br\/fiemg\/wp-content\/uploads\/sites\/10\/2024\/11\/BR-381.jpg\",\"datePublished\":\"2024-12-18T11:00:00+00:00\",\"dateModified\":\"2024-12-18T16:49:56+00:00\",\"description\":\"Levantamento elaborado pela Houer para a FIEMG compara registros de acidentes entre os trechos duplicados e n\u00e3o duplicados da rodovia\",\"breadcrumb\":{\"@id\":\"https:\/\/www.fiemg.com.br\/fiemg\/noticias\/duplicacao-da-br-381-deve-reduzir-numero-de-acidentes-na-rodovia-da-morte\/#breadcrumb\"},\"inLanguage\":\"pt-BR\",\"potentialAction\":[{\"@type\":\"ReadAction\",\"target\":[\"https:\/\/www.fiemg.com.br\/fiemg\/noticias\/duplicacao-da-br-381-deve-reduzir-numero-de-acidentes-na-rodovia-da-morte\/\"]}]},{\"@type\":\"ImageObject\",\"inLanguage\":\"pt-BR\",\"@id\":\"https:\/\/www.fiemg.com.br\/fiemg\/noticias\/duplicacao-da-br-381-deve-reduzir-numero-de-acidentes-na-rodovia-da-morte\/#primaryimage\",\"url\":\"https:\/\/www.fiemg.com.br\/fiemg\/wp-content\/uploads\/sites\/10\/2024\/11\/BR-381.jpg\",\"contentUrl\":\"https:\/\/www.fiemg.com.br\/fiemg\/wp-content\/uploads\/sites\/10\/2024\/11\/BR-381.jpg\",\"width\":512,\"height\":512},{\"@type\":\"BreadcrumbList\",\"@id\":\"https:\/\/www.fiemg.com.br\/fiemg\/noticias\/duplicacao-da-br-381-deve-reduzir-numero-de-acidentes-na-rodovia-da-morte\/#breadcrumb\",\"itemListElement\":[{\"@type\":\"ListItem\",\"position\":1,\"name\":\"In\u00edcio\",\"item\":\"https:\/\/www.fiemg.com.br\/fiemg\/\"},{\"@type\":\"ListItem\",\"position\":2,\"name\":\"Duplica\u00e7\u00e3o da BR-381 deve reduzir n\u00famero de acidentes na Rodovia da Morte\"}]},{\"@type\":\"WebSite\",\"@id\":\"https:\/\/www.fiemg.com.br\/fiemg\/#website\",\"url\":\"https:\/\/www.fiemg.com.br\/fiemg\/\",\"name\":\"FIEMG\",\"description\":\"Federa\u00e7\u00e3o das Ind\u00fastrias do Estado de Minas Gerais\",\"publisher\":{\"@id\":\"https:\/\/www.fiemg.com.br\/fiemg\/#organization\"},\"potentialAction\":[{\"@type\":\"SearchAction\",\"target\":{\"@type\":\"EntryPoint\",\"urlTemplate\":\"https:\/\/www.fiemg.com.br\/fiemg\/?s={search_term_string}\"},\"query-input\":{\"@type\":\"PropertyValueSpecification\",\"valueRequired\":true,\"valueName\":\"search_term_string\"}}],\"inLanguage\":\"pt-BR\"},{\"@type\":\"Organization\",\"@id\":\"https:\/\/www.fiemg.com.br\/fiemg\/#organization\",\"name\":\"FIEMG\",\"url\":\"https:\/\/www.fiemg.com.br\/fiemg\/\",\"logo\":{\"@type\":\"ImageObject\",\"inLanguage\":\"pt-BR\",\"@id\":\"https:\/\/www.fiemg.com.br\/fiemg\/#\/schema\/logo\/image\/\",\"url\":\"https:\/\/www.fiemg.com.br\/fiemg\/wp-content\/uploads\/sites\/10\/2023\/02\/fiemg_branco.svg\",\"contentUrl\":\"https:\/\/www.fiemg.com.br\/fiemg\/wp-content\/uploads\/sites\/10\/2023\/02\/fiemg_branco.svg\",\"width\":561,\"height\":147,\"caption\":\"FIEMG\"},\"image\":{\"@id\":\"https:\/\/www.fiemg.com.br\/fiemg\/#\/schema\/logo\/image\/\"}}]}<\/script>\n<!-- \/ Yoast SEO plugin. -->","yoast_head_json":{"title":"Duplica\u00e7\u00e3o da BR-381 deve reduzir n\u00famero de acidentes na Rodovia da Morte - FIEMG","description":"Levantamento elaborado pela Houer para a FIEMG compara registros de acidentes entre os trechos duplicados e n\u00e3o duplicados da rodovia","robots":{"index":"index","follow":"follow","max-snippet":"max-snippet:-1","max-image-preview":"max-image-preview:large","max-video-preview":"max-video-preview:-1"},"canonical":"https:\/\/www.fiemg.com.br\/fiemg\/noticias\/duplicacao-da-br-381-deve-reduzir-numero-de-acidentes-na-rodovia-da-morte\/","og_locale":"pt_BR","og_type":"article","og_title":"Duplica\u00e7\u00e3o da BR-381 deve reduzir n\u00famero de acidentes na Rodovia da Morte - FIEMG","og_description":"Levantamento elaborado pela Houer para a FIEMG compara registros de acidentes entre os trechos duplicados e n\u00e3o duplicados da rodovia","og_url":"https:\/\/www.fiemg.com.br\/fiemg\/noticias\/duplicacao-da-br-381-deve-reduzir-numero-de-acidentes-na-rodovia-da-morte\/","og_site_name":"FIEMG","article_modified_time":"2024-12-18T16:49:56+00:00","og_image":[{"width":512,"height":512,"url":"https:\/\/www.fiemg.com.br\/fiemg\/wp-content\/uploads\/sites\/10\/2024\/11\/BR-381.jpg","type":"image\/jpeg"}],"twitter_card":"summary_large_image","twitter_misc":{"Est. tempo de leitura":"3 minutos"},"schema":{"@context":"https:\/\/schema.org","@graph":[{"@type":"WebPage","@id":"https:\/\/www.fiemg.com.br\/fiemg\/noticias\/duplicacao-da-br-381-deve-reduzir-numero-de-acidentes-na-rodovia-da-morte\/","url":"https:\/\/www.fiemg.com.br\/fiemg\/noticias\/duplicacao-da-br-381-deve-reduzir-numero-de-acidentes-na-rodovia-da-morte\/","name":"Duplica\u00e7\u00e3o da BR-381 deve reduzir n\u00famero de acidentes na Rodovia da Morte - FIEMG","isPartOf":{"@id":"https:\/\/www.fiemg.com.br\/fiemg\/#website"},"primaryImageOfPage":{"@id":"https:\/\/www.fiemg.com.br\/fiemg\/noticias\/duplicacao-da-br-381-deve-reduzir-numero-de-acidentes-na-rodovia-da-morte\/#primaryimage"},"image":{"@id":"https:\/\/www.fiemg.com.br\/fiemg\/noticias\/duplicacao-da-br-381-deve-reduzir-numero-de-acidentes-na-rodovia-da-morte\/#primaryimage"},"thumbnailUrl":"https:\/\/www.fiemg.com.br\/fiemg\/wp-content\/uploads\/sites\/10\/2024\/11\/BR-381.jpg","datePublished":"2024-12-18T11:00:00+00:00","dateModified":"2024-12-18T16:49:56+00:00","description":"Levantamento elaborado pela Houer para a FIEMG compara registros de acidentes entre os trechos duplicados e n\u00e3o duplicados da rodovia","breadcrumb":{"@id":"https:\/\/www.fiemg.com.br\/fiemg\/noticias\/duplicacao-da-br-381-deve-reduzir-numero-de-acidentes-na-rodovia-da-morte\/#breadcrumb"},"inLanguage":"pt-BR","potentialAction":[{"@type":"ReadAction","target":["https:\/\/www.fiemg.com.br\/fiemg\/noticias\/duplicacao-da-br-381-deve-reduzir-numero-de-acidentes-na-rodovia-da-morte\/"]}]},{"@type":"ImageObject","inLanguage":"pt-BR","@id":"https:\/\/www.fiemg.com.br\/fiemg\/noticias\/duplicacao-da-br-381-deve-reduzir-numero-de-acidentes-na-rodovia-da-morte\/#primaryimage","url":"https:\/\/www.fiemg.com.br\/fiemg\/wp-content\/uploads\/sites\/10\/2024\/11\/BR-381.jpg","contentUrl":"https:\/\/www.fiemg.com.br\/fiemg\/wp-content\/uploads\/sites\/10\/2024\/11\/BR-381.jpg","width":512,"height":512},{"@type":"BreadcrumbList","@id":"https:\/\/www.fiemg.com.br\/fiemg\/noticias\/duplicacao-da-br-381-deve-reduzir-numero-de-acidentes-na-rodovia-da-morte\/#breadcrumb","itemListElement":[{"@type":"ListItem","position":1,"name":"In\u00edcio","item":"https:\/\/www.fiemg.com.br\/fiemg\/"},{"@type":"ListItem","position":2,"name":"Duplica\u00e7\u00e3o da BR-381 deve reduzir n\u00famero de acidentes na Rodovia da Morte"}]},{"@type":"WebSite","@id":"https:\/\/www.fiemg.com.br\/fiemg\/#website","url":"https:\/\/www.fiemg.com.br\/fiemg\/","name":"FIEMG","description":"Federa\u00e7\u00e3o das Ind\u00fastrias do Estado de Minas Gerais","publisher":{"@id":"https:\/\/www.fiemg.com.br\/fiemg\/#organization"},"potentialAction":[{"@type":"SearchAction","target":{"@type":"EntryPoint","urlTemplate":"https:\/\/www.fiemg.com.br\/fiemg\/?s={search_term_string}"},"query-input":{"@type":"PropertyValueSpecification","valueRequired":true,"valueName":"search_term_string"}}],"inLanguage":"pt-BR"},{"@type":"Organization","@id":"https:\/\/www.fiemg.com.br\/fiemg\/#organization","name":"FIEMG","url":"https:\/\/www.fiemg.com.br\/fiemg\/","logo":{"@type":"ImageObject","inLanguage":"pt-BR","@id":"https:\/\/www.fiemg.com.br\/fiemg\/#\/schema\/logo\/image\/","url":"https:\/\/www.fiemg.com.br\/fiemg\/wp-content\/uploads\/sites\/10\/2023\/02\/fiemg_branco.svg","contentUrl":"https:\/\/www.fiemg.com.br\/fiemg\/wp-content\/uploads\/sites\/10\/2023\/02\/fiemg_branco.svg","width":561,"height":147,"caption":"FIEMG"},"image":{"@id":"https:\/\/www.fiemg.com.br\/fiemg\/#\/schema\/logo\/image\/"}}]}},"_links":{"self":[{"href":"https:\/\/www.fiemg.com.br\/fiemg\/wp-json\/wp\/v2\/noticias\/7365","targetHints":{"allow":["GET"]}}],"collection":[{"href":"https:\/\/www.fiemg.com.br\/fiemg\/wp-json\/wp\/v2\/noticias"}],"about":[{"href":"https:\/\/www.fiemg.com.br\/fiemg\/wp-json\/wp\/v2\/types\/noticias"}],"wp:featuredmedia":[{"embeddable":true,"href":"https:\/\/www.fiemg.com.br\/fiemg\/wp-json\/wp\/v2\/media\/6912"}],"wp:attachment":[{"href":"https:\/\/www.fiemg.com.br\/fiemg\/wp-json\/wp\/v2\/media?parent=7365"}],"wp:term":[{"taxonomy":"category","embeddable":true,"href":"https:\/\/www.fiemg.com.br\/fiemg\/wp-json\/wp\/v2\/categories?post=7365"},{"taxonomy":"post_tag","embeddable":true,"href":"https:\/\/www.fiemg.com.br\/fiemg\/wp-json\/wp\/v2\/tags?post=7365"}],"curies":[{"name":"wp","href":"https:\/\/api.w.org\/{rel}","templated":true}]}}