{"id":7371,"date":"2024-12-17T14:49:06","date_gmt":"2024-12-17T17:49:06","guid":{"rendered":"https:\/\/www.fiemg.com.br\/fiemg\/noticias\/acordo-mercosul-uniao-europeia-novas-oportunidades-para-a-industria-mineira\/"},"modified":"2024-12-17T16:50:30","modified_gmt":"2024-12-17T19:50:30","slug":"acordo-mercosul-uniao-europeia-novas-oportunidades-para-a-industria-mineira","status":"publish","type":"noticias","link":"https:\/\/www.fiemg.com.br\/fiemg\/noticias\/acordo-mercosul-uniao-europeia-novas-oportunidades-para-a-industria-mineira\/","title":{"rendered":"Acordo Mercosul-Uni\u00e3o Europeia: novas oportunidades para a ind\u00fastria mineira"},"content":{"rendered":"\n<p><\/p>\n\n\n\n<p>Ap\u00f3s mais de 25 anos de negocia\u00e7\u00f5es, o Acordo de Associa\u00e7\u00e3o entre o Mercosul e a Uni\u00e3o Europeia desponta como uma importante oportunidade para a ind\u00fastria mineira. Com a finaliza\u00e7\u00e3o do tratado, que ainda precisa ser assinado para ter validade, os pa\u00edses do Mercosul passar\u00e3o a ter maior acesso ao mercado europeu, garantindo simultaneamente a prote\u00e7\u00e3o de setores sens\u00edveis da economia local. A conclus\u00e3o \u00e9 de um estudo realizado pela Federa\u00e7\u00e3o das Ind\u00fastrias do Estado de Minas Gerais (FIEMG), com base em dados de exporta\u00e7\u00e3o e importa\u00e7\u00e3o do Brasil e de Minas Gerais em rela\u00e7\u00e3o \u00e0 Uni\u00e3o Europeia.<\/p>\n\n\n\n<p>O estudo destaca que um dos principais benef\u00edcios ser\u00e1 a agrega\u00e7\u00e3o de valor para ind\u00fastrias sustent\u00e1veis. Minas Gerais, que possui uma das matrizes energ\u00e9ticas mais limpas do mundo, sai \u00e0 frente ao produzir a maior parte de seus&nbsp; produtos com energia renov\u00e1vel.<\/p>\n\n\n\n<p>\u201cUm exemplo claro \u00e9 o <em>ferro-gusa verde<\/em>. Praticamente 100% do ferro-gusa produzido em Minas Gerais utiliza carv\u00e3o vegetal proveniente de florestas replantadas, um diferencial com grande apelo no mercado externo. Esse fator se torna ainda mais relevante com a implementa\u00e7\u00e3o do Mecanismo de Ajuste Fronteiri\u00e7o de Carbono (CBAM) na Europa, que prev\u00ea taxar produtos com base em suas emiss\u00f5es de carbono\u201d, explica Ver\u00f4nica Winter, analista de Neg\u00f3cios Internacionais da FIEMG.<\/p>\n\n\n\n<p>Outro ponto positivo apontado pelo estudo \u00e9 o impacto no com\u00e9rcio de produtos de alta complexidade tecnol\u00f3gica. O acordo prev\u00ea que a Uni\u00e3o Europeia eliminar\u00e1 100% das tarifas em at\u00e9 dez anos, sendo que 80% das linhas tarif\u00e1rias ser\u00e3o liberalizadas imediatamente na entrada em vigor do tratado. \u201cIsso beneficiar\u00e1 diretamente exportadores de produtos como qu\u00edmicos, m\u00e1quinas, equipamentos m\u00e9dicos e autope\u00e7as, setores nos quais Minas Gerais busca ampliar sua participa\u00e7\u00e3o no mercado global\u201d, destaca Ver\u00f4nica. No setor de metais, a perspectiva \u00e9 igualmente positiva, com a previs\u00e3o de 80% de desgrava\u00e7\u00e3o tarif\u00e1ria logo no in\u00edcio do acordo e a liberaliza\u00e7\u00e3o total em at\u00e9 dez anos.<\/p>\n\n\n\n<p>Al\u00e9m das oportunidades de exporta\u00e7\u00e3o, o acordo inclui medidas importantes para proteger a ind\u00fastria automotiva, com prazos estendidos para a redu\u00e7\u00e3o de tarifas e mecanismos de salvaguarda em casos de impactos severos no setor. \u201cEssas condi\u00e7\u00f5es s\u00e3o essenciais para uma adapta\u00e7\u00e3o gradual das ind\u00fastrias brasileiras, especialmente as de Minas Gerais. Vale lembrar que, em 2024, cerca de 15% das importa\u00e7\u00f5es do estado provenientes da Uni\u00e3o Europeia foram de produtos ligados ao setor automotivo\u201d, pontua Ver\u00f4nica.<\/p>\n\n\n\n<p>Os setores t\u00eaxtil e cal\u00e7adista tamb\u00e9m contar\u00e3o com medidas de prote\u00e7\u00e3o, como a liberaliza\u00e7\u00e3o total em at\u00e9 dez anos. Essa prote\u00e7\u00e3o \u00e9 positiva para Minas Gerais, que tem uma relevante ind\u00fastria local nesses segmentos e que, sem essas medidas, poderia ser amea\u00e7ada pelo crescimento das importa\u00e7\u00f5es desses produtos, provenientes da UE. Desde 2020, as importa\u00e7\u00f5es mineiras de cal\u00e7ados prontos aumentaram a uma taxa de 17% ao ano, enquanto o setor t\u00eaxtil registrou crescimento de 6% ao ano.<\/p>\n\n\n\n<p>Apesar das vantagens, a FIEMG alerta para alguns desafios. O principal ponto de aten\u00e7\u00e3o \u00e9 o aumento da concorr\u00eancia com produtos europeus, resultante da redu\u00e7\u00e3o de tarifas. Al\u00e9m disso, h\u00e1 a necessidade de superar entraves log\u00edsticos do estado de Minas Gerais para atender \u00e0 demanda crescente de exporta\u00e7\u00f5es industriais para a Uni\u00e3o Europeia.<\/p>\n\n\n\n<p><strong>Setor agr\u00edcola<\/strong><\/p>\n\n\n\n<p>No setor agr\u00edcola, o estudo tamb\u00e9m revela impactos positivos. Segundo dados da FIEMG, o caf\u00e9 lidera as exporta\u00e7\u00f5es mineiras para a Uni\u00e3o Europeia, representando mais de 63% do volume exportado entre janeiro e novembro deste ano.<\/p>\n\n\n\n<p>O acordo prev\u00ea a liberaliza\u00e7\u00e3o de 77% das linhas tarif\u00e1rias do setor agr\u00edcola, o que equivale a mais de 80% do volume comercializado. Al\u00e9m disso, oferece acesso preferencial para produtos de alto interesse, como carnes, frutas, gr\u00e3os e caf\u00e9s, al\u00e9m de cotas com tarifas reduzidas para carnes, a\u00e7\u00facar e etanol.<\/p>\n\n\n\n<p>Com base no levantamento, a FIEMG conclui que o Acordo Mercosul-Uni\u00e3o Europeia representa uma grande oportunidade para a ind\u00fastria e o setor agr\u00edcola de Minas Gerais. Contudo, ressalta que os desafios de competitividade e log\u00edstica precisar\u00e3o ser enfrentados para que o estado aproveite ao m\u00e1ximo os benef\u00edcios oferecidos pelo tratado.<\/p>\n\n\n\n<p><em>Acesse o estudo completo, <a href=\"https:\/\/www.fiemg.com.br\/wp-content\/uploads\/2024\/12\/Mercosul-Uniao-Europeia-Impactos-MG.pdf\" target=\"_blank\" rel=\"noreferrer noopener\">clicando aqui<\/a><\/em><\/p>\n\n\n\n<p><em>Tha\u00eds Mota<\/em><br><strong>Imprensa FIEMG<\/strong><\/p>\n\n\n\n<p><\/p>\n","protected":false},"featured_media":5910,"template":"","categories":[],"tags":[706,78,104,1167,167,778],"class_list":["post-7371","noticias","type-noticias","status-publish","has-post-thumbnail","hentry","tag-acordo","tag-fiemg","tag-industria","tag-mercosul","tag-minas-gerais","tag-uniao-europeia"],"acf":[],"yoast_head":"<!-- This site is optimized with the Yoast SEO plugin v26.2 - https:\/\/yoast.com\/wordpress\/plugins\/seo\/ -->\n<title>Acordo Mercosul-Uni\u00e3o Europeia: novas oportunidades para a ind\u00fastria mineira - FIEMG<\/title>\n<meta name=\"robots\" content=\"index, follow, max-snippet:-1, max-image-preview:large, max-video-preview:-1\" \/>\n<link rel=\"canonical\" href=\"https:\/\/www.fiemg.com.br\/fiemg\/noticias\/acordo-mercosul-uniao-europeia-novas-oportunidades-para-a-industria-mineira\/\" \/>\n<meta property=\"og:locale\" content=\"pt_BR\" \/>\n<meta property=\"og:type\" content=\"article\" \/>\n<meta property=\"og:title\" content=\"Acordo Mercosul-Uni\u00e3o Europeia: novas oportunidades para a ind\u00fastria mineira - FIEMG\" \/>\n<meta property=\"og:description\" content=\"Ap\u00f3s mais de 25 anos de negocia\u00e7\u00f5es, o Acordo de Associa\u00e7\u00e3o entre o Mercosul e a Uni\u00e3o Europeia desponta como uma importante oportunidade para a ind\u00fastria mineira. Com a finaliza\u00e7\u00e3o do tratado, que ainda precisa ser assinado para ter validade, os pa\u00edses do Mercosul passar\u00e3o a ter maior acesso ao mercado europeu, garantindo simultaneamente a [&hellip;]\" \/>\n<meta property=\"og:url\" content=\"https:\/\/www.fiemg.com.br\/fiemg\/noticias\/acordo-mercosul-uniao-europeia-novas-oportunidades-para-a-industria-mineira\/\" \/>\n<meta property=\"og:site_name\" content=\"FIEMG\" \/>\n<meta property=\"article:modified_time\" content=\"2024-12-17T19:50:30+00:00\" \/>\n<meta property=\"og:image\" content=\"https:\/\/www.fiemg.com.br\/fiemg\/wp-content\/uploads\/sites\/10\/2024\/09\/cin_thumb-2.jpeg\" \/>\n\t<meta property=\"og:image:width\" content=\"512\" \/>\n\t<meta property=\"og:image:height\" content=\"512\" \/>\n\t<meta property=\"og:image:type\" content=\"image\/jpeg\" \/>\n<meta name=\"twitter:card\" content=\"summary_large_image\" \/>\n<meta name=\"twitter:label1\" content=\"Est. tempo de leitura\" \/>\n\t<meta name=\"twitter:data1\" content=\"4 minutos\" \/>\n<script type=\"application\/ld+json\" class=\"yoast-schema-graph\">{\"@context\":\"https:\/\/schema.org\",\"@graph\":[{\"@type\":\"WebPage\",\"@id\":\"https:\/\/www.fiemg.com.br\/fiemg\/noticias\/acordo-mercosul-uniao-europeia-novas-oportunidades-para-a-industria-mineira\/\",\"url\":\"https:\/\/www.fiemg.com.br\/fiemg\/noticias\/acordo-mercosul-uniao-europeia-novas-oportunidades-para-a-industria-mineira\/\",\"name\":\"Acordo Mercosul-Uni\u00e3o Europeia: novas oportunidades para a ind\u00fastria mineira - FIEMG\",\"isPartOf\":{\"@id\":\"https:\/\/www.fiemg.com.br\/fiemg\/#website\"},\"primaryImageOfPage\":{\"@id\":\"https:\/\/www.fiemg.com.br\/fiemg\/noticias\/acordo-mercosul-uniao-europeia-novas-oportunidades-para-a-industria-mineira\/#primaryimage\"},\"image\":{\"@id\":\"https:\/\/www.fiemg.com.br\/fiemg\/noticias\/acordo-mercosul-uniao-europeia-novas-oportunidades-para-a-industria-mineira\/#primaryimage\"},\"thumbnailUrl\":\"https:\/\/www.fiemg.com.br\/fiemg\/wp-content\/uploads\/sites\/10\/2024\/09\/cin_thumb-2.jpeg\",\"datePublished\":\"2024-12-17T17:49:06+00:00\",\"dateModified\":\"2024-12-17T19:50:30+00:00\",\"breadcrumb\":{\"@id\":\"https:\/\/www.fiemg.com.br\/fiemg\/noticias\/acordo-mercosul-uniao-europeia-novas-oportunidades-para-a-industria-mineira\/#breadcrumb\"},\"inLanguage\":\"pt-BR\",\"potentialAction\":[{\"@type\":\"ReadAction\",\"target\":[\"https:\/\/www.fiemg.com.br\/fiemg\/noticias\/acordo-mercosul-uniao-europeia-novas-oportunidades-para-a-industria-mineira\/\"]}]},{\"@type\":\"ImageObject\",\"inLanguage\":\"pt-BR\",\"@id\":\"https:\/\/www.fiemg.com.br\/fiemg\/noticias\/acordo-mercosul-uniao-europeia-novas-oportunidades-para-a-industria-mineira\/#primaryimage\",\"url\":\"https:\/\/www.fiemg.com.br\/fiemg\/wp-content\/uploads\/sites\/10\/2024\/09\/cin_thumb-2.jpeg\",\"contentUrl\":\"https:\/\/www.fiemg.com.br\/fiemg\/wp-content\/uploads\/sites\/10\/2024\/09\/cin_thumb-2.jpeg\",\"width\":512,\"height\":512,\"caption\":\"CIN vai promover capacita\u00e7\u00e3o em contratos internacionais\"},{\"@type\":\"BreadcrumbList\",\"@id\":\"https:\/\/www.fiemg.com.br\/fiemg\/noticias\/acordo-mercosul-uniao-europeia-novas-oportunidades-para-a-industria-mineira\/#breadcrumb\",\"itemListElement\":[{\"@type\":\"ListItem\",\"position\":1,\"name\":\"In\u00edcio\",\"item\":\"https:\/\/www.fiemg.com.br\/fiemg\/\"},{\"@type\":\"ListItem\",\"position\":2,\"name\":\"Acordo Mercosul-Uni\u00e3o Europeia: novas oportunidades para a ind\u00fastria mineira\"}]},{\"@type\":\"WebSite\",\"@id\":\"https:\/\/www.fiemg.com.br\/fiemg\/#website\",\"url\":\"https:\/\/www.fiemg.com.br\/fiemg\/\",\"name\":\"FIEMG\",\"description\":\"Federa\u00e7\u00e3o das Ind\u00fastrias do Estado de Minas Gerais\",\"publisher\":{\"@id\":\"https:\/\/www.fiemg.com.br\/fiemg\/#organization\"},\"potentialAction\":[{\"@type\":\"SearchAction\",\"target\":{\"@type\":\"EntryPoint\",\"urlTemplate\":\"https:\/\/www.fiemg.com.br\/fiemg\/?s={search_term_string}\"},\"query-input\":{\"@type\":\"PropertyValueSpecification\",\"valueRequired\":true,\"valueName\":\"search_term_string\"}}],\"inLanguage\":\"pt-BR\"},{\"@type\":\"Organization\",\"@id\":\"https:\/\/www.fiemg.com.br\/fiemg\/#organization\",\"name\":\"FIEMG\",\"url\":\"https:\/\/www.fiemg.com.br\/fiemg\/\",\"logo\":{\"@type\":\"ImageObject\",\"inLanguage\":\"pt-BR\",\"@id\":\"https:\/\/www.fiemg.com.br\/fiemg\/#\/schema\/logo\/image\/\",\"url\":\"https:\/\/www.fiemg.com.br\/fiemg\/wp-content\/uploads\/sites\/10\/2023\/02\/fiemg_branco.svg\",\"contentUrl\":\"https:\/\/www.fiemg.com.br\/fiemg\/wp-content\/uploads\/sites\/10\/2023\/02\/fiemg_branco.svg\",\"width\":561,\"height\":147,\"caption\":\"FIEMG\"},\"image\":{\"@id\":\"https:\/\/www.fiemg.com.br\/fiemg\/#\/schema\/logo\/image\/\"}}]}<\/script>\n<!-- \/ Yoast SEO plugin. -->","yoast_head_json":{"title":"Acordo Mercosul-Uni\u00e3o Europeia: novas oportunidades para a ind\u00fastria mineira - FIEMG","robots":{"index":"index","follow":"follow","max-snippet":"max-snippet:-1","max-image-preview":"max-image-preview:large","max-video-preview":"max-video-preview:-1"},"canonical":"https:\/\/www.fiemg.com.br\/fiemg\/noticias\/acordo-mercosul-uniao-europeia-novas-oportunidades-para-a-industria-mineira\/","og_locale":"pt_BR","og_type":"article","og_title":"Acordo Mercosul-Uni\u00e3o Europeia: novas oportunidades para a ind\u00fastria mineira - FIEMG","og_description":"Ap\u00f3s mais de 25 anos de negocia\u00e7\u00f5es, o Acordo de Associa\u00e7\u00e3o entre o Mercosul e a Uni\u00e3o Europeia desponta como uma importante oportunidade para a ind\u00fastria mineira. Com a finaliza\u00e7\u00e3o do tratado, que ainda precisa ser assinado para ter validade, os pa\u00edses do Mercosul passar\u00e3o a ter maior acesso ao mercado europeu, garantindo simultaneamente a [&hellip;]","og_url":"https:\/\/www.fiemg.com.br\/fiemg\/noticias\/acordo-mercosul-uniao-europeia-novas-oportunidades-para-a-industria-mineira\/","og_site_name":"FIEMG","article_modified_time":"2024-12-17T19:50:30+00:00","og_image":[{"width":512,"height":512,"url":"https:\/\/www.fiemg.com.br\/fiemg\/wp-content\/uploads\/sites\/10\/2024\/09\/cin_thumb-2.jpeg","type":"image\/jpeg"}],"twitter_card":"summary_large_image","twitter_misc":{"Est. tempo de leitura":"4 minutos"},"schema":{"@context":"https:\/\/schema.org","@graph":[{"@type":"WebPage","@id":"https:\/\/www.fiemg.com.br\/fiemg\/noticias\/acordo-mercosul-uniao-europeia-novas-oportunidades-para-a-industria-mineira\/","url":"https:\/\/www.fiemg.com.br\/fiemg\/noticias\/acordo-mercosul-uniao-europeia-novas-oportunidades-para-a-industria-mineira\/","name":"Acordo Mercosul-Uni\u00e3o Europeia: novas oportunidades para a ind\u00fastria mineira - FIEMG","isPartOf":{"@id":"https:\/\/www.fiemg.com.br\/fiemg\/#website"},"primaryImageOfPage":{"@id":"https:\/\/www.fiemg.com.br\/fiemg\/noticias\/acordo-mercosul-uniao-europeia-novas-oportunidades-para-a-industria-mineira\/#primaryimage"},"image":{"@id":"https:\/\/www.fiemg.com.br\/fiemg\/noticias\/acordo-mercosul-uniao-europeia-novas-oportunidades-para-a-industria-mineira\/#primaryimage"},"thumbnailUrl":"https:\/\/www.fiemg.com.br\/fiemg\/wp-content\/uploads\/sites\/10\/2024\/09\/cin_thumb-2.jpeg","datePublished":"2024-12-17T17:49:06+00:00","dateModified":"2024-12-17T19:50:30+00:00","breadcrumb":{"@id":"https:\/\/www.fiemg.com.br\/fiemg\/noticias\/acordo-mercosul-uniao-europeia-novas-oportunidades-para-a-industria-mineira\/#breadcrumb"},"inLanguage":"pt-BR","potentialAction":[{"@type":"ReadAction","target":["https:\/\/www.fiemg.com.br\/fiemg\/noticias\/acordo-mercosul-uniao-europeia-novas-oportunidades-para-a-industria-mineira\/"]}]},{"@type":"ImageObject","inLanguage":"pt-BR","@id":"https:\/\/www.fiemg.com.br\/fiemg\/noticias\/acordo-mercosul-uniao-europeia-novas-oportunidades-para-a-industria-mineira\/#primaryimage","url":"https:\/\/www.fiemg.com.br\/fiemg\/wp-content\/uploads\/sites\/10\/2024\/09\/cin_thumb-2.jpeg","contentUrl":"https:\/\/www.fiemg.com.br\/fiemg\/wp-content\/uploads\/sites\/10\/2024\/09\/cin_thumb-2.jpeg","width":512,"height":512,"caption":"CIN vai promover capacita\u00e7\u00e3o em contratos internacionais"},{"@type":"BreadcrumbList","@id":"https:\/\/www.fiemg.com.br\/fiemg\/noticias\/acordo-mercosul-uniao-europeia-novas-oportunidades-para-a-industria-mineira\/#breadcrumb","itemListElement":[{"@type":"ListItem","position":1,"name":"In\u00edcio","item":"https:\/\/www.fiemg.com.br\/fiemg\/"},{"@type":"ListItem","position":2,"name":"Acordo Mercosul-Uni\u00e3o Europeia: novas oportunidades para a ind\u00fastria mineira"}]},{"@type":"WebSite","@id":"https:\/\/www.fiemg.com.br\/fiemg\/#website","url":"https:\/\/www.fiemg.com.br\/fiemg\/","name":"FIEMG","description":"Federa\u00e7\u00e3o das Ind\u00fastrias do Estado de Minas Gerais","publisher":{"@id":"https:\/\/www.fiemg.com.br\/fiemg\/#organization"},"potentialAction":[{"@type":"SearchAction","target":{"@type":"EntryPoint","urlTemplate":"https:\/\/www.fiemg.com.br\/fiemg\/?s={search_term_string}"},"query-input":{"@type":"PropertyValueSpecification","valueRequired":true,"valueName":"search_term_string"}}],"inLanguage":"pt-BR"},{"@type":"Organization","@id":"https:\/\/www.fiemg.com.br\/fiemg\/#organization","name":"FIEMG","url":"https:\/\/www.fiemg.com.br\/fiemg\/","logo":{"@type":"ImageObject","inLanguage":"pt-BR","@id":"https:\/\/www.fiemg.com.br\/fiemg\/#\/schema\/logo\/image\/","url":"https:\/\/www.fiemg.com.br\/fiemg\/wp-content\/uploads\/sites\/10\/2023\/02\/fiemg_branco.svg","contentUrl":"https:\/\/www.fiemg.com.br\/fiemg\/wp-content\/uploads\/sites\/10\/2023\/02\/fiemg_branco.svg","width":561,"height":147,"caption":"FIEMG"},"image":{"@id":"https:\/\/www.fiemg.com.br\/fiemg\/#\/schema\/logo\/image\/"}}]}},"_links":{"self":[{"href":"https:\/\/www.fiemg.com.br\/fiemg\/wp-json\/wp\/v2\/noticias\/7371","targetHints":{"allow":["GET"]}}],"collection":[{"href":"https:\/\/www.fiemg.com.br\/fiemg\/wp-json\/wp\/v2\/noticias"}],"about":[{"href":"https:\/\/www.fiemg.com.br\/fiemg\/wp-json\/wp\/v2\/types\/noticias"}],"wp:featuredmedia":[{"embeddable":true,"href":"https:\/\/www.fiemg.com.br\/fiemg\/wp-json\/wp\/v2\/media\/5910"}],"wp:attachment":[{"href":"https:\/\/www.fiemg.com.br\/fiemg\/wp-json\/wp\/v2\/media?parent=7371"}],"wp:term":[{"taxonomy":"category","embeddable":true,"href":"https:\/\/www.fiemg.com.br\/fiemg\/wp-json\/wp\/v2\/categories?post=7371"},{"taxonomy":"post_tag","embeddable":true,"href":"https:\/\/www.fiemg.com.br\/fiemg\/wp-json\/wp\/v2\/tags?post=7371"}],"curies":[{"name":"wp","href":"https:\/\/api.w.org\/{rel}","templated":true}]}}