{"id":7980,"date":"2025-03-06T15:35:33","date_gmt":"2025-03-06T18:35:33","guid":{"rendered":"https:\/\/www.fiemg.com.br\/fiemg\/noticias\/presidentes-de-sindicatos-da-zona-da-mata-se-reunem-na-fiemg-regional-apos-posse-de-mariangela-marcon\/"},"modified":"2025-03-06T15:54:09","modified_gmt":"2025-03-06T18:54:09","slug":"presidentes-de-sindicatos-da-zona-da-mata-se-reunem-na-fiemg-regional-apos-posse-de-mariangela-marcon","status":"publish","type":"noticias","link":"https:\/\/www.fiemg.com.br\/fiemg\/noticias\/presidentes-de-sindicatos-da-zona-da-mata-se-reunem-na-fiemg-regional-apos-posse-de-mariangela-marcon\/","title":{"rendered":"Presidentes de sindicatos da Zona da Mata se re\u00fanem na FIEMG Regional ap\u00f3s posse de Mari\u00e2ngela Marcon"},"content":{"rendered":"\n<p>Na tarde do dia 27 de fevereiro, a sede da FIEMG Regional Zona da Mata, em Juiz de Fora, foi palco de uma importante reuni\u00e3o entre os presidentes de sindicatos da regi\u00e3o. O encontro foi conduzido pelo presidente da FIEMG, Fl\u00e1vio Roscoe, e pela nova presidente da FIEMG Regional ZM, Mari\u00e2ngela Marcon, que tamb\u00e9m comanda o Sindicato das Ind\u00fastrias do Vestu\u00e1rio de Juiz de Fora e Governador Valadares (Sindivest JF-GV). Al\u00e9m das lideran\u00e7as sindicais, a reuni\u00e3o contou com a presen\u00e7a da nova diretora da FIEMG Regional ZM e presidente do Sindicato das Ind\u00fastrias de Alimenta\u00e7\u00e3o de Juiz de Fora (SIA-JF), Fl\u00e1via Gonzaga, e da assessora de Desenvolvimento Sindical da FIEMG, Laila Katina.<\/p>\n\n\n\n<p>Durante a reuni\u00e3o, Mari\u00e2ngela Marcon apresentou o planejamento estrat\u00e9gico para sua gest\u00e3o, destacando tr\u00eas pilares fundamentais: posicionamento estrat\u00e9gico e comunica\u00e7\u00e3o, articula\u00e7\u00e3o pol\u00edtica e institucional, e impacto econ\u00f4mico e social. Ela ressaltou que o sucesso dessas a\u00e7\u00f5es depende diretamente do engajamento e da participa\u00e7\u00e3o ativa de todos os sindicatos.<\/p>\n\n\n\n<p>Alguns pontos de destaque foram as propostas de cria\u00e7\u00e3o de uma identidade digital forte, maior aproxima\u00e7\u00e3o com a imprensa e realiza\u00e7\u00e3o de eventos institucionais que promovam a visibilidade da ind\u00fastria local. Fl\u00e1vio Roscoe sugeriu a realiza\u00e7\u00e3o de uma feira regional com a participa\u00e7\u00e3o de todos os sindicatos e anunciou que a FIEMG vai oferecer capacita\u00e7\u00f5es para os presidentes de sindicatos, visando ampliar a presen\u00e7a digital da ind\u00fastria da Zona da Mata.<\/p>\n\n\n\n<p>O presidente da FIEMG tamb\u00e9m comentou sobre investimentos da entidade na regi\u00e3o, como a poss\u00edvel aquisi\u00e7\u00e3o de novas escolas SESI em Leopoldina e Ponte Nova. Ele refor\u00e7ou a import\u00e2ncia da atua\u00e7\u00e3o coletiva e articulada para fortalecer o setor produtivo da Zona da Mata, que atualmente enfrenta desafios como baixo crescimento econ\u00f4mico, baixa arrecada\u00e7\u00e3o de ICMS e d\u00e9ficit comercial.<\/p>\n\n\n\n<p>Durante a reuni\u00e3o, Mari\u00e2ngela destacou que a defesa dos interesses da ind\u00fastria exige uma atua\u00e7\u00e3o estrat\u00e9gica, com reuni\u00f5es frequentes com autoridades, fortalecimento do relacionamento com a FIEMG estadual e cria\u00e7\u00e3o de um comit\u00ea pol\u00edtico regional. A presidente refor\u00e7ou a necessidade de mapear oportunidades, criar alian\u00e7as estrat\u00e9gicas e incentivar a qualifica\u00e7\u00e3o profissional, em parceria com SEBRAE, SENAI e UFJF.<\/p>\n\n\n\n<p>A presidente Mari\u00e2ngela Marcon apresentou ainda dados econ\u00f4micos de Juiz de Fora, levantados pela FIEMG, como PIB, ICMS e indicadores de exporta\u00e7\u00e3o e importa\u00e7\u00e3o. Fl\u00e1vio Roscoe refor\u00e7ou que a FIEMG tem ferramentas e informa\u00e7\u00f5es que podem apoiar os sindicatos na elabora\u00e7\u00e3o de diagn\u00f3sticos econ\u00f4micos e no desenvolvimento de a\u00e7\u00f5es personalizadas para cada munic\u00edpio. \u201cA for\u00e7a da Zona da Mata depende da nossa capacidade de unir for\u00e7as e construir uma pauta comum, com protagonismo e representatividade. A FIEMG est\u00e1 totalmente \u00e0 disposi\u00e7\u00e3o para apoiar essa constru\u00e7\u00e3o coletiva\u201d, ressaltou o presidente da Federa\u00e7\u00e3o.<\/p>\n\n\n\n<p>Finalizando, Mari\u00e2ngela Marcon destacou seu objetivo de priorizar o engajamento e o relacionamento. \u201cAssim vamos exercer nossa influ\u00eancia e protagonismo. Precisamos somar vis\u00f5es, ter uma fala \u00fanica em rela\u00e7\u00e3o aos empres\u00e1rios, mostrar a for\u00e7a da Zona da Mata, construindo uma agenda positiva para a ind\u00fastria regional, com a\u00e7\u00f5es pr\u00e1ticas de fortalecimento do associativismo, promo\u00e7\u00e3o da competitividade e est\u00edmulo \u00e0 inova\u00e7\u00e3o\u201d, disse.<\/p>\n\n\n\n<h2 class=\"wp-block-heading\"><strong>Agenda na Zona da Mata<\/strong><\/h2>\n\n\n\n<p>No dia anterior, 26 de fevereiro, o presidente Fl\u00e1vio Roscoe esteve em Cataguases para o lan\u00e7amento da Casa da Ind\u00fastria, uma iniciativa da FIEMG em parceria com o Sindicato Intermunicipal das Ind\u00fastrias de Energia El\u00e9trica e Empresas Prestadoras de Servi\u00e7o no Setor Privado de Energia El\u00e9trica (SIEEL). Na ocasi\u00e3o, ele participou tamb\u00e9m de um evento em comemora\u00e7\u00e3o pelos 120 anos da empresa Energisa.<\/p>\n\n\n\n<p>No dia 27\/02, antes da inaugura\u00e7\u00e3o da Escola SESI Granbery, da posse da FIEMG Regional e da reuni\u00e3o com os presidentes de sindicatos, Fl\u00e1vio Roscoe visitou ainda a empresa Esdeva Ind\u00fastria Gr\u00e1fica, acompanhado pelo presidente do Sindicato das Ind\u00fastrias Gr\u00e1ficas de Juiz de Fora (Sindigraf-JF), S\u00e9rgio Picoli, e pelo presidente do Sindicato dos Propriet\u00e1rios de Jornais, Revistas e Similares do Estado de Minas Gerais (Sindijori), Rodrigo &nbsp;Fernandes. A visita foi uma oportunidade para conhecer de perto a realidade do setor gr\u00e1fico na regi\u00e3o e discutir a\u00e7\u00f5es para apoiar o crescimento da ind\u00fastria local.<\/p>\n\n\n\n<p class=\"has-white-color has-text-color has-link-color wp-elements-7e4ac651328708ea719ac0894fa30934\">.<\/p>\n\n\n\n<p><em>Graciele Vianna<\/em><br><strong>Imprensa FIEMG<\/strong><\/p>\n","protected":false},"featured_media":7983,"template":"","categories":[528,15],"tags":[],"class_list":["post-7980","noticias","type-noticias","status-publish","has-post-thumbnail","hentry","category-associativismo","category-desenvolvimento-industrial"],"acf":[],"yoast_head":"<!-- This site is optimized with the Yoast SEO plugin v26.2 - https:\/\/yoast.com\/wordpress\/plugins\/seo\/ -->\n<title>Presidentes de sindicatos da Zona da Mata se re\u00fanem na FIEMG Regional ap\u00f3s posse de Mari\u00e2ngela Marcon - FIEMG<\/title>\n<meta name=\"robots\" content=\"index, follow, max-snippet:-1, max-image-preview:large, max-video-preview:-1\" \/>\n<link rel=\"canonical\" href=\"https:\/\/www.fiemg.com.br\/fiemg\/noticias\/presidentes-de-sindicatos-da-zona-da-mata-se-reunem-na-fiemg-regional-apos-posse-de-mariangela-marcon\/\" \/>\n<meta property=\"og:locale\" content=\"pt_BR\" \/>\n<meta property=\"og:type\" content=\"article\" \/>\n<meta property=\"og:title\" content=\"Presidentes de sindicatos da Zona da Mata se re\u00fanem na FIEMG Regional ap\u00f3s posse de Mari\u00e2ngela Marcon - FIEMG\" \/>\n<meta property=\"og:description\" content=\"Na tarde do dia 27 de fevereiro, a sede da FIEMG Regional Zona da Mata, em Juiz de Fora, foi palco de uma importante reuni\u00e3o entre os presidentes de sindicatos da regi\u00e3o. O encontro foi conduzido pelo presidente da FIEMG, Fl\u00e1vio Roscoe, e pela nova presidente da FIEMG Regional ZM, Mari\u00e2ngela Marcon, que tamb\u00e9m comanda [&hellip;]\" \/>\n<meta property=\"og:url\" content=\"https:\/\/www.fiemg.com.br\/fiemg\/noticias\/presidentes-de-sindicatos-da-zona-da-mata-se-reunem-na-fiemg-regional-apos-posse-de-mariangela-marcon\/\" \/>\n<meta property=\"og:site_name\" content=\"FIEMG\" \/>\n<meta property=\"article:modified_time\" content=\"2025-03-06T18:54:09+00:00\" \/>\n<meta property=\"og:image\" content=\"https:\/\/www.fiemg.com.br\/fiemg\/wp-content\/uploads\/sites\/10\/2025\/03\/3cd9df9c-a500-49d2-82c9-d54ca8171ff6.jpg\" \/>\n\t<meta property=\"og:image:width\" content=\"1600\" \/>\n\t<meta property=\"og:image:height\" content=\"1200\" \/>\n\t<meta property=\"og:image:type\" content=\"image\/jpeg\" \/>\n<meta name=\"twitter:card\" content=\"summary_large_image\" \/>\n<meta name=\"twitter:label1\" content=\"Est. tempo de leitura\" \/>\n\t<meta name=\"twitter:data1\" content=\"4 minutos\" \/>\n<script type=\"application\/ld+json\" class=\"yoast-schema-graph\">{\"@context\":\"https:\/\/schema.org\",\"@graph\":[{\"@type\":\"WebPage\",\"@id\":\"https:\/\/www.fiemg.com.br\/fiemg\/noticias\/presidentes-de-sindicatos-da-zona-da-mata-se-reunem-na-fiemg-regional-apos-posse-de-mariangela-marcon\/\",\"url\":\"https:\/\/www.fiemg.com.br\/fiemg\/noticias\/presidentes-de-sindicatos-da-zona-da-mata-se-reunem-na-fiemg-regional-apos-posse-de-mariangela-marcon\/\",\"name\":\"Presidentes de sindicatos da Zona da Mata se re\u00fanem na FIEMG Regional ap\u00f3s posse de Mari\u00e2ngela Marcon - FIEMG\",\"isPartOf\":{\"@id\":\"https:\/\/www.fiemg.com.br\/fiemg\/#website\"},\"primaryImageOfPage\":{\"@id\":\"https:\/\/www.fiemg.com.br\/fiemg\/noticias\/presidentes-de-sindicatos-da-zona-da-mata-se-reunem-na-fiemg-regional-apos-posse-de-mariangela-marcon\/#primaryimage\"},\"image\":{\"@id\":\"https:\/\/www.fiemg.com.br\/fiemg\/noticias\/presidentes-de-sindicatos-da-zona-da-mata-se-reunem-na-fiemg-regional-apos-posse-de-mariangela-marcon\/#primaryimage\"},\"thumbnailUrl\":\"https:\/\/www.fiemg.com.br\/fiemg\/wp-content\/uploads\/sites\/10\/2025\/03\/3cd9df9c-a500-49d2-82c9-d54ca8171ff6.jpg\",\"datePublished\":\"2025-03-06T18:35:33+00:00\",\"dateModified\":\"2025-03-06T18:54:09+00:00\",\"breadcrumb\":{\"@id\":\"https:\/\/www.fiemg.com.br\/fiemg\/noticias\/presidentes-de-sindicatos-da-zona-da-mata-se-reunem-na-fiemg-regional-apos-posse-de-mariangela-marcon\/#breadcrumb\"},\"inLanguage\":\"pt-BR\",\"potentialAction\":[{\"@type\":\"ReadAction\",\"target\":[\"https:\/\/www.fiemg.com.br\/fiemg\/noticias\/presidentes-de-sindicatos-da-zona-da-mata-se-reunem-na-fiemg-regional-apos-posse-de-mariangela-marcon\/\"]}]},{\"@type\":\"ImageObject\",\"inLanguage\":\"pt-BR\",\"@id\":\"https:\/\/www.fiemg.com.br\/fiemg\/noticias\/presidentes-de-sindicatos-da-zona-da-mata-se-reunem-na-fiemg-regional-apos-posse-de-mariangela-marcon\/#primaryimage\",\"url\":\"https:\/\/www.fiemg.com.br\/fiemg\/wp-content\/uploads\/sites\/10\/2025\/03\/3cd9df9c-a500-49d2-82c9-d54ca8171ff6.jpg\",\"contentUrl\":\"https:\/\/www.fiemg.com.br\/fiemg\/wp-content\/uploads\/sites\/10\/2025\/03\/3cd9df9c-a500-49d2-82c9-d54ca8171ff6.jpg\",\"width\":1600,\"height\":1200},{\"@type\":\"BreadcrumbList\",\"@id\":\"https:\/\/www.fiemg.com.br\/fiemg\/noticias\/presidentes-de-sindicatos-da-zona-da-mata-se-reunem-na-fiemg-regional-apos-posse-de-mariangela-marcon\/#breadcrumb\",\"itemListElement\":[{\"@type\":\"ListItem\",\"position\":1,\"name\":\"In\u00edcio\",\"item\":\"https:\/\/www.fiemg.com.br\/fiemg\/\"},{\"@type\":\"ListItem\",\"position\":2,\"name\":\"Presidentes de sindicatos da Zona da Mata se re\u00fanem na FIEMG Regional ap\u00f3s posse de Mari\u00e2ngela Marcon\"}]},{\"@type\":\"WebSite\",\"@id\":\"https:\/\/www.fiemg.com.br\/fiemg\/#website\",\"url\":\"https:\/\/www.fiemg.com.br\/fiemg\/\",\"name\":\"FIEMG\",\"description\":\"Federa\u00e7\u00e3o das Ind\u00fastrias do Estado de Minas Gerais\",\"publisher\":{\"@id\":\"https:\/\/www.fiemg.com.br\/fiemg\/#organization\"},\"potentialAction\":[{\"@type\":\"SearchAction\",\"target\":{\"@type\":\"EntryPoint\",\"urlTemplate\":\"https:\/\/www.fiemg.com.br\/fiemg\/?s={search_term_string}\"},\"query-input\":{\"@type\":\"PropertyValueSpecification\",\"valueRequired\":true,\"valueName\":\"search_term_string\"}}],\"inLanguage\":\"pt-BR\"},{\"@type\":\"Organization\",\"@id\":\"https:\/\/www.fiemg.com.br\/fiemg\/#organization\",\"name\":\"FIEMG\",\"url\":\"https:\/\/www.fiemg.com.br\/fiemg\/\",\"logo\":{\"@type\":\"ImageObject\",\"inLanguage\":\"pt-BR\",\"@id\":\"https:\/\/www.fiemg.com.br\/fiemg\/#\/schema\/logo\/image\/\",\"url\":\"https:\/\/www.fiemg.com.br\/fiemg\/wp-content\/uploads\/sites\/10\/2023\/02\/fiemg_branco.svg\",\"contentUrl\":\"https:\/\/www.fiemg.com.br\/fiemg\/wp-content\/uploads\/sites\/10\/2023\/02\/fiemg_branco.svg\",\"width\":561,\"height\":147,\"caption\":\"FIEMG\"},\"image\":{\"@id\":\"https:\/\/www.fiemg.com.br\/fiemg\/#\/schema\/logo\/image\/\"}}]}<\/script>\n<!-- \/ Yoast SEO plugin. -->","yoast_head_json":{"title":"Presidentes de sindicatos da Zona da Mata se re\u00fanem na FIEMG Regional ap\u00f3s posse de Mari\u00e2ngela Marcon - FIEMG","robots":{"index":"index","follow":"follow","max-snippet":"max-snippet:-1","max-image-preview":"max-image-preview:large","max-video-preview":"max-video-preview:-1"},"canonical":"https:\/\/www.fiemg.com.br\/fiemg\/noticias\/presidentes-de-sindicatos-da-zona-da-mata-se-reunem-na-fiemg-regional-apos-posse-de-mariangela-marcon\/","og_locale":"pt_BR","og_type":"article","og_title":"Presidentes de sindicatos da Zona da Mata se re\u00fanem na FIEMG Regional ap\u00f3s posse de Mari\u00e2ngela Marcon - FIEMG","og_description":"Na tarde do dia 27 de fevereiro, a sede da FIEMG Regional Zona da Mata, em Juiz de Fora, foi palco de uma importante reuni\u00e3o entre os presidentes de sindicatos da regi\u00e3o. O encontro foi conduzido pelo presidente da FIEMG, Fl\u00e1vio Roscoe, e pela nova presidente da FIEMG Regional ZM, Mari\u00e2ngela Marcon, que tamb\u00e9m comanda [&hellip;]","og_url":"https:\/\/www.fiemg.com.br\/fiemg\/noticias\/presidentes-de-sindicatos-da-zona-da-mata-se-reunem-na-fiemg-regional-apos-posse-de-mariangela-marcon\/","og_site_name":"FIEMG","article_modified_time":"2025-03-06T18:54:09+00:00","og_image":[{"width":1600,"height":1200,"url":"https:\/\/www.fiemg.com.br\/fiemg\/wp-content\/uploads\/sites\/10\/2025\/03\/3cd9df9c-a500-49d2-82c9-d54ca8171ff6.jpg","type":"image\/jpeg"}],"twitter_card":"summary_large_image","twitter_misc":{"Est. tempo de leitura":"4 minutos"},"schema":{"@context":"https:\/\/schema.org","@graph":[{"@type":"WebPage","@id":"https:\/\/www.fiemg.com.br\/fiemg\/noticias\/presidentes-de-sindicatos-da-zona-da-mata-se-reunem-na-fiemg-regional-apos-posse-de-mariangela-marcon\/","url":"https:\/\/www.fiemg.com.br\/fiemg\/noticias\/presidentes-de-sindicatos-da-zona-da-mata-se-reunem-na-fiemg-regional-apos-posse-de-mariangela-marcon\/","name":"Presidentes de sindicatos da Zona da Mata se re\u00fanem na FIEMG Regional ap\u00f3s posse de Mari\u00e2ngela Marcon - FIEMG","isPartOf":{"@id":"https:\/\/www.fiemg.com.br\/fiemg\/#website"},"primaryImageOfPage":{"@id":"https:\/\/www.fiemg.com.br\/fiemg\/noticias\/presidentes-de-sindicatos-da-zona-da-mata-se-reunem-na-fiemg-regional-apos-posse-de-mariangela-marcon\/#primaryimage"},"image":{"@id":"https:\/\/www.fiemg.com.br\/fiemg\/noticias\/presidentes-de-sindicatos-da-zona-da-mata-se-reunem-na-fiemg-regional-apos-posse-de-mariangela-marcon\/#primaryimage"},"thumbnailUrl":"https:\/\/www.fiemg.com.br\/fiemg\/wp-content\/uploads\/sites\/10\/2025\/03\/3cd9df9c-a500-49d2-82c9-d54ca8171ff6.jpg","datePublished":"2025-03-06T18:35:33+00:00","dateModified":"2025-03-06T18:54:09+00:00","breadcrumb":{"@id":"https:\/\/www.fiemg.com.br\/fiemg\/noticias\/presidentes-de-sindicatos-da-zona-da-mata-se-reunem-na-fiemg-regional-apos-posse-de-mariangela-marcon\/#breadcrumb"},"inLanguage":"pt-BR","potentialAction":[{"@type":"ReadAction","target":["https:\/\/www.fiemg.com.br\/fiemg\/noticias\/presidentes-de-sindicatos-da-zona-da-mata-se-reunem-na-fiemg-regional-apos-posse-de-mariangela-marcon\/"]}]},{"@type":"ImageObject","inLanguage":"pt-BR","@id":"https:\/\/www.fiemg.com.br\/fiemg\/noticias\/presidentes-de-sindicatos-da-zona-da-mata-se-reunem-na-fiemg-regional-apos-posse-de-mariangela-marcon\/#primaryimage","url":"https:\/\/www.fiemg.com.br\/fiemg\/wp-content\/uploads\/sites\/10\/2025\/03\/3cd9df9c-a500-49d2-82c9-d54ca8171ff6.jpg","contentUrl":"https:\/\/www.fiemg.com.br\/fiemg\/wp-content\/uploads\/sites\/10\/2025\/03\/3cd9df9c-a500-49d2-82c9-d54ca8171ff6.jpg","width":1600,"height":1200},{"@type":"BreadcrumbList","@id":"https:\/\/www.fiemg.com.br\/fiemg\/noticias\/presidentes-de-sindicatos-da-zona-da-mata-se-reunem-na-fiemg-regional-apos-posse-de-mariangela-marcon\/#breadcrumb","itemListElement":[{"@type":"ListItem","position":1,"name":"In\u00edcio","item":"https:\/\/www.fiemg.com.br\/fiemg\/"},{"@type":"ListItem","position":2,"name":"Presidentes de sindicatos da Zona da Mata se re\u00fanem na FIEMG Regional ap\u00f3s posse de Mari\u00e2ngela Marcon"}]},{"@type":"WebSite","@id":"https:\/\/www.fiemg.com.br\/fiemg\/#website","url":"https:\/\/www.fiemg.com.br\/fiemg\/","name":"FIEMG","description":"Federa\u00e7\u00e3o das Ind\u00fastrias do Estado de Minas Gerais","publisher":{"@id":"https:\/\/www.fiemg.com.br\/fiemg\/#organization"},"potentialAction":[{"@type":"SearchAction","target":{"@type":"EntryPoint","urlTemplate":"https:\/\/www.fiemg.com.br\/fiemg\/?s={search_term_string}"},"query-input":{"@type":"PropertyValueSpecification","valueRequired":true,"valueName":"search_term_string"}}],"inLanguage":"pt-BR"},{"@type":"Organization","@id":"https:\/\/www.fiemg.com.br\/fiemg\/#organization","name":"FIEMG","url":"https:\/\/www.fiemg.com.br\/fiemg\/","logo":{"@type":"ImageObject","inLanguage":"pt-BR","@id":"https:\/\/www.fiemg.com.br\/fiemg\/#\/schema\/logo\/image\/","url":"https:\/\/www.fiemg.com.br\/fiemg\/wp-content\/uploads\/sites\/10\/2023\/02\/fiemg_branco.svg","contentUrl":"https:\/\/www.fiemg.com.br\/fiemg\/wp-content\/uploads\/sites\/10\/2023\/02\/fiemg_branco.svg","width":561,"height":147,"caption":"FIEMG"},"image":{"@id":"https:\/\/www.fiemg.com.br\/fiemg\/#\/schema\/logo\/image\/"}}]}},"_links":{"self":[{"href":"https:\/\/www.fiemg.com.br\/fiemg\/wp-json\/wp\/v2\/noticias\/7980","targetHints":{"allow":["GET"]}}],"collection":[{"href":"https:\/\/www.fiemg.com.br\/fiemg\/wp-json\/wp\/v2\/noticias"}],"about":[{"href":"https:\/\/www.fiemg.com.br\/fiemg\/wp-json\/wp\/v2\/types\/noticias"}],"wp:featuredmedia":[{"embeddable":true,"href":"https:\/\/www.fiemg.com.br\/fiemg\/wp-json\/wp\/v2\/media\/7983"}],"wp:attachment":[{"href":"https:\/\/www.fiemg.com.br\/fiemg\/wp-json\/wp\/v2\/media?parent=7980"}],"wp:term":[{"taxonomy":"category","embeddable":true,"href":"https:\/\/www.fiemg.com.br\/fiemg\/wp-json\/wp\/v2\/categories?post=7980"},{"taxonomy":"post_tag","embeddable":true,"href":"https:\/\/www.fiemg.com.br\/fiemg\/wp-json\/wp\/v2\/tags?post=7980"}],"curies":[{"name":"wp","href":"https:\/\/api.w.org\/{rel}","templated":true}]}}