{"id":8087,"date":"2025-03-13T08:17:09","date_gmt":"2025-03-13T11:17:09","guid":{"rendered":"https:\/\/www.fiemg.com.br\/fiemg\/noticias\/concerto-sera-realizado-no-dia-20-de-marco-e-a-entrada-e-gratuita-retire-ja-seu-ingresso\/"},"modified":"2025-03-13T08:17:15","modified_gmt":"2025-03-13T11:17:15","slug":"concerto-sera-realizado-no-dia-20-de-marco-e-a-entrada-e-gratuita-retire-ja-seu-ingresso","status":"publish","type":"noticias","link":"https:\/\/www.fiemg.com.br\/fiemg\/noticias\/concerto-sera-realizado-no-dia-20-de-marco-e-a-entrada-e-gratuita-retire-ja-seu-ingresso\/","title":{"rendered":"Orquestra SESIMINAS estreia a s\u00e9rie \u201cM\u00fasica no Museu\u201d com homenagem a Chiquinha Gonzaga"},"content":{"rendered":"\n<p><strong><br><\/strong>A <strong>Orquestra SESIMINAS<\/strong> d\u00e1 in\u00edcio \u00e0 s\u00e9rie <strong>M\u00fasica no Museu<\/strong>, um projeto que promove concertos gratuitos no <strong>SESI Museu de Artes e Of\u00edcios (MAO)<\/strong>, proporcionando uma experi\u00eancia que conecta a m\u00fasica ao patrim\u00f4nio cultural. A primeira edi\u00e7\u00e3o acontece no dia <strong>20 de mar\u00e7o, \u00e0s 19h30<\/strong>, com um concerto especial em homenagem a <strong>Chiquinha Gonzaga<\/strong>, uma das maiores compositoras da hist\u00f3ria da m\u00fasica brasileira.<\/p>\n\n\n\n<p>A s\u00e9rie <strong>M\u00fasica no Museu<\/strong> transforma o espa\u00e7o hist\u00f3rico do museu em palco para apresenta\u00e7\u00f5es que aproximam o p\u00fablico da m\u00fasica instrumental e erudita. Antes do concerto, os visitantes poder\u00e3o conhecer o acervo do MAO, que ter\u00e1 visita\u00e7\u00e3o estendida at\u00e9 <strong>19h<\/strong>.<\/p>\n\n\n\n<p>Em celebra\u00e7\u00e3o ao <strong>M\u00eas das Mulheres<\/strong>, a apresenta\u00e7\u00e3o destaca a trajet\u00f3ria de <strong>Francisca Edviges Neves Gonzaga<\/strong>, compositora, pianista e maestrina que quebrou barreiras em sua \u00e9poca e ajudou a transformar a m\u00fasica brasileira. O repert\u00f3rio inclui algumas de suas obras mais emblem\u00e1ticas, al\u00e9m de pe\u00e7as de seus contempor\u00e2neos, recriando a atmosfera cultural do per\u00edodo.<\/p>\n\n\n\n<p>Com <strong>entrada gratuita e classifica\u00e7\u00e3o livre<\/strong>, o evento refor\u00e7a o compromisso da Orquestra SESIMINAS em ampliar o acesso \u00e0 m\u00fasica de concerto e valorizar o patrim\u00f4nio art\u00edstico nacional.&nbsp; Adquira seu ingresso <a href=\"https:\/\/bileto.sympla.com.br\/event\/103076\/d\/302736\/s\/2064962\">AQUI<\/a>!<\/p>\n\n\n\n<p><strong>SERVI\u00c7O<\/strong><\/p>\n\n\n\n<p><strong>M\u00fasica no Museu \u2013 Homenagem a Chiquinha Gonzaga<\/strong><br><strong>Data:<\/strong> 13 de mar\u00e7o de 2024<br><strong>Hor\u00e1rio:<\/strong> 19h30 (visita\u00e7\u00e3o ao museu at\u00e9 19h)<br><strong>Local:<\/strong> Museu de Artes e Of\u00edcios \u2013 Pra\u00e7a Rui Barbosa, 600, Centro, Belo Horizonte\/MG<br><strong>Entrada gratuita<\/strong> | <strong>Classifica\u00e7\u00e3o livre<\/strong><\/p>\n","protected":false},"featured_media":8089,"template":"","categories":[162],"tags":[1210,1211,1212,1213],"class_list":["post-8087","noticias","type-noticias","status-publish","has-post-thumbnail","hentry","category-cultura","tag-chiquinha-gonzaga","tag-gratuito","tag-orquestra-sesiminas","tag-sesi-mao"],"acf":[],"yoast_head":"<!-- This site is optimized with the Yoast SEO plugin v26.2 - https:\/\/yoast.com\/wordpress\/plugins\/seo\/ -->\n<title>Orquestra SESIMINAS estreia a s\u00e9rie \u201cM\u00fasica no Museu\u201d com homenagem a Chiquinha Gonzaga - FIEMG<\/title>\n<meta name=\"description\" content=\"Concerto ser\u00e1 realizado no dia 20 de mar\u00e7o e a entrada \u00e9 gratuita. Retire j\u00e1 seu ingresso! \u00a0\" \/>\n<meta name=\"robots\" content=\"index, follow, max-snippet:-1, max-image-preview:large, max-video-preview:-1\" \/>\n<link rel=\"canonical\" href=\"https:\/\/www.fiemg.com.br\/fiemg\/noticias\/concerto-sera-realizado-no-dia-20-de-marco-e-a-entrada-e-gratuita-retire-ja-seu-ingresso\/\" \/>\n<meta property=\"og:locale\" content=\"pt_BR\" \/>\n<meta property=\"og:type\" content=\"article\" \/>\n<meta property=\"og:title\" content=\"Orquestra SESIMINAS estreia a s\u00e9rie \u201cM\u00fasica no Museu\u201d com homenagem a Chiquinha Gonzaga - FIEMG\" \/>\n<meta property=\"og:description\" content=\"Concerto ser\u00e1 realizado no dia 20 de mar\u00e7o e a entrada \u00e9 gratuita. Retire j\u00e1 seu ingresso! \u00a0\" \/>\n<meta property=\"og:url\" content=\"https:\/\/www.fiemg.com.br\/fiemg\/noticias\/concerto-sera-realizado-no-dia-20-de-marco-e-a-entrada-e-gratuita-retire-ja-seu-ingresso\/\" \/>\n<meta property=\"og:site_name\" content=\"FIEMG\" \/>\n<meta property=\"article:modified_time\" content=\"2025-03-13T11:17:15+00:00\" \/>\n<meta property=\"og:image\" content=\"https:\/\/www.fiemg.com.br\/fiemg\/wp-content\/uploads\/sites\/10\/2025\/03\/chiquinhabanner.png\" \/>\n\t<meta property=\"og:image:width\" content=\"1600\" \/>\n\t<meta property=\"og:image:height\" content=\"1600\" \/>\n\t<meta property=\"og:image:type\" content=\"image\/png\" \/>\n<meta name=\"twitter:card\" content=\"summary_large_image\" \/>\n<meta name=\"twitter:label1\" content=\"Est. tempo de leitura\" \/>\n\t<meta name=\"twitter:data1\" content=\"2 minutos\" \/>\n<script type=\"application\/ld+json\" class=\"yoast-schema-graph\">{\"@context\":\"https:\/\/schema.org\",\"@graph\":[{\"@type\":\"WebPage\",\"@id\":\"https:\/\/www.fiemg.com.br\/fiemg\/noticias\/concerto-sera-realizado-no-dia-20-de-marco-e-a-entrada-e-gratuita-retire-ja-seu-ingresso\/\",\"url\":\"https:\/\/www.fiemg.com.br\/fiemg\/noticias\/concerto-sera-realizado-no-dia-20-de-marco-e-a-entrada-e-gratuita-retire-ja-seu-ingresso\/\",\"name\":\"Orquestra SESIMINAS estreia a s\u00e9rie \u201cM\u00fasica no Museu\u201d com homenagem a Chiquinha Gonzaga - FIEMG\",\"isPartOf\":{\"@id\":\"https:\/\/www.fiemg.com.br\/fiemg\/#website\"},\"primaryImageOfPage\":{\"@id\":\"https:\/\/www.fiemg.com.br\/fiemg\/noticias\/concerto-sera-realizado-no-dia-20-de-marco-e-a-entrada-e-gratuita-retire-ja-seu-ingresso\/#primaryimage\"},\"image\":{\"@id\":\"https:\/\/www.fiemg.com.br\/fiemg\/noticias\/concerto-sera-realizado-no-dia-20-de-marco-e-a-entrada-e-gratuita-retire-ja-seu-ingresso\/#primaryimage\"},\"thumbnailUrl\":\"https:\/\/www.fiemg.com.br\/fiemg\/wp-content\/uploads\/sites\/10\/2025\/03\/chiquinhabanner.png\",\"datePublished\":\"2025-03-13T11:17:09+00:00\",\"dateModified\":\"2025-03-13T11:17:15+00:00\",\"description\":\"Concerto ser\u00e1 realizado no dia 20 de mar\u00e7o e a entrada \u00e9 gratuita. Retire j\u00e1 seu ingresso! \u00a0\",\"breadcrumb\":{\"@id\":\"https:\/\/www.fiemg.com.br\/fiemg\/noticias\/concerto-sera-realizado-no-dia-20-de-marco-e-a-entrada-e-gratuita-retire-ja-seu-ingresso\/#breadcrumb\"},\"inLanguage\":\"pt-BR\",\"potentialAction\":[{\"@type\":\"ReadAction\",\"target\":[\"https:\/\/www.fiemg.com.br\/fiemg\/noticias\/concerto-sera-realizado-no-dia-20-de-marco-e-a-entrada-e-gratuita-retire-ja-seu-ingresso\/\"]}]},{\"@type\":\"ImageObject\",\"inLanguage\":\"pt-BR\",\"@id\":\"https:\/\/www.fiemg.com.br\/fiemg\/noticias\/concerto-sera-realizado-no-dia-20-de-marco-e-a-entrada-e-gratuita-retire-ja-seu-ingresso\/#primaryimage\",\"url\":\"https:\/\/www.fiemg.com.br\/fiemg\/wp-content\/uploads\/sites\/10\/2025\/03\/chiquinhabanner.png\",\"contentUrl\":\"https:\/\/www.fiemg.com.br\/fiemg\/wp-content\/uploads\/sites\/10\/2025\/03\/chiquinhabanner.png\",\"width\":1600,\"height\":1600},{\"@type\":\"BreadcrumbList\",\"@id\":\"https:\/\/www.fiemg.com.br\/fiemg\/noticias\/concerto-sera-realizado-no-dia-20-de-marco-e-a-entrada-e-gratuita-retire-ja-seu-ingresso\/#breadcrumb\",\"itemListElement\":[{\"@type\":\"ListItem\",\"position\":1,\"name\":\"In\u00edcio\",\"item\":\"https:\/\/www.fiemg.com.br\/fiemg\/\"},{\"@type\":\"ListItem\",\"position\":2,\"name\":\"Orquestra SESIMINAS estreia a s\u00e9rie \u201cM\u00fasica no Museu\u201d com homenagem a Chiquinha Gonzaga\"}]},{\"@type\":\"WebSite\",\"@id\":\"https:\/\/www.fiemg.com.br\/fiemg\/#website\",\"url\":\"https:\/\/www.fiemg.com.br\/fiemg\/\",\"name\":\"FIEMG\",\"description\":\"Federa\u00e7\u00e3o das Ind\u00fastrias do Estado de Minas Gerais\",\"publisher\":{\"@id\":\"https:\/\/www.fiemg.com.br\/fiemg\/#organization\"},\"potentialAction\":[{\"@type\":\"SearchAction\",\"target\":{\"@type\":\"EntryPoint\",\"urlTemplate\":\"https:\/\/www.fiemg.com.br\/fiemg\/?s={search_term_string}\"},\"query-input\":{\"@type\":\"PropertyValueSpecification\",\"valueRequired\":true,\"valueName\":\"search_term_string\"}}],\"inLanguage\":\"pt-BR\"},{\"@type\":\"Organization\",\"@id\":\"https:\/\/www.fiemg.com.br\/fiemg\/#organization\",\"name\":\"FIEMG\",\"url\":\"https:\/\/www.fiemg.com.br\/fiemg\/\",\"logo\":{\"@type\":\"ImageObject\",\"inLanguage\":\"pt-BR\",\"@id\":\"https:\/\/www.fiemg.com.br\/fiemg\/#\/schema\/logo\/image\/\",\"url\":\"https:\/\/www.fiemg.com.br\/fiemg\/wp-content\/uploads\/sites\/10\/2023\/02\/fiemg_branco.svg\",\"contentUrl\":\"https:\/\/www.fiemg.com.br\/fiemg\/wp-content\/uploads\/sites\/10\/2023\/02\/fiemg_branco.svg\",\"width\":561,\"height\":147,\"caption\":\"FIEMG\"},\"image\":{\"@id\":\"https:\/\/www.fiemg.com.br\/fiemg\/#\/schema\/logo\/image\/\"}}]}<\/script>\n<!-- \/ Yoast SEO plugin. -->","yoast_head_json":{"title":"Orquestra SESIMINAS estreia a s\u00e9rie \u201cM\u00fasica no Museu\u201d com homenagem a Chiquinha Gonzaga - FIEMG","description":"Concerto ser\u00e1 realizado no dia 20 de mar\u00e7o e a entrada \u00e9 gratuita. Retire j\u00e1 seu ingresso! \u00a0","robots":{"index":"index","follow":"follow","max-snippet":"max-snippet:-1","max-image-preview":"max-image-preview:large","max-video-preview":"max-video-preview:-1"},"canonical":"https:\/\/www.fiemg.com.br\/fiemg\/noticias\/concerto-sera-realizado-no-dia-20-de-marco-e-a-entrada-e-gratuita-retire-ja-seu-ingresso\/","og_locale":"pt_BR","og_type":"article","og_title":"Orquestra SESIMINAS estreia a s\u00e9rie \u201cM\u00fasica no Museu\u201d com homenagem a Chiquinha Gonzaga - FIEMG","og_description":"Concerto ser\u00e1 realizado no dia 20 de mar\u00e7o e a entrada \u00e9 gratuita. Retire j\u00e1 seu ingresso! \u00a0","og_url":"https:\/\/www.fiemg.com.br\/fiemg\/noticias\/concerto-sera-realizado-no-dia-20-de-marco-e-a-entrada-e-gratuita-retire-ja-seu-ingresso\/","og_site_name":"FIEMG","article_modified_time":"2025-03-13T11:17:15+00:00","og_image":[{"width":1600,"height":1600,"url":"https:\/\/www.fiemg.com.br\/fiemg\/wp-content\/uploads\/sites\/10\/2025\/03\/chiquinhabanner.png","type":"image\/png"}],"twitter_card":"summary_large_image","twitter_misc":{"Est. tempo de leitura":"2 minutos"},"schema":{"@context":"https:\/\/schema.org","@graph":[{"@type":"WebPage","@id":"https:\/\/www.fiemg.com.br\/fiemg\/noticias\/concerto-sera-realizado-no-dia-20-de-marco-e-a-entrada-e-gratuita-retire-ja-seu-ingresso\/","url":"https:\/\/www.fiemg.com.br\/fiemg\/noticias\/concerto-sera-realizado-no-dia-20-de-marco-e-a-entrada-e-gratuita-retire-ja-seu-ingresso\/","name":"Orquestra SESIMINAS estreia a s\u00e9rie \u201cM\u00fasica no Museu\u201d com homenagem a Chiquinha Gonzaga - FIEMG","isPartOf":{"@id":"https:\/\/www.fiemg.com.br\/fiemg\/#website"},"primaryImageOfPage":{"@id":"https:\/\/www.fiemg.com.br\/fiemg\/noticias\/concerto-sera-realizado-no-dia-20-de-marco-e-a-entrada-e-gratuita-retire-ja-seu-ingresso\/#primaryimage"},"image":{"@id":"https:\/\/www.fiemg.com.br\/fiemg\/noticias\/concerto-sera-realizado-no-dia-20-de-marco-e-a-entrada-e-gratuita-retire-ja-seu-ingresso\/#primaryimage"},"thumbnailUrl":"https:\/\/www.fiemg.com.br\/fiemg\/wp-content\/uploads\/sites\/10\/2025\/03\/chiquinhabanner.png","datePublished":"2025-03-13T11:17:09+00:00","dateModified":"2025-03-13T11:17:15+00:00","description":"Concerto ser\u00e1 realizado no dia 20 de mar\u00e7o e a entrada \u00e9 gratuita. Retire j\u00e1 seu ingresso! \u00a0","breadcrumb":{"@id":"https:\/\/www.fiemg.com.br\/fiemg\/noticias\/concerto-sera-realizado-no-dia-20-de-marco-e-a-entrada-e-gratuita-retire-ja-seu-ingresso\/#breadcrumb"},"inLanguage":"pt-BR","potentialAction":[{"@type":"ReadAction","target":["https:\/\/www.fiemg.com.br\/fiemg\/noticias\/concerto-sera-realizado-no-dia-20-de-marco-e-a-entrada-e-gratuita-retire-ja-seu-ingresso\/"]}]},{"@type":"ImageObject","inLanguage":"pt-BR","@id":"https:\/\/www.fiemg.com.br\/fiemg\/noticias\/concerto-sera-realizado-no-dia-20-de-marco-e-a-entrada-e-gratuita-retire-ja-seu-ingresso\/#primaryimage","url":"https:\/\/www.fiemg.com.br\/fiemg\/wp-content\/uploads\/sites\/10\/2025\/03\/chiquinhabanner.png","contentUrl":"https:\/\/www.fiemg.com.br\/fiemg\/wp-content\/uploads\/sites\/10\/2025\/03\/chiquinhabanner.png","width":1600,"height":1600},{"@type":"BreadcrumbList","@id":"https:\/\/www.fiemg.com.br\/fiemg\/noticias\/concerto-sera-realizado-no-dia-20-de-marco-e-a-entrada-e-gratuita-retire-ja-seu-ingresso\/#breadcrumb","itemListElement":[{"@type":"ListItem","position":1,"name":"In\u00edcio","item":"https:\/\/www.fiemg.com.br\/fiemg\/"},{"@type":"ListItem","position":2,"name":"Orquestra SESIMINAS estreia a s\u00e9rie \u201cM\u00fasica no Museu\u201d com homenagem a Chiquinha Gonzaga"}]},{"@type":"WebSite","@id":"https:\/\/www.fiemg.com.br\/fiemg\/#website","url":"https:\/\/www.fiemg.com.br\/fiemg\/","name":"FIEMG","description":"Federa\u00e7\u00e3o das Ind\u00fastrias do Estado de Minas Gerais","publisher":{"@id":"https:\/\/www.fiemg.com.br\/fiemg\/#organization"},"potentialAction":[{"@type":"SearchAction","target":{"@type":"EntryPoint","urlTemplate":"https:\/\/www.fiemg.com.br\/fiemg\/?s={search_term_string}"},"query-input":{"@type":"PropertyValueSpecification","valueRequired":true,"valueName":"search_term_string"}}],"inLanguage":"pt-BR"},{"@type":"Organization","@id":"https:\/\/www.fiemg.com.br\/fiemg\/#organization","name":"FIEMG","url":"https:\/\/www.fiemg.com.br\/fiemg\/","logo":{"@type":"ImageObject","inLanguage":"pt-BR","@id":"https:\/\/www.fiemg.com.br\/fiemg\/#\/schema\/logo\/image\/","url":"https:\/\/www.fiemg.com.br\/fiemg\/wp-content\/uploads\/sites\/10\/2023\/02\/fiemg_branco.svg","contentUrl":"https:\/\/www.fiemg.com.br\/fiemg\/wp-content\/uploads\/sites\/10\/2023\/02\/fiemg_branco.svg","width":561,"height":147,"caption":"FIEMG"},"image":{"@id":"https:\/\/www.fiemg.com.br\/fiemg\/#\/schema\/logo\/image\/"}}]}},"_links":{"self":[{"href":"https:\/\/www.fiemg.com.br\/fiemg\/wp-json\/wp\/v2\/noticias\/8087","targetHints":{"allow":["GET"]}}],"collection":[{"href":"https:\/\/www.fiemg.com.br\/fiemg\/wp-json\/wp\/v2\/noticias"}],"about":[{"href":"https:\/\/www.fiemg.com.br\/fiemg\/wp-json\/wp\/v2\/types\/noticias"}],"wp:featuredmedia":[{"embeddable":true,"href":"https:\/\/www.fiemg.com.br\/fiemg\/wp-json\/wp\/v2\/media\/8089"}],"wp:attachment":[{"href":"https:\/\/www.fiemg.com.br\/fiemg\/wp-json\/wp\/v2\/media?parent=8087"}],"wp:term":[{"taxonomy":"category","embeddable":true,"href":"https:\/\/www.fiemg.com.br\/fiemg\/wp-json\/wp\/v2\/categories?post=8087"},{"taxonomy":"post_tag","embeddable":true,"href":"https:\/\/www.fiemg.com.br\/fiemg\/wp-json\/wp\/v2\/tags?post=8087"}],"curies":[{"name":"wp","href":"https:\/\/api.w.org\/{rel}","templated":true}]}}