{"id":8187,"date":"2025-03-25T11:16:12","date_gmt":"2025-03-25T14:16:12","guid":{"rendered":"https:\/\/www.fiemg.com.br\/fiemg\/noticias\/rodada-de-credito-da-fiemg-fortalece-o-empreendedorismo-feminino-em-minas\/"},"modified":"2025-03-25T11:16:16","modified_gmt":"2025-03-25T14:16:16","slug":"rodada-de-credito-da-fiemg-fortalece-o-empreendedorismo-feminino-em-minas","status":"publish","type":"noticias","link":"https:\/\/www.fiemg.com.br\/fiemg\/noticias\/rodada-de-credito-da-fiemg-fortalece-o-empreendedorismo-feminino-em-minas\/","title":{"rendered":"Rodada de Cr\u00e9dito da FIEMG fortalece o empreendedorismo feminino em Minas"},"content":{"rendered":"\n<p>Em um movimento estrat\u00e9gico para fortalecer o empreendedorismo feminino, a Federa\u00e7\u00e3o das Ind\u00fastrias de Minas Gerais (FIEMG) promoveu, no dia 25 de mar\u00e7o, a Rodada de Cr\u00e9dito para Mulheres Empreendedoras. O evento, realizado na sede da FIEMG, em Belo Horizonte, reuniu 30 empres\u00e1rias em busca de condi\u00e7\u00f5es diferenciadas de financiamento e suporte especializado para impulsionar seus neg\u00f3cios.<\/p>\n\n\n\n<p>A iniciativa, conduzida pela ger\u00eancia de Economia e Finan\u00e7as Empresariais da Federa\u00e7\u00e3o, foi voltada para empresas com, no m\u00ednimo, 50% de participa\u00e7\u00e3o feminina no capital social, oferecendo acesso a solu\u00e7\u00f5es financeiras personalizadas. Entre os principais benef\u00edcios estavam cr\u00e9dito com taxas especiais, op\u00e7\u00f5es para capital de giro e estrat\u00e9gias de reorganiza\u00e7\u00e3o de d\u00edvidas. Al\u00e9m do suporte financeiro, o evento se destacou como um importante ponto de conex\u00e3o entre as empreendedoras, promovendo networking e abrindo portas para futuras parcerias estrat\u00e9gicas.<\/p>\n\n\n\n<p>Para Aysla de Oliveira, empreendedora da Ayslla Defumaria, a Rodada de Cr\u00e9dito foi fundamental para esclarecer d\u00favidas sobre as linhas de financiamento dispon\u00edveis. &#8220;Eu vim para buscar esclarecimento sobre as linhas de cr\u00e9dito, porque chegou um ponto em que minha empresa realmente precisa de capital. Acredito que, sem capital, n\u00e3o conseguimos avan\u00e7ar. O evento foi importante porque me ajudou a esclarecer o destino do empr\u00e9stimo e como a gest\u00e3o do dinheiro ser\u00e1 crucial para o meu neg\u00f3cio. Valeu a pena!&#8221;, destacou.<\/p>\n\n\n\n<p>A Rodada de Cr\u00e9dito faz parte de uma campanha promovida pelo Banco de Desenvolvimento de Minas Gerais (BDMG), em celebra\u00e7\u00e3o ao M\u00eas das Mulheres, refor\u00e7ando o compromisso de ampliar o acesso das empres\u00e1rias mineiras a recursos e capacita\u00e7\u00e3o. Al\u00e9m das condi\u00e7\u00f5es especiais de cr\u00e9dito, as participantes ter\u00e3o acesso a treinamentos t\u00e9cnicos desenvolvidos em parceria com o SEBRAE. O programa prev\u00ea um acompanhamento cont\u00ednuo, oferecendo uma trilha de capacita\u00e7\u00e3o personalizada, com cursos indicados por especialistas financeiros e descontos que podem chegar a 100%.<\/p>\n\n\n\n<p>Leandro Rodrigues, gerente de Relacionamento do BDMG, ressaltou a import\u00e2ncia dessa a\u00e7\u00e3o e o compromisso do banco com o empreendedorismo feminino. &#8220;A gente estabeleceu essa parceria em 2012. A FIEMG \u00e9 nosso correspondente banc\u00e1rio desde ent\u00e3o e tornou-se um dos principais do BDMG. Sempre no m\u00eas de mar\u00e7o, oferecemos condi\u00e7\u00f5es diferenciadas para linhas de cr\u00e9dito voltadas a mulheres, pois esse \u00e9 um dos objetivos do desenvolvimento sustent\u00e1vel da ONU e um dos alinhamentos estrat\u00e9gicos do banco com os ODS. O empreendedorismo feminino \u00e9 uma prioridade para n\u00f3s, e, especificamente neste m\u00eas, conseguimos oferecer as melhores taxas dispon\u00edveis. O objetivo desta rodada de neg\u00f3cios \u00e9 justamente fazer com que essas linhas cheguem at\u00e9 as empres\u00e1rias, garantindo que conhe\u00e7am e possam acessar essas condi\u00e7\u00f5es especiais. Vale lembrar que essas taxas diferenciadas s\u00e3o v\u00e1lidas apenas para contratos gerados em mar\u00e7o.&#8221;<\/p>\n\n\n\n<p>Ao unir cr\u00e9dito acess\u00edvel e qualifica\u00e7\u00e3o empresarial, a FIEMG, o BDMG e o SEBRAE reafirmam seu compromisso com o fortalecimento do empreendedorismo feminino. A iniciativa n\u00e3o apenas apoia a expans\u00e3o dos neg\u00f3cios liderados por mulheres, mas tamb\u00e9m impulsiona o desenvolvimento econ\u00f4mico do estado, consolidando Minas Gerais como um polo de inova\u00e7\u00e3o e crescimento para empres\u00e1rias que buscam ir al\u00e9m.<\/p>\n\n\n\n<p>Confira as fotos do evento no <a href=\"https:\/\/www.flickr.com\/photos\/sistemafiemg\/albums\/72177720324661993\/with\/54409395706\">Flickr do Sistema FIEMG<\/a><\/p>\n\n\n\n<p><em>Fernanda Borges<\/em><br><strong>Imprensa FIEMG<\/strong><\/p>\n\n\n\n<p><\/p>\n","protected":false},"featured_media":8189,"template":"","categories":[5,15],"tags":[1231,78,1230,1236],"class_list":["post-8187","noticias","type-noticias","status-publish","has-post-thumbnail","hentry","category-capacitacao-empresarial","category-desenvolvimento-industrial","tag-empreendedoras","tag-fiemg","tag-mulheres","tag-rodada-de-credito"],"acf":[],"yoast_head":"<!-- This site is optimized with the Yoast SEO plugin v26.2 - https:\/\/yoast.com\/wordpress\/plugins\/seo\/ -->\n<title>Rodada de Cr\u00e9dito da FIEMG fortalece o empreendedorismo feminino em Minas - FIEMG<\/title>\n<meta name=\"description\" content=\"Evento ofereceu acesso a linhas de financiamento diferenciadas e capacita\u00e7\u00e3o t\u00e9cnica, promovendo networking e novas oportunidades para empres\u00e1rias do estado.\" \/>\n<meta name=\"robots\" content=\"index, follow, max-snippet:-1, max-image-preview:large, max-video-preview:-1\" \/>\n<link rel=\"canonical\" href=\"https:\/\/www.fiemg.com.br\/fiemg\/noticias\/rodada-de-credito-da-fiemg-fortalece-o-empreendedorismo-feminino-em-minas\/\" \/>\n<meta property=\"og:locale\" content=\"pt_BR\" \/>\n<meta property=\"og:type\" content=\"article\" \/>\n<meta property=\"og:title\" content=\"Rodada de Cr\u00e9dito da FIEMG fortalece o empreendedorismo feminino em Minas - FIEMG\" \/>\n<meta property=\"og:description\" content=\"Evento ofereceu acesso a linhas de financiamento diferenciadas e capacita\u00e7\u00e3o t\u00e9cnica, promovendo networking e novas oportunidades para empres\u00e1rias do estado.\" \/>\n<meta property=\"og:url\" content=\"https:\/\/www.fiemg.com.br\/fiemg\/noticias\/rodada-de-credito-da-fiemg-fortalece-o-empreendedorismo-feminino-em-minas\/\" \/>\n<meta property=\"og:site_name\" content=\"FIEMG\" \/>\n<meta property=\"article:modified_time\" content=\"2025-03-25T14:16:16+00:00\" \/>\n<meta property=\"og:image\" content=\"https:\/\/www.fiemg.com.br\/fiemg\/wp-content\/uploads\/sites\/10\/2025\/03\/Rodada-de-Credito.png\" \/>\n\t<meta property=\"og:image:width\" content=\"512\" \/>\n\t<meta property=\"og:image:height\" content=\"512\" \/>\n\t<meta property=\"og:image:type\" content=\"image\/png\" \/>\n<meta name=\"twitter:card\" content=\"summary_large_image\" \/>\n<meta name=\"twitter:label1\" content=\"Est. tempo de leitura\" \/>\n\t<meta name=\"twitter:data1\" content=\"4 minutos\" \/>\n<script type=\"application\/ld+json\" class=\"yoast-schema-graph\">{\"@context\":\"https:\/\/schema.org\",\"@graph\":[{\"@type\":\"WebPage\",\"@id\":\"https:\/\/www.fiemg.com.br\/fiemg\/noticias\/rodada-de-credito-da-fiemg-fortalece-o-empreendedorismo-feminino-em-minas\/\",\"url\":\"https:\/\/www.fiemg.com.br\/fiemg\/noticias\/rodada-de-credito-da-fiemg-fortalece-o-empreendedorismo-feminino-em-minas\/\",\"name\":\"Rodada de Cr\u00e9dito da FIEMG fortalece o empreendedorismo feminino em Minas - FIEMG\",\"isPartOf\":{\"@id\":\"https:\/\/www.fiemg.com.br\/fiemg\/#website\"},\"primaryImageOfPage\":{\"@id\":\"https:\/\/www.fiemg.com.br\/fiemg\/noticias\/rodada-de-credito-da-fiemg-fortalece-o-empreendedorismo-feminino-em-minas\/#primaryimage\"},\"image\":{\"@id\":\"https:\/\/www.fiemg.com.br\/fiemg\/noticias\/rodada-de-credito-da-fiemg-fortalece-o-empreendedorismo-feminino-em-minas\/#primaryimage\"},\"thumbnailUrl\":\"https:\/\/www.fiemg.com.br\/fiemg\/wp-content\/uploads\/sites\/10\/2025\/03\/Rodada-de-Credito.png\",\"datePublished\":\"2025-03-25T14:16:12+00:00\",\"dateModified\":\"2025-03-25T14:16:16+00:00\",\"description\":\"Evento ofereceu acesso a linhas de financiamento diferenciadas e capacita\u00e7\u00e3o t\u00e9cnica, promovendo networking e novas oportunidades para empres\u00e1rias do estado.\",\"breadcrumb\":{\"@id\":\"https:\/\/www.fiemg.com.br\/fiemg\/noticias\/rodada-de-credito-da-fiemg-fortalece-o-empreendedorismo-feminino-em-minas\/#breadcrumb\"},\"inLanguage\":\"pt-BR\",\"potentialAction\":[{\"@type\":\"ReadAction\",\"target\":[\"https:\/\/www.fiemg.com.br\/fiemg\/noticias\/rodada-de-credito-da-fiemg-fortalece-o-empreendedorismo-feminino-em-minas\/\"]}]},{\"@type\":\"ImageObject\",\"inLanguage\":\"pt-BR\",\"@id\":\"https:\/\/www.fiemg.com.br\/fiemg\/noticias\/rodada-de-credito-da-fiemg-fortalece-o-empreendedorismo-feminino-em-minas\/#primaryimage\",\"url\":\"https:\/\/www.fiemg.com.br\/fiemg\/wp-content\/uploads\/sites\/10\/2025\/03\/Rodada-de-Credito.png\",\"contentUrl\":\"https:\/\/www.fiemg.com.br\/fiemg\/wp-content\/uploads\/sites\/10\/2025\/03\/Rodada-de-Credito.png\",\"width\":512,\"height\":512},{\"@type\":\"BreadcrumbList\",\"@id\":\"https:\/\/www.fiemg.com.br\/fiemg\/noticias\/rodada-de-credito-da-fiemg-fortalece-o-empreendedorismo-feminino-em-minas\/#breadcrumb\",\"itemListElement\":[{\"@type\":\"ListItem\",\"position\":1,\"name\":\"In\u00edcio\",\"item\":\"https:\/\/www.fiemg.com.br\/fiemg\/\"},{\"@type\":\"ListItem\",\"position\":2,\"name\":\"Rodada de Cr\u00e9dito da FIEMG fortalece o empreendedorismo feminino em Minas\"}]},{\"@type\":\"WebSite\",\"@id\":\"https:\/\/www.fiemg.com.br\/fiemg\/#website\",\"url\":\"https:\/\/www.fiemg.com.br\/fiemg\/\",\"name\":\"FIEMG\",\"description\":\"Federa\u00e7\u00e3o das Ind\u00fastrias do Estado de Minas Gerais\",\"publisher\":{\"@id\":\"https:\/\/www.fiemg.com.br\/fiemg\/#organization\"},\"potentialAction\":[{\"@type\":\"SearchAction\",\"target\":{\"@type\":\"EntryPoint\",\"urlTemplate\":\"https:\/\/www.fiemg.com.br\/fiemg\/?s={search_term_string}\"},\"query-input\":{\"@type\":\"PropertyValueSpecification\",\"valueRequired\":true,\"valueName\":\"search_term_string\"}}],\"inLanguage\":\"pt-BR\"},{\"@type\":\"Organization\",\"@id\":\"https:\/\/www.fiemg.com.br\/fiemg\/#organization\",\"name\":\"FIEMG\",\"url\":\"https:\/\/www.fiemg.com.br\/fiemg\/\",\"logo\":{\"@type\":\"ImageObject\",\"inLanguage\":\"pt-BR\",\"@id\":\"https:\/\/www.fiemg.com.br\/fiemg\/#\/schema\/logo\/image\/\",\"url\":\"https:\/\/www.fiemg.com.br\/fiemg\/wp-content\/uploads\/sites\/10\/2023\/02\/fiemg_branco.svg\",\"contentUrl\":\"https:\/\/www.fiemg.com.br\/fiemg\/wp-content\/uploads\/sites\/10\/2023\/02\/fiemg_branco.svg\",\"width\":561,\"height\":147,\"caption\":\"FIEMG\"},\"image\":{\"@id\":\"https:\/\/www.fiemg.com.br\/fiemg\/#\/schema\/logo\/image\/\"}}]}<\/script>\n<!-- \/ Yoast SEO plugin. -->","yoast_head_json":{"title":"Rodada de Cr\u00e9dito da FIEMG fortalece o empreendedorismo feminino em Minas - FIEMG","description":"Evento ofereceu acesso a linhas de financiamento diferenciadas e capacita\u00e7\u00e3o t\u00e9cnica, promovendo networking e novas oportunidades para empres\u00e1rias do estado.","robots":{"index":"index","follow":"follow","max-snippet":"max-snippet:-1","max-image-preview":"max-image-preview:large","max-video-preview":"max-video-preview:-1"},"canonical":"https:\/\/www.fiemg.com.br\/fiemg\/noticias\/rodada-de-credito-da-fiemg-fortalece-o-empreendedorismo-feminino-em-minas\/","og_locale":"pt_BR","og_type":"article","og_title":"Rodada de Cr\u00e9dito da FIEMG fortalece o empreendedorismo feminino em Minas - FIEMG","og_description":"Evento ofereceu acesso a linhas de financiamento diferenciadas e capacita\u00e7\u00e3o t\u00e9cnica, promovendo networking e novas oportunidades para empres\u00e1rias do estado.","og_url":"https:\/\/www.fiemg.com.br\/fiemg\/noticias\/rodada-de-credito-da-fiemg-fortalece-o-empreendedorismo-feminino-em-minas\/","og_site_name":"FIEMG","article_modified_time":"2025-03-25T14:16:16+00:00","og_image":[{"width":512,"height":512,"url":"https:\/\/www.fiemg.com.br\/fiemg\/wp-content\/uploads\/sites\/10\/2025\/03\/Rodada-de-Credito.png","type":"image\/png"}],"twitter_card":"summary_large_image","twitter_misc":{"Est. tempo de leitura":"4 minutos"},"schema":{"@context":"https:\/\/schema.org","@graph":[{"@type":"WebPage","@id":"https:\/\/www.fiemg.com.br\/fiemg\/noticias\/rodada-de-credito-da-fiemg-fortalece-o-empreendedorismo-feminino-em-minas\/","url":"https:\/\/www.fiemg.com.br\/fiemg\/noticias\/rodada-de-credito-da-fiemg-fortalece-o-empreendedorismo-feminino-em-minas\/","name":"Rodada de Cr\u00e9dito da FIEMG fortalece o empreendedorismo feminino em Minas - FIEMG","isPartOf":{"@id":"https:\/\/www.fiemg.com.br\/fiemg\/#website"},"primaryImageOfPage":{"@id":"https:\/\/www.fiemg.com.br\/fiemg\/noticias\/rodada-de-credito-da-fiemg-fortalece-o-empreendedorismo-feminino-em-minas\/#primaryimage"},"image":{"@id":"https:\/\/www.fiemg.com.br\/fiemg\/noticias\/rodada-de-credito-da-fiemg-fortalece-o-empreendedorismo-feminino-em-minas\/#primaryimage"},"thumbnailUrl":"https:\/\/www.fiemg.com.br\/fiemg\/wp-content\/uploads\/sites\/10\/2025\/03\/Rodada-de-Credito.png","datePublished":"2025-03-25T14:16:12+00:00","dateModified":"2025-03-25T14:16:16+00:00","description":"Evento ofereceu acesso a linhas de financiamento diferenciadas e capacita\u00e7\u00e3o t\u00e9cnica, promovendo networking e novas oportunidades para empres\u00e1rias do estado.","breadcrumb":{"@id":"https:\/\/www.fiemg.com.br\/fiemg\/noticias\/rodada-de-credito-da-fiemg-fortalece-o-empreendedorismo-feminino-em-minas\/#breadcrumb"},"inLanguage":"pt-BR","potentialAction":[{"@type":"ReadAction","target":["https:\/\/www.fiemg.com.br\/fiemg\/noticias\/rodada-de-credito-da-fiemg-fortalece-o-empreendedorismo-feminino-em-minas\/"]}]},{"@type":"ImageObject","inLanguage":"pt-BR","@id":"https:\/\/www.fiemg.com.br\/fiemg\/noticias\/rodada-de-credito-da-fiemg-fortalece-o-empreendedorismo-feminino-em-minas\/#primaryimage","url":"https:\/\/www.fiemg.com.br\/fiemg\/wp-content\/uploads\/sites\/10\/2025\/03\/Rodada-de-Credito.png","contentUrl":"https:\/\/www.fiemg.com.br\/fiemg\/wp-content\/uploads\/sites\/10\/2025\/03\/Rodada-de-Credito.png","width":512,"height":512},{"@type":"BreadcrumbList","@id":"https:\/\/www.fiemg.com.br\/fiemg\/noticias\/rodada-de-credito-da-fiemg-fortalece-o-empreendedorismo-feminino-em-minas\/#breadcrumb","itemListElement":[{"@type":"ListItem","position":1,"name":"In\u00edcio","item":"https:\/\/www.fiemg.com.br\/fiemg\/"},{"@type":"ListItem","position":2,"name":"Rodada de Cr\u00e9dito da FIEMG fortalece o empreendedorismo feminino em Minas"}]},{"@type":"WebSite","@id":"https:\/\/www.fiemg.com.br\/fiemg\/#website","url":"https:\/\/www.fiemg.com.br\/fiemg\/","name":"FIEMG","description":"Federa\u00e7\u00e3o das Ind\u00fastrias do Estado de Minas Gerais","publisher":{"@id":"https:\/\/www.fiemg.com.br\/fiemg\/#organization"},"potentialAction":[{"@type":"SearchAction","target":{"@type":"EntryPoint","urlTemplate":"https:\/\/www.fiemg.com.br\/fiemg\/?s={search_term_string}"},"query-input":{"@type":"PropertyValueSpecification","valueRequired":true,"valueName":"search_term_string"}}],"inLanguage":"pt-BR"},{"@type":"Organization","@id":"https:\/\/www.fiemg.com.br\/fiemg\/#organization","name":"FIEMG","url":"https:\/\/www.fiemg.com.br\/fiemg\/","logo":{"@type":"ImageObject","inLanguage":"pt-BR","@id":"https:\/\/www.fiemg.com.br\/fiemg\/#\/schema\/logo\/image\/","url":"https:\/\/www.fiemg.com.br\/fiemg\/wp-content\/uploads\/sites\/10\/2023\/02\/fiemg_branco.svg","contentUrl":"https:\/\/www.fiemg.com.br\/fiemg\/wp-content\/uploads\/sites\/10\/2023\/02\/fiemg_branco.svg","width":561,"height":147,"caption":"FIEMG"},"image":{"@id":"https:\/\/www.fiemg.com.br\/fiemg\/#\/schema\/logo\/image\/"}}]}},"_links":{"self":[{"href":"https:\/\/www.fiemg.com.br\/fiemg\/wp-json\/wp\/v2\/noticias\/8187","targetHints":{"allow":["GET"]}}],"collection":[{"href":"https:\/\/www.fiemg.com.br\/fiemg\/wp-json\/wp\/v2\/noticias"}],"about":[{"href":"https:\/\/www.fiemg.com.br\/fiemg\/wp-json\/wp\/v2\/types\/noticias"}],"wp:featuredmedia":[{"embeddable":true,"href":"https:\/\/www.fiemg.com.br\/fiemg\/wp-json\/wp\/v2\/media\/8189"}],"wp:attachment":[{"href":"https:\/\/www.fiemg.com.br\/fiemg\/wp-json\/wp\/v2\/media?parent=8187"}],"wp:term":[{"taxonomy":"category","embeddable":true,"href":"https:\/\/www.fiemg.com.br\/fiemg\/wp-json\/wp\/v2\/categories?post=8187"},{"taxonomy":"post_tag","embeddable":true,"href":"https:\/\/www.fiemg.com.br\/fiemg\/wp-json\/wp\/v2\/tags?post=8187"}],"curies":[{"name":"wp","href":"https:\/\/api.w.org\/{rel}","templated":true}]}}