{"id":8228,"date":"2025-03-28T13:54:03","date_gmt":"2025-03-28T16:54:03","guid":{"rendered":"https:\/\/www.fiemg.com.br\/fiemg\/noticias\/fiemg-regional-rio-doce-fortalece-setor-industrial-por-meio-da-representatividade-sindical-e-parceria-com-o-sebrae\/"},"modified":"2025-03-28T13:54:07","modified_gmt":"2025-03-28T16:54:07","slug":"fiemg-regional-rio-doce-fortalece-setor-industrial-por-meio-da-representatividade-sindical-e-parceria-com-o-sebrae","status":"publish","type":"noticias","link":"https:\/\/www.fiemg.com.br\/fiemg\/noticias\/fiemg-regional-rio-doce-fortalece-setor-industrial-por-meio-da-representatividade-sindical-e-parceria-com-o-sebrae\/","title":{"rendered":"FIEMG Regional Rio Doce fortalece setor industrial por meio da representatividade sindical e parceria com o SEBRAE"},"content":{"rendered":"\n<p>A representatividade sindical e as parcerias estrat\u00e9gicas s\u00e3o essenciais para o fortalecimento da ind\u00fastria regional. A FIEMG Regional Rio Doce, por meio dos sindicatos que representa, desempenha um papel fundamental na defesa dos interesses das empresas e na cria\u00e7\u00e3o de oportunidades para o desenvolvimento sustent\u00e1vel do setor.<\/p>\n\n\n\n<p>Um exemplo dessa atua\u00e7\u00e3o conjunta foi a Reuni\u00e3o de Planejamento do Programa Ind\u00fastria Forte, realizada ontem, com a participa\u00e7\u00e3o de representantes do SINPAC-GV, SIM-GV, IEL\/MG, FIEMG e SEBRAE MG. O encontro teve como objetivo alinhar iniciativas voltadas para a competitividade e o crescimento das ind\u00fastrias locais, com foco em \u00e1reas estrat\u00e9gicas como gest\u00e3o de pessoas, tributa\u00e7\u00e3o, finan\u00e7as e vendas.<\/p>\n\n\n\n<p>A\u00e7\u00f5es como essa evidenciam a import\u00e2ncia da uni\u00e3o entre sindicatos e entidades parceiras para oferecer suporte t\u00e9cnico e solu\u00e7\u00f5es inovadoras aos desafios do setor produtivo. A parceria entre FIEMG Regional Rio Doce, SEBRAE MG e IEL potencializa o impacto dessas iniciativas, viabilizando capacita\u00e7\u00f5es, consultorias e acesso a informa\u00e7\u00f5es estrat\u00e9gicas para os empres\u00e1rios da regi\u00e3o. Esse trabalho conjunto fortalece a competitividade, impulsiona a inova\u00e7\u00e3o e prepara as empresas para os desafios do mercado.<\/p>\n\n\n\n<h3 class=\"wp-block-heading\">Participantes da reuni\u00e3o:<\/h3>\n\n\n\n<ul class=\"wp-block-list\">\n<li><strong>Marcos Lopes<\/strong> \u2013 Vice-Presidente da FIEMG Regional Rio Doce e Presidente do SINPAC-GV<\/li>\n\n\n\n<li><strong>Sandro Heringer<\/strong> \u2013 Presidente do SIM-GV<\/li>\n\n\n\n<li><strong>Fabr\u00edcio C\u00e9sar<\/strong> \u2013 Gerente Regional Rio Doce e Vale do A\u00e7o, SEBRAE MG<\/li>\n\n\n\n<li><strong>Raquel Lopes<\/strong> \u2013 Coordenadora da Ger\u00eancia de Projetos para Ind\u00fastria, IEL\/MG<\/li>\n\n\n\n<li><strong>Ana Carolina<\/strong> \u2013 Analista de Projetos, IEL\/MG<\/li>\n\n\n\n<li><strong>Victor Silva<\/strong> \u2013 Analista de Projetos, IEL\/MG<\/li>\n\n\n\n<li><strong>Iara de Souza<\/strong> \u2013 Analista T\u00e9cnica, SEBRAE MG<\/li>\n\n\n\n<li><strong>Elizabete Lopes<\/strong> \u2013 Coordenadora Sindical, SINPAC-GV<\/li>\n\n\n\n<li><strong>Rayssa Souza<\/strong> \u2013 Coordenadora Sindical, SINDAL, SIM e SIMEVAL<\/li>\n<\/ul>\n\n\n\n<p>A FIEMG Regional Rio Doce segue comprometida em fortalecer a representatividade sindical e impulsionar a competitividade da ind\u00fastria. A parceria com o SEBRAE e o IEL\/FIEMG Competitiva refor\u00e7a essa miss\u00e3o, garantindo suporte e inova\u00e7\u00e3o para o setor e contribuindo diretamente para o desenvolvimento econ\u00f4mico da regi\u00e3o.<\/p>\n\n\n\n<p><strong>Imprensa FIEMG<\/strong><\/p>\n\n\n\n<p><\/p>\n","protected":false},"featured_media":8231,"template":"","categories":[15],"tags":[78,626,288,1249],"class_list":["post-8228","noticias","type-noticias","status-publish","has-post-thumbnail","hentry","category-desenvolvimento-industrial","tag-fiemg","tag-regional-rio-doce","tag-sebrae","tag-setor-industrial"],"acf":[],"yoast_head":"<!-- This site is optimized with the Yoast SEO plugin v26.2 - https:\/\/yoast.com\/wordpress\/plugins\/seo\/ -->\n<title>FIEMG Regional Rio Doce fortalece setor industrial por meio da representatividade sindical e parceria com o SEBRAE - FIEMG<\/title>\n<meta name=\"description\" content=\"Parcerias Estrat\u00e9gicas e Representatividade Sindical Impulsionam a Ind\u00fastria Regional\" \/>\n<meta name=\"robots\" content=\"index, follow, max-snippet:-1, max-image-preview:large, max-video-preview:-1\" \/>\n<link rel=\"canonical\" href=\"https:\/\/www.fiemg.com.br\/fiemg\/noticias\/fiemg-regional-rio-doce-fortalece-setor-industrial-por-meio-da-representatividade-sindical-e-parceria-com-o-sebrae\/\" \/>\n<meta property=\"og:locale\" content=\"pt_BR\" \/>\n<meta property=\"og:type\" content=\"article\" \/>\n<meta property=\"og:title\" content=\"FIEMG Regional Rio Doce fortalece setor industrial por meio da representatividade sindical e parceria com o SEBRAE - FIEMG\" \/>\n<meta property=\"og:description\" content=\"Parcerias Estrat\u00e9gicas e Representatividade Sindical Impulsionam a Ind\u00fastria Regional\" \/>\n<meta property=\"og:url\" content=\"https:\/\/www.fiemg.com.br\/fiemg\/noticias\/fiemg-regional-rio-doce-fortalece-setor-industrial-por-meio-da-representatividade-sindical-e-parceria-com-o-sebrae\/\" \/>\n<meta property=\"og:site_name\" content=\"FIEMG\" \/>\n<meta property=\"article:modified_time\" content=\"2025-03-28T16:54:07+00:00\" \/>\n<meta property=\"og:image\" content=\"https:\/\/www.fiemg.com.br\/fiemg\/wp-content\/uploads\/sites\/10\/2025\/03\/FIEMG-Regional-Rio-Doce.2.png\" \/>\n\t<meta property=\"og:image:width\" content=\"512\" \/>\n\t<meta property=\"og:image:height\" content=\"512\" \/>\n\t<meta property=\"og:image:type\" content=\"image\/png\" \/>\n<meta name=\"twitter:card\" content=\"summary_large_image\" \/>\n<meta name=\"twitter:label1\" content=\"Est. tempo de leitura\" \/>\n\t<meta name=\"twitter:data1\" content=\"2 minutos\" \/>\n<script type=\"application\/ld+json\" class=\"yoast-schema-graph\">{\"@context\":\"https:\/\/schema.org\",\"@graph\":[{\"@type\":\"WebPage\",\"@id\":\"https:\/\/www.fiemg.com.br\/fiemg\/noticias\/fiemg-regional-rio-doce-fortalece-setor-industrial-por-meio-da-representatividade-sindical-e-parceria-com-o-sebrae\/\",\"url\":\"https:\/\/www.fiemg.com.br\/fiemg\/noticias\/fiemg-regional-rio-doce-fortalece-setor-industrial-por-meio-da-representatividade-sindical-e-parceria-com-o-sebrae\/\",\"name\":\"FIEMG Regional Rio Doce fortalece setor industrial por meio da representatividade sindical e parceria com o SEBRAE - FIEMG\",\"isPartOf\":{\"@id\":\"https:\/\/www.fiemg.com.br\/fiemg\/#website\"},\"primaryImageOfPage\":{\"@id\":\"https:\/\/www.fiemg.com.br\/fiemg\/noticias\/fiemg-regional-rio-doce-fortalece-setor-industrial-por-meio-da-representatividade-sindical-e-parceria-com-o-sebrae\/#primaryimage\"},\"image\":{\"@id\":\"https:\/\/www.fiemg.com.br\/fiemg\/noticias\/fiemg-regional-rio-doce-fortalece-setor-industrial-por-meio-da-representatividade-sindical-e-parceria-com-o-sebrae\/#primaryimage\"},\"thumbnailUrl\":\"https:\/\/www.fiemg.com.br\/fiemg\/wp-content\/uploads\/sites\/10\/2025\/03\/FIEMG-Regional-Rio-Doce.2.png\",\"datePublished\":\"2025-03-28T16:54:03+00:00\",\"dateModified\":\"2025-03-28T16:54:07+00:00\",\"description\":\"Parcerias Estrat\u00e9gicas e Representatividade Sindical Impulsionam a Ind\u00fastria Regional\",\"breadcrumb\":{\"@id\":\"https:\/\/www.fiemg.com.br\/fiemg\/noticias\/fiemg-regional-rio-doce-fortalece-setor-industrial-por-meio-da-representatividade-sindical-e-parceria-com-o-sebrae\/#breadcrumb\"},\"inLanguage\":\"pt-BR\",\"potentialAction\":[{\"@type\":\"ReadAction\",\"target\":[\"https:\/\/www.fiemg.com.br\/fiemg\/noticias\/fiemg-regional-rio-doce-fortalece-setor-industrial-por-meio-da-representatividade-sindical-e-parceria-com-o-sebrae\/\"]}]},{\"@type\":\"ImageObject\",\"inLanguage\":\"pt-BR\",\"@id\":\"https:\/\/www.fiemg.com.br\/fiemg\/noticias\/fiemg-regional-rio-doce-fortalece-setor-industrial-por-meio-da-representatividade-sindical-e-parceria-com-o-sebrae\/#primaryimage\",\"url\":\"https:\/\/www.fiemg.com.br\/fiemg\/wp-content\/uploads\/sites\/10\/2025\/03\/FIEMG-Regional-Rio-Doce.2.png\",\"contentUrl\":\"https:\/\/www.fiemg.com.br\/fiemg\/wp-content\/uploads\/sites\/10\/2025\/03\/FIEMG-Regional-Rio-Doce.2.png\",\"width\":512,\"height\":512},{\"@type\":\"BreadcrumbList\",\"@id\":\"https:\/\/www.fiemg.com.br\/fiemg\/noticias\/fiemg-regional-rio-doce-fortalece-setor-industrial-por-meio-da-representatividade-sindical-e-parceria-com-o-sebrae\/#breadcrumb\",\"itemListElement\":[{\"@type\":\"ListItem\",\"position\":1,\"name\":\"In\u00edcio\",\"item\":\"https:\/\/www.fiemg.com.br\/fiemg\/\"},{\"@type\":\"ListItem\",\"position\":2,\"name\":\"FIEMG Regional Rio Doce fortalece setor industrial por meio da representatividade sindical e parceria com o SEBRAE\"}]},{\"@type\":\"WebSite\",\"@id\":\"https:\/\/www.fiemg.com.br\/fiemg\/#website\",\"url\":\"https:\/\/www.fiemg.com.br\/fiemg\/\",\"name\":\"FIEMG\",\"description\":\"Federa\u00e7\u00e3o das Ind\u00fastrias do Estado de Minas Gerais\",\"publisher\":{\"@id\":\"https:\/\/www.fiemg.com.br\/fiemg\/#organization\"},\"potentialAction\":[{\"@type\":\"SearchAction\",\"target\":{\"@type\":\"EntryPoint\",\"urlTemplate\":\"https:\/\/www.fiemg.com.br\/fiemg\/?s={search_term_string}\"},\"query-input\":{\"@type\":\"PropertyValueSpecification\",\"valueRequired\":true,\"valueName\":\"search_term_string\"}}],\"inLanguage\":\"pt-BR\"},{\"@type\":\"Organization\",\"@id\":\"https:\/\/www.fiemg.com.br\/fiemg\/#organization\",\"name\":\"FIEMG\",\"url\":\"https:\/\/www.fiemg.com.br\/fiemg\/\",\"logo\":{\"@type\":\"ImageObject\",\"inLanguage\":\"pt-BR\",\"@id\":\"https:\/\/www.fiemg.com.br\/fiemg\/#\/schema\/logo\/image\/\",\"url\":\"https:\/\/www.fiemg.com.br\/fiemg\/wp-content\/uploads\/sites\/10\/2023\/02\/fiemg_branco.svg\",\"contentUrl\":\"https:\/\/www.fiemg.com.br\/fiemg\/wp-content\/uploads\/sites\/10\/2023\/02\/fiemg_branco.svg\",\"width\":561,\"height\":147,\"caption\":\"FIEMG\"},\"image\":{\"@id\":\"https:\/\/www.fiemg.com.br\/fiemg\/#\/schema\/logo\/image\/\"}}]}<\/script>\n<!-- \/ Yoast SEO plugin. -->","yoast_head_json":{"title":"FIEMG Regional Rio Doce fortalece setor industrial por meio da representatividade sindical e parceria com o SEBRAE - FIEMG","description":"Parcerias Estrat\u00e9gicas e Representatividade Sindical Impulsionam a Ind\u00fastria Regional","robots":{"index":"index","follow":"follow","max-snippet":"max-snippet:-1","max-image-preview":"max-image-preview:large","max-video-preview":"max-video-preview:-1"},"canonical":"https:\/\/www.fiemg.com.br\/fiemg\/noticias\/fiemg-regional-rio-doce-fortalece-setor-industrial-por-meio-da-representatividade-sindical-e-parceria-com-o-sebrae\/","og_locale":"pt_BR","og_type":"article","og_title":"FIEMG Regional Rio Doce fortalece setor industrial por meio da representatividade sindical e parceria com o SEBRAE - FIEMG","og_description":"Parcerias Estrat\u00e9gicas e Representatividade Sindical Impulsionam a Ind\u00fastria Regional","og_url":"https:\/\/www.fiemg.com.br\/fiemg\/noticias\/fiemg-regional-rio-doce-fortalece-setor-industrial-por-meio-da-representatividade-sindical-e-parceria-com-o-sebrae\/","og_site_name":"FIEMG","article_modified_time":"2025-03-28T16:54:07+00:00","og_image":[{"width":512,"height":512,"url":"https:\/\/www.fiemg.com.br\/fiemg\/wp-content\/uploads\/sites\/10\/2025\/03\/FIEMG-Regional-Rio-Doce.2.png","type":"image\/png"}],"twitter_card":"summary_large_image","twitter_misc":{"Est. tempo de leitura":"2 minutos"},"schema":{"@context":"https:\/\/schema.org","@graph":[{"@type":"WebPage","@id":"https:\/\/www.fiemg.com.br\/fiemg\/noticias\/fiemg-regional-rio-doce-fortalece-setor-industrial-por-meio-da-representatividade-sindical-e-parceria-com-o-sebrae\/","url":"https:\/\/www.fiemg.com.br\/fiemg\/noticias\/fiemg-regional-rio-doce-fortalece-setor-industrial-por-meio-da-representatividade-sindical-e-parceria-com-o-sebrae\/","name":"FIEMG Regional Rio Doce fortalece setor industrial por meio da representatividade sindical e parceria com o SEBRAE - FIEMG","isPartOf":{"@id":"https:\/\/www.fiemg.com.br\/fiemg\/#website"},"primaryImageOfPage":{"@id":"https:\/\/www.fiemg.com.br\/fiemg\/noticias\/fiemg-regional-rio-doce-fortalece-setor-industrial-por-meio-da-representatividade-sindical-e-parceria-com-o-sebrae\/#primaryimage"},"image":{"@id":"https:\/\/www.fiemg.com.br\/fiemg\/noticias\/fiemg-regional-rio-doce-fortalece-setor-industrial-por-meio-da-representatividade-sindical-e-parceria-com-o-sebrae\/#primaryimage"},"thumbnailUrl":"https:\/\/www.fiemg.com.br\/fiemg\/wp-content\/uploads\/sites\/10\/2025\/03\/FIEMG-Regional-Rio-Doce.2.png","datePublished":"2025-03-28T16:54:03+00:00","dateModified":"2025-03-28T16:54:07+00:00","description":"Parcerias Estrat\u00e9gicas e Representatividade Sindical Impulsionam a Ind\u00fastria Regional","breadcrumb":{"@id":"https:\/\/www.fiemg.com.br\/fiemg\/noticias\/fiemg-regional-rio-doce-fortalece-setor-industrial-por-meio-da-representatividade-sindical-e-parceria-com-o-sebrae\/#breadcrumb"},"inLanguage":"pt-BR","potentialAction":[{"@type":"ReadAction","target":["https:\/\/www.fiemg.com.br\/fiemg\/noticias\/fiemg-regional-rio-doce-fortalece-setor-industrial-por-meio-da-representatividade-sindical-e-parceria-com-o-sebrae\/"]}]},{"@type":"ImageObject","inLanguage":"pt-BR","@id":"https:\/\/www.fiemg.com.br\/fiemg\/noticias\/fiemg-regional-rio-doce-fortalece-setor-industrial-por-meio-da-representatividade-sindical-e-parceria-com-o-sebrae\/#primaryimage","url":"https:\/\/www.fiemg.com.br\/fiemg\/wp-content\/uploads\/sites\/10\/2025\/03\/FIEMG-Regional-Rio-Doce.2.png","contentUrl":"https:\/\/www.fiemg.com.br\/fiemg\/wp-content\/uploads\/sites\/10\/2025\/03\/FIEMG-Regional-Rio-Doce.2.png","width":512,"height":512},{"@type":"BreadcrumbList","@id":"https:\/\/www.fiemg.com.br\/fiemg\/noticias\/fiemg-regional-rio-doce-fortalece-setor-industrial-por-meio-da-representatividade-sindical-e-parceria-com-o-sebrae\/#breadcrumb","itemListElement":[{"@type":"ListItem","position":1,"name":"In\u00edcio","item":"https:\/\/www.fiemg.com.br\/fiemg\/"},{"@type":"ListItem","position":2,"name":"FIEMG Regional Rio Doce fortalece setor industrial por meio da representatividade sindical e parceria com o SEBRAE"}]},{"@type":"WebSite","@id":"https:\/\/www.fiemg.com.br\/fiemg\/#website","url":"https:\/\/www.fiemg.com.br\/fiemg\/","name":"FIEMG","description":"Federa\u00e7\u00e3o das Ind\u00fastrias do Estado de Minas Gerais","publisher":{"@id":"https:\/\/www.fiemg.com.br\/fiemg\/#organization"},"potentialAction":[{"@type":"SearchAction","target":{"@type":"EntryPoint","urlTemplate":"https:\/\/www.fiemg.com.br\/fiemg\/?s={search_term_string}"},"query-input":{"@type":"PropertyValueSpecification","valueRequired":true,"valueName":"search_term_string"}}],"inLanguage":"pt-BR"},{"@type":"Organization","@id":"https:\/\/www.fiemg.com.br\/fiemg\/#organization","name":"FIEMG","url":"https:\/\/www.fiemg.com.br\/fiemg\/","logo":{"@type":"ImageObject","inLanguage":"pt-BR","@id":"https:\/\/www.fiemg.com.br\/fiemg\/#\/schema\/logo\/image\/","url":"https:\/\/www.fiemg.com.br\/fiemg\/wp-content\/uploads\/sites\/10\/2023\/02\/fiemg_branco.svg","contentUrl":"https:\/\/www.fiemg.com.br\/fiemg\/wp-content\/uploads\/sites\/10\/2023\/02\/fiemg_branco.svg","width":561,"height":147,"caption":"FIEMG"},"image":{"@id":"https:\/\/www.fiemg.com.br\/fiemg\/#\/schema\/logo\/image\/"}}]}},"_links":{"self":[{"href":"https:\/\/www.fiemg.com.br\/fiemg\/wp-json\/wp\/v2\/noticias\/8228","targetHints":{"allow":["GET"]}}],"collection":[{"href":"https:\/\/www.fiemg.com.br\/fiemg\/wp-json\/wp\/v2\/noticias"}],"about":[{"href":"https:\/\/www.fiemg.com.br\/fiemg\/wp-json\/wp\/v2\/types\/noticias"}],"wp:featuredmedia":[{"embeddable":true,"href":"https:\/\/www.fiemg.com.br\/fiemg\/wp-json\/wp\/v2\/media\/8231"}],"wp:attachment":[{"href":"https:\/\/www.fiemg.com.br\/fiemg\/wp-json\/wp\/v2\/media?parent=8228"}],"wp:term":[{"taxonomy":"category","embeddable":true,"href":"https:\/\/www.fiemg.com.br\/fiemg\/wp-json\/wp\/v2\/categories?post=8228"},{"taxonomy":"post_tag","embeddable":true,"href":"https:\/\/www.fiemg.com.br\/fiemg\/wp-json\/wp\/v2\/tags?post=8228"}],"curies":[{"name":"wp","href":"https:\/\/api.w.org\/{rel}","templated":true}]}}