{"id":8286,"date":"2025-04-04T16:01:23","date_gmt":"2025-04-04T19:01:23","guid":{"rendered":"https:\/\/www.fiemg.com.br\/fiemg\/noticias\/mentalidade-vencedora-e-alta-performance-marcam-o-segundo-dia-do-imersao-industria\/"},"modified":"2025-04-04T16:01:25","modified_gmt":"2025-04-04T19:01:25","slug":"mentalidade-vencedora-e-alta-performance-marcam-o-segundo-dia-do-imersao-industria","status":"publish","type":"noticias","link":"https:\/\/www.fiemg.com.br\/fiemg\/noticias\/mentalidade-vencedora-e-alta-performance-marcam-o-segundo-dia-do-imersao-industria\/","title":{"rendered":"Mentalidade vencedora e alta performance marcam o segundo dia do Imers\u00e3o Ind\u00fastria"},"content":{"rendered":"\n<p>O segundo dia da 6\u00aa edi\u00e7\u00e3o do Imers\u00e3o Ind\u00fastria manteve o ritmo intenso no BH Shopping. J\u00e1 consolidado como o maior evento voltado ao setor produtivo em Minas Gerais, o encontro re\u00fane empres\u00e1rios, executivos e profissionais da ind\u00fastria para discutir inova\u00e7\u00e3o, tecnologia e modelos de gest\u00e3o de alta performance.<\/p>\n\n\n\n<p>Com uma programa\u00e7\u00e3o estrat\u00e9gica de palestras, pain\u00e9is e oportunidades de networking, o evento se firma como espa\u00e7o essencial para a troca de ideias e o fortalecimento do ecossistema industrial mineiro.<\/p>\n\n\n\n<p>Entre os destaques da programa\u00e7\u00e3o, Leandro Figueiredo, executivo com mais de duas d\u00e9cadas de experi\u00eancia e refer\u00eancia em desenvolvimento humano, apresentou a palestra \u201cMentalidade Vencedora\u201d. Em uma fala envolvente, ele abordou os pilares da alta performance, destacando a import\u00e2ncia da intelig\u00eancia emocional, da lideran\u00e7a consciente e da adaptabilidade em contextos desafiadores.<\/p>\n\n\n\n<p>\u201cO evento est\u00e1 incr\u00edvel, muito bem estruturado. E a escolha do shopping como cen\u00e1rio \u00e9 ousada e inovadora, o que mostra o quanto essa iniciativa vem se reinventando a cada edi\u00e7\u00e3o\u201d, afirmou Figueiredo.<\/p>\n\n\n\n<p>Com um discurso inspirador, o palestrante provocou reflex\u00f5es sobre a import\u00e2ncia de alinhar talento e prop\u00f3sito, al\u00e9m de alertar para os impactos do ritmo acelerado de trabalho na sa\u00fade mental. Segundo ele, desacelerar, observar o ambiente e adotar h\u00e1bitos saud\u00e1veis s\u00e3o atitudes fundamentais para evitar o burnout e potencializar o desempenho profissional.<\/p>\n\n\n\n<p>Um dos momentos mais impactantes foi a cita\u00e7\u00e3o de um estudo realizado nos Estados Unidos com 30 mil adultos. A pesquisa revelou que pessoas que acreditavam que o estresse era prejudicial tinham 43% mais chances de desenvolver doen\u00e7as cardiovasculares. Por outro lado, quando bem gerenciado, o estresse pode se tornar um motor de crescimento. \u201cO estresse pode ser um fardo ou uma alavanca. A forma como lidamos com ele determina nosso n\u00edvel de performance\u201d, explicou.<\/p>\n\n\n\n<p>Figueiredo tamb\u00e9m apresentou conceitos como flow, neuroplasticidade e antifragilidade, mostrando como essas ferramentas podem ser aplicadas no desenvolvimento de profissionais mais preparados para a complexidade do mercado. Segundo ele, um dos grandes desafios da alta performance \u00e9 a coragem para decidir. \u201cMuitas vezes, o medo de errar supera a vontade de acertar. O diferencial est\u00e1 em agir mesmo diante da incerteza.\u201d<\/p>\n\n\n\n<p>Outro ponto central da palestra foi o papel do ambiente no desempenho. Para o executivo, compreender como a biologia da coragem funciona permite fortalecer a intelig\u00eancia emocional e construir resili\u00eancia diante dos desafios cotidianos.<\/p>\n\n\n\n<p>Ao final, ele convidou o p\u00fablico a refletir sobre prop\u00f3sito e legado com uma pergunta provocadora: \u201cQue hist\u00f3rias voc\u00ea quer contar para o mundo? O que voc\u00ea est\u00e1 construindo hoje que ser\u00e1 lembrado no futuro?\u201d<\/p>\n\n\n\n<p>O Imers\u00e3o Ind\u00fastria \u00e9 uma realiza\u00e7\u00e3o da FIEMG, SESI e SENAI, com patroc\u00ednio master da ArcelorMittal e da Vale, al\u00e9m do apoio do Sebrae MG. Conta ainda com patroc\u00ednio ouro de Herculano Minera\u00e7\u00e3o, Gerdau, Usiminas, SICOOB Central CrediMinas, SICOOB CrediFIEMG, Caixa Econ\u00f4mica Federal e Governo Federal. No patroc\u00ednio prata est\u00e3o AngloGold Ashanti, Bemisa, CBMM, Copasa, J Mendes, Grupo Avante, Kinross e RHI Magnesita. O evento tamb\u00e9m tem apoio da Federaminas, do Centro Universit\u00e1rio UNA, da Rede Minas e da R\u00e1dio Inconfid\u00eancia.<\/p>\n\n\n\n<p><em>Fernanda Borges<\/em><br><strong>Imprensa FIEMG<\/strong><\/p>\n","protected":false},"featured_media":8288,"template":"","categories":[15],"tags":[],"class_list":["post-8286","noticias","type-noticias","status-publish","has-post-thumbnail","hentry","category-desenvolvimento-industrial"],"acf":[],"yoast_head":"<!-- This site is optimized with the Yoast SEO plugin v26.2 - https:\/\/yoast.com\/wordpress\/plugins\/seo\/ -->\n<title>Mentalidade vencedora e alta performance marcam o segundo dia do Imers\u00e3o Ind\u00fastria - FIEMG<\/title>\n<meta name=\"description\" content=\"Com palestra inspiradora de Leandro Figueiredo, evento refor\u00e7a a import\u00e2ncia da intelig\u00eancia emocional, lideran\u00e7a e resili\u00eancia no setor produtivo\" \/>\n<meta name=\"robots\" content=\"index, follow, max-snippet:-1, max-image-preview:large, max-video-preview:-1\" \/>\n<link rel=\"canonical\" href=\"https:\/\/www.fiemg.com.br\/fiemg\/noticias\/mentalidade-vencedora-e-alta-performance-marcam-o-segundo-dia-do-imersao-industria\/\" \/>\n<meta property=\"og:locale\" content=\"pt_BR\" \/>\n<meta property=\"og:type\" content=\"article\" \/>\n<meta property=\"og:title\" content=\"Mentalidade vencedora e alta performance marcam o segundo dia do Imers\u00e3o Ind\u00fastria - FIEMG\" \/>\n<meta property=\"og:description\" content=\"Com palestra inspiradora de Leandro Figueiredo, evento refor\u00e7a a import\u00e2ncia da intelig\u00eancia emocional, lideran\u00e7a e resili\u00eancia no setor produtivo\" \/>\n<meta property=\"og:url\" content=\"https:\/\/www.fiemg.com.br\/fiemg\/noticias\/mentalidade-vencedora-e-alta-performance-marcam-o-segundo-dia-do-imersao-industria\/\" \/>\n<meta property=\"og:site_name\" content=\"FIEMG\" \/>\n<meta property=\"article:modified_time\" content=\"2025-04-04T19:01:25+00:00\" \/>\n<meta property=\"og:image\" content=\"https:\/\/www.fiemg.com.br\/fiemg\/wp-content\/uploads\/sites\/10\/2025\/04\/LEANDRO-FIGUEIREDO.png\" \/>\n\t<meta property=\"og:image:width\" content=\"512\" \/>\n\t<meta property=\"og:image:height\" content=\"512\" \/>\n\t<meta property=\"og:image:type\" content=\"image\/png\" \/>\n<meta name=\"twitter:card\" content=\"summary_large_image\" \/>\n<meta name=\"twitter:label1\" content=\"Est. tempo de leitura\" \/>\n\t<meta name=\"twitter:data1\" content=\"3 minutos\" \/>\n<script type=\"application\/ld+json\" class=\"yoast-schema-graph\">{\"@context\":\"https:\/\/schema.org\",\"@graph\":[{\"@type\":\"WebPage\",\"@id\":\"https:\/\/www.fiemg.com.br\/fiemg\/noticias\/mentalidade-vencedora-e-alta-performance-marcam-o-segundo-dia-do-imersao-industria\/\",\"url\":\"https:\/\/www.fiemg.com.br\/fiemg\/noticias\/mentalidade-vencedora-e-alta-performance-marcam-o-segundo-dia-do-imersao-industria\/\",\"name\":\"Mentalidade vencedora e alta performance marcam o segundo dia do Imers\u00e3o Ind\u00fastria - FIEMG\",\"isPartOf\":{\"@id\":\"https:\/\/www.fiemg.com.br\/fiemg\/#website\"},\"primaryImageOfPage\":{\"@id\":\"https:\/\/www.fiemg.com.br\/fiemg\/noticias\/mentalidade-vencedora-e-alta-performance-marcam-o-segundo-dia-do-imersao-industria\/#primaryimage\"},\"image\":{\"@id\":\"https:\/\/www.fiemg.com.br\/fiemg\/noticias\/mentalidade-vencedora-e-alta-performance-marcam-o-segundo-dia-do-imersao-industria\/#primaryimage\"},\"thumbnailUrl\":\"https:\/\/www.fiemg.com.br\/fiemg\/wp-content\/uploads\/sites\/10\/2025\/04\/LEANDRO-FIGUEIREDO.png\",\"datePublished\":\"2025-04-04T19:01:23+00:00\",\"dateModified\":\"2025-04-04T19:01:25+00:00\",\"description\":\"Com palestra inspiradora de Leandro Figueiredo, evento refor\u00e7a a import\u00e2ncia da intelig\u00eancia emocional, lideran\u00e7a e resili\u00eancia no setor produtivo\",\"breadcrumb\":{\"@id\":\"https:\/\/www.fiemg.com.br\/fiemg\/noticias\/mentalidade-vencedora-e-alta-performance-marcam-o-segundo-dia-do-imersao-industria\/#breadcrumb\"},\"inLanguage\":\"pt-BR\",\"potentialAction\":[{\"@type\":\"ReadAction\",\"target\":[\"https:\/\/www.fiemg.com.br\/fiemg\/noticias\/mentalidade-vencedora-e-alta-performance-marcam-o-segundo-dia-do-imersao-industria\/\"]}]},{\"@type\":\"ImageObject\",\"inLanguage\":\"pt-BR\",\"@id\":\"https:\/\/www.fiemg.com.br\/fiemg\/noticias\/mentalidade-vencedora-e-alta-performance-marcam-o-segundo-dia-do-imersao-industria\/#primaryimage\",\"url\":\"https:\/\/www.fiemg.com.br\/fiemg\/wp-content\/uploads\/sites\/10\/2025\/04\/LEANDRO-FIGUEIREDO.png\",\"contentUrl\":\"https:\/\/www.fiemg.com.br\/fiemg\/wp-content\/uploads\/sites\/10\/2025\/04\/LEANDRO-FIGUEIREDO.png\",\"width\":512,\"height\":512},{\"@type\":\"BreadcrumbList\",\"@id\":\"https:\/\/www.fiemg.com.br\/fiemg\/noticias\/mentalidade-vencedora-e-alta-performance-marcam-o-segundo-dia-do-imersao-industria\/#breadcrumb\",\"itemListElement\":[{\"@type\":\"ListItem\",\"position\":1,\"name\":\"In\u00edcio\",\"item\":\"https:\/\/www.fiemg.com.br\/fiemg\/\"},{\"@type\":\"ListItem\",\"position\":2,\"name\":\"Mentalidade vencedora e alta performance marcam o segundo dia do Imers\u00e3o Ind\u00fastria\"}]},{\"@type\":\"WebSite\",\"@id\":\"https:\/\/www.fiemg.com.br\/fiemg\/#website\",\"url\":\"https:\/\/www.fiemg.com.br\/fiemg\/\",\"name\":\"FIEMG\",\"description\":\"Federa\u00e7\u00e3o das Ind\u00fastrias do Estado de Minas Gerais\",\"publisher\":{\"@id\":\"https:\/\/www.fiemg.com.br\/fiemg\/#organization\"},\"potentialAction\":[{\"@type\":\"SearchAction\",\"target\":{\"@type\":\"EntryPoint\",\"urlTemplate\":\"https:\/\/www.fiemg.com.br\/fiemg\/?s={search_term_string}\"},\"query-input\":{\"@type\":\"PropertyValueSpecification\",\"valueRequired\":true,\"valueName\":\"search_term_string\"}}],\"inLanguage\":\"pt-BR\"},{\"@type\":\"Organization\",\"@id\":\"https:\/\/www.fiemg.com.br\/fiemg\/#organization\",\"name\":\"FIEMG\",\"url\":\"https:\/\/www.fiemg.com.br\/fiemg\/\",\"logo\":{\"@type\":\"ImageObject\",\"inLanguage\":\"pt-BR\",\"@id\":\"https:\/\/www.fiemg.com.br\/fiemg\/#\/schema\/logo\/image\/\",\"url\":\"https:\/\/www.fiemg.com.br\/fiemg\/wp-content\/uploads\/sites\/10\/2023\/02\/fiemg_branco.svg\",\"contentUrl\":\"https:\/\/www.fiemg.com.br\/fiemg\/wp-content\/uploads\/sites\/10\/2023\/02\/fiemg_branco.svg\",\"width\":561,\"height\":147,\"caption\":\"FIEMG\"},\"image\":{\"@id\":\"https:\/\/www.fiemg.com.br\/fiemg\/#\/schema\/logo\/image\/\"}}]}<\/script>\n<!-- \/ Yoast SEO plugin. -->","yoast_head_json":{"title":"Mentalidade vencedora e alta performance marcam o segundo dia do Imers\u00e3o Ind\u00fastria - FIEMG","description":"Com palestra inspiradora de Leandro Figueiredo, evento refor\u00e7a a import\u00e2ncia da intelig\u00eancia emocional, lideran\u00e7a e resili\u00eancia no setor produtivo","robots":{"index":"index","follow":"follow","max-snippet":"max-snippet:-1","max-image-preview":"max-image-preview:large","max-video-preview":"max-video-preview:-1"},"canonical":"https:\/\/www.fiemg.com.br\/fiemg\/noticias\/mentalidade-vencedora-e-alta-performance-marcam-o-segundo-dia-do-imersao-industria\/","og_locale":"pt_BR","og_type":"article","og_title":"Mentalidade vencedora e alta performance marcam o segundo dia do Imers\u00e3o Ind\u00fastria - FIEMG","og_description":"Com palestra inspiradora de Leandro Figueiredo, evento refor\u00e7a a import\u00e2ncia da intelig\u00eancia emocional, lideran\u00e7a e resili\u00eancia no setor produtivo","og_url":"https:\/\/www.fiemg.com.br\/fiemg\/noticias\/mentalidade-vencedora-e-alta-performance-marcam-o-segundo-dia-do-imersao-industria\/","og_site_name":"FIEMG","article_modified_time":"2025-04-04T19:01:25+00:00","og_image":[{"width":512,"height":512,"url":"https:\/\/www.fiemg.com.br\/fiemg\/wp-content\/uploads\/sites\/10\/2025\/04\/LEANDRO-FIGUEIREDO.png","type":"image\/png"}],"twitter_card":"summary_large_image","twitter_misc":{"Est. tempo de leitura":"3 minutos"},"schema":{"@context":"https:\/\/schema.org","@graph":[{"@type":"WebPage","@id":"https:\/\/www.fiemg.com.br\/fiemg\/noticias\/mentalidade-vencedora-e-alta-performance-marcam-o-segundo-dia-do-imersao-industria\/","url":"https:\/\/www.fiemg.com.br\/fiemg\/noticias\/mentalidade-vencedora-e-alta-performance-marcam-o-segundo-dia-do-imersao-industria\/","name":"Mentalidade vencedora e alta performance marcam o segundo dia do Imers\u00e3o Ind\u00fastria - FIEMG","isPartOf":{"@id":"https:\/\/www.fiemg.com.br\/fiemg\/#website"},"primaryImageOfPage":{"@id":"https:\/\/www.fiemg.com.br\/fiemg\/noticias\/mentalidade-vencedora-e-alta-performance-marcam-o-segundo-dia-do-imersao-industria\/#primaryimage"},"image":{"@id":"https:\/\/www.fiemg.com.br\/fiemg\/noticias\/mentalidade-vencedora-e-alta-performance-marcam-o-segundo-dia-do-imersao-industria\/#primaryimage"},"thumbnailUrl":"https:\/\/www.fiemg.com.br\/fiemg\/wp-content\/uploads\/sites\/10\/2025\/04\/LEANDRO-FIGUEIREDO.png","datePublished":"2025-04-04T19:01:23+00:00","dateModified":"2025-04-04T19:01:25+00:00","description":"Com palestra inspiradora de Leandro Figueiredo, evento refor\u00e7a a import\u00e2ncia da intelig\u00eancia emocional, lideran\u00e7a e resili\u00eancia no setor produtivo","breadcrumb":{"@id":"https:\/\/www.fiemg.com.br\/fiemg\/noticias\/mentalidade-vencedora-e-alta-performance-marcam-o-segundo-dia-do-imersao-industria\/#breadcrumb"},"inLanguage":"pt-BR","potentialAction":[{"@type":"ReadAction","target":["https:\/\/www.fiemg.com.br\/fiemg\/noticias\/mentalidade-vencedora-e-alta-performance-marcam-o-segundo-dia-do-imersao-industria\/"]}]},{"@type":"ImageObject","inLanguage":"pt-BR","@id":"https:\/\/www.fiemg.com.br\/fiemg\/noticias\/mentalidade-vencedora-e-alta-performance-marcam-o-segundo-dia-do-imersao-industria\/#primaryimage","url":"https:\/\/www.fiemg.com.br\/fiemg\/wp-content\/uploads\/sites\/10\/2025\/04\/LEANDRO-FIGUEIREDO.png","contentUrl":"https:\/\/www.fiemg.com.br\/fiemg\/wp-content\/uploads\/sites\/10\/2025\/04\/LEANDRO-FIGUEIREDO.png","width":512,"height":512},{"@type":"BreadcrumbList","@id":"https:\/\/www.fiemg.com.br\/fiemg\/noticias\/mentalidade-vencedora-e-alta-performance-marcam-o-segundo-dia-do-imersao-industria\/#breadcrumb","itemListElement":[{"@type":"ListItem","position":1,"name":"In\u00edcio","item":"https:\/\/www.fiemg.com.br\/fiemg\/"},{"@type":"ListItem","position":2,"name":"Mentalidade vencedora e alta performance marcam o segundo dia do Imers\u00e3o Ind\u00fastria"}]},{"@type":"WebSite","@id":"https:\/\/www.fiemg.com.br\/fiemg\/#website","url":"https:\/\/www.fiemg.com.br\/fiemg\/","name":"FIEMG","description":"Federa\u00e7\u00e3o das Ind\u00fastrias do Estado de Minas Gerais","publisher":{"@id":"https:\/\/www.fiemg.com.br\/fiemg\/#organization"},"potentialAction":[{"@type":"SearchAction","target":{"@type":"EntryPoint","urlTemplate":"https:\/\/www.fiemg.com.br\/fiemg\/?s={search_term_string}"},"query-input":{"@type":"PropertyValueSpecification","valueRequired":true,"valueName":"search_term_string"}}],"inLanguage":"pt-BR"},{"@type":"Organization","@id":"https:\/\/www.fiemg.com.br\/fiemg\/#organization","name":"FIEMG","url":"https:\/\/www.fiemg.com.br\/fiemg\/","logo":{"@type":"ImageObject","inLanguage":"pt-BR","@id":"https:\/\/www.fiemg.com.br\/fiemg\/#\/schema\/logo\/image\/","url":"https:\/\/www.fiemg.com.br\/fiemg\/wp-content\/uploads\/sites\/10\/2023\/02\/fiemg_branco.svg","contentUrl":"https:\/\/www.fiemg.com.br\/fiemg\/wp-content\/uploads\/sites\/10\/2023\/02\/fiemg_branco.svg","width":561,"height":147,"caption":"FIEMG"},"image":{"@id":"https:\/\/www.fiemg.com.br\/fiemg\/#\/schema\/logo\/image\/"}}]}},"_links":{"self":[{"href":"https:\/\/www.fiemg.com.br\/fiemg\/wp-json\/wp\/v2\/noticias\/8286","targetHints":{"allow":["GET"]}}],"collection":[{"href":"https:\/\/www.fiemg.com.br\/fiemg\/wp-json\/wp\/v2\/noticias"}],"about":[{"href":"https:\/\/www.fiemg.com.br\/fiemg\/wp-json\/wp\/v2\/types\/noticias"}],"wp:featuredmedia":[{"embeddable":true,"href":"https:\/\/www.fiemg.com.br\/fiemg\/wp-json\/wp\/v2\/media\/8288"}],"wp:attachment":[{"href":"https:\/\/www.fiemg.com.br\/fiemg\/wp-json\/wp\/v2\/media?parent=8286"}],"wp:term":[{"taxonomy":"category","embeddable":true,"href":"https:\/\/www.fiemg.com.br\/fiemg\/wp-json\/wp\/v2\/categories?post=8286"},{"taxonomy":"post_tag","embeddable":true,"href":"https:\/\/www.fiemg.com.br\/fiemg\/wp-json\/wp\/v2\/tags?post=8286"}],"curies":[{"name":"wp","href":"https:\/\/api.w.org\/{rel}","templated":true}]}}