{"id":8347,"date":"2025-04-09T17:21:03","date_gmt":"2025-04-09T20:21:03","guid":{"rendered":"https:\/\/www.fiemg.com.br\/fiemg\/noticias\/vestindo-bia-se-destaca-no-minas-trend-com-proposta-afetiva-e-educativa\/"},"modified":"2025-04-09T17:22:54","modified_gmt":"2025-04-09T20:22:54","slug":"vestindo-bia-se-destaca-no-minas-trend-com-proposta-afetiva-e-educativa","status":"publish","type":"noticias","link":"https:\/\/www.fiemg.com.br\/fiemg\/noticias\/vestindo-bia-se-destaca-no-minas-trend-com-proposta-afetiva-e-educativa\/","title":{"rendered":"Vestindo Bia se destaca no Minas Trend com proposta afetiva e educativa"},"content":{"rendered":"\n<p>A 33\u00aa edi\u00e7\u00e3o do Minas Trend, realizada no BH Shopping, reafirma seu compromisso em ir al\u00e9m da est\u00e9tica e do mercado: o evento se consolida como espa\u00e7o de di\u00e1logo entre moda, prop\u00f3sito e transforma\u00e7\u00e3o social. Nesse contexto, a presen\u00e7a da marca mineira Vestindo Bia chama a aten\u00e7\u00e3o n\u00e3o apenas pelas pe\u00e7as feitas \u00e0 m\u00e3o, mas pelo projeto afetivo e educativo que sustenta sua proposta.<\/p>\n\n\n\n<p>Fundada por Marcela Abranches, a Vestindo Bia surgiu do desejo de resgatar a ess\u00eancia da inf\u00e2ncia por meio do vestu\u00e1rio. \u201cQueria que meus filhos se vestissem como crian\u00e7as, com roupas leves, confort\u00e1veis e com cortes simples, que respeitassem essa fase da vida\u201d, conta a criadora.&nbsp;<\/p>\n\n\n\n<p>Atualmente, a marca possui loja f\u00edsica no bairro Santo Ant\u00f4nio, em Belo Horizonte. O espa\u00e7o abriga, al\u00e9m da loja, uma escola de costura voltada para crian\u00e7as e adultos. Com metodologia pr\u00f3pria, os cursos priorizam a autonomia e o desenvolvimento criativo dos alunos, que aprendem desde o b\u00e1sico, em turmas pequenas e adaptadas ao ritmo individual. As aulas, que tem dura\u00e7\u00e3o de tr\u00eas horas, s\u00e3o oferecidas em m\u00f3dulos avulsos ou pacotes mensais e incluem todos os materiais necess\u00e1rios.&nbsp;<\/p>\n\n\n\n<p>\u201cTemos alunos a partir dos seis anos e tamb\u00e9m senhoras com mais de oitenta. A ideia \u00e9 que todos possam, de forma acolhedora, aprender a costurar e expressar sua criatividade com as pr\u00f3prias m\u00e3os\u201d, explica Abranches. Entre os diferenciais da marca est\u00e3o as festas de costura, celebra\u00e7\u00f5es em que os participantes, geralmente crian\u00e7as, criam suas pr\u00f3prias pe\u00e7as durante o evento. \u201c\u00c9 uma experi\u00eancia afetiva e \u00fanica. Cada um leva para casa algo que ele mesmo produziu, com significado e mem\u00f3ria.\u201d<\/p>\n\n\n\n<p>Ao unir moda, educa\u00e7\u00e3o e sensibilidade, a Vestindo Bia se destaca como exemplo de um fazer consciente e transformador. Sua presen\u00e7a no Minas Trend reafirma que, no universo da moda, o prop\u00f3sito deve caminhar lado a lado com a est\u00e9tica.<\/p>\n\n\n\n<p>Mais informa\u00e7\u00f5es est\u00e3o dispon\u00edveis no Instagram @vestindobia.<br><br>O Minas Trend \u00e9 uma realiza\u00e7\u00e3o da FIEMG, por iniciativa de sua C\u00e2mara da Ind\u00fastria de Insumos e Transforma\u00e7\u00e3o do Vestu\u00e1rio, Cal\u00e7ados e Acess\u00f3rios, e suas entidades SESI e SENAI, com patroc\u00ednio da Companhia de Desenvolvimento de Minas Gerais (Codemge),&nbsp; apoio m\u00e1ster do Sebrae Minas, e apoio da Rede Minas, R\u00e1dio Inconfid\u00eancia, Jornal Estado de Minas e Una.<\/p>\n\n\n\n<p><em>Fernanda Borges<\/em><br><strong>Imprensa FIEMG<\/strong><\/p>\n","protected":false},"featured_media":8349,"template":"","categories":[15],"tags":[1276,78,339,1277],"class_list":["post-8347","noticias","type-noticias","status-publish","has-post-thumbnail","hentry","category-desenvolvimento-industrial","tag-costura","tag-fiemg","tag-minas-trend","tag-vestindo-bia"],"acf":[],"yoast_head":"<!-- This site is optimized with the Yoast SEO plugin v26.2 - https:\/\/yoast.com\/wordpress\/plugins\/seo\/ -->\n<title>Vestindo Bia se destaca no Minas Trend com proposta afetiva e educativa - FIEMG<\/title>\n<meta name=\"description\" content=\"Marca une loja, escola de costura e experi\u00eancia criativa para todas as idades\" \/>\n<meta name=\"robots\" content=\"index, follow, max-snippet:-1, max-image-preview:large, max-video-preview:-1\" \/>\n<link rel=\"canonical\" href=\"https:\/\/www.fiemg.com.br\/fiemg\/noticias\/vestindo-bia-se-destaca-no-minas-trend-com-proposta-afetiva-e-educativa\/\" \/>\n<meta property=\"og:locale\" content=\"pt_BR\" \/>\n<meta property=\"og:type\" content=\"article\" \/>\n<meta property=\"og:title\" content=\"Vestindo Bia se destaca no Minas Trend com proposta afetiva e educativa - FIEMG\" \/>\n<meta property=\"og:description\" content=\"Marca une loja, escola de costura e experi\u00eancia criativa para todas as idades\" \/>\n<meta property=\"og:url\" content=\"https:\/\/www.fiemg.com.br\/fiemg\/noticias\/vestindo-bia-se-destaca-no-minas-trend-com-proposta-afetiva-e-educativa\/\" \/>\n<meta property=\"og:site_name\" content=\"FIEMG\" \/>\n<meta property=\"article:modified_time\" content=\"2025-04-09T20:22:54+00:00\" \/>\n<meta property=\"og:image\" content=\"https:\/\/www.fiemg.com.br\/fiemg\/wp-content\/uploads\/sites\/10\/2025\/04\/VESTINDO-BIA-.png\" \/>\n\t<meta property=\"og:image:width\" content=\"512\" \/>\n\t<meta property=\"og:image:height\" content=\"512\" \/>\n\t<meta property=\"og:image:type\" content=\"image\/png\" \/>\n<meta name=\"twitter:card\" content=\"summary_large_image\" \/>\n<meta name=\"twitter:label1\" content=\"Est. tempo de leitura\" \/>\n\t<meta name=\"twitter:data1\" content=\"3 minutos\" \/>\n<script type=\"application\/ld+json\" class=\"yoast-schema-graph\">{\"@context\":\"https:\/\/schema.org\",\"@graph\":[{\"@type\":\"WebPage\",\"@id\":\"https:\/\/www.fiemg.com.br\/fiemg\/noticias\/vestindo-bia-se-destaca-no-minas-trend-com-proposta-afetiva-e-educativa\/\",\"url\":\"https:\/\/www.fiemg.com.br\/fiemg\/noticias\/vestindo-bia-se-destaca-no-minas-trend-com-proposta-afetiva-e-educativa\/\",\"name\":\"Vestindo Bia se destaca no Minas Trend com proposta afetiva e educativa - FIEMG\",\"isPartOf\":{\"@id\":\"https:\/\/www.fiemg.com.br\/fiemg\/#website\"},\"primaryImageOfPage\":{\"@id\":\"https:\/\/www.fiemg.com.br\/fiemg\/noticias\/vestindo-bia-se-destaca-no-minas-trend-com-proposta-afetiva-e-educativa\/#primaryimage\"},\"image\":{\"@id\":\"https:\/\/www.fiemg.com.br\/fiemg\/noticias\/vestindo-bia-se-destaca-no-minas-trend-com-proposta-afetiva-e-educativa\/#primaryimage\"},\"thumbnailUrl\":\"https:\/\/www.fiemg.com.br\/fiemg\/wp-content\/uploads\/sites\/10\/2025\/04\/VESTINDO-BIA-.png\",\"datePublished\":\"2025-04-09T20:21:03+00:00\",\"dateModified\":\"2025-04-09T20:22:54+00:00\",\"description\":\"Marca une loja, escola de costura e experi\u00eancia criativa para todas as idades\",\"breadcrumb\":{\"@id\":\"https:\/\/www.fiemg.com.br\/fiemg\/noticias\/vestindo-bia-se-destaca-no-minas-trend-com-proposta-afetiva-e-educativa\/#breadcrumb\"},\"inLanguage\":\"pt-BR\",\"potentialAction\":[{\"@type\":\"ReadAction\",\"target\":[\"https:\/\/www.fiemg.com.br\/fiemg\/noticias\/vestindo-bia-se-destaca-no-minas-trend-com-proposta-afetiva-e-educativa\/\"]}]},{\"@type\":\"ImageObject\",\"inLanguage\":\"pt-BR\",\"@id\":\"https:\/\/www.fiemg.com.br\/fiemg\/noticias\/vestindo-bia-se-destaca-no-minas-trend-com-proposta-afetiva-e-educativa\/#primaryimage\",\"url\":\"https:\/\/www.fiemg.com.br\/fiemg\/wp-content\/uploads\/sites\/10\/2025\/04\/VESTINDO-BIA-.png\",\"contentUrl\":\"https:\/\/www.fiemg.com.br\/fiemg\/wp-content\/uploads\/sites\/10\/2025\/04\/VESTINDO-BIA-.png\",\"width\":512,\"height\":512},{\"@type\":\"BreadcrumbList\",\"@id\":\"https:\/\/www.fiemg.com.br\/fiemg\/noticias\/vestindo-bia-se-destaca-no-minas-trend-com-proposta-afetiva-e-educativa\/#breadcrumb\",\"itemListElement\":[{\"@type\":\"ListItem\",\"position\":1,\"name\":\"In\u00edcio\",\"item\":\"https:\/\/www.fiemg.com.br\/fiemg\/\"},{\"@type\":\"ListItem\",\"position\":2,\"name\":\"Vestindo Bia se destaca no Minas Trend com proposta afetiva e educativa\"}]},{\"@type\":\"WebSite\",\"@id\":\"https:\/\/www.fiemg.com.br\/fiemg\/#website\",\"url\":\"https:\/\/www.fiemg.com.br\/fiemg\/\",\"name\":\"FIEMG\",\"description\":\"Federa\u00e7\u00e3o das Ind\u00fastrias do Estado de Minas Gerais\",\"publisher\":{\"@id\":\"https:\/\/www.fiemg.com.br\/fiemg\/#organization\"},\"potentialAction\":[{\"@type\":\"SearchAction\",\"target\":{\"@type\":\"EntryPoint\",\"urlTemplate\":\"https:\/\/www.fiemg.com.br\/fiemg\/?s={search_term_string}\"},\"query-input\":{\"@type\":\"PropertyValueSpecification\",\"valueRequired\":true,\"valueName\":\"search_term_string\"}}],\"inLanguage\":\"pt-BR\"},{\"@type\":\"Organization\",\"@id\":\"https:\/\/www.fiemg.com.br\/fiemg\/#organization\",\"name\":\"FIEMG\",\"url\":\"https:\/\/www.fiemg.com.br\/fiemg\/\",\"logo\":{\"@type\":\"ImageObject\",\"inLanguage\":\"pt-BR\",\"@id\":\"https:\/\/www.fiemg.com.br\/fiemg\/#\/schema\/logo\/image\/\",\"url\":\"https:\/\/www.fiemg.com.br\/fiemg\/wp-content\/uploads\/sites\/10\/2023\/02\/fiemg_branco.svg\",\"contentUrl\":\"https:\/\/www.fiemg.com.br\/fiemg\/wp-content\/uploads\/sites\/10\/2023\/02\/fiemg_branco.svg\",\"width\":561,\"height\":147,\"caption\":\"FIEMG\"},\"image\":{\"@id\":\"https:\/\/www.fiemg.com.br\/fiemg\/#\/schema\/logo\/image\/\"}}]}<\/script>\n<!-- \/ Yoast SEO plugin. -->","yoast_head_json":{"title":"Vestindo Bia se destaca no Minas Trend com proposta afetiva e educativa - FIEMG","description":"Marca une loja, escola de costura e experi\u00eancia criativa para todas as idades","robots":{"index":"index","follow":"follow","max-snippet":"max-snippet:-1","max-image-preview":"max-image-preview:large","max-video-preview":"max-video-preview:-1"},"canonical":"https:\/\/www.fiemg.com.br\/fiemg\/noticias\/vestindo-bia-se-destaca-no-minas-trend-com-proposta-afetiva-e-educativa\/","og_locale":"pt_BR","og_type":"article","og_title":"Vestindo Bia se destaca no Minas Trend com proposta afetiva e educativa - FIEMG","og_description":"Marca une loja, escola de costura e experi\u00eancia criativa para todas as idades","og_url":"https:\/\/www.fiemg.com.br\/fiemg\/noticias\/vestindo-bia-se-destaca-no-minas-trend-com-proposta-afetiva-e-educativa\/","og_site_name":"FIEMG","article_modified_time":"2025-04-09T20:22:54+00:00","og_image":[{"width":512,"height":512,"url":"https:\/\/www.fiemg.com.br\/fiemg\/wp-content\/uploads\/sites\/10\/2025\/04\/VESTINDO-BIA-.png","type":"image\/png"}],"twitter_card":"summary_large_image","twitter_misc":{"Est. tempo de leitura":"3 minutos"},"schema":{"@context":"https:\/\/schema.org","@graph":[{"@type":"WebPage","@id":"https:\/\/www.fiemg.com.br\/fiemg\/noticias\/vestindo-bia-se-destaca-no-minas-trend-com-proposta-afetiva-e-educativa\/","url":"https:\/\/www.fiemg.com.br\/fiemg\/noticias\/vestindo-bia-se-destaca-no-minas-trend-com-proposta-afetiva-e-educativa\/","name":"Vestindo Bia se destaca no Minas Trend com proposta afetiva e educativa - FIEMG","isPartOf":{"@id":"https:\/\/www.fiemg.com.br\/fiemg\/#website"},"primaryImageOfPage":{"@id":"https:\/\/www.fiemg.com.br\/fiemg\/noticias\/vestindo-bia-se-destaca-no-minas-trend-com-proposta-afetiva-e-educativa\/#primaryimage"},"image":{"@id":"https:\/\/www.fiemg.com.br\/fiemg\/noticias\/vestindo-bia-se-destaca-no-minas-trend-com-proposta-afetiva-e-educativa\/#primaryimage"},"thumbnailUrl":"https:\/\/www.fiemg.com.br\/fiemg\/wp-content\/uploads\/sites\/10\/2025\/04\/VESTINDO-BIA-.png","datePublished":"2025-04-09T20:21:03+00:00","dateModified":"2025-04-09T20:22:54+00:00","description":"Marca une loja, escola de costura e experi\u00eancia criativa para todas as idades","breadcrumb":{"@id":"https:\/\/www.fiemg.com.br\/fiemg\/noticias\/vestindo-bia-se-destaca-no-minas-trend-com-proposta-afetiva-e-educativa\/#breadcrumb"},"inLanguage":"pt-BR","potentialAction":[{"@type":"ReadAction","target":["https:\/\/www.fiemg.com.br\/fiemg\/noticias\/vestindo-bia-se-destaca-no-minas-trend-com-proposta-afetiva-e-educativa\/"]}]},{"@type":"ImageObject","inLanguage":"pt-BR","@id":"https:\/\/www.fiemg.com.br\/fiemg\/noticias\/vestindo-bia-se-destaca-no-minas-trend-com-proposta-afetiva-e-educativa\/#primaryimage","url":"https:\/\/www.fiemg.com.br\/fiemg\/wp-content\/uploads\/sites\/10\/2025\/04\/VESTINDO-BIA-.png","contentUrl":"https:\/\/www.fiemg.com.br\/fiemg\/wp-content\/uploads\/sites\/10\/2025\/04\/VESTINDO-BIA-.png","width":512,"height":512},{"@type":"BreadcrumbList","@id":"https:\/\/www.fiemg.com.br\/fiemg\/noticias\/vestindo-bia-se-destaca-no-minas-trend-com-proposta-afetiva-e-educativa\/#breadcrumb","itemListElement":[{"@type":"ListItem","position":1,"name":"In\u00edcio","item":"https:\/\/www.fiemg.com.br\/fiemg\/"},{"@type":"ListItem","position":2,"name":"Vestindo Bia se destaca no Minas Trend com proposta afetiva e educativa"}]},{"@type":"WebSite","@id":"https:\/\/www.fiemg.com.br\/fiemg\/#website","url":"https:\/\/www.fiemg.com.br\/fiemg\/","name":"FIEMG","description":"Federa\u00e7\u00e3o das Ind\u00fastrias do Estado de Minas Gerais","publisher":{"@id":"https:\/\/www.fiemg.com.br\/fiemg\/#organization"},"potentialAction":[{"@type":"SearchAction","target":{"@type":"EntryPoint","urlTemplate":"https:\/\/www.fiemg.com.br\/fiemg\/?s={search_term_string}"},"query-input":{"@type":"PropertyValueSpecification","valueRequired":true,"valueName":"search_term_string"}}],"inLanguage":"pt-BR"},{"@type":"Organization","@id":"https:\/\/www.fiemg.com.br\/fiemg\/#organization","name":"FIEMG","url":"https:\/\/www.fiemg.com.br\/fiemg\/","logo":{"@type":"ImageObject","inLanguage":"pt-BR","@id":"https:\/\/www.fiemg.com.br\/fiemg\/#\/schema\/logo\/image\/","url":"https:\/\/www.fiemg.com.br\/fiemg\/wp-content\/uploads\/sites\/10\/2023\/02\/fiemg_branco.svg","contentUrl":"https:\/\/www.fiemg.com.br\/fiemg\/wp-content\/uploads\/sites\/10\/2023\/02\/fiemg_branco.svg","width":561,"height":147,"caption":"FIEMG"},"image":{"@id":"https:\/\/www.fiemg.com.br\/fiemg\/#\/schema\/logo\/image\/"}}]}},"_links":{"self":[{"href":"https:\/\/www.fiemg.com.br\/fiemg\/wp-json\/wp\/v2\/noticias\/8347","targetHints":{"allow":["GET"]}}],"collection":[{"href":"https:\/\/www.fiemg.com.br\/fiemg\/wp-json\/wp\/v2\/noticias"}],"about":[{"href":"https:\/\/www.fiemg.com.br\/fiemg\/wp-json\/wp\/v2\/types\/noticias"}],"wp:featuredmedia":[{"embeddable":true,"href":"https:\/\/www.fiemg.com.br\/fiemg\/wp-json\/wp\/v2\/media\/8349"}],"wp:attachment":[{"href":"https:\/\/www.fiemg.com.br\/fiemg\/wp-json\/wp\/v2\/media?parent=8347"}],"wp:term":[{"taxonomy":"category","embeddable":true,"href":"https:\/\/www.fiemg.com.br\/fiemg\/wp-json\/wp\/v2\/categories?post=8347"},{"taxonomy":"post_tag","embeddable":true,"href":"https:\/\/www.fiemg.com.br\/fiemg\/wp-json\/wp\/v2\/tags?post=8347"}],"curies":[{"name":"wp","href":"https:\/\/api.w.org\/{rel}","templated":true}]}}