{"id":8354,"date":"2025-04-09T18:16:17","date_gmt":"2025-04-09T21:16:17","guid":{"rendered":"https:\/\/www.fiemg.com.br\/fiemg\/noticias\/valorizacao-do-produtor-local-producao-sustentavel-e-com-mais-qualidade-sao-alguns-dos-principios-que-tem-conquistado-os-consumidores\/"},"modified":"2025-04-09T18:16:24","modified_gmt":"2025-04-09T21:16:24","slug":"valorizacao-do-produtor-local-producao-sustentavel-e-com-mais-qualidade-sao-alguns-dos-principios-que-tem-conquistado-os-consumidores","status":"publish","type":"noticias","link":"https:\/\/www.fiemg.com.br\/fiemg\/noticias\/valorizacao-do-produtor-local-producao-sustentavel-e-com-mais-qualidade-sao-alguns-dos-principios-que-tem-conquistado-os-consumidores\/","title":{"rendered":"Minas Trend: marcas investem em moda autoral e ganham mercado, inclusive de luxo"},"content":{"rendered":"\n<p>Em uma \u00e9poca dominada pelo consumo acelerado e, muitas vezes, descart\u00e1vel, algumas marcas seguem o caminho oposto e investem em cole\u00e7\u00f5es feitas artesanalmente, valorizando os processos manuais, o design pr\u00f3prio, a identidade cultural e a sustentabilidade. \u00c9 a chamada moda autoral, que est\u00e1 ganhando cada vez mais espa\u00e7o no mercado, inclusive de luxo, sendo um dos destaques da 33\u00aa edi\u00e7\u00e3o do Minas Trend, que acontece at\u00e9 esta quinta-feira (10), no BH Shopping.&nbsp;<\/p>\n\n\n\n<p>Participando pela primeira vez do evento, a Nannacay, marca de acess\u00f3rios de luxo que utiliza t\u00e9cnicas artesanais do Brasil e de pa\u00edses como Peru e Equador, tem a inova\u00e7\u00e3o e a criatividade como base principal de seu trabalho. M\u00e1rcia Kemp, fundadora e diretora criativa, explica que a valoriza\u00e7\u00e3o do trabalho artesanal \u00e9 pe\u00e7a central da marca, que emprega cerca de 305 fam\u00edlias de artes\u00e3os da Am\u00e9rica do Sul. Segundo a empres\u00e1ria, cada grupo \u00e9 escolhido com cuidado, respeitando suas habilidades espec\u00edficas e tradi\u00e7\u00f5es culturais.<\/p>\n\n\n\n<p>\u201cA Nannacay \u00e9 uma marca 100% artesanal, manual, consistentemente sustent\u00e1vel e de impacto social, que promove a pluralidade de culturas, desde sua funda\u00e7\u00e3o, em 2014.&nbsp; As pe\u00e7as s\u00e3o feitas a quatro m\u00e3os. Primeiro, identificamos o potencial criativo do grupo que queremos trabalhar e depois trazemos nossas inspira\u00e7\u00f5es e dire\u00e7\u00e3o criativa para desenvolver a pe\u00e7a final. Os nossos artes\u00e3os s\u00e3o verdadeiros artistas e isso amplia muito o nosso repert\u00f3rio de vida e de pesquisa. Cada acess\u00f3rio nosso \u00e9 um testemunho da rica heran\u00e7a cultural e do talento dos artes\u00e3os envolvidos, garantindo um produto exclusivo e cheio de personalidade\u201d, destaca.<\/p>\n\n\n\n<p><br>Em 2022, a Nannacay ficou entre os tr\u00eas finalistas do pr\u00eamio <em>CNMI Sustainable Fashion Awards<\/em>, criado pela C\u00e2mara da Moda Italiana, em colabora\u00e7\u00e3o com a Ethical Fashion Initiative (EFI) das Na\u00e7\u00f5es Unidas, superando grandes marcas como Gucci, Prada e Armani na categoria \u201cImpacto Social\u201d, cujos crit\u00e9rios valorizavam iniciativas que promovessem o desenvolvimento humano e superassem as injusti\u00e7as sociais.&nbsp;<\/p>\n\n\n\n<p>\u201cNa Nannacay, acreditamos que \u00e9 poss\u00edvel alinhar moda e impacto positivo, gerando mudan\u00e7as reais nas comunidades para um futuro mais justo e sustent\u00e1vel. \u00c9 uma marca que nasce com um prop\u00f3sito claro: transformar a vida de pessoas em situa\u00e7\u00e3o de vulnerabilidade social\u201d, completa M\u00e1rcia Kemp.&nbsp;<\/p>\n\n\n\n<p><strong>Perfeitamente imperfeita &#8211; <\/strong>\u201cPerfectly imperfect\u201d \u00e9 o tema da cole\u00e7\u00e3o de outra estreante no Minas Trend, a jovem Cleo Schanen, de 20 anos. A marca de roupas que leva seu nome \u00e9 caracterizada por um design arrojado, que combina pesquisa de novos materiais, com sofistica\u00e7\u00e3o e qualidade. Algod\u00e3o org\u00e2nico, tecidos inteligentes de alta performance, acabamentos 3D e sobreposi\u00e7\u00f5es t\u00e1teis comp\u00f5em as pe\u00e7as exclusivas, com bordados, produzidas em ateli\u00ea.&nbsp;<\/p>\n\n\n\n<p>\u201cA cole\u00e7\u00e3o \u00e9 um tributo \u00e0 tradi\u00e7\u00e3o mineira, reformulando o bordado regional e substituindo a mat\u00e9ria-prima de vidrilho e pedrarias, por componentes met\u00e1licos. Desde o in\u00edcio quis fazer pe\u00e7as atemporais, duradouras, com prop\u00f3sito e sustent\u00e1veis\u201d, explica.&nbsp;<\/p>\n\n\n\n<p><strong>Joias e bijuterias &#8211; <\/strong>Outro segmento que tamb\u00e9m est\u00e1 mergulhando no universo da moda autoral \u00e9 o de joias, semijoias e bijuterias. Neste ano, s\u00e3o 12 marcas presentes no Minas Trend.&nbsp;<\/p>\n\n\n\n<p>\u201cA moda autoral traz uma maior identifica\u00e7\u00e3o para marca e mais exclusividade, com a possibilidade do designer acompanhar todo o processo, desde a produ\u00e7\u00e3o, com a escolha dos insumos, at\u00e9 a entrega do produto, o que enriquece o <em>storytelling<\/em>. Al\u00e9m disso, o produto autoral traz uma maior conex\u00e3o com todos os atores da cadeia produtiva\u201d, opina Murilo Graciano, presidente do Sindicato das ind\u00fastrias joalheiras, ourivesarias, lapida\u00e7\u00f5es e obras de pedras preciosas, relojoarias, folheados de metais precioso e bijuterias do Estado de Minas Gerais (SINDIJOIAS-MG).<\/p>\n\n\n\n<p>H\u00e1 40 anos no mercado, a Er\u00ea Bijuterias \u00e9 uma veterana do Minas Trend, tendo participado de todas as edi\u00e7\u00f5es do evento. \u00c9rika Melo, diretora da marca, explica que, desde o in\u00edcio, as pe\u00e7as sempre foram feitas \u00e0 m\u00e3o, utilizando como mat\u00e9ria-prima principal a pedra natural agregada a outros produtos diferenciados, como o fio de algod\u00e3o encerado, a madeira, o couro, a resina, entre outros.&nbsp;<\/p>\n\n\n\n<p>\u201cN\u00f3s sentimos que o mercado tem valorizado cada vez mais esse processo <em>hand made<\/em>, mais exclusivo. O produto da marca Er\u00ea \u00e9 sin\u00f4nimo de atemporalidade e de identidade pr\u00f3pria, com um estilo inconfund\u00edvel\u201d, destaca.<\/p>\n\n\n\n<p>O Minas Trend \u00e9 uma realiza\u00e7\u00e3o da FIEMG, por iniciativa de sua C\u00e2mara da Ind\u00fastria de Insumos e Transforma\u00e7\u00e3o do Vestu\u00e1rio, Cal\u00e7ados e Acess\u00f3rios, e suas entidades SESI e SENAI, com patroc\u00ednio da Companhia de Desenvolvimento de Minas Gerais (CODEMGE),\u00a0apoio m\u00e1ster do Sebrae Minas, e apoio da Rede Minas, R\u00e1dio Inconfid\u00eancia, Jornal Estado de Minas e Una.<\/p>\n\n\n\n<p><strong>SERVI\u00c7O:<br>33\u00b0 edi\u00e7\u00e3o do Minas Trend<\/strong><br>Data: 8 a 10 de abril de 2025, das 10h \u00e0s 20h<br>Local: BH Shopping, BR-356, 3049,\u00a0 Belvedere, Belo Horizonte &#8211; Piso Ouro Preto<\/p>\n","protected":false},"featured_media":8356,"template":"","categories":[15],"tags":[78,339,1036,1273],"class_list":["post-8354","noticias","type-noticias","status-publish","has-post-thumbnail","hentry","category-desenvolvimento-industrial","tag-fiemg","tag-minas-trend","tag-mw","tag-primavera-verao-2"],"acf":[],"yoast_head":"<!-- This site is optimized with the Yoast SEO plugin v26.2 - https:\/\/yoast.com\/wordpress\/plugins\/seo\/ -->\n<title>Minas Trend: marcas investem em moda autoral e ganham mercado, inclusive de luxo - FIEMG<\/title>\n<meta name=\"description\" content=\"Valoriza\u00e7\u00e3o do produtor local, produ\u00e7\u00e3o sustent\u00e1vel e com mais qualidade s\u00e3o alguns dos princ\u00edpios que t\u00eam conquistado os consumidores\u00a0\" \/>\n<meta name=\"robots\" content=\"index, follow, max-snippet:-1, max-image-preview:large, max-video-preview:-1\" \/>\n<link rel=\"canonical\" href=\"https:\/\/www.fiemg.com.br\/fiemg\/noticias\/valorizacao-do-produtor-local-producao-sustentavel-e-com-mais-qualidade-sao-alguns-dos-principios-que-tem-conquistado-os-consumidores\/\" \/>\n<meta property=\"og:locale\" content=\"pt_BR\" \/>\n<meta property=\"og:type\" content=\"article\" \/>\n<meta property=\"og:title\" content=\"Minas Trend: marcas investem em moda autoral e ganham mercado, inclusive de luxo - FIEMG\" \/>\n<meta property=\"og:description\" content=\"Valoriza\u00e7\u00e3o do produtor local, produ\u00e7\u00e3o sustent\u00e1vel e com mais qualidade s\u00e3o alguns dos princ\u00edpios que t\u00eam conquistado os consumidores\u00a0\" \/>\n<meta property=\"og:url\" content=\"https:\/\/www.fiemg.com.br\/fiemg\/noticias\/valorizacao-do-produtor-local-producao-sustentavel-e-com-mais-qualidade-sao-alguns-dos-principios-que-tem-conquistado-os-consumidores\/\" \/>\n<meta property=\"og:site_name\" content=\"FIEMG\" \/>\n<meta property=\"article:modified_time\" content=\"2025-04-09T21:16:24+00:00\" \/>\n<meta property=\"og:image\" content=\"https:\/\/www.fiemg.com.br\/fiemg\/wp-content\/uploads\/sites\/10\/2025\/04\/moda-autoral2-1024x1024.png\" \/>\n\t<meta property=\"og:image:width\" content=\"1024\" \/>\n\t<meta property=\"og:image:height\" content=\"1024\" \/>\n\t<meta property=\"og:image:type\" content=\"image\/png\" \/>\n<meta name=\"twitter:card\" content=\"summary_large_image\" \/>\n<meta name=\"twitter:label1\" content=\"Est. tempo de leitura\" \/>\n\t<meta name=\"twitter:data1\" content=\"5 minutos\" \/>\n<script type=\"application\/ld+json\" class=\"yoast-schema-graph\">{\"@context\":\"https:\/\/schema.org\",\"@graph\":[{\"@type\":\"WebPage\",\"@id\":\"https:\/\/www.fiemg.com.br\/fiemg\/noticias\/valorizacao-do-produtor-local-producao-sustentavel-e-com-mais-qualidade-sao-alguns-dos-principios-que-tem-conquistado-os-consumidores\/\",\"url\":\"https:\/\/www.fiemg.com.br\/fiemg\/noticias\/valorizacao-do-produtor-local-producao-sustentavel-e-com-mais-qualidade-sao-alguns-dos-principios-que-tem-conquistado-os-consumidores\/\",\"name\":\"Minas Trend: marcas investem em moda autoral e ganham mercado, inclusive de luxo - FIEMG\",\"isPartOf\":{\"@id\":\"https:\/\/www.fiemg.com.br\/fiemg\/#website\"},\"primaryImageOfPage\":{\"@id\":\"https:\/\/www.fiemg.com.br\/fiemg\/noticias\/valorizacao-do-produtor-local-producao-sustentavel-e-com-mais-qualidade-sao-alguns-dos-principios-que-tem-conquistado-os-consumidores\/#primaryimage\"},\"image\":{\"@id\":\"https:\/\/www.fiemg.com.br\/fiemg\/noticias\/valorizacao-do-produtor-local-producao-sustentavel-e-com-mais-qualidade-sao-alguns-dos-principios-que-tem-conquistado-os-consumidores\/#primaryimage\"},\"thumbnailUrl\":\"https:\/\/www.fiemg.com.br\/fiemg\/wp-content\/uploads\/sites\/10\/2025\/04\/moda-autoral2.png\",\"datePublished\":\"2025-04-09T21:16:17+00:00\",\"dateModified\":\"2025-04-09T21:16:24+00:00\",\"description\":\"Valoriza\u00e7\u00e3o do produtor local, produ\u00e7\u00e3o sustent\u00e1vel e com mais qualidade s\u00e3o alguns dos princ\u00edpios que t\u00eam conquistado os consumidores\u00a0\",\"breadcrumb\":{\"@id\":\"https:\/\/www.fiemg.com.br\/fiemg\/noticias\/valorizacao-do-produtor-local-producao-sustentavel-e-com-mais-qualidade-sao-alguns-dos-principios-que-tem-conquistado-os-consumidores\/#breadcrumb\"},\"inLanguage\":\"pt-BR\",\"potentialAction\":[{\"@type\":\"ReadAction\",\"target\":[\"https:\/\/www.fiemg.com.br\/fiemg\/noticias\/valorizacao-do-produtor-local-producao-sustentavel-e-com-mais-qualidade-sao-alguns-dos-principios-que-tem-conquistado-os-consumidores\/\"]}]},{\"@type\":\"ImageObject\",\"inLanguage\":\"pt-BR\",\"@id\":\"https:\/\/www.fiemg.com.br\/fiemg\/noticias\/valorizacao-do-produtor-local-producao-sustentavel-e-com-mais-qualidade-sao-alguns-dos-principios-que-tem-conquistado-os-consumidores\/#primaryimage\",\"url\":\"https:\/\/www.fiemg.com.br\/fiemg\/wp-content\/uploads\/sites\/10\/2025\/04\/moda-autoral2.png\",\"contentUrl\":\"https:\/\/www.fiemg.com.br\/fiemg\/wp-content\/uploads\/sites\/10\/2025\/04\/moda-autoral2.png\",\"width\":1600,\"height\":1600},{\"@type\":\"BreadcrumbList\",\"@id\":\"https:\/\/www.fiemg.com.br\/fiemg\/noticias\/valorizacao-do-produtor-local-producao-sustentavel-e-com-mais-qualidade-sao-alguns-dos-principios-que-tem-conquistado-os-consumidores\/#breadcrumb\",\"itemListElement\":[{\"@type\":\"ListItem\",\"position\":1,\"name\":\"In\u00edcio\",\"item\":\"https:\/\/www.fiemg.com.br\/fiemg\/\"},{\"@type\":\"ListItem\",\"position\":2,\"name\":\"Minas Trend: marcas investem em moda autoral e ganham mercado, inclusive de luxo\"}]},{\"@type\":\"WebSite\",\"@id\":\"https:\/\/www.fiemg.com.br\/fiemg\/#website\",\"url\":\"https:\/\/www.fiemg.com.br\/fiemg\/\",\"name\":\"FIEMG\",\"description\":\"Federa\u00e7\u00e3o das Ind\u00fastrias do Estado de Minas Gerais\",\"publisher\":{\"@id\":\"https:\/\/www.fiemg.com.br\/fiemg\/#organization\"},\"potentialAction\":[{\"@type\":\"SearchAction\",\"target\":{\"@type\":\"EntryPoint\",\"urlTemplate\":\"https:\/\/www.fiemg.com.br\/fiemg\/?s={search_term_string}\"},\"query-input\":{\"@type\":\"PropertyValueSpecification\",\"valueRequired\":true,\"valueName\":\"search_term_string\"}}],\"inLanguage\":\"pt-BR\"},{\"@type\":\"Organization\",\"@id\":\"https:\/\/www.fiemg.com.br\/fiemg\/#organization\",\"name\":\"FIEMG\",\"url\":\"https:\/\/www.fiemg.com.br\/fiemg\/\",\"logo\":{\"@type\":\"ImageObject\",\"inLanguage\":\"pt-BR\",\"@id\":\"https:\/\/www.fiemg.com.br\/fiemg\/#\/schema\/logo\/image\/\",\"url\":\"https:\/\/www.fiemg.com.br\/fiemg\/wp-content\/uploads\/sites\/10\/2023\/02\/fiemg_branco.svg\",\"contentUrl\":\"https:\/\/www.fiemg.com.br\/fiemg\/wp-content\/uploads\/sites\/10\/2023\/02\/fiemg_branco.svg\",\"width\":561,\"height\":147,\"caption\":\"FIEMG\"},\"image\":{\"@id\":\"https:\/\/www.fiemg.com.br\/fiemg\/#\/schema\/logo\/image\/\"}}]}<\/script>\n<!-- \/ Yoast SEO plugin. -->","yoast_head_json":{"title":"Minas Trend: marcas investem em moda autoral e ganham mercado, inclusive de luxo - FIEMG","description":"Valoriza\u00e7\u00e3o do produtor local, produ\u00e7\u00e3o sustent\u00e1vel e com mais qualidade s\u00e3o alguns dos princ\u00edpios que t\u00eam conquistado os consumidores\u00a0","robots":{"index":"index","follow":"follow","max-snippet":"max-snippet:-1","max-image-preview":"max-image-preview:large","max-video-preview":"max-video-preview:-1"},"canonical":"https:\/\/www.fiemg.com.br\/fiemg\/noticias\/valorizacao-do-produtor-local-producao-sustentavel-e-com-mais-qualidade-sao-alguns-dos-principios-que-tem-conquistado-os-consumidores\/","og_locale":"pt_BR","og_type":"article","og_title":"Minas Trend: marcas investem em moda autoral e ganham mercado, inclusive de luxo - FIEMG","og_description":"Valoriza\u00e7\u00e3o do produtor local, produ\u00e7\u00e3o sustent\u00e1vel e com mais qualidade s\u00e3o alguns dos princ\u00edpios que t\u00eam conquistado os consumidores\u00a0","og_url":"https:\/\/www.fiemg.com.br\/fiemg\/noticias\/valorizacao-do-produtor-local-producao-sustentavel-e-com-mais-qualidade-sao-alguns-dos-principios-que-tem-conquistado-os-consumidores\/","og_site_name":"FIEMG","article_modified_time":"2025-04-09T21:16:24+00:00","og_image":[{"width":1024,"height":1024,"url":"https:\/\/www.fiemg.com.br\/fiemg\/wp-content\/uploads\/sites\/10\/2025\/04\/moda-autoral2-1024x1024.png","type":"image\/png"}],"twitter_card":"summary_large_image","twitter_misc":{"Est. tempo de leitura":"5 minutos"},"schema":{"@context":"https:\/\/schema.org","@graph":[{"@type":"WebPage","@id":"https:\/\/www.fiemg.com.br\/fiemg\/noticias\/valorizacao-do-produtor-local-producao-sustentavel-e-com-mais-qualidade-sao-alguns-dos-principios-que-tem-conquistado-os-consumidores\/","url":"https:\/\/www.fiemg.com.br\/fiemg\/noticias\/valorizacao-do-produtor-local-producao-sustentavel-e-com-mais-qualidade-sao-alguns-dos-principios-que-tem-conquistado-os-consumidores\/","name":"Minas Trend: marcas investem em moda autoral e ganham mercado, inclusive de luxo - FIEMG","isPartOf":{"@id":"https:\/\/www.fiemg.com.br\/fiemg\/#website"},"primaryImageOfPage":{"@id":"https:\/\/www.fiemg.com.br\/fiemg\/noticias\/valorizacao-do-produtor-local-producao-sustentavel-e-com-mais-qualidade-sao-alguns-dos-principios-que-tem-conquistado-os-consumidores\/#primaryimage"},"image":{"@id":"https:\/\/www.fiemg.com.br\/fiemg\/noticias\/valorizacao-do-produtor-local-producao-sustentavel-e-com-mais-qualidade-sao-alguns-dos-principios-que-tem-conquistado-os-consumidores\/#primaryimage"},"thumbnailUrl":"https:\/\/www.fiemg.com.br\/fiemg\/wp-content\/uploads\/sites\/10\/2025\/04\/moda-autoral2.png","datePublished":"2025-04-09T21:16:17+00:00","dateModified":"2025-04-09T21:16:24+00:00","description":"Valoriza\u00e7\u00e3o do produtor local, produ\u00e7\u00e3o sustent\u00e1vel e com mais qualidade s\u00e3o alguns dos princ\u00edpios que t\u00eam conquistado os consumidores\u00a0","breadcrumb":{"@id":"https:\/\/www.fiemg.com.br\/fiemg\/noticias\/valorizacao-do-produtor-local-producao-sustentavel-e-com-mais-qualidade-sao-alguns-dos-principios-que-tem-conquistado-os-consumidores\/#breadcrumb"},"inLanguage":"pt-BR","potentialAction":[{"@type":"ReadAction","target":["https:\/\/www.fiemg.com.br\/fiemg\/noticias\/valorizacao-do-produtor-local-producao-sustentavel-e-com-mais-qualidade-sao-alguns-dos-principios-que-tem-conquistado-os-consumidores\/"]}]},{"@type":"ImageObject","inLanguage":"pt-BR","@id":"https:\/\/www.fiemg.com.br\/fiemg\/noticias\/valorizacao-do-produtor-local-producao-sustentavel-e-com-mais-qualidade-sao-alguns-dos-principios-que-tem-conquistado-os-consumidores\/#primaryimage","url":"https:\/\/www.fiemg.com.br\/fiemg\/wp-content\/uploads\/sites\/10\/2025\/04\/moda-autoral2.png","contentUrl":"https:\/\/www.fiemg.com.br\/fiemg\/wp-content\/uploads\/sites\/10\/2025\/04\/moda-autoral2.png","width":1600,"height":1600},{"@type":"BreadcrumbList","@id":"https:\/\/www.fiemg.com.br\/fiemg\/noticias\/valorizacao-do-produtor-local-producao-sustentavel-e-com-mais-qualidade-sao-alguns-dos-principios-que-tem-conquistado-os-consumidores\/#breadcrumb","itemListElement":[{"@type":"ListItem","position":1,"name":"In\u00edcio","item":"https:\/\/www.fiemg.com.br\/fiemg\/"},{"@type":"ListItem","position":2,"name":"Minas Trend: marcas investem em moda autoral e ganham mercado, inclusive de luxo"}]},{"@type":"WebSite","@id":"https:\/\/www.fiemg.com.br\/fiemg\/#website","url":"https:\/\/www.fiemg.com.br\/fiemg\/","name":"FIEMG","description":"Federa\u00e7\u00e3o das Ind\u00fastrias do Estado de Minas Gerais","publisher":{"@id":"https:\/\/www.fiemg.com.br\/fiemg\/#organization"},"potentialAction":[{"@type":"SearchAction","target":{"@type":"EntryPoint","urlTemplate":"https:\/\/www.fiemg.com.br\/fiemg\/?s={search_term_string}"},"query-input":{"@type":"PropertyValueSpecification","valueRequired":true,"valueName":"search_term_string"}}],"inLanguage":"pt-BR"},{"@type":"Organization","@id":"https:\/\/www.fiemg.com.br\/fiemg\/#organization","name":"FIEMG","url":"https:\/\/www.fiemg.com.br\/fiemg\/","logo":{"@type":"ImageObject","inLanguage":"pt-BR","@id":"https:\/\/www.fiemg.com.br\/fiemg\/#\/schema\/logo\/image\/","url":"https:\/\/www.fiemg.com.br\/fiemg\/wp-content\/uploads\/sites\/10\/2023\/02\/fiemg_branco.svg","contentUrl":"https:\/\/www.fiemg.com.br\/fiemg\/wp-content\/uploads\/sites\/10\/2023\/02\/fiemg_branco.svg","width":561,"height":147,"caption":"FIEMG"},"image":{"@id":"https:\/\/www.fiemg.com.br\/fiemg\/#\/schema\/logo\/image\/"}}]}},"_links":{"self":[{"href":"https:\/\/www.fiemg.com.br\/fiemg\/wp-json\/wp\/v2\/noticias\/8354","targetHints":{"allow":["GET"]}}],"collection":[{"href":"https:\/\/www.fiemg.com.br\/fiemg\/wp-json\/wp\/v2\/noticias"}],"about":[{"href":"https:\/\/www.fiemg.com.br\/fiemg\/wp-json\/wp\/v2\/types\/noticias"}],"wp:featuredmedia":[{"embeddable":true,"href":"https:\/\/www.fiemg.com.br\/fiemg\/wp-json\/wp\/v2\/media\/8356"}],"wp:attachment":[{"href":"https:\/\/www.fiemg.com.br\/fiemg\/wp-json\/wp\/v2\/media?parent=8354"}],"wp:term":[{"taxonomy":"category","embeddable":true,"href":"https:\/\/www.fiemg.com.br\/fiemg\/wp-json\/wp\/v2\/categories?post=8354"},{"taxonomy":"post_tag","embeddable":true,"href":"https:\/\/www.fiemg.com.br\/fiemg\/wp-json\/wp\/v2\/tags?post=8354"}],"curies":[{"name":"wp","href":"https:\/\/api.w.org\/{rel}","templated":true}]}}