{"id":8538,"date":"2025-06-04T09:00:00","date_gmt":"2025-06-04T12:00:00","guid":{"rendered":"https:\/\/www.fiemg.com.br\/fiemg\/?post_type=noticias&#038;p=8538"},"modified":"2025-05-26T10:21:44","modified_gmt":"2025-05-26T13:21:44","slug":"evento-promovido-pelo-sesi-mg-com-patrocinio-da-lonax-e-alle-aluminio-transforma-a-praca-miguel-henriques-em-um-espaco-de-cultura-brincadeiras-e-inclusao","status":"publish","type":"noticias","link":"https:\/\/www.fiemg.com.br\/fiemg\/noticias\/evento-promovido-pelo-sesi-mg-com-patrocinio-da-lonax-e-alle-aluminio-transforma-a-praca-miguel-henriques-em-um-espaco-de-cultura-brincadeiras-e-inclusao\/","title":{"rendered":"S\u00e1bado \u00e9 dia de brincar! Igarap\u00e9 recebe Festival Viva Brincar com atra\u00e7\u00f5es gratuitas para toda a fam\u00edlia"},"content":{"rendered":"\n<p>No pr\u00f3ximo <strong>s\u00e1bado, 07 de junho<\/strong>, a <strong>Pra\u00e7a Miguel Henriques<\/strong>, no cora\u00e7\u00e3o de <strong>Igarap\u00e9<\/strong>, se transforma em um verdadeiro parque de cultura e divers\u00e3o com a chegada do <strong>Festival Viva Brincar<\/strong>. O evento \u00e9 gratuito, aberto a todas as idades e prop\u00f5e um resgate das brincadeiras tradicionais em contato com a natureza, celebrando a conviv\u00eancia em comunidade.<\/p>\n\n\n\n<p>Realizado pelo <strong>SESI-MG<\/strong>, com <strong>patroc\u00ednio da LONAX e ALLE Alum\u00ednio<\/strong>, o festival integra o projeto <strong>Viva Brincar (PRONAC 2413033)<\/strong>, viabilizado por meio da <strong>Lei Federal de Incentivo \u00e0 Cultura<\/strong>.<\/p>\n\n\n\n<p>Com o tema <strong>&#8220;Honrar o passado para pensar o futuro&#8221;<\/strong>, o festival convida fam\u00edlias inteiras a se reconectarem com a inf\u00e2ncia e com a cultura popular por meio de atividades l\u00fadicas, oficinas manuais, literatura, m\u00fasica e teatro.<\/p>\n\n\n\n<p><strong>Confira a programa\u00e7\u00e3o gratuita, das 9h \u00e0s 16h:<\/strong><\/p>\n\n\n\n<ul class=\"wp-block-list\">\n<li>\ud83d\udee0 <strong>Oficinas criativas<\/strong> com o <strong>Museu dos Brinquedos<\/strong><\/li>\n\n\n\n<li>\ud83d\udcda <strong>Caminh\u00e3o biblioteca<\/strong> com o <strong>Ponto Volante de Cultura<\/strong><\/li>\n\n\n\n<li>\ud83c\udfb6 <strong>Show musical<\/strong> com o grupo <strong>Do R\u00e9 Mirim<\/strong> \u00e0s 10h<\/li>\n\n\n\n<li>\ud83d\udcd6 <strong>Conta\u00e7\u00e3o de hist\u00f3rias<\/strong> com o <strong>Quintal da Guegu\u00e9<\/strong> \u00e0s 11h30<\/li>\n\n\n\n<li>\ud83c\udfad <strong>Espet\u00e1culo teatral &#8220;Na Roda&#8221;<\/strong>, com o <strong>Grupo Maria Cutia<\/strong>, \u00e0s 16h<\/li>\n<\/ul>\n\n\n\n<p>Al\u00e9m das atra\u00e7\u00f5es art\u00edsticas e educativas, o evento se destaca por seu compromisso com a <strong>acessibilidade e a inclus\u00e3o<\/strong>. Estar\u00e3o dispon\u00edveis:<\/p>\n\n\n\n<ul class=\"wp-block-list\">\n<li>\ud83d\udc42 <strong>Interpreta\u00e7\u00e3o em Libras<\/strong><\/li>\n\n\n\n<li>\ud83d\udc41 <strong>Audiodescri\u00e7\u00e3o<\/strong><\/li>\n\n\n\n<li>\ud83e\udd1d <strong>Equipe especializada para atendimento a pessoas com defici\u00eancia intelectual<\/strong><\/li>\n<\/ul>\n\n\n\n<p>A proposta \u00e9 ocupar o espa\u00e7o p\u00fablico com arte, afeto e diversidade, oferecendo uma experi\u00eancia rica em mem\u00f3ria, sensibilidade e conviv\u00eancia.<\/p>\n\n\n\n<p>\ud83d\uddd3 <strong>Anote na agenda:<\/strong><br><strong>Festival Viva Brincar \u2013 Igarap\u00e9<\/strong><br>\ud83d\udccd Pra\u00e7a Miguel Henriques<br>\ud83d\udd58 Das 9h \u00e0s 16h<br>\ud83c\udf9f Evento gratuito e aberto a todos<\/p>\n\n\n\n<p>Confira todas as informa\u00e7\u00f5es sobre a programa\u00e7\u00e3o do Viva Brincar <a href=\"https:\/\/www.fiemg.com.br\/sesi-cultura\/programacao\/detalhe\/festival-viva-brincar\/\">NESTE LINK.<\/a><\/p>\n\n\n\n<p><strong>SESI-MG integra a Semana Mundial do Brincar 2025<\/strong> &#8211; A Semana Mundial do Brincar 2025, promovida pela Alian\u00e7a pela Inf\u00e2ncia, ser\u00e1 realizada de 25 de maio a 1\u00ba de junho com o tema \u201cProteger o encantamento das inf\u00e2ncias\u201d, destacando a import\u00e2ncia de preservar a magia e a espontaneidade do brincar como direito essencial das crian\u00e7as. A iniciativa busca mobilizar fam\u00edlias, educadores e comunidades para criar ambientes que valorizem o l\u00fadico, a criatividade e a conex\u00e3o com a natureza, reconhecendo o brincar como elemento fundamental para o desenvolvimento saud\u00e1vel e integral da inf\u00e2ncia. Dentro dessa programa\u00e7\u00e3o, o Festival Viva Brincar, realizado pelo SESI-MG, integra as a\u00e7\u00f5es em Minas Gerais, oferecendo atividades gratuitas voltadas \u00e0 cultura, \u00e0 conviv\u00eancia e ao resgate das brincadeiras tradicionais.<\/p>\n\n\n\n<p><em>Denise Lucas<\/em><br><strong>Imprensa FIEMG<\/strong><\/p>\n\n\n\n<p><\/p>\n","protected":false},"featured_media":8539,"template":"","categories":[162],"tags":[1326,114,1330],"class_list":["post-8538","noticias","type-noticias","status-publish","has-post-thumbnail","hentry","category-cultura","tag-igarape","tag-sesi","tag-viva-brincar"],"acf":[],"yoast_head":"<!-- This site is optimized with the Yoast SEO plugin v26.2 - https:\/\/yoast.com\/wordpress\/plugins\/seo\/ -->\n<title>S\u00e1bado \u00e9 dia de brincar! Igarap\u00e9 recebe Festival Viva Brincar com atra\u00e7\u00f5es gratuitas para toda a fam\u00edlia - FIEMG<\/title>\n<meta name=\"description\" content=\"Evento promovido pelo SESI-MG com patroc\u00ednio da LONAX e ALLE Alum\u00ednio transforma a Pra\u00e7a Miguel Henriques em um espa\u00e7o de cultura, brincadeiras e inclus\u00e3o\" \/>\n<meta name=\"robots\" content=\"index, follow, max-snippet:-1, max-image-preview:large, max-video-preview:-1\" \/>\n<link rel=\"canonical\" href=\"https:\/\/www.fiemg.com.br\/fiemg\/noticias\/evento-promovido-pelo-sesi-mg-com-patrocinio-da-lonax-e-alle-aluminio-transforma-a-praca-miguel-henriques-em-um-espaco-de-cultura-brincadeiras-e-inclusao\/\" \/>\n<meta property=\"og:locale\" content=\"pt_BR\" \/>\n<meta property=\"og:type\" content=\"article\" \/>\n<meta property=\"og:title\" content=\"S\u00e1bado \u00e9 dia de brincar! Igarap\u00e9 recebe Festival Viva Brincar com atra\u00e7\u00f5es gratuitas para toda a fam\u00edlia - FIEMG\" \/>\n<meta property=\"og:description\" content=\"Evento promovido pelo SESI-MG com patroc\u00ednio da LONAX e ALLE Alum\u00ednio transforma a Pra\u00e7a Miguel Henriques em um espa\u00e7o de cultura, brincadeiras e inclus\u00e3o\" \/>\n<meta property=\"og:url\" content=\"https:\/\/www.fiemg.com.br\/fiemg\/noticias\/evento-promovido-pelo-sesi-mg-com-patrocinio-da-lonax-e-alle-aluminio-transforma-a-praca-miguel-henriques-em-um-espaco-de-cultura-brincadeiras-e-inclusao\/\" \/>\n<meta property=\"og:site_name\" content=\"FIEMG\" \/>\n<meta property=\"og:image\" content=\"https:\/\/www.fiemg.com.br\/fiemg\/wp-content\/uploads\/sites\/10\/2025\/05\/VIVA-BRINCAR_IGARAPE.png\" \/>\n\t<meta property=\"og:image:width\" content=\"1600\" \/>\n\t<meta property=\"og:image:height\" content=\"1600\" \/>\n\t<meta property=\"og:image:type\" content=\"image\/png\" \/>\n<meta name=\"twitter:card\" content=\"summary_large_image\" \/>\n<meta name=\"twitter:label1\" content=\"Est. tempo de leitura\" \/>\n\t<meta name=\"twitter:data1\" content=\"3 minutos\" \/>\n<script type=\"application\/ld+json\" class=\"yoast-schema-graph\">{\"@context\":\"https:\/\/schema.org\",\"@graph\":[{\"@type\":\"WebPage\",\"@id\":\"https:\/\/www.fiemg.com.br\/fiemg\/noticias\/evento-promovido-pelo-sesi-mg-com-patrocinio-da-lonax-e-alle-aluminio-transforma-a-praca-miguel-henriques-em-um-espaco-de-cultura-brincadeiras-e-inclusao\/\",\"url\":\"https:\/\/www.fiemg.com.br\/fiemg\/noticias\/evento-promovido-pelo-sesi-mg-com-patrocinio-da-lonax-e-alle-aluminio-transforma-a-praca-miguel-henriques-em-um-espaco-de-cultura-brincadeiras-e-inclusao\/\",\"name\":\"S\u00e1bado \u00e9 dia de brincar! Igarap\u00e9 recebe Festival Viva Brincar com atra\u00e7\u00f5es gratuitas para toda a fam\u00edlia - FIEMG\",\"isPartOf\":{\"@id\":\"https:\/\/www.fiemg.com.br\/fiemg\/#website\"},\"primaryImageOfPage\":{\"@id\":\"https:\/\/www.fiemg.com.br\/fiemg\/noticias\/evento-promovido-pelo-sesi-mg-com-patrocinio-da-lonax-e-alle-aluminio-transforma-a-praca-miguel-henriques-em-um-espaco-de-cultura-brincadeiras-e-inclusao\/#primaryimage\"},\"image\":{\"@id\":\"https:\/\/www.fiemg.com.br\/fiemg\/noticias\/evento-promovido-pelo-sesi-mg-com-patrocinio-da-lonax-e-alle-aluminio-transforma-a-praca-miguel-henriques-em-um-espaco-de-cultura-brincadeiras-e-inclusao\/#primaryimage\"},\"thumbnailUrl\":\"https:\/\/www.fiemg.com.br\/fiemg\/wp-content\/uploads\/sites\/10\/2025\/05\/VIVA-BRINCAR_IGARAPE.png\",\"datePublished\":\"2025-06-04T12:00:00+00:00\",\"description\":\"Evento promovido pelo SESI-MG com patroc\u00ednio da LONAX e ALLE Alum\u00ednio transforma a Pra\u00e7a Miguel Henriques em um espa\u00e7o de cultura, brincadeiras e inclus\u00e3o\",\"breadcrumb\":{\"@id\":\"https:\/\/www.fiemg.com.br\/fiemg\/noticias\/evento-promovido-pelo-sesi-mg-com-patrocinio-da-lonax-e-alle-aluminio-transforma-a-praca-miguel-henriques-em-um-espaco-de-cultura-brincadeiras-e-inclusao\/#breadcrumb\"},\"inLanguage\":\"pt-BR\",\"potentialAction\":[{\"@type\":\"ReadAction\",\"target\":[\"https:\/\/www.fiemg.com.br\/fiemg\/noticias\/evento-promovido-pelo-sesi-mg-com-patrocinio-da-lonax-e-alle-aluminio-transforma-a-praca-miguel-henriques-em-um-espaco-de-cultura-brincadeiras-e-inclusao\/\"]}]},{\"@type\":\"ImageObject\",\"inLanguage\":\"pt-BR\",\"@id\":\"https:\/\/www.fiemg.com.br\/fiemg\/noticias\/evento-promovido-pelo-sesi-mg-com-patrocinio-da-lonax-e-alle-aluminio-transforma-a-praca-miguel-henriques-em-um-espaco-de-cultura-brincadeiras-e-inclusao\/#primaryimage\",\"url\":\"https:\/\/www.fiemg.com.br\/fiemg\/wp-content\/uploads\/sites\/10\/2025\/05\/VIVA-BRINCAR_IGARAPE.png\",\"contentUrl\":\"https:\/\/www.fiemg.com.br\/fiemg\/wp-content\/uploads\/sites\/10\/2025\/05\/VIVA-BRINCAR_IGARAPE.png\",\"width\":1600,\"height\":1600},{\"@type\":\"BreadcrumbList\",\"@id\":\"https:\/\/www.fiemg.com.br\/fiemg\/noticias\/evento-promovido-pelo-sesi-mg-com-patrocinio-da-lonax-e-alle-aluminio-transforma-a-praca-miguel-henriques-em-um-espaco-de-cultura-brincadeiras-e-inclusao\/#breadcrumb\",\"itemListElement\":[{\"@type\":\"ListItem\",\"position\":1,\"name\":\"In\u00edcio\",\"item\":\"https:\/\/www.fiemg.com.br\/fiemg\/\"},{\"@type\":\"ListItem\",\"position\":2,\"name\":\"S\u00e1bado \u00e9 dia de brincar! Igarap\u00e9 recebe Festival Viva Brincar com atra\u00e7\u00f5es gratuitas para toda a fam\u00edlia\"}]},{\"@type\":\"WebSite\",\"@id\":\"https:\/\/www.fiemg.com.br\/fiemg\/#website\",\"url\":\"https:\/\/www.fiemg.com.br\/fiemg\/\",\"name\":\"FIEMG\",\"description\":\"Federa\u00e7\u00e3o das Ind\u00fastrias do Estado de Minas Gerais\",\"publisher\":{\"@id\":\"https:\/\/www.fiemg.com.br\/fiemg\/#organization\"},\"potentialAction\":[{\"@type\":\"SearchAction\",\"target\":{\"@type\":\"EntryPoint\",\"urlTemplate\":\"https:\/\/www.fiemg.com.br\/fiemg\/?s={search_term_string}\"},\"query-input\":{\"@type\":\"PropertyValueSpecification\",\"valueRequired\":true,\"valueName\":\"search_term_string\"}}],\"inLanguage\":\"pt-BR\"},{\"@type\":\"Organization\",\"@id\":\"https:\/\/www.fiemg.com.br\/fiemg\/#organization\",\"name\":\"FIEMG\",\"url\":\"https:\/\/www.fiemg.com.br\/fiemg\/\",\"logo\":{\"@type\":\"ImageObject\",\"inLanguage\":\"pt-BR\",\"@id\":\"https:\/\/www.fiemg.com.br\/fiemg\/#\/schema\/logo\/image\/\",\"url\":\"https:\/\/www.fiemg.com.br\/fiemg\/wp-content\/uploads\/sites\/10\/2023\/02\/fiemg_branco.svg\",\"contentUrl\":\"https:\/\/www.fiemg.com.br\/fiemg\/wp-content\/uploads\/sites\/10\/2023\/02\/fiemg_branco.svg\",\"width\":561,\"height\":147,\"caption\":\"FIEMG\"},\"image\":{\"@id\":\"https:\/\/www.fiemg.com.br\/fiemg\/#\/schema\/logo\/image\/\"}}]}<\/script>\n<!-- \/ Yoast SEO plugin. -->","yoast_head_json":{"title":"S\u00e1bado \u00e9 dia de brincar! Igarap\u00e9 recebe Festival Viva Brincar com atra\u00e7\u00f5es gratuitas para toda a fam\u00edlia - FIEMG","description":"Evento promovido pelo SESI-MG com patroc\u00ednio da LONAX e ALLE Alum\u00ednio transforma a Pra\u00e7a Miguel Henriques em um espa\u00e7o de cultura, brincadeiras e inclus\u00e3o","robots":{"index":"index","follow":"follow","max-snippet":"max-snippet:-1","max-image-preview":"max-image-preview:large","max-video-preview":"max-video-preview:-1"},"canonical":"https:\/\/www.fiemg.com.br\/fiemg\/noticias\/evento-promovido-pelo-sesi-mg-com-patrocinio-da-lonax-e-alle-aluminio-transforma-a-praca-miguel-henriques-em-um-espaco-de-cultura-brincadeiras-e-inclusao\/","og_locale":"pt_BR","og_type":"article","og_title":"S\u00e1bado \u00e9 dia de brincar! Igarap\u00e9 recebe Festival Viva Brincar com atra\u00e7\u00f5es gratuitas para toda a fam\u00edlia - FIEMG","og_description":"Evento promovido pelo SESI-MG com patroc\u00ednio da LONAX e ALLE Alum\u00ednio transforma a Pra\u00e7a Miguel Henriques em um espa\u00e7o de cultura, brincadeiras e inclus\u00e3o","og_url":"https:\/\/www.fiemg.com.br\/fiemg\/noticias\/evento-promovido-pelo-sesi-mg-com-patrocinio-da-lonax-e-alle-aluminio-transforma-a-praca-miguel-henriques-em-um-espaco-de-cultura-brincadeiras-e-inclusao\/","og_site_name":"FIEMG","og_image":[{"width":1600,"height":1600,"url":"https:\/\/www.fiemg.com.br\/fiemg\/wp-content\/uploads\/sites\/10\/2025\/05\/VIVA-BRINCAR_IGARAPE.png","type":"image\/png"}],"twitter_card":"summary_large_image","twitter_misc":{"Est. tempo de leitura":"3 minutos"},"schema":{"@context":"https:\/\/schema.org","@graph":[{"@type":"WebPage","@id":"https:\/\/www.fiemg.com.br\/fiemg\/noticias\/evento-promovido-pelo-sesi-mg-com-patrocinio-da-lonax-e-alle-aluminio-transforma-a-praca-miguel-henriques-em-um-espaco-de-cultura-brincadeiras-e-inclusao\/","url":"https:\/\/www.fiemg.com.br\/fiemg\/noticias\/evento-promovido-pelo-sesi-mg-com-patrocinio-da-lonax-e-alle-aluminio-transforma-a-praca-miguel-henriques-em-um-espaco-de-cultura-brincadeiras-e-inclusao\/","name":"S\u00e1bado \u00e9 dia de brincar! Igarap\u00e9 recebe Festival Viva Brincar com atra\u00e7\u00f5es gratuitas para toda a fam\u00edlia - FIEMG","isPartOf":{"@id":"https:\/\/www.fiemg.com.br\/fiemg\/#website"},"primaryImageOfPage":{"@id":"https:\/\/www.fiemg.com.br\/fiemg\/noticias\/evento-promovido-pelo-sesi-mg-com-patrocinio-da-lonax-e-alle-aluminio-transforma-a-praca-miguel-henriques-em-um-espaco-de-cultura-brincadeiras-e-inclusao\/#primaryimage"},"image":{"@id":"https:\/\/www.fiemg.com.br\/fiemg\/noticias\/evento-promovido-pelo-sesi-mg-com-patrocinio-da-lonax-e-alle-aluminio-transforma-a-praca-miguel-henriques-em-um-espaco-de-cultura-brincadeiras-e-inclusao\/#primaryimage"},"thumbnailUrl":"https:\/\/www.fiemg.com.br\/fiemg\/wp-content\/uploads\/sites\/10\/2025\/05\/VIVA-BRINCAR_IGARAPE.png","datePublished":"2025-06-04T12:00:00+00:00","description":"Evento promovido pelo SESI-MG com patroc\u00ednio da LONAX e ALLE Alum\u00ednio transforma a Pra\u00e7a Miguel Henriques em um espa\u00e7o de cultura, brincadeiras e inclus\u00e3o","breadcrumb":{"@id":"https:\/\/www.fiemg.com.br\/fiemg\/noticias\/evento-promovido-pelo-sesi-mg-com-patrocinio-da-lonax-e-alle-aluminio-transforma-a-praca-miguel-henriques-em-um-espaco-de-cultura-brincadeiras-e-inclusao\/#breadcrumb"},"inLanguage":"pt-BR","potentialAction":[{"@type":"ReadAction","target":["https:\/\/www.fiemg.com.br\/fiemg\/noticias\/evento-promovido-pelo-sesi-mg-com-patrocinio-da-lonax-e-alle-aluminio-transforma-a-praca-miguel-henriques-em-um-espaco-de-cultura-brincadeiras-e-inclusao\/"]}]},{"@type":"ImageObject","inLanguage":"pt-BR","@id":"https:\/\/www.fiemg.com.br\/fiemg\/noticias\/evento-promovido-pelo-sesi-mg-com-patrocinio-da-lonax-e-alle-aluminio-transforma-a-praca-miguel-henriques-em-um-espaco-de-cultura-brincadeiras-e-inclusao\/#primaryimage","url":"https:\/\/www.fiemg.com.br\/fiemg\/wp-content\/uploads\/sites\/10\/2025\/05\/VIVA-BRINCAR_IGARAPE.png","contentUrl":"https:\/\/www.fiemg.com.br\/fiemg\/wp-content\/uploads\/sites\/10\/2025\/05\/VIVA-BRINCAR_IGARAPE.png","width":1600,"height":1600},{"@type":"BreadcrumbList","@id":"https:\/\/www.fiemg.com.br\/fiemg\/noticias\/evento-promovido-pelo-sesi-mg-com-patrocinio-da-lonax-e-alle-aluminio-transforma-a-praca-miguel-henriques-em-um-espaco-de-cultura-brincadeiras-e-inclusao\/#breadcrumb","itemListElement":[{"@type":"ListItem","position":1,"name":"In\u00edcio","item":"https:\/\/www.fiemg.com.br\/fiemg\/"},{"@type":"ListItem","position":2,"name":"S\u00e1bado \u00e9 dia de brincar! Igarap\u00e9 recebe Festival Viva Brincar com atra\u00e7\u00f5es gratuitas para toda a fam\u00edlia"}]},{"@type":"WebSite","@id":"https:\/\/www.fiemg.com.br\/fiemg\/#website","url":"https:\/\/www.fiemg.com.br\/fiemg\/","name":"FIEMG","description":"Federa\u00e7\u00e3o das Ind\u00fastrias do Estado de Minas Gerais","publisher":{"@id":"https:\/\/www.fiemg.com.br\/fiemg\/#organization"},"potentialAction":[{"@type":"SearchAction","target":{"@type":"EntryPoint","urlTemplate":"https:\/\/www.fiemg.com.br\/fiemg\/?s={search_term_string}"},"query-input":{"@type":"PropertyValueSpecification","valueRequired":true,"valueName":"search_term_string"}}],"inLanguage":"pt-BR"},{"@type":"Organization","@id":"https:\/\/www.fiemg.com.br\/fiemg\/#organization","name":"FIEMG","url":"https:\/\/www.fiemg.com.br\/fiemg\/","logo":{"@type":"ImageObject","inLanguage":"pt-BR","@id":"https:\/\/www.fiemg.com.br\/fiemg\/#\/schema\/logo\/image\/","url":"https:\/\/www.fiemg.com.br\/fiemg\/wp-content\/uploads\/sites\/10\/2023\/02\/fiemg_branco.svg","contentUrl":"https:\/\/www.fiemg.com.br\/fiemg\/wp-content\/uploads\/sites\/10\/2023\/02\/fiemg_branco.svg","width":561,"height":147,"caption":"FIEMG"},"image":{"@id":"https:\/\/www.fiemg.com.br\/fiemg\/#\/schema\/logo\/image\/"}}]}},"_links":{"self":[{"href":"https:\/\/www.fiemg.com.br\/fiemg\/wp-json\/wp\/v2\/noticias\/8538","targetHints":{"allow":["GET"]}}],"collection":[{"href":"https:\/\/www.fiemg.com.br\/fiemg\/wp-json\/wp\/v2\/noticias"}],"about":[{"href":"https:\/\/www.fiemg.com.br\/fiemg\/wp-json\/wp\/v2\/types\/noticias"}],"wp:featuredmedia":[{"embeddable":true,"href":"https:\/\/www.fiemg.com.br\/fiemg\/wp-json\/wp\/v2\/media\/8539"}],"wp:attachment":[{"href":"https:\/\/www.fiemg.com.br\/fiemg\/wp-json\/wp\/v2\/media?parent=8538"}],"wp:term":[{"taxonomy":"category","embeddable":true,"href":"https:\/\/www.fiemg.com.br\/fiemg\/wp-json\/wp\/v2\/categories?post=8538"},{"taxonomy":"post_tag","embeddable":true,"href":"https:\/\/www.fiemg.com.br\/fiemg\/wp-json\/wp\/v2\/tags?post=8538"}],"curies":[{"name":"wp","href":"https:\/\/api.w.org\/{rel}","templated":true}]}}