{"id":8647,"date":"2025-05-20T12:21:17","date_gmt":"2025-05-20T15:21:17","guid":{"rendered":"https:\/\/www.fiemg.com.br\/fiemg\/noticias\/fiemg-regional-rio-doce-marca-presenca-na-expoleste-2025\/"},"modified":"2025-05-20T12:21:17","modified_gmt":"2025-05-20T15:21:17","slug":"fiemg-regional-rio-doce-marca-presenca-na-expoleste-2025","status":"publish","type":"noticias","link":"https:\/\/www.fiemg.com.br\/fiemg\/noticias\/fiemg-regional-rio-doce-marca-presenca-na-expoleste-2025\/","title":{"rendered":"FIEMG Regional Rio Doce marca presen\u00e7a na Expoleste 2025"},"content":{"rendered":"\n<figure class=\"wp-block-image aligncenter size-large\"><img fetchpriority=\"high\" decoding=\"async\" width=\"1024\" height=\"410\" src=\"https:\/\/www.fiemg.com.br\/fiemg\/wp-content\/uploads\/sites\/10\/2025\/05\/Ramalho-Dias-0227-1024x410.jpg\" alt=\"\" class=\"wp-image-8649\" srcset=\"https:\/\/www.fiemg.com.br\/fiemg\/wp-content\/uploads\/sites\/10\/2025\/05\/Ramalho-Dias-0227-1024x410.jpg 1024w, https:\/\/www.fiemg.com.br\/fiemg\/wp-content\/uploads\/sites\/10\/2025\/05\/Ramalho-Dias-0227-300x120.jpg 300w, https:\/\/www.fiemg.com.br\/fiemg\/wp-content\/uploads\/sites\/10\/2025\/05\/Ramalho-Dias-0227-768x307.jpg 768w, https:\/\/www.fiemg.com.br\/fiemg\/wp-content\/uploads\/sites\/10\/2025\/05\/Ramalho-Dias-0227-1536x614.jpg 1536w, https:\/\/www.fiemg.com.br\/fiemg\/wp-content\/uploads\/sites\/10\/2025\/05\/Ramalho-Dias-0227.jpg 2000w\" sizes=\"(max-width: 1024px) 100vw, 1024px\" \/><\/figure>\n\n\n\n<p><\/p>\n\n\n\n<p>Reconhecida como a mais importante mostra empresarial e industrial da regi\u00e3o Leste de Minas Gerais, a Expoleste \u00e9 promovida anualmente desde 1998 pela Associa\u00e7\u00e3o Comercial e Empresarial de Governador Valadares (ACE-GV). O evento \u00e9 destaque nos calend\u00e1rios da Secretaria de Estado de Desenvolvimento Econ\u00f4mico e do Minist\u00e9rio do Desenvolvimento, Ind\u00fastria, Com\u00e9rcio e Servi\u00e7os, consolidando-se como uma vitrine de neg\u00f3cios e inova\u00e7\u00e3o para a ind\u00fastria regional.<\/p>\n\n\n\n<p>Com expectativa de atrair mais de 60 mil visitantes, a edi\u00e7\u00e3o de 2025 reafirma o papel estrat\u00e9gico da feira para a gera\u00e7\u00e3o de neg\u00f3cios, prospec\u00e7\u00e3o de clientes e apresenta\u00e7\u00e3o de tend\u00eancias de mercado. Segundo o vice-presidente da FIEMG Regional Rio Doce, Marcos Lopes, a presen\u00e7a da entidade na feira \u00e9 um compromisso cont\u00ednuo com o desenvolvimento regional. \u201cPara a FIEMG Regional Rio Doce, estar presente nesta feira \u00e9 mais do que uma tradi\u00e7\u00e3o; \u00e9 uma oportunidade de reafirmar nosso compromisso com a inova\u00e7\u00e3o, a educa\u00e7\u00e3o e o crescimento sustent\u00e1vel de nossa regi\u00e3o\u201d, afirmou.<\/p>\n\n\n\n<p><strong>Inova\u00e7\u00e3o e Tecnologia em Foco<\/strong><\/p>\n\n\n\n<p>O estande da FIEMG Regional Rio Doce contar\u00e1 com a participa\u00e7\u00e3o do SESI e SENAI, refor\u00e7ando o alinhamento entre educa\u00e7\u00e3o, tecnologia e ind\u00fastria. O espa\u00e7o ser\u00e1 voltado para experi\u00eancias interativas e apresenta\u00e7\u00e3o de solu\u00e7\u00f5es inovadoras que est\u00e3o transformando o setor industrial.<\/p>\n\n\n\n<p>Entre os destaques da programa\u00e7\u00e3o est\u00e3o:<\/p>\n\n\n\n<p>Planta Smart 4.0: Demonstra\u00e7\u00f5es pr\u00e1ticas de automa\u00e7\u00e3o e processos inteligentes para a ind\u00fastria.<\/p>\n\n\n\n<p>Editora Escola SESI e Mesa da Rob\u00f3tica: Divulga\u00e7\u00e3o de programas educacionais e projetos de rob\u00f3tica aplicados \u00e0 educa\u00e7\u00e3o.<\/p>\n\n\n\n<p>Projeto Virtudes e Recursos SesiTEC: Iniciativas que integram valores, compet\u00eancias socioemocionais e tecnologia.<\/p>\n\n\n\n<p>Oficina Maker: Espa\u00e7o de cria\u00e7\u00e3o colaborativa para o desenvolvimento de ideias e solu\u00e7\u00f5es inovadoras.<\/p>\n\n\n\n<p>De acordo com a gerente do SESI e SENAI Regional Rio Doce, Jacqueline Iamin, a Expoleste 2025 ser\u00e1 um marco positivo para a regi\u00e3o.&#8221; A feira proporcionar\u00e1 muitas oportunidades de neg\u00f3cios e crescimento para todos os participantes. Agradecemos aos parceiros que tornam este evento poss\u00edvel e estamos animados para compartilhar nossas iniciativas e contribuir para um futuro ainda mais promissor para o Leste de Minas\u201d, disse.<\/p>\n\n\n\n<p>A presen\u00e7a da FIEMG, SESI e SENAI na Expoleste refor\u00e7a o compromisso das institui\u00e7\u00f5es com o desenvolvimento industrial, tecnol\u00f3gico e educacional da regi\u00e3o, promovendo a integra\u00e7\u00e3o entre ind\u00fastria, inova\u00e7\u00e3o e sociedade.<\/p>\n\n\n\n<p><\/p>\n\n\n\n<p><strong>Servi\u00e7o:<\/strong> Expoleste 2025<\/p>\n\n\n\n<p><strong>Solenidade de Abertura: <\/strong>21 de maio, \u00e0s 20h<\/p>\n\n\n\n<p><strong>Hor\u00e1rios de visita\u00e7\u00e3o da feira:<\/strong> 22, 23 e 24 de maio: das 19h \u00e0s 00h \/ 25 de maio: das 18h \u00e0s 23h<\/p>\n\n\n\n<p><strong>Local:<\/strong> Unicentro \u2013 Centro de Feiras e Eventos Vicente Guabiroba (Avenida Moacir Paleta, 2300 \u2013 Bairro Floresta, Governador Valadares\/MG)<\/p>\n\n\n\n<p><em>Convites dispon\u00edveis na FIEMG Regional Rio Doce.<\/em><\/p>\n\n\n\n<p><\/p>\n\n\n\n<p><\/p>\n\n\n\n<p><strong>FIEMG Regional Rio Doce<\/strong> <\/p>\n\n\n\n<p><\/p>\n","protected":false},"featured_media":8648,"template":"","categories":[15],"tags":[78,104],"class_list":["post-8647","noticias","type-noticias","status-publish","has-post-thumbnail","hentry","category-desenvolvimento-industrial","tag-fiemg","tag-industria"],"acf":[],"yoast_head":"<!-- This site is optimized with the Yoast SEO plugin v26.2 - https:\/\/yoast.com\/wordpress\/plugins\/seo\/ -->\n<title>FIEMG Regional Rio Doce marca presen\u00e7a na Expoleste 2025 - FIEMG<\/title>\n<meta name=\"description\" content=\"Evento acontece entre os dias 21 a 25 de maio, no Unicentro, em Governador Valadares\" \/>\n<meta name=\"robots\" content=\"index, follow, max-snippet:-1, max-image-preview:large, max-video-preview:-1\" \/>\n<link rel=\"canonical\" href=\"https:\/\/www.fiemg.com.br\/fiemg\/noticias\/fiemg-regional-rio-doce-marca-presenca-na-expoleste-2025\/\" \/>\n<meta property=\"og:locale\" content=\"pt_BR\" \/>\n<meta property=\"og:type\" content=\"article\" \/>\n<meta property=\"og:title\" content=\"FIEMG Regional Rio Doce marca presen\u00e7a na Expoleste 2025 - FIEMG\" \/>\n<meta property=\"og:description\" content=\"Evento acontece entre os dias 21 a 25 de maio, no Unicentro, em Governador Valadares\" \/>\n<meta property=\"og:url\" content=\"https:\/\/www.fiemg.com.br\/fiemg\/noticias\/fiemg-regional-rio-doce-marca-presenca-na-expoleste-2025\/\" \/>\n<meta property=\"og:site_name\" content=\"FIEMG\" \/>\n<meta property=\"og:image\" content=\"https:\/\/www.fiemg.com.br\/fiemg\/wp-content\/uploads\/sites\/10\/2025\/05\/Ramalho-Dias-0455.jpg\" \/>\n\t<meta property=\"og:image:width\" content=\"2121\" \/>\n\t<meta property=\"og:image:height\" content=\"1414\" \/>\n\t<meta property=\"og:image:type\" content=\"image\/jpeg\" \/>\n<meta name=\"twitter:card\" content=\"summary_large_image\" \/>\n<meta name=\"twitter:label1\" content=\"Est. tempo de leitura\" \/>\n\t<meta name=\"twitter:data1\" content=\"3 minutos\" \/>\n<script type=\"application\/ld+json\" class=\"yoast-schema-graph\">{\"@context\":\"https:\/\/schema.org\",\"@graph\":[{\"@type\":\"WebPage\",\"@id\":\"https:\/\/www.fiemg.com.br\/fiemg\/noticias\/fiemg-regional-rio-doce-marca-presenca-na-expoleste-2025\/\",\"url\":\"https:\/\/www.fiemg.com.br\/fiemg\/noticias\/fiemg-regional-rio-doce-marca-presenca-na-expoleste-2025\/\",\"name\":\"FIEMG Regional Rio Doce marca presen\u00e7a na Expoleste 2025 - FIEMG\",\"isPartOf\":{\"@id\":\"https:\/\/www.fiemg.com.br\/fiemg\/#website\"},\"primaryImageOfPage\":{\"@id\":\"https:\/\/www.fiemg.com.br\/fiemg\/noticias\/fiemg-regional-rio-doce-marca-presenca-na-expoleste-2025\/#primaryimage\"},\"image\":{\"@id\":\"https:\/\/www.fiemg.com.br\/fiemg\/noticias\/fiemg-regional-rio-doce-marca-presenca-na-expoleste-2025\/#primaryimage\"},\"thumbnailUrl\":\"https:\/\/www.fiemg.com.br\/fiemg\/wp-content\/uploads\/sites\/10\/2025\/05\/Ramalho-Dias-0455.jpg\",\"datePublished\":\"2025-05-20T15:21:17+00:00\",\"description\":\"Evento acontece entre os dias 21 a 25 de maio, no Unicentro, em Governador Valadares\",\"breadcrumb\":{\"@id\":\"https:\/\/www.fiemg.com.br\/fiemg\/noticias\/fiemg-regional-rio-doce-marca-presenca-na-expoleste-2025\/#breadcrumb\"},\"inLanguage\":\"pt-BR\",\"potentialAction\":[{\"@type\":\"ReadAction\",\"target\":[\"https:\/\/www.fiemg.com.br\/fiemg\/noticias\/fiemg-regional-rio-doce-marca-presenca-na-expoleste-2025\/\"]}]},{\"@type\":\"ImageObject\",\"inLanguage\":\"pt-BR\",\"@id\":\"https:\/\/www.fiemg.com.br\/fiemg\/noticias\/fiemg-regional-rio-doce-marca-presenca-na-expoleste-2025\/#primaryimage\",\"url\":\"https:\/\/www.fiemg.com.br\/fiemg\/wp-content\/uploads\/sites\/10\/2025\/05\/Ramalho-Dias-0455.jpg\",\"contentUrl\":\"https:\/\/www.fiemg.com.br\/fiemg\/wp-content\/uploads\/sites\/10\/2025\/05\/Ramalho-Dias-0455.jpg\",\"width\":2121,\"height\":1414},{\"@type\":\"BreadcrumbList\",\"@id\":\"https:\/\/www.fiemg.com.br\/fiemg\/noticias\/fiemg-regional-rio-doce-marca-presenca-na-expoleste-2025\/#breadcrumb\",\"itemListElement\":[{\"@type\":\"ListItem\",\"position\":1,\"name\":\"In\u00edcio\",\"item\":\"https:\/\/www.fiemg.com.br\/fiemg\/\"},{\"@type\":\"ListItem\",\"position\":2,\"name\":\"FIEMG Regional Rio Doce marca presen\u00e7a na Expoleste 2025\"}]},{\"@type\":\"WebSite\",\"@id\":\"https:\/\/www.fiemg.com.br\/fiemg\/#website\",\"url\":\"https:\/\/www.fiemg.com.br\/fiemg\/\",\"name\":\"FIEMG\",\"description\":\"Federa\u00e7\u00e3o das Ind\u00fastrias do Estado de Minas Gerais\",\"publisher\":{\"@id\":\"https:\/\/www.fiemg.com.br\/fiemg\/#organization\"},\"potentialAction\":[{\"@type\":\"SearchAction\",\"target\":{\"@type\":\"EntryPoint\",\"urlTemplate\":\"https:\/\/www.fiemg.com.br\/fiemg\/?s={search_term_string}\"},\"query-input\":{\"@type\":\"PropertyValueSpecification\",\"valueRequired\":true,\"valueName\":\"search_term_string\"}}],\"inLanguage\":\"pt-BR\"},{\"@type\":\"Organization\",\"@id\":\"https:\/\/www.fiemg.com.br\/fiemg\/#organization\",\"name\":\"FIEMG\",\"url\":\"https:\/\/www.fiemg.com.br\/fiemg\/\",\"logo\":{\"@type\":\"ImageObject\",\"inLanguage\":\"pt-BR\",\"@id\":\"https:\/\/www.fiemg.com.br\/fiemg\/#\/schema\/logo\/image\/\",\"url\":\"https:\/\/www.fiemg.com.br\/fiemg\/wp-content\/uploads\/sites\/10\/2023\/02\/fiemg_branco.svg\",\"contentUrl\":\"https:\/\/www.fiemg.com.br\/fiemg\/wp-content\/uploads\/sites\/10\/2023\/02\/fiemg_branco.svg\",\"width\":561,\"height\":147,\"caption\":\"FIEMG\"},\"image\":{\"@id\":\"https:\/\/www.fiemg.com.br\/fiemg\/#\/schema\/logo\/image\/\"}}]}<\/script>\n<!-- \/ Yoast SEO plugin. -->","yoast_head_json":{"title":"FIEMG Regional Rio Doce marca presen\u00e7a na Expoleste 2025 - FIEMG","description":"Evento acontece entre os dias 21 a 25 de maio, no Unicentro, em Governador Valadares","robots":{"index":"index","follow":"follow","max-snippet":"max-snippet:-1","max-image-preview":"max-image-preview:large","max-video-preview":"max-video-preview:-1"},"canonical":"https:\/\/www.fiemg.com.br\/fiemg\/noticias\/fiemg-regional-rio-doce-marca-presenca-na-expoleste-2025\/","og_locale":"pt_BR","og_type":"article","og_title":"FIEMG Regional Rio Doce marca presen\u00e7a na Expoleste 2025 - FIEMG","og_description":"Evento acontece entre os dias 21 a 25 de maio, no Unicentro, em Governador Valadares","og_url":"https:\/\/www.fiemg.com.br\/fiemg\/noticias\/fiemg-regional-rio-doce-marca-presenca-na-expoleste-2025\/","og_site_name":"FIEMG","og_image":[{"width":2121,"height":1414,"url":"https:\/\/www.fiemg.com.br\/fiemg\/wp-content\/uploads\/sites\/10\/2025\/05\/Ramalho-Dias-0455.jpg","type":"image\/jpeg"}],"twitter_card":"summary_large_image","twitter_misc":{"Est. tempo de leitura":"3 minutos"},"schema":{"@context":"https:\/\/schema.org","@graph":[{"@type":"WebPage","@id":"https:\/\/www.fiemg.com.br\/fiemg\/noticias\/fiemg-regional-rio-doce-marca-presenca-na-expoleste-2025\/","url":"https:\/\/www.fiemg.com.br\/fiemg\/noticias\/fiemg-regional-rio-doce-marca-presenca-na-expoleste-2025\/","name":"FIEMG Regional Rio Doce marca presen\u00e7a na Expoleste 2025 - FIEMG","isPartOf":{"@id":"https:\/\/www.fiemg.com.br\/fiemg\/#website"},"primaryImageOfPage":{"@id":"https:\/\/www.fiemg.com.br\/fiemg\/noticias\/fiemg-regional-rio-doce-marca-presenca-na-expoleste-2025\/#primaryimage"},"image":{"@id":"https:\/\/www.fiemg.com.br\/fiemg\/noticias\/fiemg-regional-rio-doce-marca-presenca-na-expoleste-2025\/#primaryimage"},"thumbnailUrl":"https:\/\/www.fiemg.com.br\/fiemg\/wp-content\/uploads\/sites\/10\/2025\/05\/Ramalho-Dias-0455.jpg","datePublished":"2025-05-20T15:21:17+00:00","description":"Evento acontece entre os dias 21 a 25 de maio, no Unicentro, em Governador Valadares","breadcrumb":{"@id":"https:\/\/www.fiemg.com.br\/fiemg\/noticias\/fiemg-regional-rio-doce-marca-presenca-na-expoleste-2025\/#breadcrumb"},"inLanguage":"pt-BR","potentialAction":[{"@type":"ReadAction","target":["https:\/\/www.fiemg.com.br\/fiemg\/noticias\/fiemg-regional-rio-doce-marca-presenca-na-expoleste-2025\/"]}]},{"@type":"ImageObject","inLanguage":"pt-BR","@id":"https:\/\/www.fiemg.com.br\/fiemg\/noticias\/fiemg-regional-rio-doce-marca-presenca-na-expoleste-2025\/#primaryimage","url":"https:\/\/www.fiemg.com.br\/fiemg\/wp-content\/uploads\/sites\/10\/2025\/05\/Ramalho-Dias-0455.jpg","contentUrl":"https:\/\/www.fiemg.com.br\/fiemg\/wp-content\/uploads\/sites\/10\/2025\/05\/Ramalho-Dias-0455.jpg","width":2121,"height":1414},{"@type":"BreadcrumbList","@id":"https:\/\/www.fiemg.com.br\/fiemg\/noticias\/fiemg-regional-rio-doce-marca-presenca-na-expoleste-2025\/#breadcrumb","itemListElement":[{"@type":"ListItem","position":1,"name":"In\u00edcio","item":"https:\/\/www.fiemg.com.br\/fiemg\/"},{"@type":"ListItem","position":2,"name":"FIEMG Regional Rio Doce marca presen\u00e7a na Expoleste 2025"}]},{"@type":"WebSite","@id":"https:\/\/www.fiemg.com.br\/fiemg\/#website","url":"https:\/\/www.fiemg.com.br\/fiemg\/","name":"FIEMG","description":"Federa\u00e7\u00e3o das Ind\u00fastrias do Estado de Minas Gerais","publisher":{"@id":"https:\/\/www.fiemg.com.br\/fiemg\/#organization"},"potentialAction":[{"@type":"SearchAction","target":{"@type":"EntryPoint","urlTemplate":"https:\/\/www.fiemg.com.br\/fiemg\/?s={search_term_string}"},"query-input":{"@type":"PropertyValueSpecification","valueRequired":true,"valueName":"search_term_string"}}],"inLanguage":"pt-BR"},{"@type":"Organization","@id":"https:\/\/www.fiemg.com.br\/fiemg\/#organization","name":"FIEMG","url":"https:\/\/www.fiemg.com.br\/fiemg\/","logo":{"@type":"ImageObject","inLanguage":"pt-BR","@id":"https:\/\/www.fiemg.com.br\/fiemg\/#\/schema\/logo\/image\/","url":"https:\/\/www.fiemg.com.br\/fiemg\/wp-content\/uploads\/sites\/10\/2023\/02\/fiemg_branco.svg","contentUrl":"https:\/\/www.fiemg.com.br\/fiemg\/wp-content\/uploads\/sites\/10\/2023\/02\/fiemg_branco.svg","width":561,"height":147,"caption":"FIEMG"},"image":{"@id":"https:\/\/www.fiemg.com.br\/fiemg\/#\/schema\/logo\/image\/"}}]}},"_links":{"self":[{"href":"https:\/\/www.fiemg.com.br\/fiemg\/wp-json\/wp\/v2\/noticias\/8647","targetHints":{"allow":["GET"]}}],"collection":[{"href":"https:\/\/www.fiemg.com.br\/fiemg\/wp-json\/wp\/v2\/noticias"}],"about":[{"href":"https:\/\/www.fiemg.com.br\/fiemg\/wp-json\/wp\/v2\/types\/noticias"}],"wp:featuredmedia":[{"embeddable":true,"href":"https:\/\/www.fiemg.com.br\/fiemg\/wp-json\/wp\/v2\/media\/8648"}],"wp:attachment":[{"href":"https:\/\/www.fiemg.com.br\/fiemg\/wp-json\/wp\/v2\/media?parent=8647"}],"wp:term":[{"taxonomy":"category","embeddable":true,"href":"https:\/\/www.fiemg.com.br\/fiemg\/wp-json\/wp\/v2\/categories?post=8647"},{"taxonomy":"post_tag","embeddable":true,"href":"https:\/\/www.fiemg.com.br\/fiemg\/wp-json\/wp\/v2\/tags?post=8647"}],"curies":[{"name":"wp","href":"https:\/\/api.w.org\/{rel}","templated":true}]}}