{"id":8702,"date":"2025-05-26T10:09:29","date_gmt":"2025-05-26T13:09:29","guid":{"rendered":"https:\/\/www.fiemg.com.br\/fiemg\/noticias\/reconhecimento-ao-empresario-sandro-heringer-marca-celebracao-do-dia-da-industria-2025\/"},"modified":"2025-05-26T10:09:34","modified_gmt":"2025-05-26T13:09:34","slug":"reconhecimento-ao-empresario-sandro-heringer-marca-celebracao-do-dia-da-industria-2025","status":"publish","type":"noticias","link":"https:\/\/www.fiemg.com.br\/fiemg\/noticias\/reconhecimento-ao-empresario-sandro-heringer-marca-celebracao-do-dia-da-industria-2025\/","title":{"rendered":"Reconhecimento ao empres\u00e1rio Sandro Heringer marca celebra\u00e7\u00e3o do Dia da Ind\u00fastria 2025"},"content":{"rendered":"\n<p>Na noite de 22 de maio, a FIEMG celebrou o Dia da Ind\u00fastria 2025 em grande estilo, com homenagens a personalidades e institui\u00e7\u00f5es que contribuem de forma significativa para o desenvolvimento econ\u00f4mico e social de Minas Gerais e do Brasil. Realizado no Minascentro, em Belo Horizonte, o evento reuniu empres\u00e1rios, autoridades, lideran\u00e7as setoriais, al\u00e9m de alunos e educadores da rede SESI e SENAI.<\/p>\n\n\n\n<p>Entre os agraciados com o M\u00e9rito Industrial 2025, o destaque regional foi o empres\u00e1rio Sandro Faria Heringer, diretor da Carrocerias Heringer Ltda. e presidente do Sindicato das Ind\u00fastrias do Mobili\u00e1rio de Governador Valadares (SIM-GV). A homenagem reconhece sua trajet\u00f3ria de dedica\u00e7\u00e3o ao setor industrial e ao fortalecimento do associativismo regional.<\/p>\n\n\n\n<p>Sandro Heringer \u00e9 uma lideran\u00e7a empresarial comprometida com a moderniza\u00e7\u00e3o da ind\u00fastria e com o desenvolvimento do Leste de Minas. \u00c0 frente da Carrocerias Heringer, empresa tradicional de Governador Valadares, ele construiu uma hist\u00f3ria marcada por inova\u00e7\u00e3o, gera\u00e7\u00e3o de empregos e compromisso com a qualidade. Como presidente do SIM-GV, tem atuado de forma estrat\u00e9gica no fortalecimento do setor moveleiro e na articula\u00e7\u00e3o de pautas relevantes para o progresso da ind\u00fastria local.<\/p>\n\n\n\n<p>O vice-presidente da FIEMG Regional Rio Doce, Marcos Lopes Farias, acompanhou a cerim\u00f4nia e destacou a import\u00e2ncia do reconhecimento. \u201cSandro \u00e9 um exemplo de empres\u00e1rio que n\u00e3o mede esfor\u00e7os para impulsionar a ind\u00fastria e promover o desenvolvimento de nossa regi\u00e3o. Sua atua\u00e7\u00e3o \u00e0 frente do sindicato tem sido essencial para fortalecer o setor moveleiro e representar com excel\u00eancia os interesses da classe produtiva. Esse m\u00e9rito \u00e9 mais do que justo \u2014 \u00e9 merecido\u201d, afirmou.<\/p>\n\n\n\n<p>Para Fl\u00e1vio Roscoe, presidente da FIEMG, os homenageados representam o esp\u00edrito empreendedor e a import\u00e2ncia da uni\u00e3o entre empres\u00e1rios, poder p\u00fablico e entidades de classe. \u201c\u00c9 por meio do esfor\u00e7o coletivo, da vis\u00e3o de futuro e da coragem de inovar que conseguimos transformar realidades e construir um Estado mais pr\u00f3spero\u201d, declarou.<\/p>\n\n\n\n<p>A cerim\u00f4nia ainda prestou homenagens a outros empres\u00e1rios, educadores, alunos e empresas que se destacaram por suas contribui\u00e7\u00f5es \u00e0 ind\u00fastria mineira, refor\u00e7ando o papel transformador da FIEMG e do Sistema Ind\u00fastria na sociedade.<\/p>\n\n\n\n<p>O reconhecimento a Sandro Heringer simboliza o valor de quem acredita na for\u00e7a do trabalho, da ind\u00fastria e da uni\u00e3o em prol do bem coletivo. \u00c9 o Leste de Minas presente na constru\u00e7\u00e3o de um futuro mais industrial, inovador e sustent\u00e1vel.<\/p>\n\n\n\n<p><strong>Imprensa FIEMG<\/strong><\/p>\n\n\n\n<p><\/p>\n","protected":false},"featured_media":8703,"template":"","categories":[15],"tags":[1343,78,626,1351],"class_list":["post-8702","noticias","type-noticias","status-publish","has-post-thumbnail","hentry","category-desenvolvimento-industrial","tag-dia-da-industria","tag-fiemg","tag-regional-rio-doce","tag-sandro-heringer"],"acf":[],"yoast_head":"<!-- This site is optimized with the Yoast SEO plugin v26.2 - https:\/\/yoast.com\/wordpress\/plugins\/seo\/ -->\n<title>Reconhecimento ao empres\u00e1rio Sandro Heringer marca celebra\u00e7\u00e3o do Dia da Ind\u00fastria 2025 - FIEMG<\/title>\n<meta name=\"description\" content=\"Com trajet\u00f3ria marcada por inova\u00e7\u00e3o e lideran\u00e7a regional, Sandro Heringer \u00e9 homenageado com o M\u00e9rito Industrial 2025 durante celebra\u00e7\u00e3o da FIEMG\" \/>\n<meta name=\"robots\" content=\"index, follow, max-snippet:-1, max-image-preview:large, max-video-preview:-1\" \/>\n<link rel=\"canonical\" href=\"https:\/\/www.fiemg.com.br\/fiemg\/noticias\/reconhecimento-ao-empresario-sandro-heringer-marca-celebracao-do-dia-da-industria-2025\/\" \/>\n<meta property=\"og:locale\" content=\"pt_BR\" \/>\n<meta property=\"og:type\" content=\"article\" \/>\n<meta property=\"og:title\" content=\"Reconhecimento ao empres\u00e1rio Sandro Heringer marca celebra\u00e7\u00e3o do Dia da Ind\u00fastria 2025 - FIEMG\" \/>\n<meta property=\"og:description\" content=\"Com trajet\u00f3ria marcada por inova\u00e7\u00e3o e lideran\u00e7a regional, Sandro Heringer \u00e9 homenageado com o M\u00e9rito Industrial 2025 durante celebra\u00e7\u00e3o da FIEMG\" \/>\n<meta property=\"og:url\" content=\"https:\/\/www.fiemg.com.br\/fiemg\/noticias\/reconhecimento-ao-empresario-sandro-heringer-marca-celebracao-do-dia-da-industria-2025\/\" \/>\n<meta property=\"og:site_name\" content=\"FIEMG\" \/>\n<meta property=\"article:modified_time\" content=\"2025-05-26T13:09:34+00:00\" \/>\n<meta property=\"og:image\" content=\"https:\/\/www.fiemg.com.br\/fiemg\/wp-content\/uploads\/sites\/10\/2025\/05\/Sandro-Heringer.png\" \/>\n\t<meta property=\"og:image:width\" content=\"512\" \/>\n\t<meta property=\"og:image:height\" content=\"512\" \/>\n\t<meta property=\"og:image:type\" content=\"image\/png\" \/>\n<meta name=\"twitter:card\" content=\"summary_large_image\" \/>\n<meta name=\"twitter:label1\" content=\"Est. tempo de leitura\" \/>\n\t<meta name=\"twitter:data1\" content=\"3 minutos\" \/>\n<script type=\"application\/ld+json\" class=\"yoast-schema-graph\">{\"@context\":\"https:\/\/schema.org\",\"@graph\":[{\"@type\":\"WebPage\",\"@id\":\"https:\/\/www.fiemg.com.br\/fiemg\/noticias\/reconhecimento-ao-empresario-sandro-heringer-marca-celebracao-do-dia-da-industria-2025\/\",\"url\":\"https:\/\/www.fiemg.com.br\/fiemg\/noticias\/reconhecimento-ao-empresario-sandro-heringer-marca-celebracao-do-dia-da-industria-2025\/\",\"name\":\"Reconhecimento ao empres\u00e1rio Sandro Heringer marca celebra\u00e7\u00e3o do Dia da Ind\u00fastria 2025 - FIEMG\",\"isPartOf\":{\"@id\":\"https:\/\/www.fiemg.com.br\/fiemg\/#website\"},\"primaryImageOfPage\":{\"@id\":\"https:\/\/www.fiemg.com.br\/fiemg\/noticias\/reconhecimento-ao-empresario-sandro-heringer-marca-celebracao-do-dia-da-industria-2025\/#primaryimage\"},\"image\":{\"@id\":\"https:\/\/www.fiemg.com.br\/fiemg\/noticias\/reconhecimento-ao-empresario-sandro-heringer-marca-celebracao-do-dia-da-industria-2025\/#primaryimage\"},\"thumbnailUrl\":\"https:\/\/www.fiemg.com.br\/fiemg\/wp-content\/uploads\/sites\/10\/2025\/05\/Sandro-Heringer.png\",\"datePublished\":\"2025-05-26T13:09:29+00:00\",\"dateModified\":\"2025-05-26T13:09:34+00:00\",\"description\":\"Com trajet\u00f3ria marcada por inova\u00e7\u00e3o e lideran\u00e7a regional, Sandro Heringer \u00e9 homenageado com o M\u00e9rito Industrial 2025 durante celebra\u00e7\u00e3o da FIEMG\",\"breadcrumb\":{\"@id\":\"https:\/\/www.fiemg.com.br\/fiemg\/noticias\/reconhecimento-ao-empresario-sandro-heringer-marca-celebracao-do-dia-da-industria-2025\/#breadcrumb\"},\"inLanguage\":\"pt-BR\",\"potentialAction\":[{\"@type\":\"ReadAction\",\"target\":[\"https:\/\/www.fiemg.com.br\/fiemg\/noticias\/reconhecimento-ao-empresario-sandro-heringer-marca-celebracao-do-dia-da-industria-2025\/\"]}]},{\"@type\":\"ImageObject\",\"inLanguage\":\"pt-BR\",\"@id\":\"https:\/\/www.fiemg.com.br\/fiemg\/noticias\/reconhecimento-ao-empresario-sandro-heringer-marca-celebracao-do-dia-da-industria-2025\/#primaryimage\",\"url\":\"https:\/\/www.fiemg.com.br\/fiemg\/wp-content\/uploads\/sites\/10\/2025\/05\/Sandro-Heringer.png\",\"contentUrl\":\"https:\/\/www.fiemg.com.br\/fiemg\/wp-content\/uploads\/sites\/10\/2025\/05\/Sandro-Heringer.png\",\"width\":512,\"height\":512},{\"@type\":\"BreadcrumbList\",\"@id\":\"https:\/\/www.fiemg.com.br\/fiemg\/noticias\/reconhecimento-ao-empresario-sandro-heringer-marca-celebracao-do-dia-da-industria-2025\/#breadcrumb\",\"itemListElement\":[{\"@type\":\"ListItem\",\"position\":1,\"name\":\"In\u00edcio\",\"item\":\"https:\/\/www.fiemg.com.br\/fiemg\/\"},{\"@type\":\"ListItem\",\"position\":2,\"name\":\"Reconhecimento ao empres\u00e1rio Sandro Heringer marca celebra\u00e7\u00e3o do Dia da Ind\u00fastria 2025\"}]},{\"@type\":\"WebSite\",\"@id\":\"https:\/\/www.fiemg.com.br\/fiemg\/#website\",\"url\":\"https:\/\/www.fiemg.com.br\/fiemg\/\",\"name\":\"FIEMG\",\"description\":\"Federa\u00e7\u00e3o das Ind\u00fastrias do Estado de Minas Gerais\",\"publisher\":{\"@id\":\"https:\/\/www.fiemg.com.br\/fiemg\/#organization\"},\"potentialAction\":[{\"@type\":\"SearchAction\",\"target\":{\"@type\":\"EntryPoint\",\"urlTemplate\":\"https:\/\/www.fiemg.com.br\/fiemg\/?s={search_term_string}\"},\"query-input\":{\"@type\":\"PropertyValueSpecification\",\"valueRequired\":true,\"valueName\":\"search_term_string\"}}],\"inLanguage\":\"pt-BR\"},{\"@type\":\"Organization\",\"@id\":\"https:\/\/www.fiemg.com.br\/fiemg\/#organization\",\"name\":\"FIEMG\",\"url\":\"https:\/\/www.fiemg.com.br\/fiemg\/\",\"logo\":{\"@type\":\"ImageObject\",\"inLanguage\":\"pt-BR\",\"@id\":\"https:\/\/www.fiemg.com.br\/fiemg\/#\/schema\/logo\/image\/\",\"url\":\"https:\/\/www.fiemg.com.br\/fiemg\/wp-content\/uploads\/sites\/10\/2023\/02\/fiemg_branco.svg\",\"contentUrl\":\"https:\/\/www.fiemg.com.br\/fiemg\/wp-content\/uploads\/sites\/10\/2023\/02\/fiemg_branco.svg\",\"width\":561,\"height\":147,\"caption\":\"FIEMG\"},\"image\":{\"@id\":\"https:\/\/www.fiemg.com.br\/fiemg\/#\/schema\/logo\/image\/\"}}]}<\/script>\n<!-- \/ Yoast SEO plugin. -->","yoast_head_json":{"title":"Reconhecimento ao empres\u00e1rio Sandro Heringer marca celebra\u00e7\u00e3o do Dia da Ind\u00fastria 2025 - FIEMG","description":"Com trajet\u00f3ria marcada por inova\u00e7\u00e3o e lideran\u00e7a regional, Sandro Heringer \u00e9 homenageado com o M\u00e9rito Industrial 2025 durante celebra\u00e7\u00e3o da FIEMG","robots":{"index":"index","follow":"follow","max-snippet":"max-snippet:-1","max-image-preview":"max-image-preview:large","max-video-preview":"max-video-preview:-1"},"canonical":"https:\/\/www.fiemg.com.br\/fiemg\/noticias\/reconhecimento-ao-empresario-sandro-heringer-marca-celebracao-do-dia-da-industria-2025\/","og_locale":"pt_BR","og_type":"article","og_title":"Reconhecimento ao empres\u00e1rio Sandro Heringer marca celebra\u00e7\u00e3o do Dia da Ind\u00fastria 2025 - FIEMG","og_description":"Com trajet\u00f3ria marcada por inova\u00e7\u00e3o e lideran\u00e7a regional, Sandro Heringer \u00e9 homenageado com o M\u00e9rito Industrial 2025 durante celebra\u00e7\u00e3o da FIEMG","og_url":"https:\/\/www.fiemg.com.br\/fiemg\/noticias\/reconhecimento-ao-empresario-sandro-heringer-marca-celebracao-do-dia-da-industria-2025\/","og_site_name":"FIEMG","article_modified_time":"2025-05-26T13:09:34+00:00","og_image":[{"width":512,"height":512,"url":"https:\/\/www.fiemg.com.br\/fiemg\/wp-content\/uploads\/sites\/10\/2025\/05\/Sandro-Heringer.png","type":"image\/png"}],"twitter_card":"summary_large_image","twitter_misc":{"Est. tempo de leitura":"3 minutos"},"schema":{"@context":"https:\/\/schema.org","@graph":[{"@type":"WebPage","@id":"https:\/\/www.fiemg.com.br\/fiemg\/noticias\/reconhecimento-ao-empresario-sandro-heringer-marca-celebracao-do-dia-da-industria-2025\/","url":"https:\/\/www.fiemg.com.br\/fiemg\/noticias\/reconhecimento-ao-empresario-sandro-heringer-marca-celebracao-do-dia-da-industria-2025\/","name":"Reconhecimento ao empres\u00e1rio Sandro Heringer marca celebra\u00e7\u00e3o do Dia da Ind\u00fastria 2025 - FIEMG","isPartOf":{"@id":"https:\/\/www.fiemg.com.br\/fiemg\/#website"},"primaryImageOfPage":{"@id":"https:\/\/www.fiemg.com.br\/fiemg\/noticias\/reconhecimento-ao-empresario-sandro-heringer-marca-celebracao-do-dia-da-industria-2025\/#primaryimage"},"image":{"@id":"https:\/\/www.fiemg.com.br\/fiemg\/noticias\/reconhecimento-ao-empresario-sandro-heringer-marca-celebracao-do-dia-da-industria-2025\/#primaryimage"},"thumbnailUrl":"https:\/\/www.fiemg.com.br\/fiemg\/wp-content\/uploads\/sites\/10\/2025\/05\/Sandro-Heringer.png","datePublished":"2025-05-26T13:09:29+00:00","dateModified":"2025-05-26T13:09:34+00:00","description":"Com trajet\u00f3ria marcada por inova\u00e7\u00e3o e lideran\u00e7a regional, Sandro Heringer \u00e9 homenageado com o M\u00e9rito Industrial 2025 durante celebra\u00e7\u00e3o da FIEMG","breadcrumb":{"@id":"https:\/\/www.fiemg.com.br\/fiemg\/noticias\/reconhecimento-ao-empresario-sandro-heringer-marca-celebracao-do-dia-da-industria-2025\/#breadcrumb"},"inLanguage":"pt-BR","potentialAction":[{"@type":"ReadAction","target":["https:\/\/www.fiemg.com.br\/fiemg\/noticias\/reconhecimento-ao-empresario-sandro-heringer-marca-celebracao-do-dia-da-industria-2025\/"]}]},{"@type":"ImageObject","inLanguage":"pt-BR","@id":"https:\/\/www.fiemg.com.br\/fiemg\/noticias\/reconhecimento-ao-empresario-sandro-heringer-marca-celebracao-do-dia-da-industria-2025\/#primaryimage","url":"https:\/\/www.fiemg.com.br\/fiemg\/wp-content\/uploads\/sites\/10\/2025\/05\/Sandro-Heringer.png","contentUrl":"https:\/\/www.fiemg.com.br\/fiemg\/wp-content\/uploads\/sites\/10\/2025\/05\/Sandro-Heringer.png","width":512,"height":512},{"@type":"BreadcrumbList","@id":"https:\/\/www.fiemg.com.br\/fiemg\/noticias\/reconhecimento-ao-empresario-sandro-heringer-marca-celebracao-do-dia-da-industria-2025\/#breadcrumb","itemListElement":[{"@type":"ListItem","position":1,"name":"In\u00edcio","item":"https:\/\/www.fiemg.com.br\/fiemg\/"},{"@type":"ListItem","position":2,"name":"Reconhecimento ao empres\u00e1rio Sandro Heringer marca celebra\u00e7\u00e3o do Dia da Ind\u00fastria 2025"}]},{"@type":"WebSite","@id":"https:\/\/www.fiemg.com.br\/fiemg\/#website","url":"https:\/\/www.fiemg.com.br\/fiemg\/","name":"FIEMG","description":"Federa\u00e7\u00e3o das Ind\u00fastrias do Estado de Minas Gerais","publisher":{"@id":"https:\/\/www.fiemg.com.br\/fiemg\/#organization"},"potentialAction":[{"@type":"SearchAction","target":{"@type":"EntryPoint","urlTemplate":"https:\/\/www.fiemg.com.br\/fiemg\/?s={search_term_string}"},"query-input":{"@type":"PropertyValueSpecification","valueRequired":true,"valueName":"search_term_string"}}],"inLanguage":"pt-BR"},{"@type":"Organization","@id":"https:\/\/www.fiemg.com.br\/fiemg\/#organization","name":"FIEMG","url":"https:\/\/www.fiemg.com.br\/fiemg\/","logo":{"@type":"ImageObject","inLanguage":"pt-BR","@id":"https:\/\/www.fiemg.com.br\/fiemg\/#\/schema\/logo\/image\/","url":"https:\/\/www.fiemg.com.br\/fiemg\/wp-content\/uploads\/sites\/10\/2023\/02\/fiemg_branco.svg","contentUrl":"https:\/\/www.fiemg.com.br\/fiemg\/wp-content\/uploads\/sites\/10\/2023\/02\/fiemg_branco.svg","width":561,"height":147,"caption":"FIEMG"},"image":{"@id":"https:\/\/www.fiemg.com.br\/fiemg\/#\/schema\/logo\/image\/"}}]}},"_links":{"self":[{"href":"https:\/\/www.fiemg.com.br\/fiemg\/wp-json\/wp\/v2\/noticias\/8702","targetHints":{"allow":["GET"]}}],"collection":[{"href":"https:\/\/www.fiemg.com.br\/fiemg\/wp-json\/wp\/v2\/noticias"}],"about":[{"href":"https:\/\/www.fiemg.com.br\/fiemg\/wp-json\/wp\/v2\/types\/noticias"}],"wp:featuredmedia":[{"embeddable":true,"href":"https:\/\/www.fiemg.com.br\/fiemg\/wp-json\/wp\/v2\/media\/8703"}],"wp:attachment":[{"href":"https:\/\/www.fiemg.com.br\/fiemg\/wp-json\/wp\/v2\/media?parent=8702"}],"wp:term":[{"taxonomy":"category","embeddable":true,"href":"https:\/\/www.fiemg.com.br\/fiemg\/wp-json\/wp\/v2\/categories?post=8702"},{"taxonomy":"post_tag","embeddable":true,"href":"https:\/\/www.fiemg.com.br\/fiemg\/wp-json\/wp\/v2\/tags?post=8702"}],"curies":[{"name":"wp","href":"https:\/\/api.w.org\/{rel}","templated":true}]}}