{"id":8785,"date":"2025-06-04T14:37:05","date_gmt":"2025-06-04T17:37:05","guid":{"rendered":"https:\/\/www.fiemg.com.br\/fiemg\/noticias\/infrabusiness-expo-2025-e-lancada-oficialmente-em-evento-na-fiemg-e-projeta-movimentar-r-1-bilhao-em-negocios\/"},"modified":"2025-06-04T14:37:11","modified_gmt":"2025-06-04T17:37:11","slug":"infrabusiness-expo-2025-e-lancada-oficialmente-em-evento-na-fiemg-e-projeta-movimentar-r-1-bilhao-em-negocios","status":"publish","type":"noticias","link":"https:\/\/www.fiemg.com.br\/fiemg\/noticias\/infrabusiness-expo-2025-e-lancada-oficialmente-em-evento-na-fiemg-e-projeta-movimentar-r-1-bilhao-em-negocios\/","title":{"rendered":"InfraBusiness Expo 2025 \u00e9 lan\u00e7ada oficialmente em evento na FIEMG e projeta movimentar R$ 1 bilh\u00e3o em neg\u00f3cios"},"content":{"rendered":"\n<p><\/p>\n\n\n\n<p>Belo Horizonte, 4 de junho de 2025 &#8211; Foi realizado nesta ter\u00e7a-feira (3\/6), na sede da FIEMG, em Belo Horizonte, o evento oficial de lan\u00e7amento da InfraBusiness Expo 2025, feira nacional de infraestrutura pesada que promete movimentar at\u00e9 R$ 1 bilh\u00e3o em neg\u00f3cios e reposicionar Minas Gerais como polo estrat\u00e9gico do setor. A feira ser\u00e1 realizada entre os dias 12 e 14 de agosto, no Expominas, com mais de 30 mil m\u00b2 de \u00e1rea expositiva e a presen\u00e7a de fabricantes, contratantes, institui\u00e7\u00f5es financeiras, empresas de tecnologia, especialistas e representantes do poder p\u00fablico.<\/p>\n\n\n\n<p>O evento de lan\u00e7amento contou com a presen\u00e7a de empres\u00e1rios, lideran\u00e7as da ind\u00fastria e representantes do setor p\u00fablico. Na ocasi\u00e3o, os organizadores apresentaram os objetivos da feira, a estrutura do congresso t\u00e9cnico e os destaques da programa\u00e7\u00e3o. A iniciativa \u00e9 idealizada por Emir Cadar Filho, CEO da Cadar Engenharia, vice-presidente da FIEMG e presidente do Conselho de Infraestrutura da entidade.<\/p>\n\n\n\n<p>\u201cA InfraBusiness nasce como uma feira feita por quem vive o setor. O objetivo \u00e9 gerar neg\u00f3cios reais, atrair investimentos e criar conex\u00f5es que acelerem a infraestrutura no pa\u00eds. Minas vive um ciclo hist\u00f3rico de investimentos e temos a responsabilidade de liderar esse movimento com uma feira \u00e0 altura dos nossos desafios\u201d, afirmou Emir Cadar, que tamb\u00e9m integra a diretoria do SICEPOT-MG e da Brasinfra.<\/p>\n\n\n\n<p>Com apoio institucional da FIEMG e do SICEPOT-MG, a InfraBusiness Expo foi inspirada em modelos internacionais e se apresenta como uma plataforma de integra\u00e7\u00e3o de toda a cadeia da infraestrutura pesada \u2014 desde os grandes contratantes p\u00fablicos e privados at\u00e9 fornecedores de m\u00e1quinas, insumos, tecnologia, energia e servi\u00e7os.<\/p>\n\n\n\n<p><strong>Minas em destaque<\/strong><\/p>\n\n\n\n<p>Durante o evento, dados estrat\u00e9gicos ilustraram o momento positivo vivido por Minas Gerais. Segundo estudos da FIEMG e da Funda\u00e7\u00e3o Jo\u00e3o Pinheiro, o estado dever\u00e1 receber mais de R$ 100 bilh\u00f5es em investimentos em infraestrutura at\u00e9 2031, sem contar os R$ 110 bilh\u00f5es adicionais provenientes do Acordo de Mariana, que ser\u00e3o aplicados em obras estruturantes e compensa\u00e7\u00f5es ambientais.<\/p>\n\n\n\n<p>A estimativa \u00e9 que esses investimentos resultem na gera\u00e7\u00e3o de mais de 729 mil empregos diretos e indiretos, com impactos significativos em mobilidade urbana, rodovias, saneamento, energia e infraestrutura log\u00edstica.<\/p>\n\n\n\n<p>De acordo com Emir, Minas j\u00e1 ultrapassou S\u00e3o Paulo nas vendas de m\u00e1quinas da chamada \u201clinha amarela\u201d (tratores, escavadeiras, retroescavadeiras), o que refor\u00e7a o dinamismo atual do setor no estado.<\/p>\n\n\n\n<p>\u201cTemos mais de 7,2 mil empresas de infraestrutura em Minas, que representam 14% do total do pa\u00eds. S\u00e3o 153 mil empregos formais e R$ 7,6 bilh\u00f5es em massa salarial anual, segundo dados da RAIS 2023. O momento \u00e9 \u00fanico e exige vis\u00e3o estrat\u00e9gica\u201d, destacou.<\/p>\n\n\n\n<p><strong>Estrutura e programa\u00e7\u00e3o<\/strong><\/p>\n\n\n\n<p>Com 92% dos estandes j\u00e1 comercializados, a InfraBusiness Expo contar\u00e1 com uma \u00e1rea expositiva de 30 mil m\u00b2, al\u00e9m de 16.500 m\u00b2 climatizados e integrados no Expominas. A expectativa \u00e9 receber mais de 30 mil visitantes qualificados e reunir mais de 100 marcas expositoras, incluindo grandes fabricantes de m\u00e1quinas, empresas de tecnologia, seguradoras, bancos, consultorias, concession\u00e1rias e operadoras log\u00edsticas.<\/p>\n\n\n\n<p>A feira ter\u00e1 tamb\u00e9m um congresso t\u00e9cnico robusto, com curadoria da Funda\u00e7\u00e3o Dom Cabral (FDC) e apoio de entidades setoriais. A programa\u00e7\u00e3o do Congresso InfraBusiness e dos Infra Talks inclui palestras magnas, pain\u00e9is tem\u00e1ticos e debates sobre temas como: Sustentabilidade e efici\u00eancia energ\u00e9tica; Inova\u00e7\u00e3o tecnol\u00f3gica e intelig\u00eancia artificial; Financiamento de infraestrutura; Experi\u00eancias de gest\u00e3o e grandes obras; Transforma\u00e7\u00e3o digital e automa\u00e7\u00e3o; Cidades inteligentes e concess\u00f5es p\u00fablicas.<\/p>\n\n\n\n<p>Est\u00e3o confirmados nomes como Ricardo Amorim, Rubens Menin, Antonio Anastasia, Eug\u00eanio Mattar, Modesto Ara\u00fajo, Ana Sanches, Lisztet Ribeiro, S\u00e9rgio Guerra, entre outros especialistas e l\u00edderes empresariais. Tamb\u00e9m participar\u00e3o autoridades estaduais e federais ligadas \u00e0 infraestrutura, mobilidade e desenvolvimento econ\u00f4mico.<\/p>\n\n\n\n<p><strong>Oportunidade hist\u00f3rica<\/strong><\/p>\n\n\n\n<p>Em sua fala, o presidente da FIEMG, Fl\u00e1vio Roscoe, parabenizou a iniciativa e destacou o papel da feira na articula\u00e7\u00e3o de parcerias entre setor produtivo e poder p\u00fablico. Ele ressaltou a import\u00e2ncia de descentralizar os grandes eventos do eixo Rio-S\u00e3o Paulo e fazer de Minas o novo centro estrat\u00e9gico da infraestrutura nacional.<\/p>\n\n\n\n<p>J\u00e1 Bruno Baeta Lig\u00f3rio, presidente do SICEPOT-MG, ressaltou que o setor de constru\u00e7\u00e3o pesada tem potencial para crescer cinco vezes nos pr\u00f3ximos anos. \u201cEssa feira chega no momento certo. Vamos debater os principais desafios e oportunidades, al\u00e9m de mostrar o que Minas tem de melhor para oferecer ao Brasil\u201d, afirmou.<\/p>\n\n\n\n<p><strong>Multiplicadores econ\u00f4micos<\/strong><\/p>\n\n\n\n<p>Al\u00e9m dos impactos diretos em empregos e neg\u00f3cios, a InfraBusiness Expo refor\u00e7a a import\u00e2ncia do setor como motor de desenvolvimento. Segundo estudos apresentados no evento, a cada emprego gerado na infraestrutura, outros 8,7 empregos s\u00e3o gerados em cadeia na economia. Cada R$ 1,00 investido gera R$ 2,70 em renda e R$ 1,50 em novos produtos.<\/p>\n\n\n\n<p>A feira deve ainda atrair delega\u00e7\u00f5es t\u00e9cnicas e compradores de diversos estados e pa\u00edses, consolidando-se como uma vitrine de inova\u00e7\u00e3o e excel\u00eancia da engenharia brasileira.<\/p>\n\n\n\n<p><strong>Informa\u00e7\u00f5es<\/strong><\/p>\n\n\n\n<p>A InfraBusiness Expo \u00e9 organizada pela Cubo Eventos, especializada em feiras e congressos, com apoio institucional da FIEMG e SICEPOT-MG.<\/p>\n\n\n\n<p><strong>Mais informa\u00e7\u00f5es e inscri\u00e7\u00f5es:<\/strong><br>\ud83c\udf10 www.infrabusinessexpo.com.br<br>\ud83d\udcf1 @infrabusinessexpo<\/p>\n\n\n\n<p><strong>Informa\u00e7\u00f5es para imprensa:<\/strong><br>CORP Comunica\u00e7\u00e3o<br>\ud83d\udcde Saulo Penaforte \u2013 (31) 99683-5270<\/p>\n\n\n\n<p><em>Veja mais fotos do lan\u00e7amento da Infra Business Expo, <a href=\"https:\/\/www.flickr.com\/photos\/sistemafiemg\/albums\/72177720326633658\/with\/54567191453\">clicando aqui<\/a><\/em><\/p>\n\n\n\n<p><\/p>\n","protected":false},"featured_media":8786,"template":"","categories":[15],"tags":[1373,1189,611],"class_list":["post-8785","noticias","type-noticias","status-publish","has-post-thumbnail","hentry","category-desenvolvimento-industrial","tag-emir-cadar-filho","tag-infra-business-expo","tag-infraestrutura"],"acf":[],"yoast_head":"<!-- This site is optimized with the Yoast SEO plugin v26.2 - https:\/\/yoast.com\/wordpress\/plugins\/seo\/ -->\n<title>InfraBusiness Expo 2025 \u00e9 lan\u00e7ada oficialmente em evento na FIEMG e projeta movimentar R$ 1 bilh\u00e3o em neg\u00f3cios - FIEMG<\/title>\n<meta name=\"description\" content=\"Feira nacional de infraestrutura ser\u00e1 realizada de 12 a 14 de agosto, em Belo Horizonte, reunindo grandes marcas, lideran\u00e7as e especialistas de todo o pa\u00eds; expectativa \u00e9 de receber mais de 30 mil visitantes e consolidar Minas como hub do setor\" \/>\n<meta name=\"robots\" content=\"index, follow, max-snippet:-1, max-image-preview:large, max-video-preview:-1\" \/>\n<link rel=\"canonical\" href=\"https:\/\/www.fiemg.com.br\/fiemg\/noticias\/infrabusiness-expo-2025-e-lancada-oficialmente-em-evento-na-fiemg-e-projeta-movimentar-r-1-bilhao-em-negocios\/\" \/>\n<meta property=\"og:locale\" content=\"pt_BR\" \/>\n<meta property=\"og:type\" content=\"article\" \/>\n<meta property=\"og:title\" content=\"InfraBusiness Expo 2025 \u00e9 lan\u00e7ada oficialmente em evento na FIEMG e projeta movimentar R$ 1 bilh\u00e3o em neg\u00f3cios - FIEMG\" \/>\n<meta property=\"og:description\" content=\"Feira nacional de infraestrutura ser\u00e1 realizada de 12 a 14 de agosto, em Belo Horizonte, reunindo grandes marcas, lideran\u00e7as e especialistas de todo o pa\u00eds; expectativa \u00e9 de receber mais de 30 mil visitantes e consolidar Minas como hub do setor\" \/>\n<meta property=\"og:url\" content=\"https:\/\/www.fiemg.com.br\/fiemg\/noticias\/infrabusiness-expo-2025-e-lancada-oficialmente-em-evento-na-fiemg-e-projeta-movimentar-r-1-bilhao-em-negocios\/\" \/>\n<meta property=\"og:site_name\" content=\"FIEMG\" \/>\n<meta property=\"article:modified_time\" content=\"2025-06-04T17:37:11+00:00\" \/>\n<meta property=\"og:image\" content=\"https:\/\/www.fiemg.com.br\/fiemg\/wp-content\/uploads\/sites\/10\/2025\/06\/Infra-Business-1.jpg\" \/>\n\t<meta property=\"og:image:width\" content=\"512\" \/>\n\t<meta property=\"og:image:height\" content=\"512\" \/>\n\t<meta property=\"og:image:type\" content=\"image\/jpeg\" \/>\n<meta name=\"twitter:card\" content=\"summary_large_image\" \/>\n<meta name=\"twitter:label1\" content=\"Est. tempo de leitura\" \/>\n\t<meta name=\"twitter:data1\" content=\"5 minutos\" \/>\n<script type=\"application\/ld+json\" class=\"yoast-schema-graph\">{\"@context\":\"https:\/\/schema.org\",\"@graph\":[{\"@type\":\"WebPage\",\"@id\":\"https:\/\/www.fiemg.com.br\/fiemg\/noticias\/infrabusiness-expo-2025-e-lancada-oficialmente-em-evento-na-fiemg-e-projeta-movimentar-r-1-bilhao-em-negocios\/\",\"url\":\"https:\/\/www.fiemg.com.br\/fiemg\/noticias\/infrabusiness-expo-2025-e-lancada-oficialmente-em-evento-na-fiemg-e-projeta-movimentar-r-1-bilhao-em-negocios\/\",\"name\":\"InfraBusiness Expo 2025 \u00e9 lan\u00e7ada oficialmente em evento na FIEMG e projeta movimentar R$ 1 bilh\u00e3o em neg\u00f3cios - FIEMG\",\"isPartOf\":{\"@id\":\"https:\/\/www.fiemg.com.br\/fiemg\/#website\"},\"primaryImageOfPage\":{\"@id\":\"https:\/\/www.fiemg.com.br\/fiemg\/noticias\/infrabusiness-expo-2025-e-lancada-oficialmente-em-evento-na-fiemg-e-projeta-movimentar-r-1-bilhao-em-negocios\/#primaryimage\"},\"image\":{\"@id\":\"https:\/\/www.fiemg.com.br\/fiemg\/noticias\/infrabusiness-expo-2025-e-lancada-oficialmente-em-evento-na-fiemg-e-projeta-movimentar-r-1-bilhao-em-negocios\/#primaryimage\"},\"thumbnailUrl\":\"https:\/\/www.fiemg.com.br\/fiemg\/wp-content\/uploads\/sites\/10\/2025\/06\/Infra-Business-1.jpg\",\"datePublished\":\"2025-06-04T17:37:05+00:00\",\"dateModified\":\"2025-06-04T17:37:11+00:00\",\"description\":\"Feira nacional de infraestrutura ser\u00e1 realizada de 12 a 14 de agosto, em Belo Horizonte, reunindo grandes marcas, lideran\u00e7as e especialistas de todo o pa\u00eds; expectativa \u00e9 de receber mais de 30 mil visitantes e consolidar Minas como hub do setor\",\"breadcrumb\":{\"@id\":\"https:\/\/www.fiemg.com.br\/fiemg\/noticias\/infrabusiness-expo-2025-e-lancada-oficialmente-em-evento-na-fiemg-e-projeta-movimentar-r-1-bilhao-em-negocios\/#breadcrumb\"},\"inLanguage\":\"pt-BR\",\"potentialAction\":[{\"@type\":\"ReadAction\",\"target\":[\"https:\/\/www.fiemg.com.br\/fiemg\/noticias\/infrabusiness-expo-2025-e-lancada-oficialmente-em-evento-na-fiemg-e-projeta-movimentar-r-1-bilhao-em-negocios\/\"]}]},{\"@type\":\"ImageObject\",\"inLanguage\":\"pt-BR\",\"@id\":\"https:\/\/www.fiemg.com.br\/fiemg\/noticias\/infrabusiness-expo-2025-e-lancada-oficialmente-em-evento-na-fiemg-e-projeta-movimentar-r-1-bilhao-em-negocios\/#primaryimage\",\"url\":\"https:\/\/www.fiemg.com.br\/fiemg\/wp-content\/uploads\/sites\/10\/2025\/06\/Infra-Business-1.jpg\",\"contentUrl\":\"https:\/\/www.fiemg.com.br\/fiemg\/wp-content\/uploads\/sites\/10\/2025\/06\/Infra-Business-1.jpg\",\"width\":512,\"height\":512},{\"@type\":\"BreadcrumbList\",\"@id\":\"https:\/\/www.fiemg.com.br\/fiemg\/noticias\/infrabusiness-expo-2025-e-lancada-oficialmente-em-evento-na-fiemg-e-projeta-movimentar-r-1-bilhao-em-negocios\/#breadcrumb\",\"itemListElement\":[{\"@type\":\"ListItem\",\"position\":1,\"name\":\"In\u00edcio\",\"item\":\"https:\/\/www.fiemg.com.br\/fiemg\/\"},{\"@type\":\"ListItem\",\"position\":2,\"name\":\"InfraBusiness Expo 2025 \u00e9 lan\u00e7ada oficialmente em evento na FIEMG e projeta movimentar R$ 1 bilh\u00e3o em neg\u00f3cios\"}]},{\"@type\":\"WebSite\",\"@id\":\"https:\/\/www.fiemg.com.br\/fiemg\/#website\",\"url\":\"https:\/\/www.fiemg.com.br\/fiemg\/\",\"name\":\"FIEMG\",\"description\":\"Federa\u00e7\u00e3o das Ind\u00fastrias do Estado de Minas Gerais\",\"publisher\":{\"@id\":\"https:\/\/www.fiemg.com.br\/fiemg\/#organization\"},\"potentialAction\":[{\"@type\":\"SearchAction\",\"target\":{\"@type\":\"EntryPoint\",\"urlTemplate\":\"https:\/\/www.fiemg.com.br\/fiemg\/?s={search_term_string}\"},\"query-input\":{\"@type\":\"PropertyValueSpecification\",\"valueRequired\":true,\"valueName\":\"search_term_string\"}}],\"inLanguage\":\"pt-BR\"},{\"@type\":\"Organization\",\"@id\":\"https:\/\/www.fiemg.com.br\/fiemg\/#organization\",\"name\":\"FIEMG\",\"url\":\"https:\/\/www.fiemg.com.br\/fiemg\/\",\"logo\":{\"@type\":\"ImageObject\",\"inLanguage\":\"pt-BR\",\"@id\":\"https:\/\/www.fiemg.com.br\/fiemg\/#\/schema\/logo\/image\/\",\"url\":\"https:\/\/www.fiemg.com.br\/fiemg\/wp-content\/uploads\/sites\/10\/2023\/02\/fiemg_branco.svg\",\"contentUrl\":\"https:\/\/www.fiemg.com.br\/fiemg\/wp-content\/uploads\/sites\/10\/2023\/02\/fiemg_branco.svg\",\"width\":561,\"height\":147,\"caption\":\"FIEMG\"},\"image\":{\"@id\":\"https:\/\/www.fiemg.com.br\/fiemg\/#\/schema\/logo\/image\/\"}}]}<\/script>\n<!-- \/ Yoast SEO plugin. -->","yoast_head_json":{"title":"InfraBusiness Expo 2025 \u00e9 lan\u00e7ada oficialmente em evento na FIEMG e projeta movimentar R$ 1 bilh\u00e3o em neg\u00f3cios - FIEMG","description":"Feira nacional de infraestrutura ser\u00e1 realizada de 12 a 14 de agosto, em Belo Horizonte, reunindo grandes marcas, lideran\u00e7as e especialistas de todo o pa\u00eds; expectativa \u00e9 de receber mais de 30 mil visitantes e consolidar Minas como hub do setor","robots":{"index":"index","follow":"follow","max-snippet":"max-snippet:-1","max-image-preview":"max-image-preview:large","max-video-preview":"max-video-preview:-1"},"canonical":"https:\/\/www.fiemg.com.br\/fiemg\/noticias\/infrabusiness-expo-2025-e-lancada-oficialmente-em-evento-na-fiemg-e-projeta-movimentar-r-1-bilhao-em-negocios\/","og_locale":"pt_BR","og_type":"article","og_title":"InfraBusiness Expo 2025 \u00e9 lan\u00e7ada oficialmente em evento na FIEMG e projeta movimentar R$ 1 bilh\u00e3o em neg\u00f3cios - FIEMG","og_description":"Feira nacional de infraestrutura ser\u00e1 realizada de 12 a 14 de agosto, em Belo Horizonte, reunindo grandes marcas, lideran\u00e7as e especialistas de todo o pa\u00eds; expectativa \u00e9 de receber mais de 30 mil visitantes e consolidar Minas como hub do setor","og_url":"https:\/\/www.fiemg.com.br\/fiemg\/noticias\/infrabusiness-expo-2025-e-lancada-oficialmente-em-evento-na-fiemg-e-projeta-movimentar-r-1-bilhao-em-negocios\/","og_site_name":"FIEMG","article_modified_time":"2025-06-04T17:37:11+00:00","og_image":[{"width":512,"height":512,"url":"https:\/\/www.fiemg.com.br\/fiemg\/wp-content\/uploads\/sites\/10\/2025\/06\/Infra-Business-1.jpg","type":"image\/jpeg"}],"twitter_card":"summary_large_image","twitter_misc":{"Est. tempo de leitura":"5 minutos"},"schema":{"@context":"https:\/\/schema.org","@graph":[{"@type":"WebPage","@id":"https:\/\/www.fiemg.com.br\/fiemg\/noticias\/infrabusiness-expo-2025-e-lancada-oficialmente-em-evento-na-fiemg-e-projeta-movimentar-r-1-bilhao-em-negocios\/","url":"https:\/\/www.fiemg.com.br\/fiemg\/noticias\/infrabusiness-expo-2025-e-lancada-oficialmente-em-evento-na-fiemg-e-projeta-movimentar-r-1-bilhao-em-negocios\/","name":"InfraBusiness Expo 2025 \u00e9 lan\u00e7ada oficialmente em evento na FIEMG e projeta movimentar R$ 1 bilh\u00e3o em neg\u00f3cios - FIEMG","isPartOf":{"@id":"https:\/\/www.fiemg.com.br\/fiemg\/#website"},"primaryImageOfPage":{"@id":"https:\/\/www.fiemg.com.br\/fiemg\/noticias\/infrabusiness-expo-2025-e-lancada-oficialmente-em-evento-na-fiemg-e-projeta-movimentar-r-1-bilhao-em-negocios\/#primaryimage"},"image":{"@id":"https:\/\/www.fiemg.com.br\/fiemg\/noticias\/infrabusiness-expo-2025-e-lancada-oficialmente-em-evento-na-fiemg-e-projeta-movimentar-r-1-bilhao-em-negocios\/#primaryimage"},"thumbnailUrl":"https:\/\/www.fiemg.com.br\/fiemg\/wp-content\/uploads\/sites\/10\/2025\/06\/Infra-Business-1.jpg","datePublished":"2025-06-04T17:37:05+00:00","dateModified":"2025-06-04T17:37:11+00:00","description":"Feira nacional de infraestrutura ser\u00e1 realizada de 12 a 14 de agosto, em Belo Horizonte, reunindo grandes marcas, lideran\u00e7as e especialistas de todo o pa\u00eds; expectativa \u00e9 de receber mais de 30 mil visitantes e consolidar Minas como hub do setor","breadcrumb":{"@id":"https:\/\/www.fiemg.com.br\/fiemg\/noticias\/infrabusiness-expo-2025-e-lancada-oficialmente-em-evento-na-fiemg-e-projeta-movimentar-r-1-bilhao-em-negocios\/#breadcrumb"},"inLanguage":"pt-BR","potentialAction":[{"@type":"ReadAction","target":["https:\/\/www.fiemg.com.br\/fiemg\/noticias\/infrabusiness-expo-2025-e-lancada-oficialmente-em-evento-na-fiemg-e-projeta-movimentar-r-1-bilhao-em-negocios\/"]}]},{"@type":"ImageObject","inLanguage":"pt-BR","@id":"https:\/\/www.fiemg.com.br\/fiemg\/noticias\/infrabusiness-expo-2025-e-lancada-oficialmente-em-evento-na-fiemg-e-projeta-movimentar-r-1-bilhao-em-negocios\/#primaryimage","url":"https:\/\/www.fiemg.com.br\/fiemg\/wp-content\/uploads\/sites\/10\/2025\/06\/Infra-Business-1.jpg","contentUrl":"https:\/\/www.fiemg.com.br\/fiemg\/wp-content\/uploads\/sites\/10\/2025\/06\/Infra-Business-1.jpg","width":512,"height":512},{"@type":"BreadcrumbList","@id":"https:\/\/www.fiemg.com.br\/fiemg\/noticias\/infrabusiness-expo-2025-e-lancada-oficialmente-em-evento-na-fiemg-e-projeta-movimentar-r-1-bilhao-em-negocios\/#breadcrumb","itemListElement":[{"@type":"ListItem","position":1,"name":"In\u00edcio","item":"https:\/\/www.fiemg.com.br\/fiemg\/"},{"@type":"ListItem","position":2,"name":"InfraBusiness Expo 2025 \u00e9 lan\u00e7ada oficialmente em evento na FIEMG e projeta movimentar R$ 1 bilh\u00e3o em neg\u00f3cios"}]},{"@type":"WebSite","@id":"https:\/\/www.fiemg.com.br\/fiemg\/#website","url":"https:\/\/www.fiemg.com.br\/fiemg\/","name":"FIEMG","description":"Federa\u00e7\u00e3o das Ind\u00fastrias do Estado de Minas Gerais","publisher":{"@id":"https:\/\/www.fiemg.com.br\/fiemg\/#organization"},"potentialAction":[{"@type":"SearchAction","target":{"@type":"EntryPoint","urlTemplate":"https:\/\/www.fiemg.com.br\/fiemg\/?s={search_term_string}"},"query-input":{"@type":"PropertyValueSpecification","valueRequired":true,"valueName":"search_term_string"}}],"inLanguage":"pt-BR"},{"@type":"Organization","@id":"https:\/\/www.fiemg.com.br\/fiemg\/#organization","name":"FIEMG","url":"https:\/\/www.fiemg.com.br\/fiemg\/","logo":{"@type":"ImageObject","inLanguage":"pt-BR","@id":"https:\/\/www.fiemg.com.br\/fiemg\/#\/schema\/logo\/image\/","url":"https:\/\/www.fiemg.com.br\/fiemg\/wp-content\/uploads\/sites\/10\/2023\/02\/fiemg_branco.svg","contentUrl":"https:\/\/www.fiemg.com.br\/fiemg\/wp-content\/uploads\/sites\/10\/2023\/02\/fiemg_branco.svg","width":561,"height":147,"caption":"FIEMG"},"image":{"@id":"https:\/\/www.fiemg.com.br\/fiemg\/#\/schema\/logo\/image\/"}}]}},"_links":{"self":[{"href":"https:\/\/www.fiemg.com.br\/fiemg\/wp-json\/wp\/v2\/noticias\/8785","targetHints":{"allow":["GET"]}}],"collection":[{"href":"https:\/\/www.fiemg.com.br\/fiemg\/wp-json\/wp\/v2\/noticias"}],"about":[{"href":"https:\/\/www.fiemg.com.br\/fiemg\/wp-json\/wp\/v2\/types\/noticias"}],"wp:featuredmedia":[{"embeddable":true,"href":"https:\/\/www.fiemg.com.br\/fiemg\/wp-json\/wp\/v2\/media\/8786"}],"wp:attachment":[{"href":"https:\/\/www.fiemg.com.br\/fiemg\/wp-json\/wp\/v2\/media?parent=8785"}],"wp:term":[{"taxonomy":"category","embeddable":true,"href":"https:\/\/www.fiemg.com.br\/fiemg\/wp-json\/wp\/v2\/categories?post=8785"},{"taxonomy":"post_tag","embeddable":true,"href":"https:\/\/www.fiemg.com.br\/fiemg\/wp-json\/wp\/v2\/tags?post=8785"}],"curies":[{"name":"wp","href":"https:\/\/api.w.org\/{rel}","templated":true}]}}