{"id":8826,"date":"2025-06-06T16:44:33","date_gmt":"2025-06-06T19:44:33","guid":{"rendered":"https:\/\/www.fiemg.com.br\/fiemg\/noticias\/sindinova-marca-presenca-em-missao-a-argentina-com-recorde-de-negocios-internacionais\/"},"modified":"2025-06-06T16:44:40","modified_gmt":"2025-06-06T19:44:40","slug":"sindinova-marca-presenca-em-missao-a-argentina-com-recorde-de-negocios-internacionais","status":"publish","type":"noticias","link":"https:\/\/www.fiemg.com.br\/fiemg\/noticias\/sindinova-marca-presenca-em-missao-a-argentina-com-recorde-de-negocios-internacionais\/","title":{"rendered":"Sindinova marca presen\u00e7a em miss\u00e3o \u00e0 Argentina com recorde de neg\u00f3cios internacionais"},"content":{"rendered":"\n<p><\/p>\n\n\n\n<p>Com uma delega\u00e7\u00e3o formada por mais de 40 empres\u00e1rios, representantes do Sindicato Intermunicipal das Ind\u00fastrias de Cal\u00e7ados de Nova Serrana (Sindinova) e do governo de Minas Gerais, participaram da Fenova Buenos Aires, realizada entre os dias 2 e 4 de junho. A participa\u00e7\u00e3o do polo cal\u00e7adista de Nova Serrana bateu recordes em n\u00famero de compradores internacionais e agendas de neg\u00f3cios, consolidando a for\u00e7a e a qualidade do cal\u00e7ado mineiro no mercado argentino.<\/p>\n\n\n\n<p>Ao longo dos tr\u00eas dias de evento, 31 empresas mineiras participaram de 583 rodadas de neg\u00f3cios com 76 importadores argentinos, com uma expectativa de gera\u00e7\u00e3o de neg\u00f3cios na ordem de US$ 15 milh\u00f5es. Os encontros foram fundamentais para a abertura de novos mercados e para o fortalecimento das rela\u00e7\u00f5es comerciais entre Brasil e Argentina.<\/p>\n\n\n\n<p>O presidente do Sindinova, Rodrigo Martins, destacou a import\u00e2ncia da miss\u00e3o para a estrat\u00e9gia de internacionaliza\u00e7\u00e3o do polo. \u201cA Fenova Buenos Aires representou uma oportunidade concreta de expans\u00e3o para as nossas ind\u00fastrias, al\u00e9m de refor\u00e7ar o reconhecimento da qualidade e da competitividade do nosso produto no cen\u00e1rio internacional. Essa miss\u00e3o foi, sem d\u00favida, um marco para Nova Serrana\u201d, afirmou.<\/p>\n\n\n\n<h3 class=\"wp-block-heading\"><strong>Agenda intensa e oportunidades estrat\u00e9gicas<\/strong><\/h3>\n\n\n\n<p>No primeiro dia, os empres\u00e1rios participaram de visitas t\u00e9cnicas a lojas locais, observando tend\u00eancias e o perfil dos consumidores argentinos. \u00c0 tarde, foram recepcionados na cerim\u00f4nia de boas-vindas promovida pela Embaixada do Brasil em Buenos Aires, que contou com a presen\u00e7a de Daniel Medrado, subsecret\u00e1rio de Promo\u00e7\u00e3o de Investimentos e Cadeias Produtivas de Minas Gerais, e de Leonardo Valverde, conselheiro e Chefe do Setor de Promo\u00e7\u00e3o Comercial da Embaixada.<\/p>\n\n\n\n<p>As rodadas de neg\u00f3cios come\u00e7aram no segundo dia com resultados j\u00e1 promissores. Lojistas argentinos demonstraram forte interesse pelos produtos do polo, o que motivou os expositores a estreitar parcerias comerciais. A visita do embaixador do Brasil na Argentina, Julio Glinternick Bitelli, ao evento foi um dos destaques, com elogios \u00e0 qualidade dos produtos mineiros e apoio \u00e0 continuidade de a\u00e7\u00f5es como essa.<\/p>\n\n\n\n<p>No \u00faltimo dia, o evento recebeu ainda a visita do presidente da C\u00e2mara do Com\u00e9rcio de Cal\u00e7ados e Afins da Rep\u00fablica Argentina, Fabi\u00e1n Xavier Castilho, refor\u00e7ando a relev\u00e2ncia da Fenova Buenos Aires no cen\u00e1rio latino-americano.<\/p>\n\n\n\n<h3 class=\"wp-block-heading\"><strong>Compromisso com o crescimento<\/strong><\/h3>\n\n\n\n<p>A miss\u00e3o s\u00f3 foi poss\u00edvel gra\u00e7as ao apoio estrat\u00e9gico da Federa\u00e7\u00e3o das Ind\u00fastrias do Estado de Minas Gerais (FIEMG), do Governo de Minas Gerais e da Embaixada do Brasil em Buenos Aires, al\u00e9m do empenho do Sindinova que reafirma, com essa iniciativa, seu compromisso com a promo\u00e7\u00e3o internacional do setor.<\/p>\n\n\n\n<p>Para Rodrigo Martins, a consolida\u00e7\u00e3o de Nova Serrana como refer\u00eancia em cal\u00e7ados passa por a\u00e7\u00f5es cont\u00ednuas de articula\u00e7\u00e3o com o mercado externo: \u201cEstamos investindo no futuro do nosso polo. Miss\u00f5es como essa mostram que temos produto, estrutura e capacidade para competir em alto n\u00edvel\u201d, disse.<\/p>\n\n\n\n<p>A participa\u00e7\u00e3o hist\u00f3rica na Fenova Buenos Aires reafirma a voca\u00e7\u00e3o exportadora das ind\u00fastrias de Nova Serrana e projeta um cen\u00e1rio otimista para os pr\u00f3ximos anos no setor cal\u00e7adista mineiro.<\/p>\n\n\n\n<p><em>Tha\u00eds Mota<\/em><br><strong>Imprensa FIEMG<\/strong><\/p>\n","protected":false},"featured_media":8827,"template":"","categories":[15],"tags":[1385,879,1386,894],"class_list":["post-8826","noticias","type-noticias","status-publish","has-post-thumbnail","hentry","category-desenvolvimento-industrial","tag-missao-argentina","tag-nova-serrana","tag-setor-calcadista","tag-sindinova"],"acf":[],"yoast_head":"<!-- This site is optimized with the Yoast SEO plugin v26.2 - https:\/\/yoast.com\/wordpress\/plugins\/seo\/ -->\n<title>Sindinova marca presen\u00e7a em miss\u00e3o \u00e0 Argentina com recorde de neg\u00f3cios internacionais - FIEMG<\/title>\n<meta name=\"description\" content=\"Ao longo dos tr\u00eas dias de evento, 31 empresas mineiras participaram de 583 rodadas de neg\u00f3cios, com uma expectativa de gera\u00e7\u00e3o de neg\u00f3cios na ordem de US$ 15 milh\u00f5es\" \/>\n<meta name=\"robots\" content=\"index, follow, max-snippet:-1, max-image-preview:large, max-video-preview:-1\" \/>\n<link rel=\"canonical\" href=\"https:\/\/www.fiemg.com.br\/fiemg\/noticias\/sindinova-marca-presenca-em-missao-a-argentina-com-recorde-de-negocios-internacionais\/\" \/>\n<meta property=\"og:locale\" content=\"pt_BR\" \/>\n<meta property=\"og:type\" content=\"article\" \/>\n<meta property=\"og:title\" content=\"Sindinova marca presen\u00e7a em miss\u00e3o \u00e0 Argentina com recorde de neg\u00f3cios internacionais - FIEMG\" \/>\n<meta property=\"og:description\" content=\"Ao longo dos tr\u00eas dias de evento, 31 empresas mineiras participaram de 583 rodadas de neg\u00f3cios, com uma expectativa de gera\u00e7\u00e3o de neg\u00f3cios na ordem de US$ 15 milh\u00f5es\" \/>\n<meta property=\"og:url\" content=\"https:\/\/www.fiemg.com.br\/fiemg\/noticias\/sindinova-marca-presenca-em-missao-a-argentina-com-recorde-de-negocios-internacionais\/\" \/>\n<meta property=\"og:site_name\" content=\"FIEMG\" \/>\n<meta property=\"article:modified_time\" content=\"2025-06-06T19:44:40+00:00\" \/>\n<meta property=\"og:image\" content=\"https:\/\/www.fiemg.com.br\/fiemg\/wp-content\/uploads\/sites\/10\/2025\/06\/Sindinova-Missao-Argentina-2.jpg\" \/>\n\t<meta property=\"og:image:width\" content=\"512\" \/>\n\t<meta property=\"og:image:height\" content=\"512\" \/>\n\t<meta property=\"og:image:type\" content=\"image\/jpeg\" \/>\n<meta name=\"twitter:card\" content=\"summary_large_image\" \/>\n<meta name=\"twitter:label1\" content=\"Est. tempo de leitura\" \/>\n\t<meta name=\"twitter:data1\" content=\"3 minutos\" \/>\n<script type=\"application\/ld+json\" class=\"yoast-schema-graph\">{\"@context\":\"https:\/\/schema.org\",\"@graph\":[{\"@type\":\"WebPage\",\"@id\":\"https:\/\/www.fiemg.com.br\/fiemg\/noticias\/sindinova-marca-presenca-em-missao-a-argentina-com-recorde-de-negocios-internacionais\/\",\"url\":\"https:\/\/www.fiemg.com.br\/fiemg\/noticias\/sindinova-marca-presenca-em-missao-a-argentina-com-recorde-de-negocios-internacionais\/\",\"name\":\"Sindinova marca presen\u00e7a em miss\u00e3o \u00e0 Argentina com recorde de neg\u00f3cios internacionais - FIEMG\",\"isPartOf\":{\"@id\":\"https:\/\/www.fiemg.com.br\/fiemg\/#website\"},\"primaryImageOfPage\":{\"@id\":\"https:\/\/www.fiemg.com.br\/fiemg\/noticias\/sindinova-marca-presenca-em-missao-a-argentina-com-recorde-de-negocios-internacionais\/#primaryimage\"},\"image\":{\"@id\":\"https:\/\/www.fiemg.com.br\/fiemg\/noticias\/sindinova-marca-presenca-em-missao-a-argentina-com-recorde-de-negocios-internacionais\/#primaryimage\"},\"thumbnailUrl\":\"https:\/\/www.fiemg.com.br\/fiemg\/wp-content\/uploads\/sites\/10\/2025\/06\/Sindinova-Missao-Argentina-2.jpg\",\"datePublished\":\"2025-06-06T19:44:33+00:00\",\"dateModified\":\"2025-06-06T19:44:40+00:00\",\"description\":\"Ao longo dos tr\u00eas dias de evento, 31 empresas mineiras participaram de 583 rodadas de neg\u00f3cios, com uma expectativa de gera\u00e7\u00e3o de neg\u00f3cios na ordem de US$ 15 milh\u00f5es\",\"breadcrumb\":{\"@id\":\"https:\/\/www.fiemg.com.br\/fiemg\/noticias\/sindinova-marca-presenca-em-missao-a-argentina-com-recorde-de-negocios-internacionais\/#breadcrumb\"},\"inLanguage\":\"pt-BR\",\"potentialAction\":[{\"@type\":\"ReadAction\",\"target\":[\"https:\/\/www.fiemg.com.br\/fiemg\/noticias\/sindinova-marca-presenca-em-missao-a-argentina-com-recorde-de-negocios-internacionais\/\"]}]},{\"@type\":\"ImageObject\",\"inLanguage\":\"pt-BR\",\"@id\":\"https:\/\/www.fiemg.com.br\/fiemg\/noticias\/sindinova-marca-presenca-em-missao-a-argentina-com-recorde-de-negocios-internacionais\/#primaryimage\",\"url\":\"https:\/\/www.fiemg.com.br\/fiemg\/wp-content\/uploads\/sites\/10\/2025\/06\/Sindinova-Missao-Argentina-2.jpg\",\"contentUrl\":\"https:\/\/www.fiemg.com.br\/fiemg\/wp-content\/uploads\/sites\/10\/2025\/06\/Sindinova-Missao-Argentina-2.jpg\",\"width\":512,\"height\":512},{\"@type\":\"BreadcrumbList\",\"@id\":\"https:\/\/www.fiemg.com.br\/fiemg\/noticias\/sindinova-marca-presenca-em-missao-a-argentina-com-recorde-de-negocios-internacionais\/#breadcrumb\",\"itemListElement\":[{\"@type\":\"ListItem\",\"position\":1,\"name\":\"In\u00edcio\",\"item\":\"https:\/\/www.fiemg.com.br\/fiemg\/\"},{\"@type\":\"ListItem\",\"position\":2,\"name\":\"Sindinova marca presen\u00e7a em miss\u00e3o \u00e0 Argentina com recorde de neg\u00f3cios internacionais\"}]},{\"@type\":\"WebSite\",\"@id\":\"https:\/\/www.fiemg.com.br\/fiemg\/#website\",\"url\":\"https:\/\/www.fiemg.com.br\/fiemg\/\",\"name\":\"FIEMG\",\"description\":\"Federa\u00e7\u00e3o das Ind\u00fastrias do Estado de Minas Gerais\",\"publisher\":{\"@id\":\"https:\/\/www.fiemg.com.br\/fiemg\/#organization\"},\"potentialAction\":[{\"@type\":\"SearchAction\",\"target\":{\"@type\":\"EntryPoint\",\"urlTemplate\":\"https:\/\/www.fiemg.com.br\/fiemg\/?s={search_term_string}\"},\"query-input\":{\"@type\":\"PropertyValueSpecification\",\"valueRequired\":true,\"valueName\":\"search_term_string\"}}],\"inLanguage\":\"pt-BR\"},{\"@type\":\"Organization\",\"@id\":\"https:\/\/www.fiemg.com.br\/fiemg\/#organization\",\"name\":\"FIEMG\",\"url\":\"https:\/\/www.fiemg.com.br\/fiemg\/\",\"logo\":{\"@type\":\"ImageObject\",\"inLanguage\":\"pt-BR\",\"@id\":\"https:\/\/www.fiemg.com.br\/fiemg\/#\/schema\/logo\/image\/\",\"url\":\"https:\/\/www.fiemg.com.br\/fiemg\/wp-content\/uploads\/sites\/10\/2023\/02\/fiemg_branco.svg\",\"contentUrl\":\"https:\/\/www.fiemg.com.br\/fiemg\/wp-content\/uploads\/sites\/10\/2023\/02\/fiemg_branco.svg\",\"width\":561,\"height\":147,\"caption\":\"FIEMG\"},\"image\":{\"@id\":\"https:\/\/www.fiemg.com.br\/fiemg\/#\/schema\/logo\/image\/\"}}]}<\/script>\n<!-- \/ Yoast SEO plugin. -->","yoast_head_json":{"title":"Sindinova marca presen\u00e7a em miss\u00e3o \u00e0 Argentina com recorde de neg\u00f3cios internacionais - FIEMG","description":"Ao longo dos tr\u00eas dias de evento, 31 empresas mineiras participaram de 583 rodadas de neg\u00f3cios, com uma expectativa de gera\u00e7\u00e3o de neg\u00f3cios na ordem de US$ 15 milh\u00f5es","robots":{"index":"index","follow":"follow","max-snippet":"max-snippet:-1","max-image-preview":"max-image-preview:large","max-video-preview":"max-video-preview:-1"},"canonical":"https:\/\/www.fiemg.com.br\/fiemg\/noticias\/sindinova-marca-presenca-em-missao-a-argentina-com-recorde-de-negocios-internacionais\/","og_locale":"pt_BR","og_type":"article","og_title":"Sindinova marca presen\u00e7a em miss\u00e3o \u00e0 Argentina com recorde de neg\u00f3cios internacionais - FIEMG","og_description":"Ao longo dos tr\u00eas dias de evento, 31 empresas mineiras participaram de 583 rodadas de neg\u00f3cios, com uma expectativa de gera\u00e7\u00e3o de neg\u00f3cios na ordem de US$ 15 milh\u00f5es","og_url":"https:\/\/www.fiemg.com.br\/fiemg\/noticias\/sindinova-marca-presenca-em-missao-a-argentina-com-recorde-de-negocios-internacionais\/","og_site_name":"FIEMG","article_modified_time":"2025-06-06T19:44:40+00:00","og_image":[{"width":512,"height":512,"url":"https:\/\/www.fiemg.com.br\/fiemg\/wp-content\/uploads\/sites\/10\/2025\/06\/Sindinova-Missao-Argentina-2.jpg","type":"image\/jpeg"}],"twitter_card":"summary_large_image","twitter_misc":{"Est. tempo de leitura":"3 minutos"},"schema":{"@context":"https:\/\/schema.org","@graph":[{"@type":"WebPage","@id":"https:\/\/www.fiemg.com.br\/fiemg\/noticias\/sindinova-marca-presenca-em-missao-a-argentina-com-recorde-de-negocios-internacionais\/","url":"https:\/\/www.fiemg.com.br\/fiemg\/noticias\/sindinova-marca-presenca-em-missao-a-argentina-com-recorde-de-negocios-internacionais\/","name":"Sindinova marca presen\u00e7a em miss\u00e3o \u00e0 Argentina com recorde de neg\u00f3cios internacionais - FIEMG","isPartOf":{"@id":"https:\/\/www.fiemg.com.br\/fiemg\/#website"},"primaryImageOfPage":{"@id":"https:\/\/www.fiemg.com.br\/fiemg\/noticias\/sindinova-marca-presenca-em-missao-a-argentina-com-recorde-de-negocios-internacionais\/#primaryimage"},"image":{"@id":"https:\/\/www.fiemg.com.br\/fiemg\/noticias\/sindinova-marca-presenca-em-missao-a-argentina-com-recorde-de-negocios-internacionais\/#primaryimage"},"thumbnailUrl":"https:\/\/www.fiemg.com.br\/fiemg\/wp-content\/uploads\/sites\/10\/2025\/06\/Sindinova-Missao-Argentina-2.jpg","datePublished":"2025-06-06T19:44:33+00:00","dateModified":"2025-06-06T19:44:40+00:00","description":"Ao longo dos tr\u00eas dias de evento, 31 empresas mineiras participaram de 583 rodadas de neg\u00f3cios, com uma expectativa de gera\u00e7\u00e3o de neg\u00f3cios na ordem de US$ 15 milh\u00f5es","breadcrumb":{"@id":"https:\/\/www.fiemg.com.br\/fiemg\/noticias\/sindinova-marca-presenca-em-missao-a-argentina-com-recorde-de-negocios-internacionais\/#breadcrumb"},"inLanguage":"pt-BR","potentialAction":[{"@type":"ReadAction","target":["https:\/\/www.fiemg.com.br\/fiemg\/noticias\/sindinova-marca-presenca-em-missao-a-argentina-com-recorde-de-negocios-internacionais\/"]}]},{"@type":"ImageObject","inLanguage":"pt-BR","@id":"https:\/\/www.fiemg.com.br\/fiemg\/noticias\/sindinova-marca-presenca-em-missao-a-argentina-com-recorde-de-negocios-internacionais\/#primaryimage","url":"https:\/\/www.fiemg.com.br\/fiemg\/wp-content\/uploads\/sites\/10\/2025\/06\/Sindinova-Missao-Argentina-2.jpg","contentUrl":"https:\/\/www.fiemg.com.br\/fiemg\/wp-content\/uploads\/sites\/10\/2025\/06\/Sindinova-Missao-Argentina-2.jpg","width":512,"height":512},{"@type":"BreadcrumbList","@id":"https:\/\/www.fiemg.com.br\/fiemg\/noticias\/sindinova-marca-presenca-em-missao-a-argentina-com-recorde-de-negocios-internacionais\/#breadcrumb","itemListElement":[{"@type":"ListItem","position":1,"name":"In\u00edcio","item":"https:\/\/www.fiemg.com.br\/fiemg\/"},{"@type":"ListItem","position":2,"name":"Sindinova marca presen\u00e7a em miss\u00e3o \u00e0 Argentina com recorde de neg\u00f3cios internacionais"}]},{"@type":"WebSite","@id":"https:\/\/www.fiemg.com.br\/fiemg\/#website","url":"https:\/\/www.fiemg.com.br\/fiemg\/","name":"FIEMG","description":"Federa\u00e7\u00e3o das Ind\u00fastrias do Estado de Minas Gerais","publisher":{"@id":"https:\/\/www.fiemg.com.br\/fiemg\/#organization"},"potentialAction":[{"@type":"SearchAction","target":{"@type":"EntryPoint","urlTemplate":"https:\/\/www.fiemg.com.br\/fiemg\/?s={search_term_string}"},"query-input":{"@type":"PropertyValueSpecification","valueRequired":true,"valueName":"search_term_string"}}],"inLanguage":"pt-BR"},{"@type":"Organization","@id":"https:\/\/www.fiemg.com.br\/fiemg\/#organization","name":"FIEMG","url":"https:\/\/www.fiemg.com.br\/fiemg\/","logo":{"@type":"ImageObject","inLanguage":"pt-BR","@id":"https:\/\/www.fiemg.com.br\/fiemg\/#\/schema\/logo\/image\/","url":"https:\/\/www.fiemg.com.br\/fiemg\/wp-content\/uploads\/sites\/10\/2023\/02\/fiemg_branco.svg","contentUrl":"https:\/\/www.fiemg.com.br\/fiemg\/wp-content\/uploads\/sites\/10\/2023\/02\/fiemg_branco.svg","width":561,"height":147,"caption":"FIEMG"},"image":{"@id":"https:\/\/www.fiemg.com.br\/fiemg\/#\/schema\/logo\/image\/"}}]}},"_links":{"self":[{"href":"https:\/\/www.fiemg.com.br\/fiemg\/wp-json\/wp\/v2\/noticias\/8826","targetHints":{"allow":["GET"]}}],"collection":[{"href":"https:\/\/www.fiemg.com.br\/fiemg\/wp-json\/wp\/v2\/noticias"}],"about":[{"href":"https:\/\/www.fiemg.com.br\/fiemg\/wp-json\/wp\/v2\/types\/noticias"}],"wp:featuredmedia":[{"embeddable":true,"href":"https:\/\/www.fiemg.com.br\/fiemg\/wp-json\/wp\/v2\/media\/8827"}],"wp:attachment":[{"href":"https:\/\/www.fiemg.com.br\/fiemg\/wp-json\/wp\/v2\/media?parent=8826"}],"wp:term":[{"taxonomy":"category","embeddable":true,"href":"https:\/\/www.fiemg.com.br\/fiemg\/wp-json\/wp\/v2\/categories?post=8826"},{"taxonomy":"post_tag","embeddable":true,"href":"https:\/\/www.fiemg.com.br\/fiemg\/wp-json\/wp\/v2\/tags?post=8826"}],"curies":[{"name":"wp","href":"https:\/\/api.w.org\/{rel}","templated":true}]}}