{"id":8852,"date":"2025-06-11T13:01:26","date_gmt":"2025-06-11T16:01:26","guid":{"rendered":"https:\/\/www.fiemg.com.br\/fiemg\/?post_type=noticias&#038;p=8852"},"modified":"2025-06-11T13:01:32","modified_gmt":"2025-06-11T16:01:32","slug":"presidente-da-fiemg-vale-do-aco-participa-de-abertura-do-15o-workshop-da-abm-2","status":"publish","type":"noticias","link":"https:\/\/www.fiemg.com.br\/fiemg\/noticias\/presidente-da-fiemg-vale-do-aco-participa-de-abertura-do-15o-workshop-da-abm-2\/","title":{"rendered":"Presidente da FIEMG Vale do A\u00e7o participa de Abertura do 15\u00ba Workshop da\u00a0ABM"},"content":{"rendered":"\n<p>O Presidente da FIEMG Regional Vale do A\u00e7o, Jo\u00e3o Batista Alves, prestigiou nesta quarta-feira, 11\/06, a Cerim\u00f4nia de Abertura do 15\u00ba Workshop de Sa\u00fade e Seguran\u00e7a Ocupacional e de Processos&nbsp;promovido pela Associa\u00e7\u00e3o Brasileira de Metalurgia, Materiais e Minera\u00e7\u00e3o \u2013 ABM.<\/p>\n\n\n\n<p>Em seu discurso, o l\u00edder industrial parabenizou a ABM por mais uma edi\u00e7\u00e3o exitosa. \u201cA ABM \u00e9 uma entidade essencial na difus\u00e3o do conhecimento t\u00e9cnico-cient\u00edfico na regi\u00e3o, conectando desafios e propondo solu\u00e7\u00f5es. Precisamos investir cada vez mais na sa\u00fade e seguran\u00e7a das pessoas e processos com foco na preven\u00e7\u00e3o e a FIEMG Vale do A\u00e7o, por meio do SESI Sa\u00fade e Seguran\u00e7a no Trabalho, tem orgulho de apoiar essa a\u00e7\u00e3o que proporciona debates de alto n\u00edvel, al\u00e9m da atualiza\u00e7\u00e3o, aprimoramento profissional e boas pr\u00e1ticas em prol da ind\u00fastria\u201d, disse.<\/p>\n\n\n\n<p>O evento acontece nos dias 11 e 12 de junho, no Instituto Usiminas com diversos pain\u00e9is com foco na troca de experi\u00eancias, cases de sucesso e discuss\u00f5es sobre temas que v\u00e3o al\u00e9m da legisla\u00e7\u00e3o. Uma boa oportunidade para engenheiros, t\u00e9cnicos de seguran\u00e7a, gestores, acad\u00eamicos e todos os interessados fortalecerem diretrizes fundamentais para processos mais seguros e eficientes.<\/p>\n\n\n\n<p>Participaram da solenidade de abertura: o Coordenador da Comiss\u00e3o Organizadora do 15\u00baWorkshop de Sa\u00fade Seguran\u00e7a Ocupacional e de Processos e Diretor da ABM Regional Vale do A\u00e7o, Mateus Alexandre da Silva, Horac\u00eddio Leal Filho \u2013 Presidente Executivo da ABM, Frederico Ayres Lima \u2013 CEO da Aperam South America e Marcelo Chara \u2013 CEO da Usiminas.<\/p>\n\n\n\n<p><strong>Imprensa FIEMG<\/strong><\/p>\n\n\n\n<p><\/p>\n","protected":false},"featured_media":8853,"template":"","categories":[15],"tags":[1393,78,1294],"class_list":["post-8852","noticias","type-noticias","status-publish","has-post-thumbnail","hentry","category-desenvolvimento-industrial","tag-15-workshop","tag-fiemg","tag-regional-vale-do-aco"],"acf":[],"yoast_head":"<!-- This site is optimized with the Yoast SEO plugin v26.2 - https:\/\/yoast.com\/wordpress\/plugins\/seo\/ -->\n<title>Presidente da FIEMG Vale do A\u00e7o participa de Abertura do 15\u00ba Workshop da\u00a0ABM - FIEMG<\/title>\n<meta name=\"description\" content=\"Evento fomenta debates de alto n\u00edvel, aprimoramento profissional e boas pr\u00e1ticas acerca da Sa\u00fade e Seguran\u00e7a Ocupacional e de Processos\" \/>\n<meta name=\"robots\" content=\"index, follow, max-snippet:-1, max-image-preview:large, max-video-preview:-1\" \/>\n<link rel=\"canonical\" href=\"https:\/\/www.fiemg.com.br\/fiemg\/noticias\/presidente-da-fiemg-vale-do-aco-participa-de-abertura-do-15o-workshop-da-abm-2\/\" \/>\n<meta property=\"og:locale\" content=\"pt_BR\" \/>\n<meta property=\"og:type\" content=\"article\" \/>\n<meta property=\"og:title\" content=\"Presidente da FIEMG Vale do A\u00e7o participa de Abertura do 15\u00ba Workshop da\u00a0ABM - FIEMG\" \/>\n<meta property=\"og:description\" content=\"Evento fomenta debates de alto n\u00edvel, aprimoramento profissional e boas pr\u00e1ticas acerca da Sa\u00fade e Seguran\u00e7a Ocupacional e de Processos\" \/>\n<meta property=\"og:url\" content=\"https:\/\/www.fiemg.com.br\/fiemg\/noticias\/presidente-da-fiemg-vale-do-aco-participa-de-abertura-do-15o-workshop-da-abm-2\/\" \/>\n<meta property=\"og:site_name\" content=\"FIEMG\" \/>\n<meta property=\"article:modified_time\" content=\"2025-06-11T16:01:32+00:00\" \/>\n<meta property=\"og:image\" content=\"https:\/\/www.fiemg.com.br\/fiemg\/wp-content\/uploads\/sites\/10\/2025\/06\/1111.jpg\" \/>\n\t<meta property=\"og:image:width\" content=\"700\" \/>\n\t<meta property=\"og:image:height\" content=\"779\" \/>\n\t<meta property=\"og:image:type\" content=\"image\/jpeg\" \/>\n<meta name=\"twitter:card\" content=\"summary_large_image\" \/>\n<meta name=\"twitter:label1\" content=\"Est. tempo de leitura\" \/>\n\t<meta name=\"twitter:data1\" content=\"2 minutos\" \/>\n<script type=\"application\/ld+json\" class=\"yoast-schema-graph\">{\"@context\":\"https:\/\/schema.org\",\"@graph\":[{\"@type\":\"WebPage\",\"@id\":\"https:\/\/www.fiemg.com.br\/fiemg\/noticias\/presidente-da-fiemg-vale-do-aco-participa-de-abertura-do-15o-workshop-da-abm-2\/\",\"url\":\"https:\/\/www.fiemg.com.br\/fiemg\/noticias\/presidente-da-fiemg-vale-do-aco-participa-de-abertura-do-15o-workshop-da-abm-2\/\",\"name\":\"Presidente da FIEMG Vale do A\u00e7o participa de Abertura do 15\u00ba Workshop da\u00a0ABM - FIEMG\",\"isPartOf\":{\"@id\":\"https:\/\/www.fiemg.com.br\/fiemg\/#website\"},\"primaryImageOfPage\":{\"@id\":\"https:\/\/www.fiemg.com.br\/fiemg\/noticias\/presidente-da-fiemg-vale-do-aco-participa-de-abertura-do-15o-workshop-da-abm-2\/#primaryimage\"},\"image\":{\"@id\":\"https:\/\/www.fiemg.com.br\/fiemg\/noticias\/presidente-da-fiemg-vale-do-aco-participa-de-abertura-do-15o-workshop-da-abm-2\/#primaryimage\"},\"thumbnailUrl\":\"https:\/\/www.fiemg.com.br\/fiemg\/wp-content\/uploads\/sites\/10\/2025\/06\/1111.jpg\",\"datePublished\":\"2025-06-11T16:01:26+00:00\",\"dateModified\":\"2025-06-11T16:01:32+00:00\",\"description\":\"Evento fomenta debates de alto n\u00edvel, aprimoramento profissional e boas pr\u00e1ticas acerca da Sa\u00fade e Seguran\u00e7a Ocupacional e de Processos\",\"breadcrumb\":{\"@id\":\"https:\/\/www.fiemg.com.br\/fiemg\/noticias\/presidente-da-fiemg-vale-do-aco-participa-de-abertura-do-15o-workshop-da-abm-2\/#breadcrumb\"},\"inLanguage\":\"pt-BR\",\"potentialAction\":[{\"@type\":\"ReadAction\",\"target\":[\"https:\/\/www.fiemg.com.br\/fiemg\/noticias\/presidente-da-fiemg-vale-do-aco-participa-de-abertura-do-15o-workshop-da-abm-2\/\"]}]},{\"@type\":\"ImageObject\",\"inLanguage\":\"pt-BR\",\"@id\":\"https:\/\/www.fiemg.com.br\/fiemg\/noticias\/presidente-da-fiemg-vale-do-aco-participa-de-abertura-do-15o-workshop-da-abm-2\/#primaryimage\",\"url\":\"https:\/\/www.fiemg.com.br\/fiemg\/wp-content\/uploads\/sites\/10\/2025\/06\/1111.jpg\",\"contentUrl\":\"https:\/\/www.fiemg.com.br\/fiemg\/wp-content\/uploads\/sites\/10\/2025\/06\/1111.jpg\",\"width\":700,\"height\":779},{\"@type\":\"BreadcrumbList\",\"@id\":\"https:\/\/www.fiemg.com.br\/fiemg\/noticias\/presidente-da-fiemg-vale-do-aco-participa-de-abertura-do-15o-workshop-da-abm-2\/#breadcrumb\",\"itemListElement\":[{\"@type\":\"ListItem\",\"position\":1,\"name\":\"In\u00edcio\",\"item\":\"https:\/\/www.fiemg.com.br\/fiemg\/\"},{\"@type\":\"ListItem\",\"position\":2,\"name\":\"Presidente da FIEMG Vale do A\u00e7o participa de Abertura do 15\u00ba Workshop da\u00a0ABM\"}]},{\"@type\":\"WebSite\",\"@id\":\"https:\/\/www.fiemg.com.br\/fiemg\/#website\",\"url\":\"https:\/\/www.fiemg.com.br\/fiemg\/\",\"name\":\"FIEMG\",\"description\":\"Federa\u00e7\u00e3o das Ind\u00fastrias do Estado de Minas Gerais\",\"publisher\":{\"@id\":\"https:\/\/www.fiemg.com.br\/fiemg\/#organization\"},\"potentialAction\":[{\"@type\":\"SearchAction\",\"target\":{\"@type\":\"EntryPoint\",\"urlTemplate\":\"https:\/\/www.fiemg.com.br\/fiemg\/?s={search_term_string}\"},\"query-input\":{\"@type\":\"PropertyValueSpecification\",\"valueRequired\":true,\"valueName\":\"search_term_string\"}}],\"inLanguage\":\"pt-BR\"},{\"@type\":\"Organization\",\"@id\":\"https:\/\/www.fiemg.com.br\/fiemg\/#organization\",\"name\":\"FIEMG\",\"url\":\"https:\/\/www.fiemg.com.br\/fiemg\/\",\"logo\":{\"@type\":\"ImageObject\",\"inLanguage\":\"pt-BR\",\"@id\":\"https:\/\/www.fiemg.com.br\/fiemg\/#\/schema\/logo\/image\/\",\"url\":\"https:\/\/www.fiemg.com.br\/fiemg\/wp-content\/uploads\/sites\/10\/2023\/02\/fiemg_branco.svg\",\"contentUrl\":\"https:\/\/www.fiemg.com.br\/fiemg\/wp-content\/uploads\/sites\/10\/2023\/02\/fiemg_branco.svg\",\"width\":561,\"height\":147,\"caption\":\"FIEMG\"},\"image\":{\"@id\":\"https:\/\/www.fiemg.com.br\/fiemg\/#\/schema\/logo\/image\/\"}}]}<\/script>\n<!-- \/ Yoast SEO plugin. -->","yoast_head_json":{"title":"Presidente da FIEMG Vale do A\u00e7o participa de Abertura do 15\u00ba Workshop da\u00a0ABM - FIEMG","description":"Evento fomenta debates de alto n\u00edvel, aprimoramento profissional e boas pr\u00e1ticas acerca da Sa\u00fade e Seguran\u00e7a Ocupacional e de Processos","robots":{"index":"index","follow":"follow","max-snippet":"max-snippet:-1","max-image-preview":"max-image-preview:large","max-video-preview":"max-video-preview:-1"},"canonical":"https:\/\/www.fiemg.com.br\/fiemg\/noticias\/presidente-da-fiemg-vale-do-aco-participa-de-abertura-do-15o-workshop-da-abm-2\/","og_locale":"pt_BR","og_type":"article","og_title":"Presidente da FIEMG Vale do A\u00e7o participa de Abertura do 15\u00ba Workshop da\u00a0ABM - FIEMG","og_description":"Evento fomenta debates de alto n\u00edvel, aprimoramento profissional e boas pr\u00e1ticas acerca da Sa\u00fade e Seguran\u00e7a Ocupacional e de Processos","og_url":"https:\/\/www.fiemg.com.br\/fiemg\/noticias\/presidente-da-fiemg-vale-do-aco-participa-de-abertura-do-15o-workshop-da-abm-2\/","og_site_name":"FIEMG","article_modified_time":"2025-06-11T16:01:32+00:00","og_image":[{"width":700,"height":779,"url":"https:\/\/www.fiemg.com.br\/fiemg\/wp-content\/uploads\/sites\/10\/2025\/06\/1111.jpg","type":"image\/jpeg"}],"twitter_card":"summary_large_image","twitter_misc":{"Est. tempo de leitura":"2 minutos"},"schema":{"@context":"https:\/\/schema.org","@graph":[{"@type":"WebPage","@id":"https:\/\/www.fiemg.com.br\/fiemg\/noticias\/presidente-da-fiemg-vale-do-aco-participa-de-abertura-do-15o-workshop-da-abm-2\/","url":"https:\/\/www.fiemg.com.br\/fiemg\/noticias\/presidente-da-fiemg-vale-do-aco-participa-de-abertura-do-15o-workshop-da-abm-2\/","name":"Presidente da FIEMG Vale do A\u00e7o participa de Abertura do 15\u00ba Workshop da\u00a0ABM - FIEMG","isPartOf":{"@id":"https:\/\/www.fiemg.com.br\/fiemg\/#website"},"primaryImageOfPage":{"@id":"https:\/\/www.fiemg.com.br\/fiemg\/noticias\/presidente-da-fiemg-vale-do-aco-participa-de-abertura-do-15o-workshop-da-abm-2\/#primaryimage"},"image":{"@id":"https:\/\/www.fiemg.com.br\/fiemg\/noticias\/presidente-da-fiemg-vale-do-aco-participa-de-abertura-do-15o-workshop-da-abm-2\/#primaryimage"},"thumbnailUrl":"https:\/\/www.fiemg.com.br\/fiemg\/wp-content\/uploads\/sites\/10\/2025\/06\/1111.jpg","datePublished":"2025-06-11T16:01:26+00:00","dateModified":"2025-06-11T16:01:32+00:00","description":"Evento fomenta debates de alto n\u00edvel, aprimoramento profissional e boas pr\u00e1ticas acerca da Sa\u00fade e Seguran\u00e7a Ocupacional e de Processos","breadcrumb":{"@id":"https:\/\/www.fiemg.com.br\/fiemg\/noticias\/presidente-da-fiemg-vale-do-aco-participa-de-abertura-do-15o-workshop-da-abm-2\/#breadcrumb"},"inLanguage":"pt-BR","potentialAction":[{"@type":"ReadAction","target":["https:\/\/www.fiemg.com.br\/fiemg\/noticias\/presidente-da-fiemg-vale-do-aco-participa-de-abertura-do-15o-workshop-da-abm-2\/"]}]},{"@type":"ImageObject","inLanguage":"pt-BR","@id":"https:\/\/www.fiemg.com.br\/fiemg\/noticias\/presidente-da-fiemg-vale-do-aco-participa-de-abertura-do-15o-workshop-da-abm-2\/#primaryimage","url":"https:\/\/www.fiemg.com.br\/fiemg\/wp-content\/uploads\/sites\/10\/2025\/06\/1111.jpg","contentUrl":"https:\/\/www.fiemg.com.br\/fiemg\/wp-content\/uploads\/sites\/10\/2025\/06\/1111.jpg","width":700,"height":779},{"@type":"BreadcrumbList","@id":"https:\/\/www.fiemg.com.br\/fiemg\/noticias\/presidente-da-fiemg-vale-do-aco-participa-de-abertura-do-15o-workshop-da-abm-2\/#breadcrumb","itemListElement":[{"@type":"ListItem","position":1,"name":"In\u00edcio","item":"https:\/\/www.fiemg.com.br\/fiemg\/"},{"@type":"ListItem","position":2,"name":"Presidente da FIEMG Vale do A\u00e7o participa de Abertura do 15\u00ba Workshop da\u00a0ABM"}]},{"@type":"WebSite","@id":"https:\/\/www.fiemg.com.br\/fiemg\/#website","url":"https:\/\/www.fiemg.com.br\/fiemg\/","name":"FIEMG","description":"Federa\u00e7\u00e3o das Ind\u00fastrias do Estado de Minas Gerais","publisher":{"@id":"https:\/\/www.fiemg.com.br\/fiemg\/#organization"},"potentialAction":[{"@type":"SearchAction","target":{"@type":"EntryPoint","urlTemplate":"https:\/\/www.fiemg.com.br\/fiemg\/?s={search_term_string}"},"query-input":{"@type":"PropertyValueSpecification","valueRequired":true,"valueName":"search_term_string"}}],"inLanguage":"pt-BR"},{"@type":"Organization","@id":"https:\/\/www.fiemg.com.br\/fiemg\/#organization","name":"FIEMG","url":"https:\/\/www.fiemg.com.br\/fiemg\/","logo":{"@type":"ImageObject","inLanguage":"pt-BR","@id":"https:\/\/www.fiemg.com.br\/fiemg\/#\/schema\/logo\/image\/","url":"https:\/\/www.fiemg.com.br\/fiemg\/wp-content\/uploads\/sites\/10\/2023\/02\/fiemg_branco.svg","contentUrl":"https:\/\/www.fiemg.com.br\/fiemg\/wp-content\/uploads\/sites\/10\/2023\/02\/fiemg_branco.svg","width":561,"height":147,"caption":"FIEMG"},"image":{"@id":"https:\/\/www.fiemg.com.br\/fiemg\/#\/schema\/logo\/image\/"}}]}},"_links":{"self":[{"href":"https:\/\/www.fiemg.com.br\/fiemg\/wp-json\/wp\/v2\/noticias\/8852","targetHints":{"allow":["GET"]}}],"collection":[{"href":"https:\/\/www.fiemg.com.br\/fiemg\/wp-json\/wp\/v2\/noticias"}],"about":[{"href":"https:\/\/www.fiemg.com.br\/fiemg\/wp-json\/wp\/v2\/types\/noticias"}],"wp:featuredmedia":[{"embeddable":true,"href":"https:\/\/www.fiemg.com.br\/fiemg\/wp-json\/wp\/v2\/media\/8853"}],"wp:attachment":[{"href":"https:\/\/www.fiemg.com.br\/fiemg\/wp-json\/wp\/v2\/media?parent=8852"}],"wp:term":[{"taxonomy":"category","embeddable":true,"href":"https:\/\/www.fiemg.com.br\/fiemg\/wp-json\/wp\/v2\/categories?post=8852"},{"taxonomy":"post_tag","embeddable":true,"href":"https:\/\/www.fiemg.com.br\/fiemg\/wp-json\/wp\/v2\/tags?post=8852"}],"curies":[{"name":"wp","href":"https:\/\/api.w.org\/{rel}","templated":true}]}}