{"id":8859,"date":"2025-06-12T08:19:40","date_gmt":"2025-06-12T11:19:40","guid":{"rendered":"https:\/\/www.fiemg.com.br\/fiemg\/noticias\/empresas-de-moda-de-uberlandia-e-uberaba-recebem-consultorias-em-inteligencia-artificial-gestao-e-marketing-digital\/"},"modified":"2025-06-18T13:33:15","modified_gmt":"2025-06-18T16:33:15","slug":"empresas-de-moda-de-uberlandia-e-uberaba-recebem-consultorias-em-inteligencia-artificial-gestao-e-marketing-digital","status":"publish","type":"noticias","link":"https:\/\/www.fiemg.com.br\/fiemg\/noticias\/empresas-de-moda-de-uberlandia-e-uberaba-recebem-consultorias-em-inteligencia-artificial-gestao-e-marketing-digital\/","title":{"rendered":"Empresas de moda de Uberl\u00e2ndia e Uberaba recebem consultorias em Intelig\u00eancia Artificial, Gest\u00e3o e Marketing Digital"},"content":{"rendered":"\n<p>Na \u00faltima semana, teve in\u00edcio uma importante jornada de transforma\u00e7\u00e3o para o setor de vestu\u00e1rio do Tri\u00e2ngulo Mineiro. Onze ind\u00fastrias de moda de Uberl\u00e2ndia e Uberaba come\u00e7aram a receber atendimento especializado por meio dos programas <strong>Integra Moda<\/strong> e <strong>Ind\u00fastria Forte<\/strong> \u2013 iniciativas realizadas em parceria entre o Instituto Euvaldo Lodi (IEL), SINDIVESTU, SINDCAU e o SEBRAE-MG.<\/p>\n\n\n\n<p>O objetivo \u00e9 claro: <strong>impulsionar a competitividade dessas empresas por meio da inova\u00e7\u00e3o, da gest\u00e3o eficiente e da presen\u00e7a estrat\u00e9gica no ambiente digital<\/strong>. Ao longo dos pr\u00f3ximos meses, as participantes ter\u00e3o acesso a consultorias t\u00e9cnicas e personalizadas com foco em tr\u00eas eixos fundamentais:<\/p>\n\n\n\n<ul class=\"wp-block-list\">\n<li><strong>Intelig\u00eancia Artificial para o Desenvolvimento de Cole\u00e7\u00f5es<\/strong>: Em parceria com o SENAI, as equipes ser\u00e3o capacitadas no uso de ferramentas de IA aplicadas ao processo criativo \u2013 da estamparia ao design \u2013, promovendo mais efici\u00eancia e originalidade na cria\u00e7\u00e3o de moda.<\/li>\n\n\n\n<li><strong>Gest\u00e3o de Pessoas e Processos<\/strong>: Por meio da consultoria Gest\u00e3o sob Medida, cada empresa ser\u00e1 acompanhada individualmente, com foco em alinhar planejamento e execu\u00e7\u00e3o, fortalecendo a lideran\u00e7a e otimizando os processos operacionais.<\/li>\n\n\n\n<li><strong>Marketing Digital e Vendas<\/strong>: A jornada contempla tamb\u00e9m a amplia\u00e7\u00e3o da presen\u00e7a digital das marcas, com estrat\u00e9gias voltadas ao planejamento, engajamento e convers\u00e3o \u2013 utilizando redes sociais, e-commerce e o fortalecimento da identidade de marca.<\/li>\n<\/ul>\n\n\n\n<p>O projeto oferece <strong>subs\u00eddio de at\u00e9 70% do valor total das consultorias<\/strong>, viabilizando o acesso a solu\u00e7\u00f5es robustas para micro e pequenas ind\u00fastrias.<\/p>\n\n\n\n<p>Com <strong>investimentos superiores a R$ 370 mil<\/strong> e previs\u00e3o de atua\u00e7\u00e3o at\u00e9 novembro de 2025, a iniciativa reafirma o compromisso do IEL e do SEBRAE com o fortalecimento da ind\u00fastria mineira da moda \u2013 conectando inova\u00e7\u00e3o, gest\u00e3o e mercado.<\/p>\n\n\n\n<p><strong>Mais informa\u00e7\u00f5es:<\/strong><br>Viviane Assun\u00e7\u00e3o \u2013 Analista de Projetos | IEL<br><a>viviane.assuncao@fiemg.com.br<\/a><br>(31) 2118-3528<\/p>\n\n\n\n<p><strong>Imprensa FIEMG<\/strong><\/p>\n\n\n\n<p><\/p>\n","protected":false},"featured_media":8860,"template":"","categories":[15],"tags":[1396,78,1397],"class_list":["post-8859","noticias","type-noticias","status-publish","has-post-thumbnail","hentry","category-desenvolvimento-industrial","tag-consultorias","tag-fiemg","tag-sebrae-mg"],"acf":[],"yoast_head":"<!-- This site is optimized with the Yoast SEO plugin v26.2 - https:\/\/yoast.com\/wordpress\/plugins\/seo\/ -->\n<title>Empresas de moda de Uberl\u00e2ndia e Uberaba recebem consultorias em Intelig\u00eancia Artificial, Gest\u00e3o e Marketing Digital - FIEMG<\/title>\n<meta name=\"description\" content=\"Parceria entre IEL e SEBRAE-MG leva inova\u00e7\u00e3o, gest\u00e3o e estrat\u00e9gias digitais a ind\u00fastrias de moda de Uberl\u00e2ndia e Uberaba.\" \/>\n<meta name=\"robots\" content=\"index, follow, max-snippet:-1, max-image-preview:large, max-video-preview:-1\" \/>\n<link rel=\"canonical\" href=\"https:\/\/www.fiemg.com.br\/fiemg\/noticias\/empresas-de-moda-de-uberlandia-e-uberaba-recebem-consultorias-em-inteligencia-artificial-gestao-e-marketing-digital\/\" \/>\n<meta property=\"og:locale\" content=\"pt_BR\" \/>\n<meta property=\"og:type\" content=\"article\" \/>\n<meta property=\"og:title\" content=\"Empresas de moda de Uberl\u00e2ndia e Uberaba recebem consultorias em Intelig\u00eancia Artificial, Gest\u00e3o e Marketing Digital - FIEMG\" \/>\n<meta property=\"og:description\" content=\"Parceria entre IEL e SEBRAE-MG leva inova\u00e7\u00e3o, gest\u00e3o e estrat\u00e9gias digitais a ind\u00fastrias de moda de Uberl\u00e2ndia e Uberaba.\" \/>\n<meta property=\"og:url\" content=\"https:\/\/www.fiemg.com.br\/fiemg\/noticias\/empresas-de-moda-de-uberlandia-e-uberaba-recebem-consultorias-em-inteligencia-artificial-gestao-e-marketing-digital\/\" \/>\n<meta property=\"og:site_name\" content=\"FIEMG\" \/>\n<meta property=\"article:modified_time\" content=\"2025-06-18T16:33:15+00:00\" \/>\n<meta property=\"og:image\" content=\"https:\/\/www.fiemg.com.br\/fiemg\/wp-content\/uploads\/sites\/10\/2025\/06\/CONSULTORIA-.png\" \/>\n\t<meta property=\"og:image:width\" content=\"512\" \/>\n\t<meta property=\"og:image:height\" content=\"512\" \/>\n\t<meta property=\"og:image:type\" content=\"image\/png\" \/>\n<meta name=\"twitter:card\" content=\"summary_large_image\" \/>\n<meta name=\"twitter:label1\" content=\"Est. tempo de leitura\" \/>\n\t<meta name=\"twitter:data1\" content=\"2 minutos\" \/>\n<script type=\"application\/ld+json\" class=\"yoast-schema-graph\">{\"@context\":\"https:\/\/schema.org\",\"@graph\":[{\"@type\":\"WebPage\",\"@id\":\"https:\/\/www.fiemg.com.br\/fiemg\/noticias\/empresas-de-moda-de-uberlandia-e-uberaba-recebem-consultorias-em-inteligencia-artificial-gestao-e-marketing-digital\/\",\"url\":\"https:\/\/www.fiemg.com.br\/fiemg\/noticias\/empresas-de-moda-de-uberlandia-e-uberaba-recebem-consultorias-em-inteligencia-artificial-gestao-e-marketing-digital\/\",\"name\":\"Empresas de moda de Uberl\u00e2ndia e Uberaba recebem consultorias em Intelig\u00eancia Artificial, Gest\u00e3o e Marketing Digital - FIEMG\",\"isPartOf\":{\"@id\":\"https:\/\/www.fiemg.com.br\/fiemg\/#website\"},\"primaryImageOfPage\":{\"@id\":\"https:\/\/www.fiemg.com.br\/fiemg\/noticias\/empresas-de-moda-de-uberlandia-e-uberaba-recebem-consultorias-em-inteligencia-artificial-gestao-e-marketing-digital\/#primaryimage\"},\"image\":{\"@id\":\"https:\/\/www.fiemg.com.br\/fiemg\/noticias\/empresas-de-moda-de-uberlandia-e-uberaba-recebem-consultorias-em-inteligencia-artificial-gestao-e-marketing-digital\/#primaryimage\"},\"thumbnailUrl\":\"https:\/\/www.fiemg.com.br\/fiemg\/wp-content\/uploads\/sites\/10\/2025\/06\/CONSULTORIA-.png\",\"datePublished\":\"2025-06-12T11:19:40+00:00\",\"dateModified\":\"2025-06-18T16:33:15+00:00\",\"description\":\"Parceria entre IEL e SEBRAE-MG leva inova\u00e7\u00e3o, gest\u00e3o e estrat\u00e9gias digitais a ind\u00fastrias de moda de Uberl\u00e2ndia e Uberaba.\",\"breadcrumb\":{\"@id\":\"https:\/\/www.fiemg.com.br\/fiemg\/noticias\/empresas-de-moda-de-uberlandia-e-uberaba-recebem-consultorias-em-inteligencia-artificial-gestao-e-marketing-digital\/#breadcrumb\"},\"inLanguage\":\"pt-BR\",\"potentialAction\":[{\"@type\":\"ReadAction\",\"target\":[\"https:\/\/www.fiemg.com.br\/fiemg\/noticias\/empresas-de-moda-de-uberlandia-e-uberaba-recebem-consultorias-em-inteligencia-artificial-gestao-e-marketing-digital\/\"]}]},{\"@type\":\"ImageObject\",\"inLanguage\":\"pt-BR\",\"@id\":\"https:\/\/www.fiemg.com.br\/fiemg\/noticias\/empresas-de-moda-de-uberlandia-e-uberaba-recebem-consultorias-em-inteligencia-artificial-gestao-e-marketing-digital\/#primaryimage\",\"url\":\"https:\/\/www.fiemg.com.br\/fiemg\/wp-content\/uploads\/sites\/10\/2025\/06\/CONSULTORIA-.png\",\"contentUrl\":\"https:\/\/www.fiemg.com.br\/fiemg\/wp-content\/uploads\/sites\/10\/2025\/06\/CONSULTORIA-.png\",\"width\":512,\"height\":512},{\"@type\":\"BreadcrumbList\",\"@id\":\"https:\/\/www.fiemg.com.br\/fiemg\/noticias\/empresas-de-moda-de-uberlandia-e-uberaba-recebem-consultorias-em-inteligencia-artificial-gestao-e-marketing-digital\/#breadcrumb\",\"itemListElement\":[{\"@type\":\"ListItem\",\"position\":1,\"name\":\"In\u00edcio\",\"item\":\"https:\/\/www.fiemg.com.br\/fiemg\/\"},{\"@type\":\"ListItem\",\"position\":2,\"name\":\"Empresas de moda de Uberl\u00e2ndia e Uberaba recebem consultorias em Intelig\u00eancia Artificial, Gest\u00e3o e Marketing Digital\"}]},{\"@type\":\"WebSite\",\"@id\":\"https:\/\/www.fiemg.com.br\/fiemg\/#website\",\"url\":\"https:\/\/www.fiemg.com.br\/fiemg\/\",\"name\":\"FIEMG\",\"description\":\"Federa\u00e7\u00e3o das Ind\u00fastrias do Estado de Minas Gerais\",\"publisher\":{\"@id\":\"https:\/\/www.fiemg.com.br\/fiemg\/#organization\"},\"potentialAction\":[{\"@type\":\"SearchAction\",\"target\":{\"@type\":\"EntryPoint\",\"urlTemplate\":\"https:\/\/www.fiemg.com.br\/fiemg\/?s={search_term_string}\"},\"query-input\":{\"@type\":\"PropertyValueSpecification\",\"valueRequired\":true,\"valueName\":\"search_term_string\"}}],\"inLanguage\":\"pt-BR\"},{\"@type\":\"Organization\",\"@id\":\"https:\/\/www.fiemg.com.br\/fiemg\/#organization\",\"name\":\"FIEMG\",\"url\":\"https:\/\/www.fiemg.com.br\/fiemg\/\",\"logo\":{\"@type\":\"ImageObject\",\"inLanguage\":\"pt-BR\",\"@id\":\"https:\/\/www.fiemg.com.br\/fiemg\/#\/schema\/logo\/image\/\",\"url\":\"https:\/\/www.fiemg.com.br\/fiemg\/wp-content\/uploads\/sites\/10\/2023\/02\/fiemg_branco.svg\",\"contentUrl\":\"https:\/\/www.fiemg.com.br\/fiemg\/wp-content\/uploads\/sites\/10\/2023\/02\/fiemg_branco.svg\",\"width\":561,\"height\":147,\"caption\":\"FIEMG\"},\"image\":{\"@id\":\"https:\/\/www.fiemg.com.br\/fiemg\/#\/schema\/logo\/image\/\"}}]}<\/script>\n<!-- \/ Yoast SEO plugin. -->","yoast_head_json":{"title":"Empresas de moda de Uberl\u00e2ndia e Uberaba recebem consultorias em Intelig\u00eancia Artificial, Gest\u00e3o e Marketing Digital - FIEMG","description":"Parceria entre IEL e SEBRAE-MG leva inova\u00e7\u00e3o, gest\u00e3o e estrat\u00e9gias digitais a ind\u00fastrias de moda de Uberl\u00e2ndia e Uberaba.","robots":{"index":"index","follow":"follow","max-snippet":"max-snippet:-1","max-image-preview":"max-image-preview:large","max-video-preview":"max-video-preview:-1"},"canonical":"https:\/\/www.fiemg.com.br\/fiemg\/noticias\/empresas-de-moda-de-uberlandia-e-uberaba-recebem-consultorias-em-inteligencia-artificial-gestao-e-marketing-digital\/","og_locale":"pt_BR","og_type":"article","og_title":"Empresas de moda de Uberl\u00e2ndia e Uberaba recebem consultorias em Intelig\u00eancia Artificial, Gest\u00e3o e Marketing Digital - FIEMG","og_description":"Parceria entre IEL e SEBRAE-MG leva inova\u00e7\u00e3o, gest\u00e3o e estrat\u00e9gias digitais a ind\u00fastrias de moda de Uberl\u00e2ndia e Uberaba.","og_url":"https:\/\/www.fiemg.com.br\/fiemg\/noticias\/empresas-de-moda-de-uberlandia-e-uberaba-recebem-consultorias-em-inteligencia-artificial-gestao-e-marketing-digital\/","og_site_name":"FIEMG","article_modified_time":"2025-06-18T16:33:15+00:00","og_image":[{"width":512,"height":512,"url":"https:\/\/www.fiemg.com.br\/fiemg\/wp-content\/uploads\/sites\/10\/2025\/06\/CONSULTORIA-.png","type":"image\/png"}],"twitter_card":"summary_large_image","twitter_misc":{"Est. tempo de leitura":"2 minutos"},"schema":{"@context":"https:\/\/schema.org","@graph":[{"@type":"WebPage","@id":"https:\/\/www.fiemg.com.br\/fiemg\/noticias\/empresas-de-moda-de-uberlandia-e-uberaba-recebem-consultorias-em-inteligencia-artificial-gestao-e-marketing-digital\/","url":"https:\/\/www.fiemg.com.br\/fiemg\/noticias\/empresas-de-moda-de-uberlandia-e-uberaba-recebem-consultorias-em-inteligencia-artificial-gestao-e-marketing-digital\/","name":"Empresas de moda de Uberl\u00e2ndia e Uberaba recebem consultorias em Intelig\u00eancia Artificial, Gest\u00e3o e Marketing Digital - FIEMG","isPartOf":{"@id":"https:\/\/www.fiemg.com.br\/fiemg\/#website"},"primaryImageOfPage":{"@id":"https:\/\/www.fiemg.com.br\/fiemg\/noticias\/empresas-de-moda-de-uberlandia-e-uberaba-recebem-consultorias-em-inteligencia-artificial-gestao-e-marketing-digital\/#primaryimage"},"image":{"@id":"https:\/\/www.fiemg.com.br\/fiemg\/noticias\/empresas-de-moda-de-uberlandia-e-uberaba-recebem-consultorias-em-inteligencia-artificial-gestao-e-marketing-digital\/#primaryimage"},"thumbnailUrl":"https:\/\/www.fiemg.com.br\/fiemg\/wp-content\/uploads\/sites\/10\/2025\/06\/CONSULTORIA-.png","datePublished":"2025-06-12T11:19:40+00:00","dateModified":"2025-06-18T16:33:15+00:00","description":"Parceria entre IEL e SEBRAE-MG leva inova\u00e7\u00e3o, gest\u00e3o e estrat\u00e9gias digitais a ind\u00fastrias de moda de Uberl\u00e2ndia e Uberaba.","breadcrumb":{"@id":"https:\/\/www.fiemg.com.br\/fiemg\/noticias\/empresas-de-moda-de-uberlandia-e-uberaba-recebem-consultorias-em-inteligencia-artificial-gestao-e-marketing-digital\/#breadcrumb"},"inLanguage":"pt-BR","potentialAction":[{"@type":"ReadAction","target":["https:\/\/www.fiemg.com.br\/fiemg\/noticias\/empresas-de-moda-de-uberlandia-e-uberaba-recebem-consultorias-em-inteligencia-artificial-gestao-e-marketing-digital\/"]}]},{"@type":"ImageObject","inLanguage":"pt-BR","@id":"https:\/\/www.fiemg.com.br\/fiemg\/noticias\/empresas-de-moda-de-uberlandia-e-uberaba-recebem-consultorias-em-inteligencia-artificial-gestao-e-marketing-digital\/#primaryimage","url":"https:\/\/www.fiemg.com.br\/fiemg\/wp-content\/uploads\/sites\/10\/2025\/06\/CONSULTORIA-.png","contentUrl":"https:\/\/www.fiemg.com.br\/fiemg\/wp-content\/uploads\/sites\/10\/2025\/06\/CONSULTORIA-.png","width":512,"height":512},{"@type":"BreadcrumbList","@id":"https:\/\/www.fiemg.com.br\/fiemg\/noticias\/empresas-de-moda-de-uberlandia-e-uberaba-recebem-consultorias-em-inteligencia-artificial-gestao-e-marketing-digital\/#breadcrumb","itemListElement":[{"@type":"ListItem","position":1,"name":"In\u00edcio","item":"https:\/\/www.fiemg.com.br\/fiemg\/"},{"@type":"ListItem","position":2,"name":"Empresas de moda de Uberl\u00e2ndia e Uberaba recebem consultorias em Intelig\u00eancia Artificial, Gest\u00e3o e Marketing Digital"}]},{"@type":"WebSite","@id":"https:\/\/www.fiemg.com.br\/fiemg\/#website","url":"https:\/\/www.fiemg.com.br\/fiemg\/","name":"FIEMG","description":"Federa\u00e7\u00e3o das Ind\u00fastrias do Estado de Minas Gerais","publisher":{"@id":"https:\/\/www.fiemg.com.br\/fiemg\/#organization"},"potentialAction":[{"@type":"SearchAction","target":{"@type":"EntryPoint","urlTemplate":"https:\/\/www.fiemg.com.br\/fiemg\/?s={search_term_string}"},"query-input":{"@type":"PropertyValueSpecification","valueRequired":true,"valueName":"search_term_string"}}],"inLanguage":"pt-BR"},{"@type":"Organization","@id":"https:\/\/www.fiemg.com.br\/fiemg\/#organization","name":"FIEMG","url":"https:\/\/www.fiemg.com.br\/fiemg\/","logo":{"@type":"ImageObject","inLanguage":"pt-BR","@id":"https:\/\/www.fiemg.com.br\/fiemg\/#\/schema\/logo\/image\/","url":"https:\/\/www.fiemg.com.br\/fiemg\/wp-content\/uploads\/sites\/10\/2023\/02\/fiemg_branco.svg","contentUrl":"https:\/\/www.fiemg.com.br\/fiemg\/wp-content\/uploads\/sites\/10\/2023\/02\/fiemg_branco.svg","width":561,"height":147,"caption":"FIEMG"},"image":{"@id":"https:\/\/www.fiemg.com.br\/fiemg\/#\/schema\/logo\/image\/"}}]}},"_links":{"self":[{"href":"https:\/\/www.fiemg.com.br\/fiemg\/wp-json\/wp\/v2\/noticias\/8859","targetHints":{"allow":["GET"]}}],"collection":[{"href":"https:\/\/www.fiemg.com.br\/fiemg\/wp-json\/wp\/v2\/noticias"}],"about":[{"href":"https:\/\/www.fiemg.com.br\/fiemg\/wp-json\/wp\/v2\/types\/noticias"}],"wp:featuredmedia":[{"embeddable":true,"href":"https:\/\/www.fiemg.com.br\/fiemg\/wp-json\/wp\/v2\/media\/8860"}],"wp:attachment":[{"href":"https:\/\/www.fiemg.com.br\/fiemg\/wp-json\/wp\/v2\/media?parent=8859"}],"wp:term":[{"taxonomy":"category","embeddable":true,"href":"https:\/\/www.fiemg.com.br\/fiemg\/wp-json\/wp\/v2\/categories?post=8859"},{"taxonomy":"post_tag","embeddable":true,"href":"https:\/\/www.fiemg.com.br\/fiemg\/wp-json\/wp\/v2\/tags?post=8859"}],"curies":[{"name":"wp","href":"https:\/\/api.w.org\/{rel}","templated":true}]}}