{"id":9008,"date":"2025-07-07T15:41:45","date_gmt":"2025-07-07T18:41:45","guid":{"rendered":"https:\/\/www.fiemg.com.br\/fiemg\/noticias\/infrabusiness-expo-2025-abre-inscricoes-para-congresso-tecnico-com-foco-em-inovacao-investimentos-e-cidades-inteligentes\/"},"modified":"2025-07-07T15:41:47","modified_gmt":"2025-07-07T18:41:47","slug":"infrabusiness-expo-2025-abre-inscricoes-para-congresso-tecnico-com-foco-em-inovacao-investimentos-e-cidades-inteligentes","status":"publish","type":"noticias","link":"https:\/\/www.fiemg.com.br\/fiemg\/noticias\/infrabusiness-expo-2025-abre-inscricoes-para-congresso-tecnico-com-foco-em-inovacao-investimentos-e-cidades-inteligentes\/","title":{"rendered":"InfraBusiness Expo 2025 abre inscri\u00e7\u00f5es para congresso t\u00e9cnico com foco em inova\u00e7\u00e3o, investimentos e cidades inteligentes"},"content":{"rendered":"\n<p>J\u00e1 est\u00e3o abertas as inscri\u00e7\u00f5es para o Congresso da <a href=\"https:\/\/infrabusinessexpo.com.br\/\">InfraBusiness Expo 2025<\/a>, que ser\u00e1 realizado entre os dias 12 e 14 de agosto, no Expominas, em Belo Horizonte. O congresso vai reunir lideran\u00e7as empresariais, especialistas do setor, gestores p\u00fablicos e investidores para debater os principais temas que impactam a infraestrutura brasileira e seu papel no desenvolvimento econ\u00f4mico e social do pa\u00eds.<\/p>\n\n\n\n<p>A programa\u00e7\u00e3o se estende por tr\u00eas dias e inclui pain\u00e9is tem\u00e1ticos, palestras magnas e debates que v\u00e3o abordar desde inova\u00e7\u00e3o e digitaliza\u00e7\u00e3o da engenharia at\u00e9 financiamento de grandes obras, concess\u00f5es e sustentabilidade urbana. Entre os nomes confirmados est\u00e3o o economista Ricardo Amorim; o empres\u00e1rio Rubens Menin; o vice-governador de Minas, Mateus Sim\u00f5es; o ex-governador de Minas e ministro do Tribunal de Contas da Uni\u00e3o, Antonio Anastasia; o executive chairman &nbsp;da Localiza, Eug\u00eanio Mattar; o presidente da Drogaria Ara\u00fajo, Modesto Ara\u00fajo; a CEO da Anglo American, Ana Sanches; Guilherme Sampaio, diretor-geral da Ag\u00eancia Nacional de Transportes Terrestres (ANTT), entre diversos outros.<br><br>Os pain\u00e9is debater\u00e3o temas estrat\u00e9gicos entre os quais infraestrutura como vetor de crescimento, o novo ciclo de concess\u00f5es e os desafios das pol\u00edticas p\u00fablicas em habita\u00e7\u00e3o, saneamento e mobilidade urbana. As abordagens v\u00e3o girar em torno de inova\u00e7\u00e3o tecnol\u00f3gica, transi\u00e7\u00e3o energ\u00e9tica, instrumentos de financiamento e o conceito de cidades inteligentes.<\/p>\n\n\n\n<p><strong>DESTAQUES DA PROGRAMA\u00c7\u00c3O &#8211; <\/strong>Na manh\u00e3 do dia 12 de agosto (ter\u00e7a-feira) o painel de abertura ser\u00e1 moderado por Fl\u00e1vio Roscoe, presidente da Federa\u00e7\u00e3o das Ind\u00fastrias do Estado de Minas Gerais (FIEMG), reunindo Modesto Ara\u00fajo (presidente da Drogaria Ara\u00fajo), Eug\u00eanio Mattar (Localiza) e Rubens Menin (MRV, Inter, Log, CNN Brasil, R\u00e1dio Itatiaia, Urba, Resia e Coned). O trio discutir\u00e1 as principais tend\u00eancias e desafios da infraestrutura em Minas Gerais, trazendo uma perspectiva multidisciplinar para temas como concess\u00f5es rodovi\u00e1rias, mobilidade urbana e os impactos dos pr\u00f3ximos R$\u202f100 bilh\u00f5es previstos em investimentos no estado.<\/p>\n\n\n\n<p>\u00c0 tarde destaque para tr\u00eas palestras magnas: do ministro do TCU e ex-governador de Minas, Antonio Anastasia; do presidente da Associa\u00e7\u00e3o Brasileira de Concession\u00e1rias de Rodovias, Marco Aur\u00e9lio de Barcelos e do diretor-geral da Ag\u00eancia Nacional de Transportes Terrestres (ANTT), Guilherme Sampaio.<br><br>Na quarta\u2011feira, 13 de agosto, o segundo dia do Congresso InfraBusiness Expo segue com uma programa\u00e7\u00e3o din\u00e2mica e repleta de insights estrat\u00e9gicos para o setor de infraestrutura. Entre os destaques mais um painel, desta vez com a participa\u00e7\u00e3o do presidente da Copasa, Fernando Passalio; do diretor-geral do DER, Rodrigo Tavares; do superintendente da Sudecap, Leonardo Gomes e do superintendente regional do Dnit-MG, Ant\u00f4nio Gabriel Santos. A media\u00e7\u00e3o ser\u00e1 do presidente do Sicepot-MG, Bruno Baetya Lig\u00f3rio. &nbsp;<\/p>\n\n\n\n<p>Ainda na ter\u00e7a-feira (13), na parte da tarde, haver\u00e1 palestras magnas com o secret\u00e1rio estadual de Infraestrutura, Mobilidade e Parcerias, Pedro Bruno Barros de Souza e com a secret\u00e1ria de estado de Desenvolvimento Econ\u00f4mico, Mila Corr\u00eaa de Costa.<br><br>O \u00faltimo dia do evento, dia 14 agosto (quinta-feira), ainda reserva grandes abordagens e nomes de peso. Entre elas uma palestra com Hugo Tadeu, da Funda\u00e7\u00e3o Dom Cabral. Ele vai falar sobre inova\u00e7\u00e3o, tecnologia e competitividade. &nbsp;Outra abordagem estrat\u00e9gica para o setor de infraestrutura, que ser\u00e1 feita neste dia, ser\u00e1 conduzida pelo consultor de desenvolvimento de m\u00e1quinas de pavimenta\u00e7\u00e3o da Sotreq, Ismael Corr\u00eaa.<\/p>\n\n\n\n<p>O grande destaque do dia de encerramento da primeira edi\u00e7\u00e3o da InfraBusiness Expo ser\u00e1 uma palestra magna proferida pelo economista mais influente do Brasil, de acordo com a Forbes, Ricardo Amorim. Ele tamb\u00e9m \u00e9 considerado o maior influenciador brasileiro no Linkedin e ganhador do pr\u00eamio iBest de Economia e Neg\u00f3cios.<\/p>\n\n\n\n<p><strong>INSCRI\u00c7\u00d5ES &#8211; <\/strong>As inscri\u00e7\u00f5es para o congresso devem ser feitas diretamente no site oficial <a href=\"www.infrabusinessexpo.com.br\">www.infrabusinessexpo.com.br<\/a>, onde os interessados encontram a programa\u00e7\u00e3o completa e detalhes sobre as modalidades de participa\u00e7\u00e3o, com informa\u00e7\u00f5es sobre os pacotes e condi\u00e7\u00f5es de inscri\u00e7\u00e3o.<\/p>\n\n\n\n<p><strong>CONTEXTO &#8211; <\/strong>Idealizador da InfraBusiness Expo e vice-presidente da Federa\u00e7\u00e3o das Ind\u00fastrias do Estado de Minas Gerais (FIEMG), o engenheiro Emir Cadar Filho destaca que o evento nasce com o compromisso de impulsionar investimentos e gerar conex\u00f5es estrat\u00e9gicas entre o setor p\u00fablico, o mercado e a ind\u00fastria. \u201cA InfraBusiness nasce como uma feira feita por quem vive o setor. O objetivo \u00e9 gerar neg\u00f3cios reais, atrair investimentos e criar conex\u00f5es que acelerem a infraestrutura no pa\u00eds\u201d, afirma Cadar Filho. \u201cMinas Gerais \u00e9 essencial para a constru\u00e7\u00e3o pesada. Estamos oferecendo uma plataforma in\u00e9dita de inova\u00e7\u00e3o, networking e gera\u00e7\u00e3o de neg\u00f3cios em um momento decisivo para o futuro da infraestrutura brasileira\u201d, completa.<\/p>\n\n\n\n<p>A expectativa \u00e9 que a InfraBusiness Expo 2025 receba mais de 30 mil visitantes e movimente aproximadamente R$ 1 bilh\u00e3o em neg\u00f3cios durante os tr\u00eas dias de evento. Al\u00e9m do congresso t\u00e9cnico, o Expominas abrigar\u00e1 uma feira com mais de 100 expositores, entre eles gigantes do setor como Komatsu, Volvo, Scania, JCB, Banco Inter, Itaipu, XCMG e ArcelorMittal. A \u00e1rea expositiva ocupar\u00e1 cerca de 30 mil metros quadrados, com 16.500 m\u00b2 cobertos, em uma estrutura voltada para apresenta\u00e7\u00e3o de m\u00e1quinas, tecnologias e solu\u00e7\u00f5es em constru\u00e7\u00e3o pesada, log\u00edstica, energia e concess\u00f5es.<\/p>\n\n\n\n<p>Organizada pela Cubo Eventos, com apoio institucional da FIEMG e do Sicepot-MG, a InfraBusiness Expo se consolida como o principal ponto de encontro da cadeia produtiva da infraestrutura na Am\u00e9rica Latina. Minas Gerais, que lidera a malha rodovi\u00e1ria nacional e tem mais de R$ 100 bilh\u00f5es em investimentos previstos at\u00e9 2031, foi escolhida estrategicamente como sede do evento. A programa\u00e7\u00e3o do congresso vai at\u00e9 o dia 14, com encerramento previsto ap\u00f3s o painel sobre cidades inteligentes e solu\u00e7\u00f5es urbanas sustent\u00e1veis, seguido de uma s\u00edntese dos debates e apresenta\u00e7\u00e3o de boas pr\u00e1ticas internacionais.<\/p>\n","protected":false},"featured_media":9009,"template":"","categories":[15],"tags":[],"class_list":["post-9008","noticias","type-noticias","status-publish","has-post-thumbnail","hentry","category-desenvolvimento-industrial"],"acf":[],"yoast_head":"<!-- This site is optimized with the Yoast SEO plugin v26.2 - https:\/\/yoast.com\/wordpress\/plugins\/seo\/ -->\n<title>InfraBusiness Expo 2025 abre inscri\u00e7\u00f5es para congresso t\u00e9cnico com foco em inova\u00e7\u00e3o, investimentos e cidades inteligentes - FIEMG<\/title>\n<meta name=\"robots\" content=\"index, follow, max-snippet:-1, max-image-preview:large, max-video-preview:-1\" \/>\n<link rel=\"canonical\" href=\"https:\/\/www.fiemg.com.br\/fiemg\/noticias\/infrabusiness-expo-2025-abre-inscricoes-para-congresso-tecnico-com-foco-em-inovacao-investimentos-e-cidades-inteligentes\/\" \/>\n<meta property=\"og:locale\" content=\"pt_BR\" \/>\n<meta property=\"og:type\" content=\"article\" \/>\n<meta property=\"og:title\" content=\"InfraBusiness Expo 2025 abre inscri\u00e7\u00f5es para congresso t\u00e9cnico com foco em inova\u00e7\u00e3o, investimentos e cidades inteligentes - FIEMG\" \/>\n<meta property=\"og:description\" content=\"J\u00e1 est\u00e3o abertas as inscri\u00e7\u00f5es para o Congresso da InfraBusiness Expo 2025, que ser\u00e1 realizado entre os dias 12 e 14 de agosto, no Expominas, em Belo Horizonte. O congresso vai reunir lideran\u00e7as empresariais, especialistas do setor, gestores p\u00fablicos e investidores para debater os principais temas que impactam a infraestrutura brasileira e seu papel no [&hellip;]\" \/>\n<meta property=\"og:url\" content=\"https:\/\/www.fiemg.com.br\/fiemg\/noticias\/infrabusiness-expo-2025-abre-inscricoes-para-congresso-tecnico-com-foco-em-inovacao-investimentos-e-cidades-inteligentes\/\" \/>\n<meta property=\"og:site_name\" content=\"FIEMG\" \/>\n<meta property=\"article:modified_time\" content=\"2025-07-07T18:41:47+00:00\" \/>\n<meta property=\"og:image\" content=\"https:\/\/www.fiemg.com.br\/fiemg\/wp-content\/uploads\/sites\/10\/2025\/07\/infra-business-expo-fiemg.jpg\" \/>\n\t<meta property=\"og:image:width\" content=\"512\" \/>\n\t<meta property=\"og:image:height\" content=\"512\" \/>\n\t<meta property=\"og:image:type\" content=\"image\/jpeg\" \/>\n<meta name=\"twitter:card\" content=\"summary_large_image\" \/>\n<meta name=\"twitter:label1\" content=\"Est. tempo de leitura\" \/>\n\t<meta name=\"twitter:data1\" content=\"6 minutos\" \/>\n<script type=\"application\/ld+json\" class=\"yoast-schema-graph\">{\"@context\":\"https:\/\/schema.org\",\"@graph\":[{\"@type\":\"WebPage\",\"@id\":\"https:\/\/www.fiemg.com.br\/fiemg\/noticias\/infrabusiness-expo-2025-abre-inscricoes-para-congresso-tecnico-com-foco-em-inovacao-investimentos-e-cidades-inteligentes\/\",\"url\":\"https:\/\/www.fiemg.com.br\/fiemg\/noticias\/infrabusiness-expo-2025-abre-inscricoes-para-congresso-tecnico-com-foco-em-inovacao-investimentos-e-cidades-inteligentes\/\",\"name\":\"InfraBusiness Expo 2025 abre inscri\u00e7\u00f5es para congresso t\u00e9cnico com foco em inova\u00e7\u00e3o, investimentos e cidades inteligentes - FIEMG\",\"isPartOf\":{\"@id\":\"https:\/\/www.fiemg.com.br\/fiemg\/#website\"},\"primaryImageOfPage\":{\"@id\":\"https:\/\/www.fiemg.com.br\/fiemg\/noticias\/infrabusiness-expo-2025-abre-inscricoes-para-congresso-tecnico-com-foco-em-inovacao-investimentos-e-cidades-inteligentes\/#primaryimage\"},\"image\":{\"@id\":\"https:\/\/www.fiemg.com.br\/fiemg\/noticias\/infrabusiness-expo-2025-abre-inscricoes-para-congresso-tecnico-com-foco-em-inovacao-investimentos-e-cidades-inteligentes\/#primaryimage\"},\"thumbnailUrl\":\"https:\/\/www.fiemg.com.br\/fiemg\/wp-content\/uploads\/sites\/10\/2025\/07\/infra-business-expo-fiemg.jpg\",\"datePublished\":\"2025-07-07T18:41:45+00:00\",\"dateModified\":\"2025-07-07T18:41:47+00:00\",\"breadcrumb\":{\"@id\":\"https:\/\/www.fiemg.com.br\/fiemg\/noticias\/infrabusiness-expo-2025-abre-inscricoes-para-congresso-tecnico-com-foco-em-inovacao-investimentos-e-cidades-inteligentes\/#breadcrumb\"},\"inLanguage\":\"pt-BR\",\"potentialAction\":[{\"@type\":\"ReadAction\",\"target\":[\"https:\/\/www.fiemg.com.br\/fiemg\/noticias\/infrabusiness-expo-2025-abre-inscricoes-para-congresso-tecnico-com-foco-em-inovacao-investimentos-e-cidades-inteligentes\/\"]}]},{\"@type\":\"ImageObject\",\"inLanguage\":\"pt-BR\",\"@id\":\"https:\/\/www.fiemg.com.br\/fiemg\/noticias\/infrabusiness-expo-2025-abre-inscricoes-para-congresso-tecnico-com-foco-em-inovacao-investimentos-e-cidades-inteligentes\/#primaryimage\",\"url\":\"https:\/\/www.fiemg.com.br\/fiemg\/wp-content\/uploads\/sites\/10\/2025\/07\/infra-business-expo-fiemg.jpg\",\"contentUrl\":\"https:\/\/www.fiemg.com.br\/fiemg\/wp-content\/uploads\/sites\/10\/2025\/07\/infra-business-expo-fiemg.jpg\",\"width\":512,\"height\":512},{\"@type\":\"BreadcrumbList\",\"@id\":\"https:\/\/www.fiemg.com.br\/fiemg\/noticias\/infrabusiness-expo-2025-abre-inscricoes-para-congresso-tecnico-com-foco-em-inovacao-investimentos-e-cidades-inteligentes\/#breadcrumb\",\"itemListElement\":[{\"@type\":\"ListItem\",\"position\":1,\"name\":\"In\u00edcio\",\"item\":\"https:\/\/www.fiemg.com.br\/fiemg\/\"},{\"@type\":\"ListItem\",\"position\":2,\"name\":\"InfraBusiness Expo 2025 abre inscri\u00e7\u00f5es para congresso t\u00e9cnico com foco em inova\u00e7\u00e3o, investimentos e cidades inteligentes\"}]},{\"@type\":\"WebSite\",\"@id\":\"https:\/\/www.fiemg.com.br\/fiemg\/#website\",\"url\":\"https:\/\/www.fiemg.com.br\/fiemg\/\",\"name\":\"FIEMG\",\"description\":\"Federa\u00e7\u00e3o das Ind\u00fastrias do Estado de Minas Gerais\",\"publisher\":{\"@id\":\"https:\/\/www.fiemg.com.br\/fiemg\/#organization\"},\"potentialAction\":[{\"@type\":\"SearchAction\",\"target\":{\"@type\":\"EntryPoint\",\"urlTemplate\":\"https:\/\/www.fiemg.com.br\/fiemg\/?s={search_term_string}\"},\"query-input\":{\"@type\":\"PropertyValueSpecification\",\"valueRequired\":true,\"valueName\":\"search_term_string\"}}],\"inLanguage\":\"pt-BR\"},{\"@type\":\"Organization\",\"@id\":\"https:\/\/www.fiemg.com.br\/fiemg\/#organization\",\"name\":\"FIEMG\",\"url\":\"https:\/\/www.fiemg.com.br\/fiemg\/\",\"logo\":{\"@type\":\"ImageObject\",\"inLanguage\":\"pt-BR\",\"@id\":\"https:\/\/www.fiemg.com.br\/fiemg\/#\/schema\/logo\/image\/\",\"url\":\"https:\/\/www.fiemg.com.br\/fiemg\/wp-content\/uploads\/sites\/10\/2023\/02\/fiemg_branco.svg\",\"contentUrl\":\"https:\/\/www.fiemg.com.br\/fiemg\/wp-content\/uploads\/sites\/10\/2023\/02\/fiemg_branco.svg\",\"width\":561,\"height\":147,\"caption\":\"FIEMG\"},\"image\":{\"@id\":\"https:\/\/www.fiemg.com.br\/fiemg\/#\/schema\/logo\/image\/\"}}]}<\/script>\n<!-- \/ Yoast SEO plugin. -->","yoast_head_json":{"title":"InfraBusiness Expo 2025 abre inscri\u00e7\u00f5es para congresso t\u00e9cnico com foco em inova\u00e7\u00e3o, investimentos e cidades inteligentes - FIEMG","robots":{"index":"index","follow":"follow","max-snippet":"max-snippet:-1","max-image-preview":"max-image-preview:large","max-video-preview":"max-video-preview:-1"},"canonical":"https:\/\/www.fiemg.com.br\/fiemg\/noticias\/infrabusiness-expo-2025-abre-inscricoes-para-congresso-tecnico-com-foco-em-inovacao-investimentos-e-cidades-inteligentes\/","og_locale":"pt_BR","og_type":"article","og_title":"InfraBusiness Expo 2025 abre inscri\u00e7\u00f5es para congresso t\u00e9cnico com foco em inova\u00e7\u00e3o, investimentos e cidades inteligentes - FIEMG","og_description":"J\u00e1 est\u00e3o abertas as inscri\u00e7\u00f5es para o Congresso da InfraBusiness Expo 2025, que ser\u00e1 realizado entre os dias 12 e 14 de agosto, no Expominas, em Belo Horizonte. O congresso vai reunir lideran\u00e7as empresariais, especialistas do setor, gestores p\u00fablicos e investidores para debater os principais temas que impactam a infraestrutura brasileira e seu papel no [&hellip;]","og_url":"https:\/\/www.fiemg.com.br\/fiemg\/noticias\/infrabusiness-expo-2025-abre-inscricoes-para-congresso-tecnico-com-foco-em-inovacao-investimentos-e-cidades-inteligentes\/","og_site_name":"FIEMG","article_modified_time":"2025-07-07T18:41:47+00:00","og_image":[{"width":512,"height":512,"url":"https:\/\/www.fiemg.com.br\/fiemg\/wp-content\/uploads\/sites\/10\/2025\/07\/infra-business-expo-fiemg.jpg","type":"image\/jpeg"}],"twitter_card":"summary_large_image","twitter_misc":{"Est. tempo de leitura":"6 minutos"},"schema":{"@context":"https:\/\/schema.org","@graph":[{"@type":"WebPage","@id":"https:\/\/www.fiemg.com.br\/fiemg\/noticias\/infrabusiness-expo-2025-abre-inscricoes-para-congresso-tecnico-com-foco-em-inovacao-investimentos-e-cidades-inteligentes\/","url":"https:\/\/www.fiemg.com.br\/fiemg\/noticias\/infrabusiness-expo-2025-abre-inscricoes-para-congresso-tecnico-com-foco-em-inovacao-investimentos-e-cidades-inteligentes\/","name":"InfraBusiness Expo 2025 abre inscri\u00e7\u00f5es para congresso t\u00e9cnico com foco em inova\u00e7\u00e3o, investimentos e cidades inteligentes - FIEMG","isPartOf":{"@id":"https:\/\/www.fiemg.com.br\/fiemg\/#website"},"primaryImageOfPage":{"@id":"https:\/\/www.fiemg.com.br\/fiemg\/noticias\/infrabusiness-expo-2025-abre-inscricoes-para-congresso-tecnico-com-foco-em-inovacao-investimentos-e-cidades-inteligentes\/#primaryimage"},"image":{"@id":"https:\/\/www.fiemg.com.br\/fiemg\/noticias\/infrabusiness-expo-2025-abre-inscricoes-para-congresso-tecnico-com-foco-em-inovacao-investimentos-e-cidades-inteligentes\/#primaryimage"},"thumbnailUrl":"https:\/\/www.fiemg.com.br\/fiemg\/wp-content\/uploads\/sites\/10\/2025\/07\/infra-business-expo-fiemg.jpg","datePublished":"2025-07-07T18:41:45+00:00","dateModified":"2025-07-07T18:41:47+00:00","breadcrumb":{"@id":"https:\/\/www.fiemg.com.br\/fiemg\/noticias\/infrabusiness-expo-2025-abre-inscricoes-para-congresso-tecnico-com-foco-em-inovacao-investimentos-e-cidades-inteligentes\/#breadcrumb"},"inLanguage":"pt-BR","potentialAction":[{"@type":"ReadAction","target":["https:\/\/www.fiemg.com.br\/fiemg\/noticias\/infrabusiness-expo-2025-abre-inscricoes-para-congresso-tecnico-com-foco-em-inovacao-investimentos-e-cidades-inteligentes\/"]}]},{"@type":"ImageObject","inLanguage":"pt-BR","@id":"https:\/\/www.fiemg.com.br\/fiemg\/noticias\/infrabusiness-expo-2025-abre-inscricoes-para-congresso-tecnico-com-foco-em-inovacao-investimentos-e-cidades-inteligentes\/#primaryimage","url":"https:\/\/www.fiemg.com.br\/fiemg\/wp-content\/uploads\/sites\/10\/2025\/07\/infra-business-expo-fiemg.jpg","contentUrl":"https:\/\/www.fiemg.com.br\/fiemg\/wp-content\/uploads\/sites\/10\/2025\/07\/infra-business-expo-fiemg.jpg","width":512,"height":512},{"@type":"BreadcrumbList","@id":"https:\/\/www.fiemg.com.br\/fiemg\/noticias\/infrabusiness-expo-2025-abre-inscricoes-para-congresso-tecnico-com-foco-em-inovacao-investimentos-e-cidades-inteligentes\/#breadcrumb","itemListElement":[{"@type":"ListItem","position":1,"name":"In\u00edcio","item":"https:\/\/www.fiemg.com.br\/fiemg\/"},{"@type":"ListItem","position":2,"name":"InfraBusiness Expo 2025 abre inscri\u00e7\u00f5es para congresso t\u00e9cnico com foco em inova\u00e7\u00e3o, investimentos e cidades inteligentes"}]},{"@type":"WebSite","@id":"https:\/\/www.fiemg.com.br\/fiemg\/#website","url":"https:\/\/www.fiemg.com.br\/fiemg\/","name":"FIEMG","description":"Federa\u00e7\u00e3o das Ind\u00fastrias do Estado de Minas Gerais","publisher":{"@id":"https:\/\/www.fiemg.com.br\/fiemg\/#organization"},"potentialAction":[{"@type":"SearchAction","target":{"@type":"EntryPoint","urlTemplate":"https:\/\/www.fiemg.com.br\/fiemg\/?s={search_term_string}"},"query-input":{"@type":"PropertyValueSpecification","valueRequired":true,"valueName":"search_term_string"}}],"inLanguage":"pt-BR"},{"@type":"Organization","@id":"https:\/\/www.fiemg.com.br\/fiemg\/#organization","name":"FIEMG","url":"https:\/\/www.fiemg.com.br\/fiemg\/","logo":{"@type":"ImageObject","inLanguage":"pt-BR","@id":"https:\/\/www.fiemg.com.br\/fiemg\/#\/schema\/logo\/image\/","url":"https:\/\/www.fiemg.com.br\/fiemg\/wp-content\/uploads\/sites\/10\/2023\/02\/fiemg_branco.svg","contentUrl":"https:\/\/www.fiemg.com.br\/fiemg\/wp-content\/uploads\/sites\/10\/2023\/02\/fiemg_branco.svg","width":561,"height":147,"caption":"FIEMG"},"image":{"@id":"https:\/\/www.fiemg.com.br\/fiemg\/#\/schema\/logo\/image\/"}}]}},"_links":{"self":[{"href":"https:\/\/www.fiemg.com.br\/fiemg\/wp-json\/wp\/v2\/noticias\/9008","targetHints":{"allow":["GET"]}}],"collection":[{"href":"https:\/\/www.fiemg.com.br\/fiemg\/wp-json\/wp\/v2\/noticias"}],"about":[{"href":"https:\/\/www.fiemg.com.br\/fiemg\/wp-json\/wp\/v2\/types\/noticias"}],"wp:featuredmedia":[{"embeddable":true,"href":"https:\/\/www.fiemg.com.br\/fiemg\/wp-json\/wp\/v2\/media\/9009"}],"wp:attachment":[{"href":"https:\/\/www.fiemg.com.br\/fiemg\/wp-json\/wp\/v2\/media?parent=9008"}],"wp:term":[{"taxonomy":"category","embeddable":true,"href":"https:\/\/www.fiemg.com.br\/fiemg\/wp-json\/wp\/v2\/categories?post=9008"},{"taxonomy":"post_tag","embeddable":true,"href":"https:\/\/www.fiemg.com.br\/fiemg\/wp-json\/wp\/v2\/tags?post=9008"}],"curies":[{"name":"wp","href":"https:\/\/api.w.org\/{rel}","templated":true}]}}