{"id":9020,"date":"2025-07-09T08:01:13","date_gmt":"2025-07-09T11:01:13","guid":{"rendered":"https:\/\/www.fiemg.com.br\/fiemg\/noticias\/estacao-4-0-promove-debate-sobre-inteligencia-artificial-e-ciencia-de-dados-na-industria\/"},"modified":"2025-07-09T08:02:18","modified_gmt":"2025-07-09T11:02:18","slug":"estacao-4-0-promove-debate-sobre-inteligencia-artificial-e-ciencia-de-dados-na-industria","status":"publish","type":"noticias","link":"https:\/\/www.fiemg.com.br\/fiemg\/noticias\/estacao-4-0-promove-debate-sobre-inteligencia-artificial-e-ciencia-de-dados-na-industria\/","title":{"rendered":"Esta\u00e7\u00e3o 4.0 promove debate sobre Intelig\u00eancia Artificial e Ci\u00eancia de Dados na ind\u00fastria"},"content":{"rendered":"\n<p>No dia 26 de junho, o FIEMG Lab promoveu a segunda edi\u00e7\u00e3o do Esta\u00e7\u00e3o 4.0 em 2025, consolidando-se como um dos principais eventos de conex\u00e3o entre startups e a ind\u00fastria mineira. Realizado no P7 Criativo, em Belo Horizonte, o encontro reuniu mais de 100 inscritos, 20 ind\u00fastrias e cerca de 50 startups, totalizando 29 novas mesas de conex\u00e3o. O evento refor\u00e7a o compromisso da Federa\u00e7\u00e3o das Ind\u00fastrias do Estado de Minas Gerais (FIEMG) com a inova\u00e7\u00e3o aberta como estrat\u00e9gia de transforma\u00e7\u00e3o da economia e aumento da competitividade industrial.<\/p>\n\n\n\n<p>A abertura foi conduzida por Mariana Yazbeck, gerente de inova\u00e7\u00e3o aberta do Instituto Euvaldo Lodi (IEL Minas), que destacou a relev\u00e2ncia da colabora\u00e7\u00e3o para o desenvolvimento de solu\u00e7\u00f5es inovadoras. \u201cEsperamos que as pessoas que participam da Esta\u00e7\u00e3o possam estabelecer conex\u00f5es. Acreditamos que n\u00e3o existe inova\u00e7\u00e3o sem colabora\u00e7\u00e3o\u201d, afirmou.<\/p>\n\n\n\n<p>Na sequ\u00eancia, Igor Esp\u00edrito Santo, coordenador do FIEMG Lab, apresentou o hub de inova\u00e7\u00e3o, ressaltando os resultados alcan\u00e7ados ao longo de sete anos e a atua\u00e7\u00e3o das chamadas \u201cInd\u00fastrias do Futuro\u201d, que incluem Anglo American, CNH, Gerdau, Novo Nordisk e Vale.<\/p>\n\n\n\n<p>A programa\u00e7\u00e3o da manh\u00e3 foi marcada por duas palestras com foco em tecnologias emergentes. O CEO da Evcomx, Rodrigo Dalla Vecchia, apresentou o tema \u201cFatores decisivos no processo de dados para solu\u00e7\u00f5es de alto impacto\u201d, destacando a import\u00e2ncia da confiabilidade na ci\u00eancia de dados e das compet\u00eancias necess\u00e1rias para potencializar seu uso no setor industrial.<\/p>\n\n\n\n<p>J\u00e1 o CEO da Smart How, Gabriel Gon\u00e7alves, conduziu a palestra \u201cO novo funcion\u00e1rio da sua empresa n\u00e3o \u00e9 humano\u201d, trazendo exemplos pr\u00e1ticos de aplica\u00e7\u00e3o da Intelig\u00eancia Artificial no ambiente corporativo. O especialista prop\u00f4s uma reflex\u00e3o sobre os novos paradigmas do trabalho diante da crescente ado\u00e7\u00e3o de ferramentas inteligentes. \u201cA Intelig\u00eancia Artificial est\u00e1 transformando os setores industriais. No futuro, ser\u00e1 preciso dividir as tarefas operacionais, administrativas e de suporte operacional para compreender melhor como utiliz\u00e1-la nas empresas\u201d, explicou.<\/p>\n\n\n\n<p>Durante a tarde, as atividades seguiram com rodadas de neg\u00f3cios no formato de <em>speed datings<\/em>, aproximando as demandas reais das ind\u00fastrias das solu\u00e7\u00f5es desenvolvidas pelas startups. A din\u00e2mica refor\u00e7ou o papel do FIEMG Lab como catalisador de oportunidades e inova\u00e7\u00e3o. Nos intervalos, os participantes puderam desfrutar de sorvetes da Gelak, ind\u00fastria mineira parceira do evento.<\/p>\n\n\n\n<p>Encerrando o dia de conex\u00f5es e aprendizados, a Capapreta Cervejaria \u2014 tamb\u00e9m parceira do hub \u2014 recebeu os convidados para um momento de confraterniza\u00e7\u00e3o no restaurante da marca em Belo Horizonte, celebrando os resultados conquistados ao longo do evento.<\/p>\n\n\n\n<p><strong>Sobre o FIEMG Lab<\/strong><strong><br><\/strong> O FIEMG Lab \u00e9 uma iniciativa pioneira do Instituto Euvaldo Lodi (IEL), vinculada \u00e0 FIEMG, com o prop\u00f3sito de acelerar o futuro do setor industrial por meio da inova\u00e7\u00e3o aberta com startups. O hub atua como ponte entre empresas e empreendedores, fomentando solu\u00e7\u00f5es tecnol\u00f3gicas para os principais desafios do setor produtivo.<\/p>\n\n\n\n<p><strong>Ind\u00fastrias presentes no Esta\u00e7\u00e3o 4.0<\/strong><strong><br><\/strong> Anglo American, Aperam South America, Cedro, CIMCOP, CNH Industrial, F\u00e1brica de Tecidos Santa Margarida, Gerdau, Iveco, Jabil do Brasil, Labcor Laborat\u00f3rio, Minera\u00e7\u00e3o Vale Verde, Modularis Offsite Building, MRS Log\u00edstica, Pif Paf Alimentos, RHI Magnesita, RIMA, Saletto, Stellantis, TMSA, Tsea Energia.<strong>Startups participantes<\/strong><strong><br><\/strong> Ajna Tech, Appia, Axol Engenharia, Biolevel, Cemsa, Cermob, Checkbits, Closecare, Dunning, Eco.InPact, ESGscan, Eskive, EVCOMX, Futurai, Galp\u00e3o Conceito, GeoFleet, Gedanken, Geeco, Global FLAI, Global Marquet, Go And Slay, Hedro, Hipermation, Implanta IT Solutions, Indicium, Indigo, Infinite Foundry, InspEasy, KIIRY Energia &amp; Sustentabilidade, Mangue Tech, MEDME, Melvin, M\u00edtikas, Mundo Game Experience, Nano Brasil, OpsFactor, QualityHub, S4 Suprimentos, Sirros IoT, SmartHow, SydleTCX, Creative Solutions S.A, Trashin, Tree Solu\u00e7\u00f5es ESG Integradas, UniSoma, Vent, XRLab Tecnologia, Waste Data.<\/p>\n\n\n\n<p><strong>Imprensa FIEMG<\/strong><\/p>\n","protected":false},"featured_media":9022,"template":"","categories":[15],"tags":[1429,78],"class_list":["post-9020","noticias","type-noticias","status-publish","has-post-thumbnail","hentry","category-desenvolvimento-industrial","tag-estacao-4-0","tag-fiemg"],"acf":[],"yoast_head":"<!-- This site is optimized with the Yoast SEO plugin v26.2 - https:\/\/yoast.com\/wordpress\/plugins\/seo\/ -->\n<title>Esta\u00e7\u00e3o 4.0 promove debate sobre Intelig\u00eancia Artificial e Ci\u00eancia de Dados na ind\u00fastria - FIEMG<\/title>\n<meta name=\"description\" content=\"Segunda edi\u00e7\u00e3o do evento em 2025 reuniu mais de 100 participantes, com destaque para conex\u00f5es entre empresas e startups e palestras sobre o futuro da tecnologia nos processos produtivos\" \/>\n<meta name=\"robots\" content=\"index, follow, max-snippet:-1, max-image-preview:large, max-video-preview:-1\" \/>\n<link rel=\"canonical\" href=\"https:\/\/www.fiemg.com.br\/fiemg\/noticias\/estacao-4-0-promove-debate-sobre-inteligencia-artificial-e-ciencia-de-dados-na-industria\/\" \/>\n<meta property=\"og:locale\" content=\"pt_BR\" \/>\n<meta property=\"og:type\" content=\"article\" \/>\n<meta property=\"og:title\" content=\"Esta\u00e7\u00e3o 4.0 promove debate sobre Intelig\u00eancia Artificial e Ci\u00eancia de Dados na ind\u00fastria - FIEMG\" \/>\n<meta property=\"og:description\" content=\"Segunda edi\u00e7\u00e3o do evento em 2025 reuniu mais de 100 participantes, com destaque para conex\u00f5es entre empresas e startups e palestras sobre o futuro da tecnologia nos processos produtivos\" \/>\n<meta property=\"og:url\" content=\"https:\/\/www.fiemg.com.br\/fiemg\/noticias\/estacao-4-0-promove-debate-sobre-inteligencia-artificial-e-ciencia-de-dados-na-industria\/\" \/>\n<meta property=\"og:site_name\" content=\"FIEMG\" \/>\n<meta property=\"article:modified_time\" content=\"2025-07-09T11:02:18+00:00\" \/>\n<meta property=\"og:image\" content=\"https:\/\/www.fiemg.com.br\/fiemg\/wp-content\/uploads\/sites\/10\/2025\/07\/ESTACAO-4.0.png\" \/>\n\t<meta property=\"og:image:width\" content=\"512\" \/>\n\t<meta property=\"og:image:height\" content=\"512\" \/>\n\t<meta property=\"og:image:type\" content=\"image\/png\" \/>\n<meta name=\"twitter:card\" content=\"summary_large_image\" \/>\n<meta name=\"twitter:label1\" content=\"Est. tempo de leitura\" \/>\n\t<meta name=\"twitter:data1\" content=\"4 minutos\" \/>\n<script type=\"application\/ld+json\" class=\"yoast-schema-graph\">{\"@context\":\"https:\/\/schema.org\",\"@graph\":[{\"@type\":\"WebPage\",\"@id\":\"https:\/\/www.fiemg.com.br\/fiemg\/noticias\/estacao-4-0-promove-debate-sobre-inteligencia-artificial-e-ciencia-de-dados-na-industria\/\",\"url\":\"https:\/\/www.fiemg.com.br\/fiemg\/noticias\/estacao-4-0-promove-debate-sobre-inteligencia-artificial-e-ciencia-de-dados-na-industria\/\",\"name\":\"Esta\u00e7\u00e3o 4.0 promove debate sobre Intelig\u00eancia Artificial e Ci\u00eancia de Dados na ind\u00fastria - FIEMG\",\"isPartOf\":{\"@id\":\"https:\/\/www.fiemg.com.br\/fiemg\/#website\"},\"primaryImageOfPage\":{\"@id\":\"https:\/\/www.fiemg.com.br\/fiemg\/noticias\/estacao-4-0-promove-debate-sobre-inteligencia-artificial-e-ciencia-de-dados-na-industria\/#primaryimage\"},\"image\":{\"@id\":\"https:\/\/www.fiemg.com.br\/fiemg\/noticias\/estacao-4-0-promove-debate-sobre-inteligencia-artificial-e-ciencia-de-dados-na-industria\/#primaryimage\"},\"thumbnailUrl\":\"https:\/\/www.fiemg.com.br\/fiemg\/wp-content\/uploads\/sites\/10\/2025\/07\/ESTACAO-4.0.png\",\"datePublished\":\"2025-07-09T11:01:13+00:00\",\"dateModified\":\"2025-07-09T11:02:18+00:00\",\"description\":\"Segunda edi\u00e7\u00e3o do evento em 2025 reuniu mais de 100 participantes, com destaque para conex\u00f5es entre empresas e startups e palestras sobre o futuro da tecnologia nos processos produtivos\",\"breadcrumb\":{\"@id\":\"https:\/\/www.fiemg.com.br\/fiemg\/noticias\/estacao-4-0-promove-debate-sobre-inteligencia-artificial-e-ciencia-de-dados-na-industria\/#breadcrumb\"},\"inLanguage\":\"pt-BR\",\"potentialAction\":[{\"@type\":\"ReadAction\",\"target\":[\"https:\/\/www.fiemg.com.br\/fiemg\/noticias\/estacao-4-0-promove-debate-sobre-inteligencia-artificial-e-ciencia-de-dados-na-industria\/\"]}]},{\"@type\":\"ImageObject\",\"inLanguage\":\"pt-BR\",\"@id\":\"https:\/\/www.fiemg.com.br\/fiemg\/noticias\/estacao-4-0-promove-debate-sobre-inteligencia-artificial-e-ciencia-de-dados-na-industria\/#primaryimage\",\"url\":\"https:\/\/www.fiemg.com.br\/fiemg\/wp-content\/uploads\/sites\/10\/2025\/07\/ESTACAO-4.0.png\",\"contentUrl\":\"https:\/\/www.fiemg.com.br\/fiemg\/wp-content\/uploads\/sites\/10\/2025\/07\/ESTACAO-4.0.png\",\"width\":512,\"height\":512},{\"@type\":\"BreadcrumbList\",\"@id\":\"https:\/\/www.fiemg.com.br\/fiemg\/noticias\/estacao-4-0-promove-debate-sobre-inteligencia-artificial-e-ciencia-de-dados-na-industria\/#breadcrumb\",\"itemListElement\":[{\"@type\":\"ListItem\",\"position\":1,\"name\":\"In\u00edcio\",\"item\":\"https:\/\/www.fiemg.com.br\/fiemg\/\"},{\"@type\":\"ListItem\",\"position\":2,\"name\":\"Esta\u00e7\u00e3o 4.0 promove debate sobre Intelig\u00eancia Artificial e Ci\u00eancia de Dados na ind\u00fastria\"}]},{\"@type\":\"WebSite\",\"@id\":\"https:\/\/www.fiemg.com.br\/fiemg\/#website\",\"url\":\"https:\/\/www.fiemg.com.br\/fiemg\/\",\"name\":\"FIEMG\",\"description\":\"Federa\u00e7\u00e3o das Ind\u00fastrias do Estado de Minas Gerais\",\"publisher\":{\"@id\":\"https:\/\/www.fiemg.com.br\/fiemg\/#organization\"},\"potentialAction\":[{\"@type\":\"SearchAction\",\"target\":{\"@type\":\"EntryPoint\",\"urlTemplate\":\"https:\/\/www.fiemg.com.br\/fiemg\/?s={search_term_string}\"},\"query-input\":{\"@type\":\"PropertyValueSpecification\",\"valueRequired\":true,\"valueName\":\"search_term_string\"}}],\"inLanguage\":\"pt-BR\"},{\"@type\":\"Organization\",\"@id\":\"https:\/\/www.fiemg.com.br\/fiemg\/#organization\",\"name\":\"FIEMG\",\"url\":\"https:\/\/www.fiemg.com.br\/fiemg\/\",\"logo\":{\"@type\":\"ImageObject\",\"inLanguage\":\"pt-BR\",\"@id\":\"https:\/\/www.fiemg.com.br\/fiemg\/#\/schema\/logo\/image\/\",\"url\":\"https:\/\/www.fiemg.com.br\/fiemg\/wp-content\/uploads\/sites\/10\/2023\/02\/fiemg_branco.svg\",\"contentUrl\":\"https:\/\/www.fiemg.com.br\/fiemg\/wp-content\/uploads\/sites\/10\/2023\/02\/fiemg_branco.svg\",\"width\":561,\"height\":147,\"caption\":\"FIEMG\"},\"image\":{\"@id\":\"https:\/\/www.fiemg.com.br\/fiemg\/#\/schema\/logo\/image\/\"}}]}<\/script>\n<!-- \/ Yoast SEO plugin. -->","yoast_head_json":{"title":"Esta\u00e7\u00e3o 4.0 promove debate sobre Intelig\u00eancia Artificial e Ci\u00eancia de Dados na ind\u00fastria - FIEMG","description":"Segunda edi\u00e7\u00e3o do evento em 2025 reuniu mais de 100 participantes, com destaque para conex\u00f5es entre empresas e startups e palestras sobre o futuro da tecnologia nos processos produtivos","robots":{"index":"index","follow":"follow","max-snippet":"max-snippet:-1","max-image-preview":"max-image-preview:large","max-video-preview":"max-video-preview:-1"},"canonical":"https:\/\/www.fiemg.com.br\/fiemg\/noticias\/estacao-4-0-promove-debate-sobre-inteligencia-artificial-e-ciencia-de-dados-na-industria\/","og_locale":"pt_BR","og_type":"article","og_title":"Esta\u00e7\u00e3o 4.0 promove debate sobre Intelig\u00eancia Artificial e Ci\u00eancia de Dados na ind\u00fastria - FIEMG","og_description":"Segunda edi\u00e7\u00e3o do evento em 2025 reuniu mais de 100 participantes, com destaque para conex\u00f5es entre empresas e startups e palestras sobre o futuro da tecnologia nos processos produtivos","og_url":"https:\/\/www.fiemg.com.br\/fiemg\/noticias\/estacao-4-0-promove-debate-sobre-inteligencia-artificial-e-ciencia-de-dados-na-industria\/","og_site_name":"FIEMG","article_modified_time":"2025-07-09T11:02:18+00:00","og_image":[{"width":512,"height":512,"url":"https:\/\/www.fiemg.com.br\/fiemg\/wp-content\/uploads\/sites\/10\/2025\/07\/ESTACAO-4.0.png","type":"image\/png"}],"twitter_card":"summary_large_image","twitter_misc":{"Est. tempo de leitura":"4 minutos"},"schema":{"@context":"https:\/\/schema.org","@graph":[{"@type":"WebPage","@id":"https:\/\/www.fiemg.com.br\/fiemg\/noticias\/estacao-4-0-promove-debate-sobre-inteligencia-artificial-e-ciencia-de-dados-na-industria\/","url":"https:\/\/www.fiemg.com.br\/fiemg\/noticias\/estacao-4-0-promove-debate-sobre-inteligencia-artificial-e-ciencia-de-dados-na-industria\/","name":"Esta\u00e7\u00e3o 4.0 promove debate sobre Intelig\u00eancia Artificial e Ci\u00eancia de Dados na ind\u00fastria - FIEMG","isPartOf":{"@id":"https:\/\/www.fiemg.com.br\/fiemg\/#website"},"primaryImageOfPage":{"@id":"https:\/\/www.fiemg.com.br\/fiemg\/noticias\/estacao-4-0-promove-debate-sobre-inteligencia-artificial-e-ciencia-de-dados-na-industria\/#primaryimage"},"image":{"@id":"https:\/\/www.fiemg.com.br\/fiemg\/noticias\/estacao-4-0-promove-debate-sobre-inteligencia-artificial-e-ciencia-de-dados-na-industria\/#primaryimage"},"thumbnailUrl":"https:\/\/www.fiemg.com.br\/fiemg\/wp-content\/uploads\/sites\/10\/2025\/07\/ESTACAO-4.0.png","datePublished":"2025-07-09T11:01:13+00:00","dateModified":"2025-07-09T11:02:18+00:00","description":"Segunda edi\u00e7\u00e3o do evento em 2025 reuniu mais de 100 participantes, com destaque para conex\u00f5es entre empresas e startups e palestras sobre o futuro da tecnologia nos processos produtivos","breadcrumb":{"@id":"https:\/\/www.fiemg.com.br\/fiemg\/noticias\/estacao-4-0-promove-debate-sobre-inteligencia-artificial-e-ciencia-de-dados-na-industria\/#breadcrumb"},"inLanguage":"pt-BR","potentialAction":[{"@type":"ReadAction","target":["https:\/\/www.fiemg.com.br\/fiemg\/noticias\/estacao-4-0-promove-debate-sobre-inteligencia-artificial-e-ciencia-de-dados-na-industria\/"]}]},{"@type":"ImageObject","inLanguage":"pt-BR","@id":"https:\/\/www.fiemg.com.br\/fiemg\/noticias\/estacao-4-0-promove-debate-sobre-inteligencia-artificial-e-ciencia-de-dados-na-industria\/#primaryimage","url":"https:\/\/www.fiemg.com.br\/fiemg\/wp-content\/uploads\/sites\/10\/2025\/07\/ESTACAO-4.0.png","contentUrl":"https:\/\/www.fiemg.com.br\/fiemg\/wp-content\/uploads\/sites\/10\/2025\/07\/ESTACAO-4.0.png","width":512,"height":512},{"@type":"BreadcrumbList","@id":"https:\/\/www.fiemg.com.br\/fiemg\/noticias\/estacao-4-0-promove-debate-sobre-inteligencia-artificial-e-ciencia-de-dados-na-industria\/#breadcrumb","itemListElement":[{"@type":"ListItem","position":1,"name":"In\u00edcio","item":"https:\/\/www.fiemg.com.br\/fiemg\/"},{"@type":"ListItem","position":2,"name":"Esta\u00e7\u00e3o 4.0 promove debate sobre Intelig\u00eancia Artificial e Ci\u00eancia de Dados na ind\u00fastria"}]},{"@type":"WebSite","@id":"https:\/\/www.fiemg.com.br\/fiemg\/#website","url":"https:\/\/www.fiemg.com.br\/fiemg\/","name":"FIEMG","description":"Federa\u00e7\u00e3o das Ind\u00fastrias do Estado de Minas Gerais","publisher":{"@id":"https:\/\/www.fiemg.com.br\/fiemg\/#organization"},"potentialAction":[{"@type":"SearchAction","target":{"@type":"EntryPoint","urlTemplate":"https:\/\/www.fiemg.com.br\/fiemg\/?s={search_term_string}"},"query-input":{"@type":"PropertyValueSpecification","valueRequired":true,"valueName":"search_term_string"}}],"inLanguage":"pt-BR"},{"@type":"Organization","@id":"https:\/\/www.fiemg.com.br\/fiemg\/#organization","name":"FIEMG","url":"https:\/\/www.fiemg.com.br\/fiemg\/","logo":{"@type":"ImageObject","inLanguage":"pt-BR","@id":"https:\/\/www.fiemg.com.br\/fiemg\/#\/schema\/logo\/image\/","url":"https:\/\/www.fiemg.com.br\/fiemg\/wp-content\/uploads\/sites\/10\/2023\/02\/fiemg_branco.svg","contentUrl":"https:\/\/www.fiemg.com.br\/fiemg\/wp-content\/uploads\/sites\/10\/2023\/02\/fiemg_branco.svg","width":561,"height":147,"caption":"FIEMG"},"image":{"@id":"https:\/\/www.fiemg.com.br\/fiemg\/#\/schema\/logo\/image\/"}}]}},"_links":{"self":[{"href":"https:\/\/www.fiemg.com.br\/fiemg\/wp-json\/wp\/v2\/noticias\/9020","targetHints":{"allow":["GET"]}}],"collection":[{"href":"https:\/\/www.fiemg.com.br\/fiemg\/wp-json\/wp\/v2\/noticias"}],"about":[{"href":"https:\/\/www.fiemg.com.br\/fiemg\/wp-json\/wp\/v2\/types\/noticias"}],"wp:featuredmedia":[{"embeddable":true,"href":"https:\/\/www.fiemg.com.br\/fiemg\/wp-json\/wp\/v2\/media\/9022"}],"wp:attachment":[{"href":"https:\/\/www.fiemg.com.br\/fiemg\/wp-json\/wp\/v2\/media?parent=9020"}],"wp:term":[{"taxonomy":"category","embeddable":true,"href":"https:\/\/www.fiemg.com.br\/fiemg\/wp-json\/wp\/v2\/categories?post=9020"},{"taxonomy":"post_tag","embeddable":true,"href":"https:\/\/www.fiemg.com.br\/fiemg\/wp-json\/wp\/v2\/tags?post=9020"}],"curies":[{"name":"wp","href":"https:\/\/api.w.org\/{rel}","templated":true}]}}