{"id":9044,"date":"2025-07-11T15:46:56","date_gmt":"2025-07-11T18:46:56","guid":{"rendered":"https:\/\/www.fiemg.com.br\/fiemg\/noticias\/sindipan-jf-celebra-dia-do-panificador-com-missa-em-acao-de-gracas-na-fiemg-regional-zm\/"},"modified":"2025-07-11T17:21:12","modified_gmt":"2025-07-11T20:21:12","slug":"sindipan-jf-celebra-dia-do-panificador-com-missa-em-acao-de-gracas-na-fiemg-regional-zm","status":"publish","type":"noticias","link":"https:\/\/www.fiemg.com.br\/fiemg\/noticias\/sindipan-jf-celebra-dia-do-panificador-com-missa-em-acao-de-gracas-na-fiemg-regional-zm\/","title":{"rendered":"Sindipan-JF celebra Dia do Panificador com Missa em A\u00e7\u00e3o de Gra\u00e7as na FIEMG Regional ZM"},"content":{"rendered":"\n<p>O Sindicato Intermunicipal das Ind\u00fastrias de Panifica\u00e7\u00e3o e Confeitaria de Juiz de Fora e Regi\u00e3o (Sindipan-JF) realizou, na noite de 8 de julho, sua tradicional Missa em A\u00e7\u00e3o de Gra\u00e7as pelo Dia do Panificador, reunindo cerca de 100 pessoas, entre panificadores, familiares, empres\u00e1rios, representantes da FIEMG, SESI e SENAI, autoridades pol\u00edticas e convidados. O evento aconteceu na sede da FIEMG Regional Zona da Mata, em Juiz de Fora, onde tamb\u00e9m se localiza o Sindicato, contando tamb\u00e9m com a presen\u00e7a de lideran\u00e7as sindicais, como a presidente da FIEMG Regional ZM e do Sindivest JF-JG, Mari\u00e2ngela Marcon.<\/p>\n\n\n\n<p>O presidente do Sindipan-JF, Heveraldo Lima de Castro, fez a abertura do encontro agradecendo a presen\u00e7a de todos. Em sua fala, ressaltou o simbolismo da data e a import\u00e2ncia de celebrar aqueles que, diariamente, se dedicam a oferecer um alimento essencial para a vida. \u201c\u00c9 sempre uma alegria nos reunirmos para agradecer por mais um ano de trabalho, uni\u00e3o e supera\u00e7\u00e3o. O panificador \u00e9 um profissional que acorda cedo, enfrenta desafios e nunca deixa faltar o p\u00e3o na mesa da popula\u00e7\u00e3o. Essa \u00e9 uma miss\u00e3o que merece ser comemorada com f\u00e9 e gratid\u00e3o\u201d, afirmou.<\/p>\n\n\n\n<p>Celebrada pelo Padre Jos\u00e9 L\u00e9lis da Silva, a missa destacou a import\u00e2ncia de mantermos a coragem e a esperan\u00e7a diante dos desafios da vida. O sacerdote contou a hist\u00f3ria de Santa Isabel, padroeira dos panificadores, cujo nome significa \u201cpromessa de Deus\u201d. \u201cJesus \u00e9 o p\u00e3o da vida. \u00c9 preciso reencontrar o prazer de viver todos os dias, caminhar com valentia, aud\u00e1cia e coragem, apesar das dificuldades do caminho\u201d, destacou o padre durante a homilia.<\/p>\n\n\n\n<p>A celebra\u00e7\u00e3o da data \u00e9 uma homenagem do Sindipan-JF \u00e0 dedica\u00e7\u00e3o, ao esfor\u00e7o e \u00e0 import\u00e2ncia social e econ\u00f4mica dos profissionais do setor e refor\u00e7a o compromisso do Sindicato em apoiar, representar e reconhecer os panificadores da regi\u00e3o, contribuindo para o crescimento e valoriza\u00e7\u00e3o da Ind\u00fastria de Panifica\u00e7\u00e3o e Confeitaria. Ap\u00f3s a celebra\u00e7\u00e3o, os convidados participaram de um coquetel de confraterniza\u00e7\u00e3o.<\/p>\n\n\n\n<p>.<\/p>\n\n\n\n<p><em>Graciele Vianna<\/em><\/p>\n\n\n\n<p><strong>Imprensa FIEMG<\/strong><\/p>\n","protected":false},"featured_media":9045,"template":"","categories":[13],"tags":[],"class_list":["post-9044","noticias","type-noticias","status-publish","has-post-thumbnail","hentry","category-destaques"],"acf":[],"yoast_head":"<!-- This site is optimized with the Yoast SEO plugin v26.2 - https:\/\/yoast.com\/wordpress\/plugins\/seo\/ -->\n<title>Sindipan-JF celebra Dia do Panificador com Missa em A\u00e7\u00e3o de Gra\u00e7as na FIEMG Regional ZM - FIEMG<\/title>\n<meta name=\"robots\" content=\"index, follow, max-snippet:-1, max-image-preview:large, max-video-preview:-1\" \/>\n<link rel=\"canonical\" href=\"https:\/\/www.fiemg.com.br\/fiemg\/noticias\/sindipan-jf-celebra-dia-do-panificador-com-missa-em-acao-de-gracas-na-fiemg-regional-zm\/\" \/>\n<meta property=\"og:locale\" content=\"pt_BR\" \/>\n<meta property=\"og:type\" content=\"article\" \/>\n<meta property=\"og:title\" content=\"Sindipan-JF celebra Dia do Panificador com Missa em A\u00e7\u00e3o de Gra\u00e7as na FIEMG Regional ZM - FIEMG\" \/>\n<meta property=\"og:description\" content=\"O Sindicato Intermunicipal das Ind\u00fastrias de Panifica\u00e7\u00e3o e Confeitaria de Juiz de Fora e Regi\u00e3o (Sindipan-JF) realizou, na noite de 8 de julho, sua tradicional Missa em A\u00e7\u00e3o de Gra\u00e7as pelo Dia do Panificador, reunindo cerca de 100 pessoas, entre panificadores, familiares, empres\u00e1rios, representantes da FIEMG, SESI e SENAI, autoridades pol\u00edticas e convidados. O evento [&hellip;]\" \/>\n<meta property=\"og:url\" content=\"https:\/\/www.fiemg.com.br\/fiemg\/noticias\/sindipan-jf-celebra-dia-do-panificador-com-missa-em-acao-de-gracas-na-fiemg-regional-zm\/\" \/>\n<meta property=\"og:site_name\" content=\"FIEMG\" \/>\n<meta property=\"article:modified_time\" content=\"2025-07-11T20:21:12+00:00\" \/>\n<meta property=\"og:image\" content=\"https:\/\/www.fiemg.com.br\/fiemg\/wp-content\/uploads\/sites\/10\/2025\/07\/missa-sindipan-4-1.jpg\" \/>\n\t<meta property=\"og:image:width\" content=\"1024\" \/>\n\t<meta property=\"og:image:height\" content=\"684\" \/>\n\t<meta property=\"og:image:type\" content=\"image\/jpeg\" \/>\n<meta name=\"twitter:card\" content=\"summary_large_image\" \/>\n<meta name=\"twitter:label1\" content=\"Est. tempo de leitura\" \/>\n\t<meta name=\"twitter:data1\" content=\"3 minutos\" \/>\n<script type=\"application\/ld+json\" class=\"yoast-schema-graph\">{\"@context\":\"https:\/\/schema.org\",\"@graph\":[{\"@type\":\"WebPage\",\"@id\":\"https:\/\/www.fiemg.com.br\/fiemg\/noticias\/sindipan-jf-celebra-dia-do-panificador-com-missa-em-acao-de-gracas-na-fiemg-regional-zm\/\",\"url\":\"https:\/\/www.fiemg.com.br\/fiemg\/noticias\/sindipan-jf-celebra-dia-do-panificador-com-missa-em-acao-de-gracas-na-fiemg-regional-zm\/\",\"name\":\"Sindipan-JF celebra Dia do Panificador com Missa em A\u00e7\u00e3o de Gra\u00e7as na FIEMG Regional ZM - FIEMG\",\"isPartOf\":{\"@id\":\"https:\/\/www.fiemg.com.br\/fiemg\/#website\"},\"primaryImageOfPage\":{\"@id\":\"https:\/\/www.fiemg.com.br\/fiemg\/noticias\/sindipan-jf-celebra-dia-do-panificador-com-missa-em-acao-de-gracas-na-fiemg-regional-zm\/#primaryimage\"},\"image\":{\"@id\":\"https:\/\/www.fiemg.com.br\/fiemg\/noticias\/sindipan-jf-celebra-dia-do-panificador-com-missa-em-acao-de-gracas-na-fiemg-regional-zm\/#primaryimage\"},\"thumbnailUrl\":\"https:\/\/www.fiemg.com.br\/fiemg\/wp-content\/uploads\/sites\/10\/2025\/07\/missa-sindipan-4-1.jpg\",\"datePublished\":\"2025-07-11T18:46:56+00:00\",\"dateModified\":\"2025-07-11T20:21:12+00:00\",\"breadcrumb\":{\"@id\":\"https:\/\/www.fiemg.com.br\/fiemg\/noticias\/sindipan-jf-celebra-dia-do-panificador-com-missa-em-acao-de-gracas-na-fiemg-regional-zm\/#breadcrumb\"},\"inLanguage\":\"pt-BR\",\"potentialAction\":[{\"@type\":\"ReadAction\",\"target\":[\"https:\/\/www.fiemg.com.br\/fiemg\/noticias\/sindipan-jf-celebra-dia-do-panificador-com-missa-em-acao-de-gracas-na-fiemg-regional-zm\/\"]}]},{\"@type\":\"ImageObject\",\"inLanguage\":\"pt-BR\",\"@id\":\"https:\/\/www.fiemg.com.br\/fiemg\/noticias\/sindipan-jf-celebra-dia-do-panificador-com-missa-em-acao-de-gracas-na-fiemg-regional-zm\/#primaryimage\",\"url\":\"https:\/\/www.fiemg.com.br\/fiemg\/wp-content\/uploads\/sites\/10\/2025\/07\/missa-sindipan-4-1.jpg\",\"contentUrl\":\"https:\/\/www.fiemg.com.br\/fiemg\/wp-content\/uploads\/sites\/10\/2025\/07\/missa-sindipan-4-1.jpg\",\"width\":1024,\"height\":684},{\"@type\":\"BreadcrumbList\",\"@id\":\"https:\/\/www.fiemg.com.br\/fiemg\/noticias\/sindipan-jf-celebra-dia-do-panificador-com-missa-em-acao-de-gracas-na-fiemg-regional-zm\/#breadcrumb\",\"itemListElement\":[{\"@type\":\"ListItem\",\"position\":1,\"name\":\"In\u00edcio\",\"item\":\"https:\/\/www.fiemg.com.br\/fiemg\/\"},{\"@type\":\"ListItem\",\"position\":2,\"name\":\"Sindipan-JF celebra Dia do Panificador com Missa em A\u00e7\u00e3o de Gra\u00e7as na FIEMG Regional ZM\"}]},{\"@type\":\"WebSite\",\"@id\":\"https:\/\/www.fiemg.com.br\/fiemg\/#website\",\"url\":\"https:\/\/www.fiemg.com.br\/fiemg\/\",\"name\":\"FIEMG\",\"description\":\"Federa\u00e7\u00e3o das Ind\u00fastrias do Estado de Minas Gerais\",\"publisher\":{\"@id\":\"https:\/\/www.fiemg.com.br\/fiemg\/#organization\"},\"potentialAction\":[{\"@type\":\"SearchAction\",\"target\":{\"@type\":\"EntryPoint\",\"urlTemplate\":\"https:\/\/www.fiemg.com.br\/fiemg\/?s={search_term_string}\"},\"query-input\":{\"@type\":\"PropertyValueSpecification\",\"valueRequired\":true,\"valueName\":\"search_term_string\"}}],\"inLanguage\":\"pt-BR\"},{\"@type\":\"Organization\",\"@id\":\"https:\/\/www.fiemg.com.br\/fiemg\/#organization\",\"name\":\"FIEMG\",\"url\":\"https:\/\/www.fiemg.com.br\/fiemg\/\",\"logo\":{\"@type\":\"ImageObject\",\"inLanguage\":\"pt-BR\",\"@id\":\"https:\/\/www.fiemg.com.br\/fiemg\/#\/schema\/logo\/image\/\",\"url\":\"https:\/\/www.fiemg.com.br\/fiemg\/wp-content\/uploads\/sites\/10\/2023\/02\/fiemg_branco.svg\",\"contentUrl\":\"https:\/\/www.fiemg.com.br\/fiemg\/wp-content\/uploads\/sites\/10\/2023\/02\/fiemg_branco.svg\",\"width\":561,\"height\":147,\"caption\":\"FIEMG\"},\"image\":{\"@id\":\"https:\/\/www.fiemg.com.br\/fiemg\/#\/schema\/logo\/image\/\"}}]}<\/script>\n<!-- \/ Yoast SEO plugin. -->","yoast_head_json":{"title":"Sindipan-JF celebra Dia do Panificador com Missa em A\u00e7\u00e3o de Gra\u00e7as na FIEMG Regional ZM - FIEMG","robots":{"index":"index","follow":"follow","max-snippet":"max-snippet:-1","max-image-preview":"max-image-preview:large","max-video-preview":"max-video-preview:-1"},"canonical":"https:\/\/www.fiemg.com.br\/fiemg\/noticias\/sindipan-jf-celebra-dia-do-panificador-com-missa-em-acao-de-gracas-na-fiemg-regional-zm\/","og_locale":"pt_BR","og_type":"article","og_title":"Sindipan-JF celebra Dia do Panificador com Missa em A\u00e7\u00e3o de Gra\u00e7as na FIEMG Regional ZM - FIEMG","og_description":"O Sindicato Intermunicipal das Ind\u00fastrias de Panifica\u00e7\u00e3o e Confeitaria de Juiz de Fora e Regi\u00e3o (Sindipan-JF) realizou, na noite de 8 de julho, sua tradicional Missa em A\u00e7\u00e3o de Gra\u00e7as pelo Dia do Panificador, reunindo cerca de 100 pessoas, entre panificadores, familiares, empres\u00e1rios, representantes da FIEMG, SESI e SENAI, autoridades pol\u00edticas e convidados. O evento [&hellip;]","og_url":"https:\/\/www.fiemg.com.br\/fiemg\/noticias\/sindipan-jf-celebra-dia-do-panificador-com-missa-em-acao-de-gracas-na-fiemg-regional-zm\/","og_site_name":"FIEMG","article_modified_time":"2025-07-11T20:21:12+00:00","og_image":[{"width":1024,"height":684,"url":"https:\/\/www.fiemg.com.br\/fiemg\/wp-content\/uploads\/sites\/10\/2025\/07\/missa-sindipan-4-1.jpg","type":"image\/jpeg"}],"twitter_card":"summary_large_image","twitter_misc":{"Est. tempo de leitura":"3 minutos"},"schema":{"@context":"https:\/\/schema.org","@graph":[{"@type":"WebPage","@id":"https:\/\/www.fiemg.com.br\/fiemg\/noticias\/sindipan-jf-celebra-dia-do-panificador-com-missa-em-acao-de-gracas-na-fiemg-regional-zm\/","url":"https:\/\/www.fiemg.com.br\/fiemg\/noticias\/sindipan-jf-celebra-dia-do-panificador-com-missa-em-acao-de-gracas-na-fiemg-regional-zm\/","name":"Sindipan-JF celebra Dia do Panificador com Missa em A\u00e7\u00e3o de Gra\u00e7as na FIEMG Regional ZM - FIEMG","isPartOf":{"@id":"https:\/\/www.fiemg.com.br\/fiemg\/#website"},"primaryImageOfPage":{"@id":"https:\/\/www.fiemg.com.br\/fiemg\/noticias\/sindipan-jf-celebra-dia-do-panificador-com-missa-em-acao-de-gracas-na-fiemg-regional-zm\/#primaryimage"},"image":{"@id":"https:\/\/www.fiemg.com.br\/fiemg\/noticias\/sindipan-jf-celebra-dia-do-panificador-com-missa-em-acao-de-gracas-na-fiemg-regional-zm\/#primaryimage"},"thumbnailUrl":"https:\/\/www.fiemg.com.br\/fiemg\/wp-content\/uploads\/sites\/10\/2025\/07\/missa-sindipan-4-1.jpg","datePublished":"2025-07-11T18:46:56+00:00","dateModified":"2025-07-11T20:21:12+00:00","breadcrumb":{"@id":"https:\/\/www.fiemg.com.br\/fiemg\/noticias\/sindipan-jf-celebra-dia-do-panificador-com-missa-em-acao-de-gracas-na-fiemg-regional-zm\/#breadcrumb"},"inLanguage":"pt-BR","potentialAction":[{"@type":"ReadAction","target":["https:\/\/www.fiemg.com.br\/fiemg\/noticias\/sindipan-jf-celebra-dia-do-panificador-com-missa-em-acao-de-gracas-na-fiemg-regional-zm\/"]}]},{"@type":"ImageObject","inLanguage":"pt-BR","@id":"https:\/\/www.fiemg.com.br\/fiemg\/noticias\/sindipan-jf-celebra-dia-do-panificador-com-missa-em-acao-de-gracas-na-fiemg-regional-zm\/#primaryimage","url":"https:\/\/www.fiemg.com.br\/fiemg\/wp-content\/uploads\/sites\/10\/2025\/07\/missa-sindipan-4-1.jpg","contentUrl":"https:\/\/www.fiemg.com.br\/fiemg\/wp-content\/uploads\/sites\/10\/2025\/07\/missa-sindipan-4-1.jpg","width":1024,"height":684},{"@type":"BreadcrumbList","@id":"https:\/\/www.fiemg.com.br\/fiemg\/noticias\/sindipan-jf-celebra-dia-do-panificador-com-missa-em-acao-de-gracas-na-fiemg-regional-zm\/#breadcrumb","itemListElement":[{"@type":"ListItem","position":1,"name":"In\u00edcio","item":"https:\/\/www.fiemg.com.br\/fiemg\/"},{"@type":"ListItem","position":2,"name":"Sindipan-JF celebra Dia do Panificador com Missa em A\u00e7\u00e3o de Gra\u00e7as na FIEMG Regional ZM"}]},{"@type":"WebSite","@id":"https:\/\/www.fiemg.com.br\/fiemg\/#website","url":"https:\/\/www.fiemg.com.br\/fiemg\/","name":"FIEMG","description":"Federa\u00e7\u00e3o das Ind\u00fastrias do Estado de Minas Gerais","publisher":{"@id":"https:\/\/www.fiemg.com.br\/fiemg\/#organization"},"potentialAction":[{"@type":"SearchAction","target":{"@type":"EntryPoint","urlTemplate":"https:\/\/www.fiemg.com.br\/fiemg\/?s={search_term_string}"},"query-input":{"@type":"PropertyValueSpecification","valueRequired":true,"valueName":"search_term_string"}}],"inLanguage":"pt-BR"},{"@type":"Organization","@id":"https:\/\/www.fiemg.com.br\/fiemg\/#organization","name":"FIEMG","url":"https:\/\/www.fiemg.com.br\/fiemg\/","logo":{"@type":"ImageObject","inLanguage":"pt-BR","@id":"https:\/\/www.fiemg.com.br\/fiemg\/#\/schema\/logo\/image\/","url":"https:\/\/www.fiemg.com.br\/fiemg\/wp-content\/uploads\/sites\/10\/2023\/02\/fiemg_branco.svg","contentUrl":"https:\/\/www.fiemg.com.br\/fiemg\/wp-content\/uploads\/sites\/10\/2023\/02\/fiemg_branco.svg","width":561,"height":147,"caption":"FIEMG"},"image":{"@id":"https:\/\/www.fiemg.com.br\/fiemg\/#\/schema\/logo\/image\/"}}]}},"_links":{"self":[{"href":"https:\/\/www.fiemg.com.br\/fiemg\/wp-json\/wp\/v2\/noticias\/9044","targetHints":{"allow":["GET"]}}],"collection":[{"href":"https:\/\/www.fiemg.com.br\/fiemg\/wp-json\/wp\/v2\/noticias"}],"about":[{"href":"https:\/\/www.fiemg.com.br\/fiemg\/wp-json\/wp\/v2\/types\/noticias"}],"wp:featuredmedia":[{"embeddable":true,"href":"https:\/\/www.fiemg.com.br\/fiemg\/wp-json\/wp\/v2\/media\/9045"}],"wp:attachment":[{"href":"https:\/\/www.fiemg.com.br\/fiemg\/wp-json\/wp\/v2\/media?parent=9044"}],"wp:term":[{"taxonomy":"category","embeddable":true,"href":"https:\/\/www.fiemg.com.br\/fiemg\/wp-json\/wp\/v2\/categories?post=9044"},{"taxonomy":"post_tag","embeddable":true,"href":"https:\/\/www.fiemg.com.br\/fiemg\/wp-json\/wp\/v2\/tags?post=9044"}],"curies":[{"name":"wp","href":"https:\/\/api.w.org\/{rel}","templated":true}]}}