{"id":9056,"date":"2025-07-11T16:45:31","date_gmt":"2025-07-11T19:45:31","guid":{"rendered":"https:\/\/www.fiemg.com.br\/fiemg\/noticias\/presidentes-de-sindicatos-da-zona-da-mata-discutem-impactos-do-pl-da-tarifa-zero-em-reuniao-extraordinaria\/"},"modified":"2025-07-11T16:45:31","modified_gmt":"2025-07-11T19:45:31","slug":"presidentes-de-sindicatos-da-zona-da-mata-discutem-impactos-do-pl-da-tarifa-zero-em-reuniao-extraordinaria","status":"publish","type":"noticias","link":"https:\/\/www.fiemg.com.br\/fiemg\/noticias\/presidentes-de-sindicatos-da-zona-da-mata-discutem-impactos-do-pl-da-tarifa-zero-em-reuniao-extraordinaria\/","title":{"rendered":"Presidentes de Sindicatos da Zona da Mata discutem impactos do PL da Tarifa Zero em reuni\u00e3o extraordin\u00e1ria"},"content":{"rendered":"\n<p>Presidentes de Sindicatos da Ind\u00fastria da Zona da Mata se reuniram no dia 7 de julho, na sede da FIEMG Regional ZM, para uma reuni\u00e3o extraordin\u00e1ria sobre o Projeto de Lei da Tarifa Zero, de autoria da Prefeitura de Juiz de Fora, que prop\u00f5e a gratuidade total no transporte coletivo urbano da cidade. O encontro foi conduzido pela presidente da FIEMG Regional ZM e do Sindicato das Ind\u00fastrias do Vestu\u00e1rio de Juiz de Fora e Governador Valadares (Sindivest JF-GV), Mari\u00e2ngela Miranda Marcon, e teve como foco a an\u00e1lise jur\u00eddica e econ\u00f4mica da proposta, que j\u00e1 tramita na C\u00e2mara Municipal.<\/p>\n\n\n\n<p>O projeto, que prev\u00ea a cria\u00e7\u00e3o do Fundo Municipal de Transporte para custear a gratuidade, estabelece que empresas com 10 ou mais funcion\u00e1rios \u2013 p\u00fablicas ou privadas \u2013 assumam uma tarifa t\u00e9cnica proporcional ao n\u00famero de empregados, em moldes semelhantes ao vale-transporte atual. Pequenas empresas, com menos de 10 colaboradores, estariam isentas da contribui\u00e7\u00e3o. O PL foi enviado \u00e0 C\u00e2mara Municipal no dia 23 de junho e, caso seja aprovado, Juiz de Fora se tornar\u00e1 a primeira cidade com mais de 500 mil habitantes a implementar a gratuidade total no transporte coletivo urbano.<\/p>\n\n\n\n<p>Durante a reuni\u00e3o, foram discutidos os poss\u00edveis impactos da iniciativa para as empresas da regi\u00e3o, com destaque para a preocupa\u00e7\u00e3o com a falta de estudos pr\u00e9vios de viabilidade financeira e econ\u00f4mica por parte da Prefeitura. \u201cEstamos caminhando na discuss\u00e3o do tema e buscando uma an\u00e1lise profunda dos impactos que essa medida pode trazer para o setor produtivo. As simula\u00e7\u00f5es informais feitas at\u00e9 agora demonstram um peso excessivo sobre o empresariado\u201d, avaliou Mari\u00e2ngela.<\/p>\n\n\n\n<p>Os participantes tamb\u00e9m debateram aspectos legais como a natureza jur\u00eddica da tarifa, a poss\u00edvel viola\u00e7\u00e3o ao direito trabalhista federal do vale-transporte, o princ\u00edpio da capacidade contributiva e os riscos de inconstitucionalidade material e formal do projeto. A FIEMG Regional ZM j\u00e1 solicitou \u00e0 C\u00e2mara Municipal a realiza\u00e7\u00e3o de uma audi\u00eancia p\u00fablica para discuss\u00e3o ampla do tema.<\/p>\n\n\n\n<p>Entre os questionamentos levantados est\u00e1 o impacto sobre empresas que j\u00e1 oferecem fretamento pr\u00f3prio para transporte de funcion\u00e1rios, o que geraria uma duplicidade de custos. \u201cO ideal seria a manuten\u00e7\u00e3o do sistema atual, com o benef\u00edcio do vale-transporte conforme a legisla\u00e7\u00e3o vigente. Sem um planejamento adequado, o sistema de \u00f4nibus tamb\u00e9m pode n\u00e3o suportar a demanda ampliada\u201d, alertou Mari\u00e2ngela.<\/p>\n\n\n\n<p>Ap\u00f3s a reuni\u00e3o, o presidente do Sindicato da Ind\u00fastria da Constru\u00e7\u00e3o Civil de Juiz de Fora (Sinduscon-JF), Carlos Eduardo Manera, foi designado por Mari\u00e2ngela Marcon para representar a FIEMG Regional Zona da Mata nas reuni\u00f5es de estudo do PL Tarifa Zero. Segundo ela, com base em seu conhecimento t\u00e9cnico, Carlos Eduardo Manera atuar\u00e1 como interlocutor junto ao Legislativo, desempenhando o papel de negociador e defensor dos leg\u00edtimos direitos dos empres\u00e1rios e industriais de Juiz de Fora. Os desdobramentos das discuss\u00f5es e os avan\u00e7os obtidos ser\u00e3o repassados aos presidentes de Sindicatos da regi\u00e3o, garantindo transpar\u00eancia e alinhamento nas decis\u00f5es.<\/p>\n\n\n\n<p>A FIEMG Regional Zona da Mata segue acompanhando de perto a tramita\u00e7\u00e3o do PL e refor\u00e7a seu compromisso em representar os interesses da ind\u00fastria regional, buscando equil\u00edbrio e di\u00e1logo nas pol\u00edticas p\u00fablicas que afetam diretamente o setor produtivo.<\/p>\n\n\n\n<figure class=\"wp-block-image size-large is-resized\"><img fetchpriority=\"high\" decoding=\"async\" width=\"1024\" height=\"576\" src=\"https:\/\/www.fiemg.com.br\/fiemg\/wp-content\/uploads\/sites\/10\/2025\/07\/reuniao-pres-sind-3-1024x576.jpg\" alt=\"\" class=\"wp-image-9058\" style=\"width:530px;height:auto\" srcset=\"https:\/\/www.fiemg.com.br\/fiemg\/wp-content\/uploads\/sites\/10\/2025\/07\/reuniao-pres-sind-3-1024x576.jpg 1024w, https:\/\/www.fiemg.com.br\/fiemg\/wp-content\/uploads\/sites\/10\/2025\/07\/reuniao-pres-sind-3-300x169.jpg 300w, https:\/\/www.fiemg.com.br\/fiemg\/wp-content\/uploads\/sites\/10\/2025\/07\/reuniao-pres-sind-3-768x432.jpg 768w, https:\/\/www.fiemg.com.br\/fiemg\/wp-content\/uploads\/sites\/10\/2025\/07\/reuniao-pres-sind-3-1536x864.jpg 1536w, https:\/\/www.fiemg.com.br\/fiemg\/wp-content\/uploads\/sites\/10\/2025\/07\/reuniao-pres-sind-3.jpg 1600w\" sizes=\"(max-width: 1024px) 100vw, 1024px\" \/><\/figure>\n\n\n\n<p>.<\/p>\n\n\n\n<p><strong>Graciele Vianna<\/strong><\/p>\n\n\n\n<p><em>Imprensa FIEMG<\/em><\/p>\n","protected":false},"featured_media":9057,"template":"","categories":[15],"tags":[],"class_list":["post-9056","noticias","type-noticias","status-publish","has-post-thumbnail","hentry","category-desenvolvimento-industrial"],"acf":[],"yoast_head":"<!-- This site is optimized with the Yoast SEO plugin v26.2 - https:\/\/yoast.com\/wordpress\/plugins\/seo\/ -->\n<title>Presidentes de Sindicatos da Zona da Mata discutem impactos do PL da Tarifa Zero em reuni\u00e3o extraordin\u00e1ria - FIEMG<\/title>\n<meta name=\"robots\" content=\"index, follow, max-snippet:-1, max-image-preview:large, max-video-preview:-1\" \/>\n<link rel=\"canonical\" href=\"https:\/\/www.fiemg.com.br\/fiemg\/noticias\/presidentes-de-sindicatos-da-zona-da-mata-discutem-impactos-do-pl-da-tarifa-zero-em-reuniao-extraordinaria\/\" \/>\n<meta property=\"og:locale\" content=\"pt_BR\" \/>\n<meta property=\"og:type\" content=\"article\" \/>\n<meta property=\"og:title\" content=\"Presidentes de Sindicatos da Zona da Mata discutem impactos do PL da Tarifa Zero em reuni\u00e3o extraordin\u00e1ria - FIEMG\" \/>\n<meta property=\"og:description\" content=\"Presidentes de Sindicatos da Ind\u00fastria da Zona da Mata se reuniram no dia 7 de julho, na sede da FIEMG Regional ZM, para uma reuni\u00e3o extraordin\u00e1ria sobre o Projeto de Lei da Tarifa Zero, de autoria da Prefeitura de Juiz de Fora, que prop\u00f5e a gratuidade total no transporte coletivo urbano da cidade. O encontro [&hellip;]\" \/>\n<meta property=\"og:url\" content=\"https:\/\/www.fiemg.com.br\/fiemg\/noticias\/presidentes-de-sindicatos-da-zona-da-mata-discutem-impactos-do-pl-da-tarifa-zero-em-reuniao-extraordinaria\/\" \/>\n<meta property=\"og:site_name\" content=\"FIEMG\" \/>\n<meta property=\"og:image\" content=\"https:\/\/www.fiemg.com.br\/fiemg\/wp-content\/uploads\/sites\/10\/2025\/07\/reuniao-pres-sind-1-1.jpg\" \/>\n\t<meta property=\"og:image:width\" content=\"1600\" \/>\n\t<meta property=\"og:image:height\" content=\"901\" \/>\n\t<meta property=\"og:image:type\" content=\"image\/jpeg\" \/>\n<meta name=\"twitter:card\" content=\"summary_large_image\" \/>\n<meta name=\"twitter:label1\" content=\"Est. tempo de leitura\" \/>\n\t<meta name=\"twitter:data1\" content=\"4 minutos\" \/>\n<script type=\"application\/ld+json\" class=\"yoast-schema-graph\">{\"@context\":\"https:\/\/schema.org\",\"@graph\":[{\"@type\":\"WebPage\",\"@id\":\"https:\/\/www.fiemg.com.br\/fiemg\/noticias\/presidentes-de-sindicatos-da-zona-da-mata-discutem-impactos-do-pl-da-tarifa-zero-em-reuniao-extraordinaria\/\",\"url\":\"https:\/\/www.fiemg.com.br\/fiemg\/noticias\/presidentes-de-sindicatos-da-zona-da-mata-discutem-impactos-do-pl-da-tarifa-zero-em-reuniao-extraordinaria\/\",\"name\":\"Presidentes de Sindicatos da Zona da Mata discutem impactos do PL da Tarifa Zero em reuni\u00e3o extraordin\u00e1ria - FIEMG\",\"isPartOf\":{\"@id\":\"https:\/\/www.fiemg.com.br\/fiemg\/#website\"},\"primaryImageOfPage\":{\"@id\":\"https:\/\/www.fiemg.com.br\/fiemg\/noticias\/presidentes-de-sindicatos-da-zona-da-mata-discutem-impactos-do-pl-da-tarifa-zero-em-reuniao-extraordinaria\/#primaryimage\"},\"image\":{\"@id\":\"https:\/\/www.fiemg.com.br\/fiemg\/noticias\/presidentes-de-sindicatos-da-zona-da-mata-discutem-impactos-do-pl-da-tarifa-zero-em-reuniao-extraordinaria\/#primaryimage\"},\"thumbnailUrl\":\"https:\/\/www.fiemg.com.br\/fiemg\/wp-content\/uploads\/sites\/10\/2025\/07\/reuniao-pres-sind-1-1.jpg\",\"datePublished\":\"2025-07-11T19:45:31+00:00\",\"breadcrumb\":{\"@id\":\"https:\/\/www.fiemg.com.br\/fiemg\/noticias\/presidentes-de-sindicatos-da-zona-da-mata-discutem-impactos-do-pl-da-tarifa-zero-em-reuniao-extraordinaria\/#breadcrumb\"},\"inLanguage\":\"pt-BR\",\"potentialAction\":[{\"@type\":\"ReadAction\",\"target\":[\"https:\/\/www.fiemg.com.br\/fiemg\/noticias\/presidentes-de-sindicatos-da-zona-da-mata-discutem-impactos-do-pl-da-tarifa-zero-em-reuniao-extraordinaria\/\"]}]},{\"@type\":\"ImageObject\",\"inLanguage\":\"pt-BR\",\"@id\":\"https:\/\/www.fiemg.com.br\/fiemg\/noticias\/presidentes-de-sindicatos-da-zona-da-mata-discutem-impactos-do-pl-da-tarifa-zero-em-reuniao-extraordinaria\/#primaryimage\",\"url\":\"https:\/\/www.fiemg.com.br\/fiemg\/wp-content\/uploads\/sites\/10\/2025\/07\/reuniao-pres-sind-1-1.jpg\",\"contentUrl\":\"https:\/\/www.fiemg.com.br\/fiemg\/wp-content\/uploads\/sites\/10\/2025\/07\/reuniao-pres-sind-1-1.jpg\",\"width\":1600,\"height\":901},{\"@type\":\"BreadcrumbList\",\"@id\":\"https:\/\/www.fiemg.com.br\/fiemg\/noticias\/presidentes-de-sindicatos-da-zona-da-mata-discutem-impactos-do-pl-da-tarifa-zero-em-reuniao-extraordinaria\/#breadcrumb\",\"itemListElement\":[{\"@type\":\"ListItem\",\"position\":1,\"name\":\"In\u00edcio\",\"item\":\"https:\/\/www.fiemg.com.br\/fiemg\/\"},{\"@type\":\"ListItem\",\"position\":2,\"name\":\"Presidentes de Sindicatos da Zona da Mata discutem impactos do PL da Tarifa Zero em reuni\u00e3o extraordin\u00e1ria\"}]},{\"@type\":\"WebSite\",\"@id\":\"https:\/\/www.fiemg.com.br\/fiemg\/#website\",\"url\":\"https:\/\/www.fiemg.com.br\/fiemg\/\",\"name\":\"FIEMG\",\"description\":\"Federa\u00e7\u00e3o das Ind\u00fastrias do Estado de Minas Gerais\",\"publisher\":{\"@id\":\"https:\/\/www.fiemg.com.br\/fiemg\/#organization\"},\"potentialAction\":[{\"@type\":\"SearchAction\",\"target\":{\"@type\":\"EntryPoint\",\"urlTemplate\":\"https:\/\/www.fiemg.com.br\/fiemg\/?s={search_term_string}\"},\"query-input\":{\"@type\":\"PropertyValueSpecification\",\"valueRequired\":true,\"valueName\":\"search_term_string\"}}],\"inLanguage\":\"pt-BR\"},{\"@type\":\"Organization\",\"@id\":\"https:\/\/www.fiemg.com.br\/fiemg\/#organization\",\"name\":\"FIEMG\",\"url\":\"https:\/\/www.fiemg.com.br\/fiemg\/\",\"logo\":{\"@type\":\"ImageObject\",\"inLanguage\":\"pt-BR\",\"@id\":\"https:\/\/www.fiemg.com.br\/fiemg\/#\/schema\/logo\/image\/\",\"url\":\"https:\/\/www.fiemg.com.br\/fiemg\/wp-content\/uploads\/sites\/10\/2023\/02\/fiemg_branco.svg\",\"contentUrl\":\"https:\/\/www.fiemg.com.br\/fiemg\/wp-content\/uploads\/sites\/10\/2023\/02\/fiemg_branco.svg\",\"width\":561,\"height\":147,\"caption\":\"FIEMG\"},\"image\":{\"@id\":\"https:\/\/www.fiemg.com.br\/fiemg\/#\/schema\/logo\/image\/\"}}]}<\/script>\n<!-- \/ Yoast SEO plugin. -->","yoast_head_json":{"title":"Presidentes de Sindicatos da Zona da Mata discutem impactos do PL da Tarifa Zero em reuni\u00e3o extraordin\u00e1ria - FIEMG","robots":{"index":"index","follow":"follow","max-snippet":"max-snippet:-1","max-image-preview":"max-image-preview:large","max-video-preview":"max-video-preview:-1"},"canonical":"https:\/\/www.fiemg.com.br\/fiemg\/noticias\/presidentes-de-sindicatos-da-zona-da-mata-discutem-impactos-do-pl-da-tarifa-zero-em-reuniao-extraordinaria\/","og_locale":"pt_BR","og_type":"article","og_title":"Presidentes de Sindicatos da Zona da Mata discutem impactos do PL da Tarifa Zero em reuni\u00e3o extraordin\u00e1ria - FIEMG","og_description":"Presidentes de Sindicatos da Ind\u00fastria da Zona da Mata se reuniram no dia 7 de julho, na sede da FIEMG Regional ZM, para uma reuni\u00e3o extraordin\u00e1ria sobre o Projeto de Lei da Tarifa Zero, de autoria da Prefeitura de Juiz de Fora, que prop\u00f5e a gratuidade total no transporte coletivo urbano da cidade. O encontro [&hellip;]","og_url":"https:\/\/www.fiemg.com.br\/fiemg\/noticias\/presidentes-de-sindicatos-da-zona-da-mata-discutem-impactos-do-pl-da-tarifa-zero-em-reuniao-extraordinaria\/","og_site_name":"FIEMG","og_image":[{"width":1600,"height":901,"url":"https:\/\/www.fiemg.com.br\/fiemg\/wp-content\/uploads\/sites\/10\/2025\/07\/reuniao-pres-sind-1-1.jpg","type":"image\/jpeg"}],"twitter_card":"summary_large_image","twitter_misc":{"Est. tempo de leitura":"4 minutos"},"schema":{"@context":"https:\/\/schema.org","@graph":[{"@type":"WebPage","@id":"https:\/\/www.fiemg.com.br\/fiemg\/noticias\/presidentes-de-sindicatos-da-zona-da-mata-discutem-impactos-do-pl-da-tarifa-zero-em-reuniao-extraordinaria\/","url":"https:\/\/www.fiemg.com.br\/fiemg\/noticias\/presidentes-de-sindicatos-da-zona-da-mata-discutem-impactos-do-pl-da-tarifa-zero-em-reuniao-extraordinaria\/","name":"Presidentes de Sindicatos da Zona da Mata discutem impactos do PL da Tarifa Zero em reuni\u00e3o extraordin\u00e1ria - FIEMG","isPartOf":{"@id":"https:\/\/www.fiemg.com.br\/fiemg\/#website"},"primaryImageOfPage":{"@id":"https:\/\/www.fiemg.com.br\/fiemg\/noticias\/presidentes-de-sindicatos-da-zona-da-mata-discutem-impactos-do-pl-da-tarifa-zero-em-reuniao-extraordinaria\/#primaryimage"},"image":{"@id":"https:\/\/www.fiemg.com.br\/fiemg\/noticias\/presidentes-de-sindicatos-da-zona-da-mata-discutem-impactos-do-pl-da-tarifa-zero-em-reuniao-extraordinaria\/#primaryimage"},"thumbnailUrl":"https:\/\/www.fiemg.com.br\/fiemg\/wp-content\/uploads\/sites\/10\/2025\/07\/reuniao-pres-sind-1-1.jpg","datePublished":"2025-07-11T19:45:31+00:00","breadcrumb":{"@id":"https:\/\/www.fiemg.com.br\/fiemg\/noticias\/presidentes-de-sindicatos-da-zona-da-mata-discutem-impactos-do-pl-da-tarifa-zero-em-reuniao-extraordinaria\/#breadcrumb"},"inLanguage":"pt-BR","potentialAction":[{"@type":"ReadAction","target":["https:\/\/www.fiemg.com.br\/fiemg\/noticias\/presidentes-de-sindicatos-da-zona-da-mata-discutem-impactos-do-pl-da-tarifa-zero-em-reuniao-extraordinaria\/"]}]},{"@type":"ImageObject","inLanguage":"pt-BR","@id":"https:\/\/www.fiemg.com.br\/fiemg\/noticias\/presidentes-de-sindicatos-da-zona-da-mata-discutem-impactos-do-pl-da-tarifa-zero-em-reuniao-extraordinaria\/#primaryimage","url":"https:\/\/www.fiemg.com.br\/fiemg\/wp-content\/uploads\/sites\/10\/2025\/07\/reuniao-pres-sind-1-1.jpg","contentUrl":"https:\/\/www.fiemg.com.br\/fiemg\/wp-content\/uploads\/sites\/10\/2025\/07\/reuniao-pres-sind-1-1.jpg","width":1600,"height":901},{"@type":"BreadcrumbList","@id":"https:\/\/www.fiemg.com.br\/fiemg\/noticias\/presidentes-de-sindicatos-da-zona-da-mata-discutem-impactos-do-pl-da-tarifa-zero-em-reuniao-extraordinaria\/#breadcrumb","itemListElement":[{"@type":"ListItem","position":1,"name":"In\u00edcio","item":"https:\/\/www.fiemg.com.br\/fiemg\/"},{"@type":"ListItem","position":2,"name":"Presidentes de Sindicatos da Zona da Mata discutem impactos do PL da Tarifa Zero em reuni\u00e3o extraordin\u00e1ria"}]},{"@type":"WebSite","@id":"https:\/\/www.fiemg.com.br\/fiemg\/#website","url":"https:\/\/www.fiemg.com.br\/fiemg\/","name":"FIEMG","description":"Federa\u00e7\u00e3o das Ind\u00fastrias do Estado de Minas Gerais","publisher":{"@id":"https:\/\/www.fiemg.com.br\/fiemg\/#organization"},"potentialAction":[{"@type":"SearchAction","target":{"@type":"EntryPoint","urlTemplate":"https:\/\/www.fiemg.com.br\/fiemg\/?s={search_term_string}"},"query-input":{"@type":"PropertyValueSpecification","valueRequired":true,"valueName":"search_term_string"}}],"inLanguage":"pt-BR"},{"@type":"Organization","@id":"https:\/\/www.fiemg.com.br\/fiemg\/#organization","name":"FIEMG","url":"https:\/\/www.fiemg.com.br\/fiemg\/","logo":{"@type":"ImageObject","inLanguage":"pt-BR","@id":"https:\/\/www.fiemg.com.br\/fiemg\/#\/schema\/logo\/image\/","url":"https:\/\/www.fiemg.com.br\/fiemg\/wp-content\/uploads\/sites\/10\/2023\/02\/fiemg_branco.svg","contentUrl":"https:\/\/www.fiemg.com.br\/fiemg\/wp-content\/uploads\/sites\/10\/2023\/02\/fiemg_branco.svg","width":561,"height":147,"caption":"FIEMG"},"image":{"@id":"https:\/\/www.fiemg.com.br\/fiemg\/#\/schema\/logo\/image\/"}}]}},"_links":{"self":[{"href":"https:\/\/www.fiemg.com.br\/fiemg\/wp-json\/wp\/v2\/noticias\/9056","targetHints":{"allow":["GET"]}}],"collection":[{"href":"https:\/\/www.fiemg.com.br\/fiemg\/wp-json\/wp\/v2\/noticias"}],"about":[{"href":"https:\/\/www.fiemg.com.br\/fiemg\/wp-json\/wp\/v2\/types\/noticias"}],"wp:featuredmedia":[{"embeddable":true,"href":"https:\/\/www.fiemg.com.br\/fiemg\/wp-json\/wp\/v2\/media\/9057"}],"wp:attachment":[{"href":"https:\/\/www.fiemg.com.br\/fiemg\/wp-json\/wp\/v2\/media?parent=9056"}],"wp:term":[{"taxonomy":"category","embeddable":true,"href":"https:\/\/www.fiemg.com.br\/fiemg\/wp-json\/wp\/v2\/categories?post=9056"},{"taxonomy":"post_tag","embeddable":true,"href":"https:\/\/www.fiemg.com.br\/fiemg\/wp-json\/wp\/v2\/tags?post=9056"}],"curies":[{"name":"wp","href":"https:\/\/api.w.org\/{rel}","templated":true}]}}