{"id":9102,"date":"2025-07-14T20:12:01","date_gmt":"2025-07-14T23:12:01","guid":{"rendered":"https:\/\/www.fiemg.com.br\/fiemg\/noticias\/fiemg-participa-de-jantar-empresarial-em-juiz-de-fora-marcando-o-lancamento-das-comemoracoes-do-centenario-do-cijf\/"},"modified":"2025-07-15T14:32:47","modified_gmt":"2025-07-15T17:32:47","slug":"fiemg-participa-de-jantar-empresarial-em-juiz-de-fora-marcando-o-lancamento-das-comemoracoes-do-centenario-do-cijf","status":"publish","type":"noticias","link":"https:\/\/www.fiemg.com.br\/fiemg\/noticias\/fiemg-participa-de-jantar-empresarial-em-juiz-de-fora-marcando-o-lancamento-das-comemoracoes-do-centenario-do-cijf\/","title":{"rendered":"FIEMG participa de jantar empresarial em Juiz de Fora marcando o lan\u00e7amento das comemora\u00e7\u00f5es do centen\u00e1rio do CIJF"},"content":{"rendered":"\n<p>A FIEMG marcou presen\u00e7a no jantar empresarial promovido pelo Centro Industrial de Juiz de Fora (CIJF), realizado na noite de 10 de julho, na Esta\u00e7\u00e3o S\u00e3o Pedro. O evento celebrou os 99 anos do CIJF e lan\u00e7ou oficialmente as comemora\u00e7\u00f5es do centen\u00e1rio da entidade, que ser\u00e1 celebrado em 2026. O encontro reuniu lideran\u00e7as empresariais, autoridades pol\u00edticas, representantes de entidades, empres\u00e1rios e profissionais de v\u00e1rios setores para um momento de celebra\u00e7\u00e3o, conte\u00fado e articula\u00e7\u00e3o institucional.<\/p>\n\n\n\n<p>A presidente do CIJF, Fl\u00e1via Gonzaga Costa, tamb\u00e9m \u00e0 frente do Sindicato das Ind\u00fastrias de Alimenta\u00e7\u00e3o de Juiz de Fora (SIA-JF), realizou a abertura do evento ressaltando o papel do associativismo como s\u00edmbolo de uni\u00e3o, compromisso e desenvolvimento. \u201cCelebrar os 99 anos do CIJF \u00e9 mais do que celebrar o passado \u2014 \u00e9 reafirmar nosso compromisso com o futuro e celebrar o potencial transformador do setor produtivo e das pessoas que mant\u00eam vivo o esp\u00edrito empreendedor da nossa cidade. Que o Centro Industrial continue sendo exemplo, inspira\u00e7\u00e3o e alicerce para as pr\u00f3ximas gera\u00e7\u00f5es\u201d, disse.<\/p>\n\n\n\n<p>Em v\u00eddeo enviado para a ocasi\u00e3o, o presidente da FIEMG, Fl\u00e1vio Roscoe, que n\u00e3o p\u00f4de comparecer ao evento, prestou homenagem ao CIJF, destacando a import\u00e2ncia das entidades de classe na constru\u00e7\u00e3o de um ambiente de neg\u00f3cios mais favor\u00e1vel. \u201cAs entidades existem para atuar em momentos de crise e na defesa dos interesses dos empres\u00e1rios e da sociedade. Convido os industriais a se associarem \u00e0 FIEMG e ao Centro Industrial. Vamos trabalhar juntos, porque quem quer um Brasil melhor precisa participar da constru\u00e7\u00e3o das pol\u00edticas p\u00fablicas\u201d, destacou. Roscoe lembrou ainda que o CIJF \u00e9 mais antigo que a pr\u00f3pria FIEMG, tendo inclusive desempenhado papel importante na sua funda\u00e7\u00e3o. \u201cEngajem-se ao CIJF. Vamos faz\u00ea-lo ainda mais pujante. Isso faz toda a diferen\u00e7a\u201d, refor\u00e7ou o presidente da FIEMG.<\/p>\n\n\n\n<p>Representando o presidente Fl\u00e1vio Roscoe, a presidente da FIEMG Regional Zona da Mata e do Sindicato das Ind\u00fastrias do Vestu\u00e1rio de Juiz de Fora e Governador Valadares (Sindivest JF-GV), Mari\u00e2ngela Miranda Marcon, participou do evento e recebeu uma placa de reconhecimento entregue pelo CIJF. Em sua fala, ela destacou a import\u00e2ncia da parceria entre a FIEMG e o CIJF e a atua\u00e7\u00e3o conjunta em prol da ind\u00fastria local.<\/p>\n\n\n\n<p>\u201cA FIEMG \u00e9 parceira hist\u00f3rica do CIJF e reafirma seu compromisso com as iniciativas que fortalecem o associativismo e o setor produtivo da nossa regi\u00e3o. Quando nos unimos, conseguimos representar melhor os interesses da ind\u00fastria, influenciar pol\u00edticas p\u00fablicas e criar um ambiente mais competitivo para os neg\u00f3cios\u201d, afirmou Mari\u00e2ngela, que parabenizou a entidade pelos 99 anos de atua\u00e7\u00e3o em defesa da economia de Juiz de Fora.<\/p>\n\n\n\n<p>A prefeita de Juiz de Fora, Margarida Salom\u00e3o, tamb\u00e9m recebeu uma placa de homenagem e o jantar contou ainda com uma programa\u00e7\u00e3o t\u00e9cnica voltada \u00e0 an\u00e1lise do cen\u00e1rio econ\u00f4mico para o pr\u00f3ximo ano. Foi realizado o painel de debates \u201cOportunidades e Desafios Econ\u00f4micos em 2025\u201d, que contou com a participa\u00e7\u00e3o do economista Guilherme Ventura, do advogado tributarista Tancredo Aguiar, e de William Malta, da Supra IBR. Durante toda a noite, os convidados puderam interagir com representantes de empresas, visitar estandes de parceiros institucionais e fortalecer rela\u00e7\u00f5es estrat\u00e9gicas de neg\u00f3cios.<\/p>\n\n\n\n<p>A FIEMG Regional Zona da Mata segue ao lado do CIJF e das demais entidades industriais da regi\u00e3o, promovendo o fortalecimento institucional e defendendo os interesses da ind\u00fastria com vis\u00e3o estrat\u00e9gica, atua\u00e7\u00e3o integrada e foco no desenvolvimento sustent\u00e1vel de Minas Gerais. O centen\u00e1rio do CIJF, a ser celebrado em 2026, ser\u00e1 mais uma oportunidade de reafirmar esse compromisso e construir, em conjunto, o futuro do setor produtivo da Zona da Mata.<\/p>\n\n\n\n<p>.<\/p>\n\n\n\n<p><em>Graciele Vianna<\/em><\/p>\n\n\n\n<p><strong>Imprensa FIEMG<\/strong><\/p>\n","protected":false},"featured_media":2185,"template":"","categories":[],"tags":[],"class_list":["post-9102","noticias","type-noticias","status-publish","has-post-thumbnail","hentry"],"acf":[],"yoast_head":"<!-- This site is optimized with the Yoast SEO plugin v26.2 - https:\/\/yoast.com\/wordpress\/plugins\/seo\/ -->\n<title>FIEMG participa de jantar empresarial em Juiz de Fora marcando o lan\u00e7amento das comemora\u00e7\u00f5es do centen\u00e1rio do CIJF - FIEMG<\/title>\n<meta name=\"robots\" content=\"index, follow, max-snippet:-1, max-image-preview:large, max-video-preview:-1\" \/>\n<link rel=\"canonical\" href=\"https:\/\/www.fiemg.com.br\/fiemg\/noticias\/fiemg-participa-de-jantar-empresarial-em-juiz-de-fora-marcando-o-lancamento-das-comemoracoes-do-centenario-do-cijf\/\" \/>\n<meta property=\"og:locale\" content=\"pt_BR\" \/>\n<meta property=\"og:type\" content=\"article\" \/>\n<meta property=\"og:title\" content=\"FIEMG participa de jantar empresarial em Juiz de Fora marcando o lan\u00e7amento das comemora\u00e7\u00f5es do centen\u00e1rio do CIJF - FIEMG\" \/>\n<meta property=\"og:description\" content=\"A FIEMG marcou presen\u00e7a no jantar empresarial promovido pelo Centro Industrial de Juiz de Fora (CIJF), realizado na noite de 10 de julho, na Esta\u00e7\u00e3o S\u00e3o Pedro. O evento celebrou os 99 anos do CIJF e lan\u00e7ou oficialmente as comemora\u00e7\u00f5es do centen\u00e1rio da entidade, que ser\u00e1 celebrado em 2026. O encontro reuniu lideran\u00e7as empresariais, autoridades [&hellip;]\" \/>\n<meta property=\"og:url\" content=\"https:\/\/www.fiemg.com.br\/fiemg\/noticias\/fiemg-participa-de-jantar-empresarial-em-juiz-de-fora-marcando-o-lancamento-das-comemoracoes-do-centenario-do-cijf\/\" \/>\n<meta property=\"og:site_name\" content=\"FIEMG\" \/>\n<meta property=\"article:modified_time\" content=\"2025-07-15T17:32:47+00:00\" \/>\n<meta property=\"og:image\" content=\"https:\/\/www.fiemg.com.br\/fiemg\/wp-content\/uploads\/sites\/10\/2023\/08\/default.png\" \/>\n\t<meta property=\"og:image:width\" content=\"300\" \/>\n\t<meta property=\"og:image:height\" content=\"300\" \/>\n\t<meta property=\"og:image:type\" content=\"image\/png\" \/>\n<meta name=\"twitter:card\" content=\"summary_large_image\" \/>\n<meta name=\"twitter:label1\" content=\"Est. tempo de leitura\" \/>\n\t<meta name=\"twitter:data1\" content=\"3 minutos\" \/>\n<script type=\"application\/ld+json\" class=\"yoast-schema-graph\">{\"@context\":\"https:\/\/schema.org\",\"@graph\":[{\"@type\":\"WebPage\",\"@id\":\"https:\/\/www.fiemg.com.br\/fiemg\/noticias\/fiemg-participa-de-jantar-empresarial-em-juiz-de-fora-marcando-o-lancamento-das-comemoracoes-do-centenario-do-cijf\/\",\"url\":\"https:\/\/www.fiemg.com.br\/fiemg\/noticias\/fiemg-participa-de-jantar-empresarial-em-juiz-de-fora-marcando-o-lancamento-das-comemoracoes-do-centenario-do-cijf\/\",\"name\":\"FIEMG participa de jantar empresarial em Juiz de Fora marcando o lan\u00e7amento das comemora\u00e7\u00f5es do centen\u00e1rio do CIJF - FIEMG\",\"isPartOf\":{\"@id\":\"https:\/\/www.fiemg.com.br\/fiemg\/#website\"},\"primaryImageOfPage\":{\"@id\":\"https:\/\/www.fiemg.com.br\/fiemg\/noticias\/fiemg-participa-de-jantar-empresarial-em-juiz-de-fora-marcando-o-lancamento-das-comemoracoes-do-centenario-do-cijf\/#primaryimage\"},\"image\":{\"@id\":\"https:\/\/www.fiemg.com.br\/fiemg\/noticias\/fiemg-participa-de-jantar-empresarial-em-juiz-de-fora-marcando-o-lancamento-das-comemoracoes-do-centenario-do-cijf\/#primaryimage\"},\"thumbnailUrl\":\"https:\/\/www.fiemg.com.br\/fiemg\/wp-content\/uploads\/sites\/10\/2023\/08\/default.png\",\"datePublished\":\"2025-07-14T23:12:01+00:00\",\"dateModified\":\"2025-07-15T17:32:47+00:00\",\"breadcrumb\":{\"@id\":\"https:\/\/www.fiemg.com.br\/fiemg\/noticias\/fiemg-participa-de-jantar-empresarial-em-juiz-de-fora-marcando-o-lancamento-das-comemoracoes-do-centenario-do-cijf\/#breadcrumb\"},\"inLanguage\":\"pt-BR\",\"potentialAction\":[{\"@type\":\"ReadAction\",\"target\":[\"https:\/\/www.fiemg.com.br\/fiemg\/noticias\/fiemg-participa-de-jantar-empresarial-em-juiz-de-fora-marcando-o-lancamento-das-comemoracoes-do-centenario-do-cijf\/\"]}]},{\"@type\":\"ImageObject\",\"inLanguage\":\"pt-BR\",\"@id\":\"https:\/\/www.fiemg.com.br\/fiemg\/noticias\/fiemg-participa-de-jantar-empresarial-em-juiz-de-fora-marcando-o-lancamento-das-comemoracoes-do-centenario-do-cijf\/#primaryimage\",\"url\":\"https:\/\/www.fiemg.com.br\/fiemg\/wp-content\/uploads\/sites\/10\/2023\/08\/default.png\",\"contentUrl\":\"https:\/\/www.fiemg.com.br\/fiemg\/wp-content\/uploads\/sites\/10\/2023\/08\/default.png\",\"width\":300,\"height\":300},{\"@type\":\"BreadcrumbList\",\"@id\":\"https:\/\/www.fiemg.com.br\/fiemg\/noticias\/fiemg-participa-de-jantar-empresarial-em-juiz-de-fora-marcando-o-lancamento-das-comemoracoes-do-centenario-do-cijf\/#breadcrumb\",\"itemListElement\":[{\"@type\":\"ListItem\",\"position\":1,\"name\":\"In\u00edcio\",\"item\":\"https:\/\/www.fiemg.com.br\/fiemg\/\"},{\"@type\":\"ListItem\",\"position\":2,\"name\":\"FIEMG participa de jantar empresarial em Juiz de Fora marcando o lan\u00e7amento das comemora\u00e7\u00f5es do centen\u00e1rio do CIJF\"}]},{\"@type\":\"WebSite\",\"@id\":\"https:\/\/www.fiemg.com.br\/fiemg\/#website\",\"url\":\"https:\/\/www.fiemg.com.br\/fiemg\/\",\"name\":\"FIEMG\",\"description\":\"Federa\u00e7\u00e3o das Ind\u00fastrias do Estado de Minas Gerais\",\"publisher\":{\"@id\":\"https:\/\/www.fiemg.com.br\/fiemg\/#organization\"},\"potentialAction\":[{\"@type\":\"SearchAction\",\"target\":{\"@type\":\"EntryPoint\",\"urlTemplate\":\"https:\/\/www.fiemg.com.br\/fiemg\/?s={search_term_string}\"},\"query-input\":{\"@type\":\"PropertyValueSpecification\",\"valueRequired\":true,\"valueName\":\"search_term_string\"}}],\"inLanguage\":\"pt-BR\"},{\"@type\":\"Organization\",\"@id\":\"https:\/\/www.fiemg.com.br\/fiemg\/#organization\",\"name\":\"FIEMG\",\"url\":\"https:\/\/www.fiemg.com.br\/fiemg\/\",\"logo\":{\"@type\":\"ImageObject\",\"inLanguage\":\"pt-BR\",\"@id\":\"https:\/\/www.fiemg.com.br\/fiemg\/#\/schema\/logo\/image\/\",\"url\":\"https:\/\/www.fiemg.com.br\/fiemg\/wp-content\/uploads\/sites\/10\/2023\/02\/fiemg_branco.svg\",\"contentUrl\":\"https:\/\/www.fiemg.com.br\/fiemg\/wp-content\/uploads\/sites\/10\/2023\/02\/fiemg_branco.svg\",\"width\":561,\"height\":147,\"caption\":\"FIEMG\"},\"image\":{\"@id\":\"https:\/\/www.fiemg.com.br\/fiemg\/#\/schema\/logo\/image\/\"}}]}<\/script>\n<!-- \/ Yoast SEO plugin. -->","yoast_head_json":{"title":"FIEMG participa de jantar empresarial em Juiz de Fora marcando o lan\u00e7amento das comemora\u00e7\u00f5es do centen\u00e1rio do CIJF - FIEMG","robots":{"index":"index","follow":"follow","max-snippet":"max-snippet:-1","max-image-preview":"max-image-preview:large","max-video-preview":"max-video-preview:-1"},"canonical":"https:\/\/www.fiemg.com.br\/fiemg\/noticias\/fiemg-participa-de-jantar-empresarial-em-juiz-de-fora-marcando-o-lancamento-das-comemoracoes-do-centenario-do-cijf\/","og_locale":"pt_BR","og_type":"article","og_title":"FIEMG participa de jantar empresarial em Juiz de Fora marcando o lan\u00e7amento das comemora\u00e7\u00f5es do centen\u00e1rio do CIJF - FIEMG","og_description":"A FIEMG marcou presen\u00e7a no jantar empresarial promovido pelo Centro Industrial de Juiz de Fora (CIJF), realizado na noite de 10 de julho, na Esta\u00e7\u00e3o S\u00e3o Pedro. O evento celebrou os 99 anos do CIJF e lan\u00e7ou oficialmente as comemora\u00e7\u00f5es do centen\u00e1rio da entidade, que ser\u00e1 celebrado em 2026. O encontro reuniu lideran\u00e7as empresariais, autoridades [&hellip;]","og_url":"https:\/\/www.fiemg.com.br\/fiemg\/noticias\/fiemg-participa-de-jantar-empresarial-em-juiz-de-fora-marcando-o-lancamento-das-comemoracoes-do-centenario-do-cijf\/","og_site_name":"FIEMG","article_modified_time":"2025-07-15T17:32:47+00:00","og_image":[{"width":300,"height":300,"url":"https:\/\/www.fiemg.com.br\/fiemg\/wp-content\/uploads\/sites\/10\/2023\/08\/default.png","type":"image\/png"}],"twitter_card":"summary_large_image","twitter_misc":{"Est. tempo de leitura":"3 minutos"},"schema":{"@context":"https:\/\/schema.org","@graph":[{"@type":"WebPage","@id":"https:\/\/www.fiemg.com.br\/fiemg\/noticias\/fiemg-participa-de-jantar-empresarial-em-juiz-de-fora-marcando-o-lancamento-das-comemoracoes-do-centenario-do-cijf\/","url":"https:\/\/www.fiemg.com.br\/fiemg\/noticias\/fiemg-participa-de-jantar-empresarial-em-juiz-de-fora-marcando-o-lancamento-das-comemoracoes-do-centenario-do-cijf\/","name":"FIEMG participa de jantar empresarial em Juiz de Fora marcando o lan\u00e7amento das comemora\u00e7\u00f5es do centen\u00e1rio do CIJF - FIEMG","isPartOf":{"@id":"https:\/\/www.fiemg.com.br\/fiemg\/#website"},"primaryImageOfPage":{"@id":"https:\/\/www.fiemg.com.br\/fiemg\/noticias\/fiemg-participa-de-jantar-empresarial-em-juiz-de-fora-marcando-o-lancamento-das-comemoracoes-do-centenario-do-cijf\/#primaryimage"},"image":{"@id":"https:\/\/www.fiemg.com.br\/fiemg\/noticias\/fiemg-participa-de-jantar-empresarial-em-juiz-de-fora-marcando-o-lancamento-das-comemoracoes-do-centenario-do-cijf\/#primaryimage"},"thumbnailUrl":"https:\/\/www.fiemg.com.br\/fiemg\/wp-content\/uploads\/sites\/10\/2023\/08\/default.png","datePublished":"2025-07-14T23:12:01+00:00","dateModified":"2025-07-15T17:32:47+00:00","breadcrumb":{"@id":"https:\/\/www.fiemg.com.br\/fiemg\/noticias\/fiemg-participa-de-jantar-empresarial-em-juiz-de-fora-marcando-o-lancamento-das-comemoracoes-do-centenario-do-cijf\/#breadcrumb"},"inLanguage":"pt-BR","potentialAction":[{"@type":"ReadAction","target":["https:\/\/www.fiemg.com.br\/fiemg\/noticias\/fiemg-participa-de-jantar-empresarial-em-juiz-de-fora-marcando-o-lancamento-das-comemoracoes-do-centenario-do-cijf\/"]}]},{"@type":"ImageObject","inLanguage":"pt-BR","@id":"https:\/\/www.fiemg.com.br\/fiemg\/noticias\/fiemg-participa-de-jantar-empresarial-em-juiz-de-fora-marcando-o-lancamento-das-comemoracoes-do-centenario-do-cijf\/#primaryimage","url":"https:\/\/www.fiemg.com.br\/fiemg\/wp-content\/uploads\/sites\/10\/2023\/08\/default.png","contentUrl":"https:\/\/www.fiemg.com.br\/fiemg\/wp-content\/uploads\/sites\/10\/2023\/08\/default.png","width":300,"height":300},{"@type":"BreadcrumbList","@id":"https:\/\/www.fiemg.com.br\/fiemg\/noticias\/fiemg-participa-de-jantar-empresarial-em-juiz-de-fora-marcando-o-lancamento-das-comemoracoes-do-centenario-do-cijf\/#breadcrumb","itemListElement":[{"@type":"ListItem","position":1,"name":"In\u00edcio","item":"https:\/\/www.fiemg.com.br\/fiemg\/"},{"@type":"ListItem","position":2,"name":"FIEMG participa de jantar empresarial em Juiz de Fora marcando o lan\u00e7amento das comemora\u00e7\u00f5es do centen\u00e1rio do CIJF"}]},{"@type":"WebSite","@id":"https:\/\/www.fiemg.com.br\/fiemg\/#website","url":"https:\/\/www.fiemg.com.br\/fiemg\/","name":"FIEMG","description":"Federa\u00e7\u00e3o das Ind\u00fastrias do Estado de Minas Gerais","publisher":{"@id":"https:\/\/www.fiemg.com.br\/fiemg\/#organization"},"potentialAction":[{"@type":"SearchAction","target":{"@type":"EntryPoint","urlTemplate":"https:\/\/www.fiemg.com.br\/fiemg\/?s={search_term_string}"},"query-input":{"@type":"PropertyValueSpecification","valueRequired":true,"valueName":"search_term_string"}}],"inLanguage":"pt-BR"},{"@type":"Organization","@id":"https:\/\/www.fiemg.com.br\/fiemg\/#organization","name":"FIEMG","url":"https:\/\/www.fiemg.com.br\/fiemg\/","logo":{"@type":"ImageObject","inLanguage":"pt-BR","@id":"https:\/\/www.fiemg.com.br\/fiemg\/#\/schema\/logo\/image\/","url":"https:\/\/www.fiemg.com.br\/fiemg\/wp-content\/uploads\/sites\/10\/2023\/02\/fiemg_branco.svg","contentUrl":"https:\/\/www.fiemg.com.br\/fiemg\/wp-content\/uploads\/sites\/10\/2023\/02\/fiemg_branco.svg","width":561,"height":147,"caption":"FIEMG"},"image":{"@id":"https:\/\/www.fiemg.com.br\/fiemg\/#\/schema\/logo\/image\/"}}]}},"_links":{"self":[{"href":"https:\/\/www.fiemg.com.br\/fiemg\/wp-json\/wp\/v2\/noticias\/9102","targetHints":{"allow":["GET"]}}],"collection":[{"href":"https:\/\/www.fiemg.com.br\/fiemg\/wp-json\/wp\/v2\/noticias"}],"about":[{"href":"https:\/\/www.fiemg.com.br\/fiemg\/wp-json\/wp\/v2\/types\/noticias"}],"wp:featuredmedia":[{"embeddable":true,"href":"https:\/\/www.fiemg.com.br\/fiemg\/wp-json\/wp\/v2\/media\/2185"}],"wp:attachment":[{"href":"https:\/\/www.fiemg.com.br\/fiemg\/wp-json\/wp\/v2\/media?parent=9102"}],"wp:term":[{"taxonomy":"category","embeddable":true,"href":"https:\/\/www.fiemg.com.br\/fiemg\/wp-json\/wp\/v2\/categories?post=9102"},{"taxonomy":"post_tag","embeddable":true,"href":"https:\/\/www.fiemg.com.br\/fiemg\/wp-json\/wp\/v2\/tags?post=9102"}],"curies":[{"name":"wp","href":"https:\/\/api.w.org\/{rel}","templated":true}]}}