{"id":9138,"date":"2025-07-21T11:16:09","date_gmt":"2025-07-21T14:16:09","guid":{"rendered":"https:\/\/www.fiemg.com.br\/fiemg\/noticias\/evento-marca-novo-capitulo-para-o-setor-produtivo-da-regiao-com-presenca-de-autoridades-empresarios-e-representantes-da-fiemg\/"},"modified":"2025-07-24T09:45:19","modified_gmt":"2025-07-24T12:45:19","slug":"evento-marca-novo-capitulo-para-o-setor-produtivo-da-regiao-com-presenca-de-autoridades-empresarios-e-representantes-da-fiemg","status":"publish","type":"noticias","link":"https:\/\/www.fiemg.com.br\/fiemg\/noticias\/evento-marca-novo-capitulo-para-o-setor-produtivo-da-regiao-com-presenca-de-autoridades-empresarios-e-representantes-da-fiemg\/","title":{"rendered":"S\u00e3o Jo\u00e3o del-Rei inaugura Casa da Ind\u00fastria e Delegacia Regional do SINAEES, a primeira da FIEMG na Zona da Mata"},"content":{"rendered":"\n<p>A cidade de S\u00e3o Jo\u00e3o del-Rei deu um importante passo rumo ao fortalecimento da sua economia industrial com a inaugura\u00e7\u00e3o da Casa da Ind\u00fastria e da Delegacia Regional do SINAEES \u2013 Sindicato da Ind\u00fastria de Aparelhos El\u00e9tricos, Eletr\u00f4nicos e Similares do Estado de Minas Gerais, em cerim\u00f4nia realizada na tarde da sexta-feira, 18 de julho.<\/p>\n\n\n\n<p>O novo espa\u00e7o \u00e9 a primeira Casa da Ind\u00fastria inaugurada na \u00e1rea de atua\u00e7\u00e3o da FIEMG Regional Zona da Mata, e tem como miss\u00e3o aproximar ainda mais a Federa\u00e7\u00e3o das Ind\u00fastrias do Estado de Minas Gerais do setor produtivo local, oferecendo suporte t\u00e9cnico, sindical e estrat\u00e9gico \u00e0s empresas da regi\u00e3o.<\/p>\n\n\n\n<p>A mesa de honra contou com a presen\u00e7a do prefeito de S\u00e3o Jo\u00e3o del-Rei, Aur\u00e9lio Suenes; do vice-presidente da FIEMG, Daniel Junqueira, representando o presidente Fl\u00e1vio Roscoe; da presidente da FIEMG Regional Zona da Mata, Mari\u00e2ngela Miranda Marcon; do presidente do SINAEES, Tasso Foresti Galhano; da secret\u00e1ria municipal de Desenvolvimento Econ\u00f4mico, Maristela Valad\u00e3o; e do diretor financeiro da FIEMG e presidente do SILEMG \u2013 Sindicato da Ind\u00fastria de Latic\u00ednios e Produtos Derivados do Estado de Minas Gerais, Guilherme Abrantes, como convidado especial.<\/p>\n\n\n\n<p>Durante seu pronunciamento, o prefeito Aur\u00e9lio Suenes destacou a relev\u00e2ncia da parceria entre o setor p\u00fablico e as entidades industriais. \u201cA Casa da Ind\u00fastria representa uma conquista coletiva, fruto de trabalho s\u00e9rio, articula\u00e7\u00e3o e vis\u00e3o de futuro. A cidade est\u00e1 de portas abertas para o desenvolvimento\u201d, afirmou.<\/p>\n\n\n\n<p>Em v\u00eddeo exibido durante o evento, o presidente da FIEMG, Fl\u00e1vio Roscoe, celebrou o momento: \u201cS\u00e3o Jo\u00e3o de Oliveira \u00e9 uma cidade com grande voca\u00e7\u00e3o industrial. A Casa da Ind\u00fastria chega para apoiar n\u00e3o s\u00f3 os industriais, mas todo o ecossistema que gira em torno da ind\u00fastria. Contem com a FIEMG.\u201d<\/p>\n\n\n\n<p>A presidente da FIEMG Regional Zona da Mata, Mari\u00e2ngela Marcon, tamb\u00e9m destacou o significado do momento. \u201cA cria\u00e7\u00e3o da Casa da Ind\u00fastria \u00e9 um marco para a valoriza\u00e7\u00e3o das ind\u00fastrias locais. Esta \u00e9 a primeira unidade da nossa Regional Zona da Mata, um espa\u00e7o que promove escuta ativa, solu\u00e7\u00f5es e representatividade.\u201d<\/p>\n\n\n\n<p>J\u00e1 o presidente do SINAEES, Tasso Foresti Galhano, valorizou o esp\u00edrito do associativismo e fez quest\u00e3o de homenagear o ex-presidente do sindicato, Alexandre Magno, por idealizar o projeto. \u201cEmpreender no Brasil \u00e9 desafiador. Mas quando unimos for\u00e7as por meio do associativismo, conseguimos avan\u00e7ar com mais consist\u00eancia. A Casa da Ind\u00fastria e a Delegacia dos SINAEES representam essa abertura, esse canal direto com o ecossistema da FIEMG.\u201d<\/p>\n\n\n\n<p>O vice-presidente da FIEMG, Daniel Junqueira, destacou o impacto social da ind\u00fastria nas cidades. \u201cOnde tem ind\u00fastria, tem progresso, sal\u00e1rios melhores, infraestrutura, transforma\u00e7\u00e3o no ambiente. Estamos dando um passo enorme aqui. S\u00e3o Jo\u00e3o del-Rei, que j\u00e1 foi protagonista na hist\u00f3ria da Estrada Real, agora tamb\u00e9m entra para o protagonismo industrial.\u201d<\/p>\n\n\n\n<p>Durante o evento, foi assinado um termo de coopera\u00e7\u00e3o t\u00e9cnica entre o prefeito Aur\u00e9lio Suenes e o presidente do SINAEES, formalizando a instala\u00e7\u00e3o da Delegacia Regional do sindicato em S\u00e3o Jo\u00e3o del-Rei.<\/p>\n\n\n\n<p>Em seguida, as autoridades realizaram o descerramento da placa oficial da nova unidade. A solenidade tamb\u00e9m contou com agradecimentos especiais aos patrocinadores AMG Brasil, Boston Metal Brasil e Sicredi Confian\u00e7a, apoiadores da instala\u00e7\u00e3o da Casa da Ind\u00fastria.<\/p>\n\n\n\n<p>A nova sede j\u00e1 est\u00e1 em funcionamento e se prop\u00f5e a ser um ponto de encontro entre empres\u00e1rios, sindicatos, poder p\u00fablico e agentes de inova\u00e7\u00e3o. A expectativa \u00e9 de que a Casa da Ind\u00fastria atue como refer\u00eancia na articula\u00e7\u00e3o de projetos, promo\u00e7\u00e3o de parcerias e forma\u00e7\u00e3o de lideran\u00e7as empreendedoras.<br><br><em>Denise Lucas<\/em><br><strong>Imprensa FIEMG<\/strong><\/p>\n","protected":false},"featured_media":9140,"template":"","categories":[15],"tags":[1440,1441,1442],"class_list":["post-9138","noticias","type-noticias","status-publish","has-post-thumbnail","hentry","category-desenvolvimento-industrial","tag-casa-da-industria","tag-sao-joao-del-rei-2","tag-sinaees"],"acf":[],"yoast_head":"<!-- This site is optimized with the Yoast SEO plugin v26.2 - https:\/\/yoast.com\/wordpress\/plugins\/seo\/ -->\n<title>S\u00e3o Jo\u00e3o del-Rei inaugura Casa da Ind\u00fastria e Delegacia Regional do SINAEES, a primeira da FIEMG na Zona da Mata - FIEMG<\/title>\n<meta name=\"description\" content=\"Evento marca novo cap\u00edtulo para o setor produtivo da regi\u00e3o, com presen\u00e7a de autoridades, empres\u00e1rios e representantes da FIEMG\" \/>\n<meta name=\"robots\" content=\"index, follow, max-snippet:-1, max-image-preview:large, max-video-preview:-1\" \/>\n<link rel=\"canonical\" href=\"https:\/\/www.fiemg.com.br\/fiemg\/noticias\/evento-marca-novo-capitulo-para-o-setor-produtivo-da-regiao-com-presenca-de-autoridades-empresarios-e-representantes-da-fiemg\/\" \/>\n<meta property=\"og:locale\" content=\"pt_BR\" \/>\n<meta property=\"og:type\" content=\"article\" \/>\n<meta property=\"og:title\" content=\"S\u00e3o Jo\u00e3o del-Rei inaugura Casa da Ind\u00fastria e Delegacia Regional do SINAEES, a primeira da FIEMG na Zona da Mata - FIEMG\" \/>\n<meta property=\"og:description\" content=\"Evento marca novo cap\u00edtulo para o setor produtivo da regi\u00e3o, com presen\u00e7a de autoridades, empres\u00e1rios e representantes da FIEMG\" \/>\n<meta property=\"og:url\" content=\"https:\/\/www.fiemg.com.br\/fiemg\/noticias\/evento-marca-novo-capitulo-para-o-setor-produtivo-da-regiao-com-presenca-de-autoridades-empresarios-e-representantes-da-fiemg\/\" \/>\n<meta property=\"og:site_name\" content=\"FIEMG\" \/>\n<meta property=\"article:modified_time\" content=\"2025-07-24T12:45:19+00:00\" \/>\n<meta property=\"og:image\" content=\"https:\/\/www.fiemg.com.br\/fiemg\/wp-content\/uploads\/sites\/10\/2025\/07\/SINAEES-1024x1024.png\" \/>\n\t<meta property=\"og:image:width\" content=\"1024\" \/>\n\t<meta property=\"og:image:height\" content=\"1024\" \/>\n\t<meta property=\"og:image:type\" content=\"image\/png\" \/>\n<meta name=\"twitter:card\" content=\"summary_large_image\" \/>\n<meta name=\"twitter:label1\" content=\"Est. tempo de leitura\" \/>\n\t<meta name=\"twitter:data1\" content=\"4 minutos\" \/>\n<script type=\"application\/ld+json\" class=\"yoast-schema-graph\">{\"@context\":\"https:\/\/schema.org\",\"@graph\":[{\"@type\":\"WebPage\",\"@id\":\"https:\/\/www.fiemg.com.br\/fiemg\/noticias\/evento-marca-novo-capitulo-para-o-setor-produtivo-da-regiao-com-presenca-de-autoridades-empresarios-e-representantes-da-fiemg\/\",\"url\":\"https:\/\/www.fiemg.com.br\/fiemg\/noticias\/evento-marca-novo-capitulo-para-o-setor-produtivo-da-regiao-com-presenca-de-autoridades-empresarios-e-representantes-da-fiemg\/\",\"name\":\"S\u00e3o Jo\u00e3o del-Rei inaugura Casa da Ind\u00fastria e Delegacia Regional do SINAEES, a primeira da FIEMG na Zona da Mata - FIEMG\",\"isPartOf\":{\"@id\":\"https:\/\/www.fiemg.com.br\/fiemg\/#website\"},\"primaryImageOfPage\":{\"@id\":\"https:\/\/www.fiemg.com.br\/fiemg\/noticias\/evento-marca-novo-capitulo-para-o-setor-produtivo-da-regiao-com-presenca-de-autoridades-empresarios-e-representantes-da-fiemg\/#primaryimage\"},\"image\":{\"@id\":\"https:\/\/www.fiemg.com.br\/fiemg\/noticias\/evento-marca-novo-capitulo-para-o-setor-produtivo-da-regiao-com-presenca-de-autoridades-empresarios-e-representantes-da-fiemg\/#primaryimage\"},\"thumbnailUrl\":\"https:\/\/www.fiemg.com.br\/fiemg\/wp-content\/uploads\/sites\/10\/2025\/07\/SINAEES.png\",\"datePublished\":\"2025-07-21T14:16:09+00:00\",\"dateModified\":\"2025-07-24T12:45:19+00:00\",\"description\":\"Evento marca novo cap\u00edtulo para o setor produtivo da regi\u00e3o, com presen\u00e7a de autoridades, empres\u00e1rios e representantes da FIEMG\",\"breadcrumb\":{\"@id\":\"https:\/\/www.fiemg.com.br\/fiemg\/noticias\/evento-marca-novo-capitulo-para-o-setor-produtivo-da-regiao-com-presenca-de-autoridades-empresarios-e-representantes-da-fiemg\/#breadcrumb\"},\"inLanguage\":\"pt-BR\",\"potentialAction\":[{\"@type\":\"ReadAction\",\"target\":[\"https:\/\/www.fiemg.com.br\/fiemg\/noticias\/evento-marca-novo-capitulo-para-o-setor-produtivo-da-regiao-com-presenca-de-autoridades-empresarios-e-representantes-da-fiemg\/\"]}]},{\"@type\":\"ImageObject\",\"inLanguage\":\"pt-BR\",\"@id\":\"https:\/\/www.fiemg.com.br\/fiemg\/noticias\/evento-marca-novo-capitulo-para-o-setor-produtivo-da-regiao-com-presenca-de-autoridades-empresarios-e-representantes-da-fiemg\/#primaryimage\",\"url\":\"https:\/\/www.fiemg.com.br\/fiemg\/wp-content\/uploads\/sites\/10\/2025\/07\/SINAEES.png\",\"contentUrl\":\"https:\/\/www.fiemg.com.br\/fiemg\/wp-content\/uploads\/sites\/10\/2025\/07\/SINAEES.png\",\"width\":1600,\"height\":1600},{\"@type\":\"BreadcrumbList\",\"@id\":\"https:\/\/www.fiemg.com.br\/fiemg\/noticias\/evento-marca-novo-capitulo-para-o-setor-produtivo-da-regiao-com-presenca-de-autoridades-empresarios-e-representantes-da-fiemg\/#breadcrumb\",\"itemListElement\":[{\"@type\":\"ListItem\",\"position\":1,\"name\":\"In\u00edcio\",\"item\":\"https:\/\/www.fiemg.com.br\/fiemg\/\"},{\"@type\":\"ListItem\",\"position\":2,\"name\":\"S\u00e3o Jo\u00e3o del-Rei inaugura Casa da Ind\u00fastria e Delegacia Regional do SINAEES, a primeira da FIEMG na Zona da Mata\"}]},{\"@type\":\"WebSite\",\"@id\":\"https:\/\/www.fiemg.com.br\/fiemg\/#website\",\"url\":\"https:\/\/www.fiemg.com.br\/fiemg\/\",\"name\":\"FIEMG\",\"description\":\"Federa\u00e7\u00e3o das Ind\u00fastrias do Estado de Minas Gerais\",\"publisher\":{\"@id\":\"https:\/\/www.fiemg.com.br\/fiemg\/#organization\"},\"potentialAction\":[{\"@type\":\"SearchAction\",\"target\":{\"@type\":\"EntryPoint\",\"urlTemplate\":\"https:\/\/www.fiemg.com.br\/fiemg\/?s={search_term_string}\"},\"query-input\":{\"@type\":\"PropertyValueSpecification\",\"valueRequired\":true,\"valueName\":\"search_term_string\"}}],\"inLanguage\":\"pt-BR\"},{\"@type\":\"Organization\",\"@id\":\"https:\/\/www.fiemg.com.br\/fiemg\/#organization\",\"name\":\"FIEMG\",\"url\":\"https:\/\/www.fiemg.com.br\/fiemg\/\",\"logo\":{\"@type\":\"ImageObject\",\"inLanguage\":\"pt-BR\",\"@id\":\"https:\/\/www.fiemg.com.br\/fiemg\/#\/schema\/logo\/image\/\",\"url\":\"https:\/\/www.fiemg.com.br\/fiemg\/wp-content\/uploads\/sites\/10\/2023\/02\/fiemg_branco.svg\",\"contentUrl\":\"https:\/\/www.fiemg.com.br\/fiemg\/wp-content\/uploads\/sites\/10\/2023\/02\/fiemg_branco.svg\",\"width\":561,\"height\":147,\"caption\":\"FIEMG\"},\"image\":{\"@id\":\"https:\/\/www.fiemg.com.br\/fiemg\/#\/schema\/logo\/image\/\"}}]}<\/script>\n<!-- \/ Yoast SEO plugin. -->","yoast_head_json":{"title":"S\u00e3o Jo\u00e3o del-Rei inaugura Casa da Ind\u00fastria e Delegacia Regional do SINAEES, a primeira da FIEMG na Zona da Mata - FIEMG","description":"Evento marca novo cap\u00edtulo para o setor produtivo da regi\u00e3o, com presen\u00e7a de autoridades, empres\u00e1rios e representantes da FIEMG","robots":{"index":"index","follow":"follow","max-snippet":"max-snippet:-1","max-image-preview":"max-image-preview:large","max-video-preview":"max-video-preview:-1"},"canonical":"https:\/\/www.fiemg.com.br\/fiemg\/noticias\/evento-marca-novo-capitulo-para-o-setor-produtivo-da-regiao-com-presenca-de-autoridades-empresarios-e-representantes-da-fiemg\/","og_locale":"pt_BR","og_type":"article","og_title":"S\u00e3o Jo\u00e3o del-Rei inaugura Casa da Ind\u00fastria e Delegacia Regional do SINAEES, a primeira da FIEMG na Zona da Mata - FIEMG","og_description":"Evento marca novo cap\u00edtulo para o setor produtivo da regi\u00e3o, com presen\u00e7a de autoridades, empres\u00e1rios e representantes da FIEMG","og_url":"https:\/\/www.fiemg.com.br\/fiemg\/noticias\/evento-marca-novo-capitulo-para-o-setor-produtivo-da-regiao-com-presenca-de-autoridades-empresarios-e-representantes-da-fiemg\/","og_site_name":"FIEMG","article_modified_time":"2025-07-24T12:45:19+00:00","og_image":[{"width":1024,"height":1024,"url":"https:\/\/www.fiemg.com.br\/fiemg\/wp-content\/uploads\/sites\/10\/2025\/07\/SINAEES-1024x1024.png","type":"image\/png"}],"twitter_card":"summary_large_image","twitter_misc":{"Est. tempo de leitura":"4 minutos"},"schema":{"@context":"https:\/\/schema.org","@graph":[{"@type":"WebPage","@id":"https:\/\/www.fiemg.com.br\/fiemg\/noticias\/evento-marca-novo-capitulo-para-o-setor-produtivo-da-regiao-com-presenca-de-autoridades-empresarios-e-representantes-da-fiemg\/","url":"https:\/\/www.fiemg.com.br\/fiemg\/noticias\/evento-marca-novo-capitulo-para-o-setor-produtivo-da-regiao-com-presenca-de-autoridades-empresarios-e-representantes-da-fiemg\/","name":"S\u00e3o Jo\u00e3o del-Rei inaugura Casa da Ind\u00fastria e Delegacia Regional do SINAEES, a primeira da FIEMG na Zona da Mata - FIEMG","isPartOf":{"@id":"https:\/\/www.fiemg.com.br\/fiemg\/#website"},"primaryImageOfPage":{"@id":"https:\/\/www.fiemg.com.br\/fiemg\/noticias\/evento-marca-novo-capitulo-para-o-setor-produtivo-da-regiao-com-presenca-de-autoridades-empresarios-e-representantes-da-fiemg\/#primaryimage"},"image":{"@id":"https:\/\/www.fiemg.com.br\/fiemg\/noticias\/evento-marca-novo-capitulo-para-o-setor-produtivo-da-regiao-com-presenca-de-autoridades-empresarios-e-representantes-da-fiemg\/#primaryimage"},"thumbnailUrl":"https:\/\/www.fiemg.com.br\/fiemg\/wp-content\/uploads\/sites\/10\/2025\/07\/SINAEES.png","datePublished":"2025-07-21T14:16:09+00:00","dateModified":"2025-07-24T12:45:19+00:00","description":"Evento marca novo cap\u00edtulo para o setor produtivo da regi\u00e3o, com presen\u00e7a de autoridades, empres\u00e1rios e representantes da FIEMG","breadcrumb":{"@id":"https:\/\/www.fiemg.com.br\/fiemg\/noticias\/evento-marca-novo-capitulo-para-o-setor-produtivo-da-regiao-com-presenca-de-autoridades-empresarios-e-representantes-da-fiemg\/#breadcrumb"},"inLanguage":"pt-BR","potentialAction":[{"@type":"ReadAction","target":["https:\/\/www.fiemg.com.br\/fiemg\/noticias\/evento-marca-novo-capitulo-para-o-setor-produtivo-da-regiao-com-presenca-de-autoridades-empresarios-e-representantes-da-fiemg\/"]}]},{"@type":"ImageObject","inLanguage":"pt-BR","@id":"https:\/\/www.fiemg.com.br\/fiemg\/noticias\/evento-marca-novo-capitulo-para-o-setor-produtivo-da-regiao-com-presenca-de-autoridades-empresarios-e-representantes-da-fiemg\/#primaryimage","url":"https:\/\/www.fiemg.com.br\/fiemg\/wp-content\/uploads\/sites\/10\/2025\/07\/SINAEES.png","contentUrl":"https:\/\/www.fiemg.com.br\/fiemg\/wp-content\/uploads\/sites\/10\/2025\/07\/SINAEES.png","width":1600,"height":1600},{"@type":"BreadcrumbList","@id":"https:\/\/www.fiemg.com.br\/fiemg\/noticias\/evento-marca-novo-capitulo-para-o-setor-produtivo-da-regiao-com-presenca-de-autoridades-empresarios-e-representantes-da-fiemg\/#breadcrumb","itemListElement":[{"@type":"ListItem","position":1,"name":"In\u00edcio","item":"https:\/\/www.fiemg.com.br\/fiemg\/"},{"@type":"ListItem","position":2,"name":"S\u00e3o Jo\u00e3o del-Rei inaugura Casa da Ind\u00fastria e Delegacia Regional do SINAEES, a primeira da FIEMG na Zona da Mata"}]},{"@type":"WebSite","@id":"https:\/\/www.fiemg.com.br\/fiemg\/#website","url":"https:\/\/www.fiemg.com.br\/fiemg\/","name":"FIEMG","description":"Federa\u00e7\u00e3o das Ind\u00fastrias do Estado de Minas Gerais","publisher":{"@id":"https:\/\/www.fiemg.com.br\/fiemg\/#organization"},"potentialAction":[{"@type":"SearchAction","target":{"@type":"EntryPoint","urlTemplate":"https:\/\/www.fiemg.com.br\/fiemg\/?s={search_term_string}"},"query-input":{"@type":"PropertyValueSpecification","valueRequired":true,"valueName":"search_term_string"}}],"inLanguage":"pt-BR"},{"@type":"Organization","@id":"https:\/\/www.fiemg.com.br\/fiemg\/#organization","name":"FIEMG","url":"https:\/\/www.fiemg.com.br\/fiemg\/","logo":{"@type":"ImageObject","inLanguage":"pt-BR","@id":"https:\/\/www.fiemg.com.br\/fiemg\/#\/schema\/logo\/image\/","url":"https:\/\/www.fiemg.com.br\/fiemg\/wp-content\/uploads\/sites\/10\/2023\/02\/fiemg_branco.svg","contentUrl":"https:\/\/www.fiemg.com.br\/fiemg\/wp-content\/uploads\/sites\/10\/2023\/02\/fiemg_branco.svg","width":561,"height":147,"caption":"FIEMG"},"image":{"@id":"https:\/\/www.fiemg.com.br\/fiemg\/#\/schema\/logo\/image\/"}}]}},"_links":{"self":[{"href":"https:\/\/www.fiemg.com.br\/fiemg\/wp-json\/wp\/v2\/noticias\/9138","targetHints":{"allow":["GET"]}}],"collection":[{"href":"https:\/\/www.fiemg.com.br\/fiemg\/wp-json\/wp\/v2\/noticias"}],"about":[{"href":"https:\/\/www.fiemg.com.br\/fiemg\/wp-json\/wp\/v2\/types\/noticias"}],"wp:featuredmedia":[{"embeddable":true,"href":"https:\/\/www.fiemg.com.br\/fiemg\/wp-json\/wp\/v2\/media\/9140"}],"wp:attachment":[{"href":"https:\/\/www.fiemg.com.br\/fiemg\/wp-json\/wp\/v2\/media?parent=9138"}],"wp:term":[{"taxonomy":"category","embeddable":true,"href":"https:\/\/www.fiemg.com.br\/fiemg\/wp-json\/wp\/v2\/categories?post=9138"},{"taxonomy":"post_tag","embeddable":true,"href":"https:\/\/www.fiemg.com.br\/fiemg\/wp-json\/wp\/v2\/tags?post=9138"}],"curies":[{"name":"wp","href":"https:\/\/api.w.org\/{rel}","templated":true}]}}