{"id":9156,"date":"2025-07-24T15:59:42","date_gmt":"2025-07-24T18:59:42","guid":{"rendered":"https:\/\/www.fiemg.com.br\/fiemg\/noticias\/nota-fiemg-debate-tarifas-dos-eua-com-vice-presidente-geraldo-alckmin\/"},"modified":"2025-07-24T16:01:51","modified_gmt":"2025-07-24T19:01:51","slug":"nota-fiemg-debate-tarifas-dos-eua-com-vice-presidente-geraldo-alckmin","status":"publish","type":"noticias","link":"https:\/\/www.fiemg.com.br\/fiemg\/noticias\/nota-fiemg-debate-tarifas-dos-eua-com-vice-presidente-geraldo-alckmin\/","title":{"rendered":"Nota | FIEMG debate tarifas dos EUA com vice-presidente Geraldo Alckmin"},"content":{"rendered":"\n<p>O presidente da Federa\u00e7\u00e3o das Ind\u00fastrias do Estado de Minas Gerais (FIEMG), Fl\u00e1vio Roscoe, se reuniu nesta quinta-feira (24\/07), em Bras\u00edlia, com o vice-presidente e ministro do Desenvolvimento, Ind\u00fastria, Com\u00e9rcio e Servi\u00e7os, Geraldo Alckmin, para tratar das tarifas de 50% que o governo dos Estados Unidos pretende impor sobre todos os produtos brasileiros exportados ao pa\u00eds a partir de 1\u00ba de agosto. A agenda foi solicitada por Roscoe diante da gravidade do impacto sobre a ind\u00fastria mineira e brasileira, sobretudo nos setores de bens industrializados.<\/p>\n\n\n\n<p>Durante o encontro, que tamb\u00e9m contou com a participa\u00e7\u00e3o da secret\u00e1ria Tatiana Prazeres e do secret\u00e1rio Wallace Landim, o presidente da FIEMG destacou que a medida comprometer\u00e1 seriamente a competitividade de empresas brasileiras, muitas das quais t\u00eam no mercado norte-americano sua principal base de exporta\u00e7\u00e3o. \u201cS\u00e3o empresas altamente competitivas e produtivas, que direcionam at\u00e9 80% da produ\u00e7\u00e3o para os EUA. Com a tarifa, muitas dessas opera\u00e7\u00f5es correm o risco de serem inviabilizadas\u201d, alertou.<\/p>\n\n\n\n<p>Segundo Roscoe, o vice-presidente Alckmin demonstrou total entendimento sobre a gravidade do problema e refor\u00e7ou que o governo federal est\u00e1 atuando de forma firme, por\u00e9m discreta, para tentar reverter a decis\u00e3o americana. \u201cO governo est\u00e1 trabalhando por duas frentes: buscar a redu\u00e7\u00e3o da tarifa ou, se isso n\u00e3o for poss\u00edvel de imediato, negociar o adiamento da medida, o que j\u00e1 traria um al\u00edvio importante \u00e0s empresas afetadas\u201d, explicou.<\/p>\n\n\n\n<p>Roscoe tamb\u00e9m defendeu a ado\u00e7\u00e3o de medidas emergenciais e estruturais de prote\u00e7\u00e3o ao mercado brasileiro, diante do atual cen\u00e1rio de guerra comercial e da intensifica\u00e7\u00e3o da concorr\u00eancia desleal. Entre as a\u00e7\u00f5es sugeridas est\u00e3o o uso dos instrumentos previstos pela Organiza\u00e7\u00e3o Mundial do Com\u00e9rcio (OMC), como investiga\u00e7\u00f5es antidumping e salvaguardas comerciais. \u201cEstamos vendo uma verdadeira invas\u00e3o de produtos industrializados no mercado brasileiro, em condi\u00e7\u00f5es muitas vezes desleais. Proteger a ind\u00fastria nacional \u00e9 essencial neste momento\u201d, afirmou.<\/p>\n\n\n\n<p>O presidente da FIEMG lembrou ainda que Minas Gerais \u00e9 o terceiro maior estado exportador para os Estados Unidos e que os impactos locais podem ser devastadores. \u201cPrecisamos de solu\u00e7\u00f5es r\u00e1pidas. O que resolve de fato o problema \u00e9 garantir mercado para nossos produtos. E, neste cen\u00e1rio, o pr\u00f3prio mercado interno tamb\u00e9m pode ser um caminho importante para compensar, ainda que parcialmente, as perdas\u201d, concluiu.<\/p>\n\n\n\n<p>A FIEMG seguir\u00e1 acompanhando de perto as tratativas diplom\u00e1ticas e t\u00e9cnicas, em parceria com o governo federal, e refor\u00e7a seu compromisso com a defesa da ind\u00fastria brasileira e mineira diante desse novo desafio do com\u00e9rcio internacional.<\/p>\n\n\n\n<p><em>Veja mais fotos da reuni\u00e3o, <a href=\"https:\/\/www.flickr.com\/photos\/vice-presidente\/albums\/72177720327742720\/with\/54676183513\" target=\"_blank\" rel=\"noreferrer noopener\">clicando aqui<\/a><\/em><\/p>\n\n\n\n<p><strong>Imprensa FIEMG<\/strong><\/p>\n","protected":false},"featured_media":9158,"template":"","categories":[15],"tags":[78,79,1447],"class_list":["post-9156","noticias","type-noticias","status-publish","has-post-thumbnail","hentry","category-desenvolvimento-industrial","tag-fiemg","tag-flavio-roscoe","tag-geraldo-alckimin"],"acf":[],"yoast_head":"<!-- This site is optimized with the Yoast SEO plugin v26.2 - https:\/\/yoast.com\/wordpress\/plugins\/seo\/ -->\n<title>Nota | FIEMG debate tarifas dos EUA com vice-presidente Geraldo Alckmin - FIEMG<\/title>\n<meta name=\"robots\" content=\"index, follow, max-snippet:-1, max-image-preview:large, max-video-preview:-1\" \/>\n<link rel=\"canonical\" href=\"https:\/\/www.fiemg.com.br\/fiemg\/noticias\/nota-fiemg-debate-tarifas-dos-eua-com-vice-presidente-geraldo-alckmin\/\" \/>\n<meta property=\"og:locale\" content=\"pt_BR\" \/>\n<meta property=\"og:type\" content=\"article\" \/>\n<meta property=\"og:title\" content=\"Nota | FIEMG debate tarifas dos EUA com vice-presidente Geraldo Alckmin - FIEMG\" \/>\n<meta property=\"og:description\" content=\"O presidente da Federa\u00e7\u00e3o das Ind\u00fastrias do Estado de Minas Gerais (FIEMG), Fl\u00e1vio Roscoe, se reuniu nesta quinta-feira (24\/07), em Bras\u00edlia, com o vice-presidente e ministro do Desenvolvimento, Ind\u00fastria, Com\u00e9rcio e Servi\u00e7os, Geraldo Alckmin, para tratar das tarifas de 50% que o governo dos Estados Unidos pretende impor sobre todos os produtos brasileiros exportados ao [&hellip;]\" \/>\n<meta property=\"og:url\" content=\"https:\/\/www.fiemg.com.br\/fiemg\/noticias\/nota-fiemg-debate-tarifas-dos-eua-com-vice-presidente-geraldo-alckmin\/\" \/>\n<meta property=\"og:site_name\" content=\"FIEMG\" \/>\n<meta property=\"article:modified_time\" content=\"2025-07-24T19:01:51+00:00\" \/>\n<meta property=\"og:image\" content=\"https:\/\/www.fiemg.com.br\/fiemg\/wp-content\/uploads\/sites\/10\/2025\/07\/Alckimin-e-Flavio-2.jpg\" \/>\n\t<meta property=\"og:image:width\" content=\"512\" \/>\n\t<meta property=\"og:image:height\" content=\"512\" \/>\n\t<meta property=\"og:image:type\" content=\"image\/jpeg\" \/>\n<meta name=\"twitter:card\" content=\"summary_large_image\" \/>\n<meta name=\"twitter:label1\" content=\"Est. tempo de leitura\" \/>\n\t<meta name=\"twitter:data1\" content=\"3 minutos\" \/>\n<script type=\"application\/ld+json\" class=\"yoast-schema-graph\">{\"@context\":\"https:\/\/schema.org\",\"@graph\":[{\"@type\":\"WebPage\",\"@id\":\"https:\/\/www.fiemg.com.br\/fiemg\/noticias\/nota-fiemg-debate-tarifas-dos-eua-com-vice-presidente-geraldo-alckmin\/\",\"url\":\"https:\/\/www.fiemg.com.br\/fiemg\/noticias\/nota-fiemg-debate-tarifas-dos-eua-com-vice-presidente-geraldo-alckmin\/\",\"name\":\"Nota | FIEMG debate tarifas dos EUA com vice-presidente Geraldo Alckmin - FIEMG\",\"isPartOf\":{\"@id\":\"https:\/\/www.fiemg.com.br\/fiemg\/#website\"},\"primaryImageOfPage\":{\"@id\":\"https:\/\/www.fiemg.com.br\/fiemg\/noticias\/nota-fiemg-debate-tarifas-dos-eua-com-vice-presidente-geraldo-alckmin\/#primaryimage\"},\"image\":{\"@id\":\"https:\/\/www.fiemg.com.br\/fiemg\/noticias\/nota-fiemg-debate-tarifas-dos-eua-com-vice-presidente-geraldo-alckmin\/#primaryimage\"},\"thumbnailUrl\":\"https:\/\/www.fiemg.com.br\/fiemg\/wp-content\/uploads\/sites\/10\/2025\/07\/Alckimin-e-Flavio-2.jpg\",\"datePublished\":\"2025-07-24T18:59:42+00:00\",\"dateModified\":\"2025-07-24T19:01:51+00:00\",\"breadcrumb\":{\"@id\":\"https:\/\/www.fiemg.com.br\/fiemg\/noticias\/nota-fiemg-debate-tarifas-dos-eua-com-vice-presidente-geraldo-alckmin\/#breadcrumb\"},\"inLanguage\":\"pt-BR\",\"potentialAction\":[{\"@type\":\"ReadAction\",\"target\":[\"https:\/\/www.fiemg.com.br\/fiemg\/noticias\/nota-fiemg-debate-tarifas-dos-eua-com-vice-presidente-geraldo-alckmin\/\"]}]},{\"@type\":\"ImageObject\",\"inLanguage\":\"pt-BR\",\"@id\":\"https:\/\/www.fiemg.com.br\/fiemg\/noticias\/nota-fiemg-debate-tarifas-dos-eua-com-vice-presidente-geraldo-alckmin\/#primaryimage\",\"url\":\"https:\/\/www.fiemg.com.br\/fiemg\/wp-content\/uploads\/sites\/10\/2025\/07\/Alckimin-e-Flavio-2.jpg\",\"contentUrl\":\"https:\/\/www.fiemg.com.br\/fiemg\/wp-content\/uploads\/sites\/10\/2025\/07\/Alckimin-e-Flavio-2.jpg\",\"width\":512,\"height\":512},{\"@type\":\"BreadcrumbList\",\"@id\":\"https:\/\/www.fiemg.com.br\/fiemg\/noticias\/nota-fiemg-debate-tarifas-dos-eua-com-vice-presidente-geraldo-alckmin\/#breadcrumb\",\"itemListElement\":[{\"@type\":\"ListItem\",\"position\":1,\"name\":\"In\u00edcio\",\"item\":\"https:\/\/www.fiemg.com.br\/fiemg\/\"},{\"@type\":\"ListItem\",\"position\":2,\"name\":\"Nota | FIEMG debate tarifas dos EUA com vice-presidente Geraldo Alckmin\"}]},{\"@type\":\"WebSite\",\"@id\":\"https:\/\/www.fiemg.com.br\/fiemg\/#website\",\"url\":\"https:\/\/www.fiemg.com.br\/fiemg\/\",\"name\":\"FIEMG\",\"description\":\"Federa\u00e7\u00e3o das Ind\u00fastrias do Estado de Minas Gerais\",\"publisher\":{\"@id\":\"https:\/\/www.fiemg.com.br\/fiemg\/#organization\"},\"potentialAction\":[{\"@type\":\"SearchAction\",\"target\":{\"@type\":\"EntryPoint\",\"urlTemplate\":\"https:\/\/www.fiemg.com.br\/fiemg\/?s={search_term_string}\"},\"query-input\":{\"@type\":\"PropertyValueSpecification\",\"valueRequired\":true,\"valueName\":\"search_term_string\"}}],\"inLanguage\":\"pt-BR\"},{\"@type\":\"Organization\",\"@id\":\"https:\/\/www.fiemg.com.br\/fiemg\/#organization\",\"name\":\"FIEMG\",\"url\":\"https:\/\/www.fiemg.com.br\/fiemg\/\",\"logo\":{\"@type\":\"ImageObject\",\"inLanguage\":\"pt-BR\",\"@id\":\"https:\/\/www.fiemg.com.br\/fiemg\/#\/schema\/logo\/image\/\",\"url\":\"https:\/\/www.fiemg.com.br\/fiemg\/wp-content\/uploads\/sites\/10\/2023\/02\/fiemg_branco.svg\",\"contentUrl\":\"https:\/\/www.fiemg.com.br\/fiemg\/wp-content\/uploads\/sites\/10\/2023\/02\/fiemg_branco.svg\",\"width\":561,\"height\":147,\"caption\":\"FIEMG\"},\"image\":{\"@id\":\"https:\/\/www.fiemg.com.br\/fiemg\/#\/schema\/logo\/image\/\"}}]}<\/script>\n<!-- \/ Yoast SEO plugin. -->","yoast_head_json":{"title":"Nota | FIEMG debate tarifas dos EUA com vice-presidente Geraldo Alckmin - FIEMG","robots":{"index":"index","follow":"follow","max-snippet":"max-snippet:-1","max-image-preview":"max-image-preview:large","max-video-preview":"max-video-preview:-1"},"canonical":"https:\/\/www.fiemg.com.br\/fiemg\/noticias\/nota-fiemg-debate-tarifas-dos-eua-com-vice-presidente-geraldo-alckmin\/","og_locale":"pt_BR","og_type":"article","og_title":"Nota | FIEMG debate tarifas dos EUA com vice-presidente Geraldo Alckmin - FIEMG","og_description":"O presidente da Federa\u00e7\u00e3o das Ind\u00fastrias do Estado de Minas Gerais (FIEMG), Fl\u00e1vio Roscoe, se reuniu nesta quinta-feira (24\/07), em Bras\u00edlia, com o vice-presidente e ministro do Desenvolvimento, Ind\u00fastria, Com\u00e9rcio e Servi\u00e7os, Geraldo Alckmin, para tratar das tarifas de 50% que o governo dos Estados Unidos pretende impor sobre todos os produtos brasileiros exportados ao [&hellip;]","og_url":"https:\/\/www.fiemg.com.br\/fiemg\/noticias\/nota-fiemg-debate-tarifas-dos-eua-com-vice-presidente-geraldo-alckmin\/","og_site_name":"FIEMG","article_modified_time":"2025-07-24T19:01:51+00:00","og_image":[{"width":512,"height":512,"url":"https:\/\/www.fiemg.com.br\/fiemg\/wp-content\/uploads\/sites\/10\/2025\/07\/Alckimin-e-Flavio-2.jpg","type":"image\/jpeg"}],"twitter_card":"summary_large_image","twitter_misc":{"Est. tempo de leitura":"3 minutos"},"schema":{"@context":"https:\/\/schema.org","@graph":[{"@type":"WebPage","@id":"https:\/\/www.fiemg.com.br\/fiemg\/noticias\/nota-fiemg-debate-tarifas-dos-eua-com-vice-presidente-geraldo-alckmin\/","url":"https:\/\/www.fiemg.com.br\/fiemg\/noticias\/nota-fiemg-debate-tarifas-dos-eua-com-vice-presidente-geraldo-alckmin\/","name":"Nota | FIEMG debate tarifas dos EUA com vice-presidente Geraldo Alckmin - FIEMG","isPartOf":{"@id":"https:\/\/www.fiemg.com.br\/fiemg\/#website"},"primaryImageOfPage":{"@id":"https:\/\/www.fiemg.com.br\/fiemg\/noticias\/nota-fiemg-debate-tarifas-dos-eua-com-vice-presidente-geraldo-alckmin\/#primaryimage"},"image":{"@id":"https:\/\/www.fiemg.com.br\/fiemg\/noticias\/nota-fiemg-debate-tarifas-dos-eua-com-vice-presidente-geraldo-alckmin\/#primaryimage"},"thumbnailUrl":"https:\/\/www.fiemg.com.br\/fiemg\/wp-content\/uploads\/sites\/10\/2025\/07\/Alckimin-e-Flavio-2.jpg","datePublished":"2025-07-24T18:59:42+00:00","dateModified":"2025-07-24T19:01:51+00:00","breadcrumb":{"@id":"https:\/\/www.fiemg.com.br\/fiemg\/noticias\/nota-fiemg-debate-tarifas-dos-eua-com-vice-presidente-geraldo-alckmin\/#breadcrumb"},"inLanguage":"pt-BR","potentialAction":[{"@type":"ReadAction","target":["https:\/\/www.fiemg.com.br\/fiemg\/noticias\/nota-fiemg-debate-tarifas-dos-eua-com-vice-presidente-geraldo-alckmin\/"]}]},{"@type":"ImageObject","inLanguage":"pt-BR","@id":"https:\/\/www.fiemg.com.br\/fiemg\/noticias\/nota-fiemg-debate-tarifas-dos-eua-com-vice-presidente-geraldo-alckmin\/#primaryimage","url":"https:\/\/www.fiemg.com.br\/fiemg\/wp-content\/uploads\/sites\/10\/2025\/07\/Alckimin-e-Flavio-2.jpg","contentUrl":"https:\/\/www.fiemg.com.br\/fiemg\/wp-content\/uploads\/sites\/10\/2025\/07\/Alckimin-e-Flavio-2.jpg","width":512,"height":512},{"@type":"BreadcrumbList","@id":"https:\/\/www.fiemg.com.br\/fiemg\/noticias\/nota-fiemg-debate-tarifas-dos-eua-com-vice-presidente-geraldo-alckmin\/#breadcrumb","itemListElement":[{"@type":"ListItem","position":1,"name":"In\u00edcio","item":"https:\/\/www.fiemg.com.br\/fiemg\/"},{"@type":"ListItem","position":2,"name":"Nota | FIEMG debate tarifas dos EUA com vice-presidente Geraldo Alckmin"}]},{"@type":"WebSite","@id":"https:\/\/www.fiemg.com.br\/fiemg\/#website","url":"https:\/\/www.fiemg.com.br\/fiemg\/","name":"FIEMG","description":"Federa\u00e7\u00e3o das Ind\u00fastrias do Estado de Minas Gerais","publisher":{"@id":"https:\/\/www.fiemg.com.br\/fiemg\/#organization"},"potentialAction":[{"@type":"SearchAction","target":{"@type":"EntryPoint","urlTemplate":"https:\/\/www.fiemg.com.br\/fiemg\/?s={search_term_string}"},"query-input":{"@type":"PropertyValueSpecification","valueRequired":true,"valueName":"search_term_string"}}],"inLanguage":"pt-BR"},{"@type":"Organization","@id":"https:\/\/www.fiemg.com.br\/fiemg\/#organization","name":"FIEMG","url":"https:\/\/www.fiemg.com.br\/fiemg\/","logo":{"@type":"ImageObject","inLanguage":"pt-BR","@id":"https:\/\/www.fiemg.com.br\/fiemg\/#\/schema\/logo\/image\/","url":"https:\/\/www.fiemg.com.br\/fiemg\/wp-content\/uploads\/sites\/10\/2023\/02\/fiemg_branco.svg","contentUrl":"https:\/\/www.fiemg.com.br\/fiemg\/wp-content\/uploads\/sites\/10\/2023\/02\/fiemg_branco.svg","width":561,"height":147,"caption":"FIEMG"},"image":{"@id":"https:\/\/www.fiemg.com.br\/fiemg\/#\/schema\/logo\/image\/"}}]}},"_links":{"self":[{"href":"https:\/\/www.fiemg.com.br\/fiemg\/wp-json\/wp\/v2\/noticias\/9156","targetHints":{"allow":["GET"]}}],"collection":[{"href":"https:\/\/www.fiemg.com.br\/fiemg\/wp-json\/wp\/v2\/noticias"}],"about":[{"href":"https:\/\/www.fiemg.com.br\/fiemg\/wp-json\/wp\/v2\/types\/noticias"}],"wp:featuredmedia":[{"embeddable":true,"href":"https:\/\/www.fiemg.com.br\/fiemg\/wp-json\/wp\/v2\/media\/9158"}],"wp:attachment":[{"href":"https:\/\/www.fiemg.com.br\/fiemg\/wp-json\/wp\/v2\/media?parent=9156"}],"wp:term":[{"taxonomy":"category","embeddable":true,"href":"https:\/\/www.fiemg.com.br\/fiemg\/wp-json\/wp\/v2\/categories?post=9156"},{"taxonomy":"post_tag","embeddable":true,"href":"https:\/\/www.fiemg.com.br\/fiemg\/wp-json\/wp\/v2\/tags?post=9156"}],"curies":[{"name":"wp","href":"https:\/\/api.w.org\/{rel}","templated":true}]}}