{"id":9255,"date":"2025-08-06T14:38:59","date_gmt":"2025-08-06T17:38:59","guid":{"rendered":"https:\/\/www.fiemg.com.br\/fiemg\/?post_type=noticias&#038;p=9255"},"modified":"2025-08-06T14:40:32","modified_gmt":"2025-08-06T17:40:32","slug":"industria-mineira-encerra-primeiro-semestre-com-resiliencia-apesar-de-recuos-em-junho","status":"publish","type":"noticias","link":"https:\/\/www.fiemg.com.br\/fiemg\/noticias\/industria-mineira-encerra-primeiro-semestre-com-resiliencia-apesar-de-recuos-em-junho\/","title":{"rendered":"Ind\u00fastria mineira encerra primeiro semestre com resili\u00eancia, apesar de recuos em junho"},"content":{"rendered":"\n<p>A ind\u00fastria de Minas Gerais demonstrou resili\u00eancia ao longo do primeiro semestre de 2025, apesar da queda no faturamento e dos indicadores relativos ao mercado de trabalho. \u00c9 o que revela a mais recente edi\u00e7\u00e3o da pesquisa FIEMG INDEX, divulgada nesta quarta-feira pela Federa\u00e7\u00e3o das Ind\u00fastrias do Estado de Minas Gerais (FIEMG).<\/p>\n\n\n\n<p>Apesar de um cen\u00e1rio macroecon\u00f4mico desafiador, a ind\u00fastria mineira manteve um desempenho positivo no acumulado do ano, com destaque para a demanda interna aquecida e a taxa de desemprego em n\u00edveis historicamente baixos. No entanto, os dados de junho apontam sinais de desacelera\u00e7\u00e3o.<\/p>\n\n\n\n<p>O faturamento da ind\u00fastria geral, que engloba os segmentos extrativo e de transforma\u00e7\u00e3o, recuou 0,5% em rela\u00e7\u00e3o a maio, registrando o segundo m\u00eas consecutivo de queda. A retra\u00e7\u00e3o foi puxada, principalmente, pela redu\u00e7\u00e3o de pedidos em carteira nas empresas do setor extrativo.<\/p>\n\n\n\n<p>Por outro lado, a atividade industrial mostrou f\u00f4lego em outros indicadores. As horas trabalhadas na produ\u00e7\u00e3o cresceram 2,4%, e a utiliza\u00e7\u00e3o da capacidade instalada avan\u00e7ou 2,7 pontos percentuais, passando de 81% em maio para 83,7% em junho.<\/p>\n\n\n\n<p>No mercado de trabalho, o emprego registrou a primeira queda em mais de um ano, com recuo de 0,5%. A redu\u00e7\u00e3o de pessoal impactou diretamente a massa salarial real, que caiu 1,1%, e o rendimento m\u00e9dio real, que recuou 1,0%.<\/p>\n\n\n\n<p>O cen\u00e1rio para os pr\u00f3ximos meses exige aten\u00e7\u00e3o. A pol\u00edtica monet\u00e1ria segue contracionista e sem perspectiva de flexibiliza\u00e7\u00e3o no curto prazo. Al\u00e9m disso, o espa\u00e7o para est\u00edmulos fiscais permanece limitado diante das preocupa\u00e7\u00f5es com a sustentabilidade das contas p\u00fablicas. No ambiente internacional, as incertezas tamb\u00e9m se ampliam, com destaque para a imposi\u00e7\u00e3o de tarifas adicionais \u00e0s exporta\u00e7\u00f5es brasileiras pelos Estados Unidos e a desacelera\u00e7\u00e3o da economia chinesa.<\/p>\n\n\n\n<p><a href=\"https:\/\/www.fiemg.com.br\/fiemg\/area-de-interesse\/estudos-economicos\/fiemg-index-2\/\" target=\"_blank\" rel=\"noreferrer noopener\">Clique aqui<\/a> e confira o estudo na \u00edntegra.<\/p>\n\n\n\n<p><\/p>\n\n\n\n<p><strong>Imprensa FIEMG <\/strong><\/p>\n\n\n\n<p><\/p>\n","protected":false},"featured_media":8805,"template":"","categories":[20],"tags":[78,565],"class_list":["post-9255","noticias","type-noticias","status-publish","has-post-thumbnail","hentry","category-estudos-economicos","tag-fiemg","tag-index"],"acf":[],"yoast_head":"<!-- This site is optimized with the Yoast SEO plugin v26.2 - https:\/\/yoast.com\/wordpress\/plugins\/seo\/ -->\n<title>Ind\u00fastria mineira encerra primeiro semestre com resili\u00eancia, apesar de recuos em junho - FIEMG<\/title>\n<meta name=\"description\" content=\"Indicadores industriais mostram cen\u00e1rio de estabilidade, mas sinalizam aten\u00e7\u00e3o redobrada para o segundo semestre\" \/>\n<meta name=\"robots\" content=\"index, follow, max-snippet:-1, max-image-preview:large, max-video-preview:-1\" \/>\n<link rel=\"canonical\" href=\"https:\/\/www.fiemg.com.br\/fiemg\/noticias\/industria-mineira-encerra-primeiro-semestre-com-resiliencia-apesar-de-recuos-em-junho\/\" \/>\n<meta property=\"og:locale\" content=\"pt_BR\" \/>\n<meta property=\"og:type\" content=\"article\" \/>\n<meta property=\"og:title\" content=\"Ind\u00fastria mineira encerra primeiro semestre com resili\u00eancia, apesar de recuos em junho - FIEMG\" \/>\n<meta property=\"og:description\" content=\"Indicadores industriais mostram cen\u00e1rio de estabilidade, mas sinalizam aten\u00e7\u00e3o redobrada para o segundo semestre\" \/>\n<meta property=\"og:url\" content=\"https:\/\/www.fiemg.com.br\/fiemg\/noticias\/industria-mineira-encerra-primeiro-semestre-com-resiliencia-apesar-de-recuos-em-junho\/\" \/>\n<meta property=\"og:site_name\" content=\"FIEMG\" \/>\n<meta property=\"article:modified_time\" content=\"2025-08-06T17:40:32+00:00\" \/>\n<meta property=\"og:image\" content=\"https:\/\/www.fiemg.com.br\/fiemg\/wp-content\/uploads\/sites\/10\/2025\/06\/INDEX-MINI-NOVO.png\" \/>\n\t<meta property=\"og:image:width\" content=\"225\" \/>\n\t<meta property=\"og:image:height\" content=\"225\" \/>\n\t<meta property=\"og:image:type\" content=\"image\/png\" \/>\n<meta name=\"twitter:card\" content=\"summary_large_image\" \/>\n<meta name=\"twitter:label1\" content=\"Est. tempo de leitura\" \/>\n\t<meta name=\"twitter:data1\" content=\"2 minutos\" \/>\n<script type=\"application\/ld+json\" class=\"yoast-schema-graph\">{\"@context\":\"https:\/\/schema.org\",\"@graph\":[{\"@type\":\"WebPage\",\"@id\":\"https:\/\/www.fiemg.com.br\/fiemg\/noticias\/industria-mineira-encerra-primeiro-semestre-com-resiliencia-apesar-de-recuos-em-junho\/\",\"url\":\"https:\/\/www.fiemg.com.br\/fiemg\/noticias\/industria-mineira-encerra-primeiro-semestre-com-resiliencia-apesar-de-recuos-em-junho\/\",\"name\":\"Ind\u00fastria mineira encerra primeiro semestre com resili\u00eancia, apesar de recuos em junho - FIEMG\",\"isPartOf\":{\"@id\":\"https:\/\/www.fiemg.com.br\/fiemg\/#website\"},\"primaryImageOfPage\":{\"@id\":\"https:\/\/www.fiemg.com.br\/fiemg\/noticias\/industria-mineira-encerra-primeiro-semestre-com-resiliencia-apesar-de-recuos-em-junho\/#primaryimage\"},\"image\":{\"@id\":\"https:\/\/www.fiemg.com.br\/fiemg\/noticias\/industria-mineira-encerra-primeiro-semestre-com-resiliencia-apesar-de-recuos-em-junho\/#primaryimage\"},\"thumbnailUrl\":\"https:\/\/www.fiemg.com.br\/fiemg\/wp-content\/uploads\/sites\/10\/2025\/06\/INDEX-MINI-NOVO.png\",\"datePublished\":\"2025-08-06T17:38:59+00:00\",\"dateModified\":\"2025-08-06T17:40:32+00:00\",\"description\":\"Indicadores industriais mostram cen\u00e1rio de estabilidade, mas sinalizam aten\u00e7\u00e3o redobrada para o segundo semestre\",\"breadcrumb\":{\"@id\":\"https:\/\/www.fiemg.com.br\/fiemg\/noticias\/industria-mineira-encerra-primeiro-semestre-com-resiliencia-apesar-de-recuos-em-junho\/#breadcrumb\"},\"inLanguage\":\"pt-BR\",\"potentialAction\":[{\"@type\":\"ReadAction\",\"target\":[\"https:\/\/www.fiemg.com.br\/fiemg\/noticias\/industria-mineira-encerra-primeiro-semestre-com-resiliencia-apesar-de-recuos-em-junho\/\"]}]},{\"@type\":\"ImageObject\",\"inLanguage\":\"pt-BR\",\"@id\":\"https:\/\/www.fiemg.com.br\/fiemg\/noticias\/industria-mineira-encerra-primeiro-semestre-com-resiliencia-apesar-de-recuos-em-junho\/#primaryimage\",\"url\":\"https:\/\/www.fiemg.com.br\/fiemg\/wp-content\/uploads\/sites\/10\/2025\/06\/INDEX-MINI-NOVO.png\",\"contentUrl\":\"https:\/\/www.fiemg.com.br\/fiemg\/wp-content\/uploads\/sites\/10\/2025\/06\/INDEX-MINI-NOVO.png\",\"width\":225,\"height\":225},{\"@type\":\"BreadcrumbList\",\"@id\":\"https:\/\/www.fiemg.com.br\/fiemg\/noticias\/industria-mineira-encerra-primeiro-semestre-com-resiliencia-apesar-de-recuos-em-junho\/#breadcrumb\",\"itemListElement\":[{\"@type\":\"ListItem\",\"position\":1,\"name\":\"In\u00edcio\",\"item\":\"https:\/\/www.fiemg.com.br\/fiemg\/\"},{\"@type\":\"ListItem\",\"position\":2,\"name\":\"Ind\u00fastria mineira encerra primeiro semestre com resili\u00eancia, apesar de recuos em junho\"}]},{\"@type\":\"WebSite\",\"@id\":\"https:\/\/www.fiemg.com.br\/fiemg\/#website\",\"url\":\"https:\/\/www.fiemg.com.br\/fiemg\/\",\"name\":\"FIEMG\",\"description\":\"Federa\u00e7\u00e3o das Ind\u00fastrias do Estado de Minas Gerais\",\"publisher\":{\"@id\":\"https:\/\/www.fiemg.com.br\/fiemg\/#organization\"},\"potentialAction\":[{\"@type\":\"SearchAction\",\"target\":{\"@type\":\"EntryPoint\",\"urlTemplate\":\"https:\/\/www.fiemg.com.br\/fiemg\/?s={search_term_string}\"},\"query-input\":{\"@type\":\"PropertyValueSpecification\",\"valueRequired\":true,\"valueName\":\"search_term_string\"}}],\"inLanguage\":\"pt-BR\"},{\"@type\":\"Organization\",\"@id\":\"https:\/\/www.fiemg.com.br\/fiemg\/#organization\",\"name\":\"FIEMG\",\"url\":\"https:\/\/www.fiemg.com.br\/fiemg\/\",\"logo\":{\"@type\":\"ImageObject\",\"inLanguage\":\"pt-BR\",\"@id\":\"https:\/\/www.fiemg.com.br\/fiemg\/#\/schema\/logo\/image\/\",\"url\":\"https:\/\/www.fiemg.com.br\/fiemg\/wp-content\/uploads\/sites\/10\/2023\/02\/fiemg_branco.svg\",\"contentUrl\":\"https:\/\/www.fiemg.com.br\/fiemg\/wp-content\/uploads\/sites\/10\/2023\/02\/fiemg_branco.svg\",\"width\":561,\"height\":147,\"caption\":\"FIEMG\"},\"image\":{\"@id\":\"https:\/\/www.fiemg.com.br\/fiemg\/#\/schema\/logo\/image\/\"}}]}<\/script>\n<!-- \/ Yoast SEO plugin. -->","yoast_head_json":{"title":"Ind\u00fastria mineira encerra primeiro semestre com resili\u00eancia, apesar de recuos em junho - FIEMG","description":"Indicadores industriais mostram cen\u00e1rio de estabilidade, mas sinalizam aten\u00e7\u00e3o redobrada para o segundo semestre","robots":{"index":"index","follow":"follow","max-snippet":"max-snippet:-1","max-image-preview":"max-image-preview:large","max-video-preview":"max-video-preview:-1"},"canonical":"https:\/\/www.fiemg.com.br\/fiemg\/noticias\/industria-mineira-encerra-primeiro-semestre-com-resiliencia-apesar-de-recuos-em-junho\/","og_locale":"pt_BR","og_type":"article","og_title":"Ind\u00fastria mineira encerra primeiro semestre com resili\u00eancia, apesar de recuos em junho - FIEMG","og_description":"Indicadores industriais mostram cen\u00e1rio de estabilidade, mas sinalizam aten\u00e7\u00e3o redobrada para o segundo semestre","og_url":"https:\/\/www.fiemg.com.br\/fiemg\/noticias\/industria-mineira-encerra-primeiro-semestre-com-resiliencia-apesar-de-recuos-em-junho\/","og_site_name":"FIEMG","article_modified_time":"2025-08-06T17:40:32+00:00","og_image":[{"width":225,"height":225,"url":"https:\/\/www.fiemg.com.br\/fiemg\/wp-content\/uploads\/sites\/10\/2025\/06\/INDEX-MINI-NOVO.png","type":"image\/png"}],"twitter_card":"summary_large_image","twitter_misc":{"Est. tempo de leitura":"2 minutos"},"schema":{"@context":"https:\/\/schema.org","@graph":[{"@type":"WebPage","@id":"https:\/\/www.fiemg.com.br\/fiemg\/noticias\/industria-mineira-encerra-primeiro-semestre-com-resiliencia-apesar-de-recuos-em-junho\/","url":"https:\/\/www.fiemg.com.br\/fiemg\/noticias\/industria-mineira-encerra-primeiro-semestre-com-resiliencia-apesar-de-recuos-em-junho\/","name":"Ind\u00fastria mineira encerra primeiro semestre com resili\u00eancia, apesar de recuos em junho - FIEMG","isPartOf":{"@id":"https:\/\/www.fiemg.com.br\/fiemg\/#website"},"primaryImageOfPage":{"@id":"https:\/\/www.fiemg.com.br\/fiemg\/noticias\/industria-mineira-encerra-primeiro-semestre-com-resiliencia-apesar-de-recuos-em-junho\/#primaryimage"},"image":{"@id":"https:\/\/www.fiemg.com.br\/fiemg\/noticias\/industria-mineira-encerra-primeiro-semestre-com-resiliencia-apesar-de-recuos-em-junho\/#primaryimage"},"thumbnailUrl":"https:\/\/www.fiemg.com.br\/fiemg\/wp-content\/uploads\/sites\/10\/2025\/06\/INDEX-MINI-NOVO.png","datePublished":"2025-08-06T17:38:59+00:00","dateModified":"2025-08-06T17:40:32+00:00","description":"Indicadores industriais mostram cen\u00e1rio de estabilidade, mas sinalizam aten\u00e7\u00e3o redobrada para o segundo semestre","breadcrumb":{"@id":"https:\/\/www.fiemg.com.br\/fiemg\/noticias\/industria-mineira-encerra-primeiro-semestre-com-resiliencia-apesar-de-recuos-em-junho\/#breadcrumb"},"inLanguage":"pt-BR","potentialAction":[{"@type":"ReadAction","target":["https:\/\/www.fiemg.com.br\/fiemg\/noticias\/industria-mineira-encerra-primeiro-semestre-com-resiliencia-apesar-de-recuos-em-junho\/"]}]},{"@type":"ImageObject","inLanguage":"pt-BR","@id":"https:\/\/www.fiemg.com.br\/fiemg\/noticias\/industria-mineira-encerra-primeiro-semestre-com-resiliencia-apesar-de-recuos-em-junho\/#primaryimage","url":"https:\/\/www.fiemg.com.br\/fiemg\/wp-content\/uploads\/sites\/10\/2025\/06\/INDEX-MINI-NOVO.png","contentUrl":"https:\/\/www.fiemg.com.br\/fiemg\/wp-content\/uploads\/sites\/10\/2025\/06\/INDEX-MINI-NOVO.png","width":225,"height":225},{"@type":"BreadcrumbList","@id":"https:\/\/www.fiemg.com.br\/fiemg\/noticias\/industria-mineira-encerra-primeiro-semestre-com-resiliencia-apesar-de-recuos-em-junho\/#breadcrumb","itemListElement":[{"@type":"ListItem","position":1,"name":"In\u00edcio","item":"https:\/\/www.fiemg.com.br\/fiemg\/"},{"@type":"ListItem","position":2,"name":"Ind\u00fastria mineira encerra primeiro semestre com resili\u00eancia, apesar de recuos em junho"}]},{"@type":"WebSite","@id":"https:\/\/www.fiemg.com.br\/fiemg\/#website","url":"https:\/\/www.fiemg.com.br\/fiemg\/","name":"FIEMG","description":"Federa\u00e7\u00e3o das Ind\u00fastrias do Estado de Minas Gerais","publisher":{"@id":"https:\/\/www.fiemg.com.br\/fiemg\/#organization"},"potentialAction":[{"@type":"SearchAction","target":{"@type":"EntryPoint","urlTemplate":"https:\/\/www.fiemg.com.br\/fiemg\/?s={search_term_string}"},"query-input":{"@type":"PropertyValueSpecification","valueRequired":true,"valueName":"search_term_string"}}],"inLanguage":"pt-BR"},{"@type":"Organization","@id":"https:\/\/www.fiemg.com.br\/fiemg\/#organization","name":"FIEMG","url":"https:\/\/www.fiemg.com.br\/fiemg\/","logo":{"@type":"ImageObject","inLanguage":"pt-BR","@id":"https:\/\/www.fiemg.com.br\/fiemg\/#\/schema\/logo\/image\/","url":"https:\/\/www.fiemg.com.br\/fiemg\/wp-content\/uploads\/sites\/10\/2023\/02\/fiemg_branco.svg","contentUrl":"https:\/\/www.fiemg.com.br\/fiemg\/wp-content\/uploads\/sites\/10\/2023\/02\/fiemg_branco.svg","width":561,"height":147,"caption":"FIEMG"},"image":{"@id":"https:\/\/www.fiemg.com.br\/fiemg\/#\/schema\/logo\/image\/"}}]}},"_links":{"self":[{"href":"https:\/\/www.fiemg.com.br\/fiemg\/wp-json\/wp\/v2\/noticias\/9255","targetHints":{"allow":["GET"]}}],"collection":[{"href":"https:\/\/www.fiemg.com.br\/fiemg\/wp-json\/wp\/v2\/noticias"}],"about":[{"href":"https:\/\/www.fiemg.com.br\/fiemg\/wp-json\/wp\/v2\/types\/noticias"}],"wp:featuredmedia":[{"embeddable":true,"href":"https:\/\/www.fiemg.com.br\/fiemg\/wp-json\/wp\/v2\/media\/8805"}],"wp:attachment":[{"href":"https:\/\/www.fiemg.com.br\/fiemg\/wp-json\/wp\/v2\/media?parent=9255"}],"wp:term":[{"taxonomy":"category","embeddable":true,"href":"https:\/\/www.fiemg.com.br\/fiemg\/wp-json\/wp\/v2\/categories?post=9255"},{"taxonomy":"post_tag","embeddable":true,"href":"https:\/\/www.fiemg.com.br\/fiemg\/wp-json\/wp\/v2\/tags?post=9255"}],"curies":[{"name":"wp","href":"https:\/\/api.w.org\/{rel}","templated":true}]}}