{"id":9258,"date":"2025-08-07T12:35:09","date_gmt":"2025-08-07T15:35:09","guid":{"rendered":"https:\/\/www.fiemg.com.br\/fiemg\/noticias\/fiemg-sedia-evento-sobre-os-impactos-da-inteligencia-artificial-na-logistica\/"},"modified":"2025-08-07T14:09:56","modified_gmt":"2025-08-07T17:09:56","slug":"fiemg-sedia-evento-sobre-os-impactos-da-inteligencia-artificial-na-logistica","status":"publish","type":"noticias","link":"https:\/\/www.fiemg.com.br\/fiemg\/noticias\/fiemg-sedia-evento-sobre-os-impactos-da-inteligencia-artificial-na-logistica\/","title":{"rendered":"FIEMG sedia evento sobre os impactos da Intelig\u00eancia Artificial na log\u00edstica"},"content":{"rendered":"\n<figure class=\"wp-block-image size-large\"><img fetchpriority=\"high\" decoding=\"async\" width=\"1024\" height=\"465\" src=\"https:\/\/www.fiemg.com.br\/fiemg\/wp-content\/uploads\/sites\/10\/2025\/08\/emir-fiemg-1024x465.jpg\" alt=\"\" class=\"wp-image-9261\" srcset=\"https:\/\/www.fiemg.com.br\/fiemg\/wp-content\/uploads\/sites\/10\/2025\/08\/emir-fiemg-1024x465.jpg 1024w, https:\/\/www.fiemg.com.br\/fiemg\/wp-content\/uploads\/sites\/10\/2025\/08\/emir-fiemg-300x136.jpg 300w, https:\/\/www.fiemg.com.br\/fiemg\/wp-content\/uploads\/sites\/10\/2025\/08\/emir-fiemg-768x349.jpg 768w, https:\/\/www.fiemg.com.br\/fiemg\/wp-content\/uploads\/sites\/10\/2025\/08\/emir-fiemg-1536x698.jpg 1536w, https:\/\/www.fiemg.com.br\/fiemg\/wp-content\/uploads\/sites\/10\/2025\/08\/emir-fiemg.jpg 2048w\" sizes=\"(max-width: 1024px) 100vw, 1024px\" \/><\/figure>\n\n\n\n<p><\/p>\n\n\n\n<p>A Federa\u00e7\u00e3o das Ind\u00fastrias do Estado de Minas Gerais (FIEMG) sediou, no dia 6 de agosto, em Belo Horizonte, o evento <em>GT Log\u00edstica: Intelig\u00eancia Artificial<\/em>, promovido pela C\u00e2mara de Com\u00e9rcio Italiana de Minas Gerais em parceria com a empresa Ventana Serra. Com apoio institucional da FIEMG, o encontro reuniu representantes do setor produtivo, especialistas e autoridades para discutir os impactos da intelig\u00eancia artificial na cadeia de suprimentos e na governan\u00e7a corporativa.<\/p>\n\n\n\n<p>Realizado no audit\u00f3rio da FIEMG, o evento contou com palestras de profissionais reconhecidos no mercado. Glauber Almeida, cofundador e CTO da Supply Brain, apresentou a palestra <em>\u201cIA na Log\u00edstica\u201d<\/em>, trazendo cases pr\u00e1ticos sobre como a intelig\u00eancia artificial tem sido aplicada na otimiza\u00e7\u00e3o de processos log\u00edsticos e na tomada de decis\u00f5es estrat\u00e9gicas nas empresas.<\/p>\n\n\n\n<p>Na sequ\u00eancia, o advogado Henrique Cunha, s\u00f3cio do dcom Advogados e do Security Hub, conduziu a palestra <em>\u201cGovernan\u00e7a de IA\u201d<\/em>, abordando os aspectos legais, \u00e9ticos e regulat\u00f3rios envolvidos no uso da tecnologia no ambiente corporativo. Cunha destacou os riscos associados a falhas operacionais, vieses algor\u00edtmicos, uso indevido de dados e a import\u00e2ncia de pol\u00edticas de governan\u00e7a para mitigar impactos e garantir conformidade com legisla\u00e7\u00f5es como a LGPD.<\/p>\n\n\n\n<p>O subsecret\u00e1rio de Ci\u00eancia, Tecnologia e Inova\u00e7\u00e3o da Secretaria de Desenvolvimento Econ\u00f4mico de Minas Gerais (SEDE\/MG), Lucas Mendes, tamb\u00e9m participou do evento, refor\u00e7ando o compromisso do Estado com a inova\u00e7\u00e3o e com o fortalecimento do ecossistema tecnol\u00f3gico mineiro.<\/p>\n\n\n\n<p>A iniciativa foi uma oportunidade para empres\u00e1rios, gestores e profissionais do setor debaterem tend\u00eancias, desafios e aplica\u00e7\u00f5es pr\u00e1ticas da intelig\u00eancia artificial na log\u00edstica, tema cada vez mais estrat\u00e9gico para a competitividade das empresas.<\/p>\n\n\n\n<p>Confira as fotos do evento no <a href=\"https:\/\/www.flickr.com\/photos\/sistemafiemg\/albums\/72177720328199886\/\">Flickr <\/a>da FIEMG.<\/p>\n\n\n\n<p><em>Fernanda Borges<br><\/em><strong>Imprensa FIEMG<\/strong><\/p>\n","protected":false},"featured_media":9263,"template":"","categories":[15],"tags":[78],"class_list":["post-9258","noticias","type-noticias","status-publish","has-post-thumbnail","hentry","category-desenvolvimento-industrial","tag-fiemg"],"acf":[],"yoast_head":"<!-- This site is optimized with the Yoast SEO plugin v26.2 - https:\/\/yoast.com\/wordpress\/plugins\/seo\/ -->\n<title>FIEMG sedia evento sobre os impactos da Intelig\u00eancia Artificial na log\u00edstica - FIEMG<\/title>\n<meta name=\"description\" content=\"Especialistas debatem tend\u00eancias, desafios e aplica\u00e7\u00f5es da tecnologia no setor log\u00edstico durante encontro promovido em parceria com a C\u00e2mara Italiana e a Ventana Serra\" \/>\n<meta name=\"robots\" content=\"index, follow, max-snippet:-1, max-image-preview:large, max-video-preview:-1\" \/>\n<link rel=\"canonical\" href=\"https:\/\/www.fiemg.com.br\/fiemg\/noticias\/fiemg-sedia-evento-sobre-os-impactos-da-inteligencia-artificial-na-logistica\/\" \/>\n<meta property=\"og:locale\" content=\"pt_BR\" \/>\n<meta property=\"og:type\" content=\"article\" \/>\n<meta property=\"og:title\" content=\"FIEMG sedia evento sobre os impactos da Intelig\u00eancia Artificial na log\u00edstica - FIEMG\" \/>\n<meta property=\"og:description\" content=\"Especialistas debatem tend\u00eancias, desafios e aplica\u00e7\u00f5es da tecnologia no setor log\u00edstico durante encontro promovido em parceria com a C\u00e2mara Italiana e a Ventana Serra\" \/>\n<meta property=\"og:url\" content=\"https:\/\/www.fiemg.com.br\/fiemg\/noticias\/fiemg-sedia-evento-sobre-os-impactos-da-inteligencia-artificial-na-logistica\/\" \/>\n<meta property=\"og:site_name\" content=\"FIEMG\" \/>\n<meta property=\"article:modified_time\" content=\"2025-08-07T17:09:56+00:00\" \/>\n<meta property=\"og:image\" content=\"https:\/\/www.fiemg.com.br\/fiemg\/wp-content\/uploads\/sites\/10\/2025\/08\/GT-LOGISTICA-2.png\" \/>\n\t<meta property=\"og:image:width\" content=\"512\" \/>\n\t<meta property=\"og:image:height\" content=\"512\" \/>\n\t<meta property=\"og:image:type\" content=\"image\/png\" \/>\n<meta name=\"twitter:card\" content=\"summary_large_image\" \/>\n<meta name=\"twitter:label1\" content=\"Est. tempo de leitura\" \/>\n\t<meta name=\"twitter:data1\" content=\"2 minutos\" \/>\n<script type=\"application\/ld+json\" class=\"yoast-schema-graph\">{\"@context\":\"https:\/\/schema.org\",\"@graph\":[{\"@type\":\"WebPage\",\"@id\":\"https:\/\/www.fiemg.com.br\/fiemg\/noticias\/fiemg-sedia-evento-sobre-os-impactos-da-inteligencia-artificial-na-logistica\/\",\"url\":\"https:\/\/www.fiemg.com.br\/fiemg\/noticias\/fiemg-sedia-evento-sobre-os-impactos-da-inteligencia-artificial-na-logistica\/\",\"name\":\"FIEMG sedia evento sobre os impactos da Intelig\u00eancia Artificial na log\u00edstica - FIEMG\",\"isPartOf\":{\"@id\":\"https:\/\/www.fiemg.com.br\/fiemg\/#website\"},\"primaryImageOfPage\":{\"@id\":\"https:\/\/www.fiemg.com.br\/fiemg\/noticias\/fiemg-sedia-evento-sobre-os-impactos-da-inteligencia-artificial-na-logistica\/#primaryimage\"},\"image\":{\"@id\":\"https:\/\/www.fiemg.com.br\/fiemg\/noticias\/fiemg-sedia-evento-sobre-os-impactos-da-inteligencia-artificial-na-logistica\/#primaryimage\"},\"thumbnailUrl\":\"https:\/\/www.fiemg.com.br\/fiemg\/wp-content\/uploads\/sites\/10\/2025\/08\/54704507103_3b215d59da_k.jpg\",\"datePublished\":\"2025-08-07T15:35:09+00:00\",\"dateModified\":\"2025-08-07T17:09:56+00:00\",\"description\":\"Especialistas debatem tend\u00eancias, desafios e aplica\u00e7\u00f5es da tecnologia no setor log\u00edstico durante encontro promovido em parceria com a C\u00e2mara Italiana e a Ventana Serra\",\"breadcrumb\":{\"@id\":\"https:\/\/www.fiemg.com.br\/fiemg\/noticias\/fiemg-sedia-evento-sobre-os-impactos-da-inteligencia-artificial-na-logistica\/#breadcrumb\"},\"inLanguage\":\"pt-BR\",\"potentialAction\":[{\"@type\":\"ReadAction\",\"target\":[\"https:\/\/www.fiemg.com.br\/fiemg\/noticias\/fiemg-sedia-evento-sobre-os-impactos-da-inteligencia-artificial-na-logistica\/\"]}]},{\"@type\":\"ImageObject\",\"inLanguage\":\"pt-BR\",\"@id\":\"https:\/\/www.fiemg.com.br\/fiemg\/noticias\/fiemg-sedia-evento-sobre-os-impactos-da-inteligencia-artificial-na-logistica\/#primaryimage\",\"url\":\"https:\/\/www.fiemg.com.br\/fiemg\/wp-content\/uploads\/sites\/10\/2025\/08\/54704507103_3b215d59da_k.jpg\",\"contentUrl\":\"https:\/\/www.fiemg.com.br\/fiemg\/wp-content\/uploads\/sites\/10\/2025\/08\/54704507103_3b215d59da_k.jpg\",\"width\":2048,\"height\":1365},{\"@type\":\"BreadcrumbList\",\"@id\":\"https:\/\/www.fiemg.com.br\/fiemg\/noticias\/fiemg-sedia-evento-sobre-os-impactos-da-inteligencia-artificial-na-logistica\/#breadcrumb\",\"itemListElement\":[{\"@type\":\"ListItem\",\"position\":1,\"name\":\"In\u00edcio\",\"item\":\"https:\/\/www.fiemg.com.br\/fiemg\/\"},{\"@type\":\"ListItem\",\"position\":2,\"name\":\"FIEMG sedia evento sobre os impactos da Intelig\u00eancia Artificial na log\u00edstica\"}]},{\"@type\":\"WebSite\",\"@id\":\"https:\/\/www.fiemg.com.br\/fiemg\/#website\",\"url\":\"https:\/\/www.fiemg.com.br\/fiemg\/\",\"name\":\"FIEMG\",\"description\":\"Federa\u00e7\u00e3o das Ind\u00fastrias do Estado de Minas Gerais\",\"publisher\":{\"@id\":\"https:\/\/www.fiemg.com.br\/fiemg\/#organization\"},\"potentialAction\":[{\"@type\":\"SearchAction\",\"target\":{\"@type\":\"EntryPoint\",\"urlTemplate\":\"https:\/\/www.fiemg.com.br\/fiemg\/?s={search_term_string}\"},\"query-input\":{\"@type\":\"PropertyValueSpecification\",\"valueRequired\":true,\"valueName\":\"search_term_string\"}}],\"inLanguage\":\"pt-BR\"},{\"@type\":\"Organization\",\"@id\":\"https:\/\/www.fiemg.com.br\/fiemg\/#organization\",\"name\":\"FIEMG\",\"url\":\"https:\/\/www.fiemg.com.br\/fiemg\/\",\"logo\":{\"@type\":\"ImageObject\",\"inLanguage\":\"pt-BR\",\"@id\":\"https:\/\/www.fiemg.com.br\/fiemg\/#\/schema\/logo\/image\/\",\"url\":\"https:\/\/www.fiemg.com.br\/fiemg\/wp-content\/uploads\/sites\/10\/2023\/02\/fiemg_branco.svg\",\"contentUrl\":\"https:\/\/www.fiemg.com.br\/fiemg\/wp-content\/uploads\/sites\/10\/2023\/02\/fiemg_branco.svg\",\"width\":561,\"height\":147,\"caption\":\"FIEMG\"},\"image\":{\"@id\":\"https:\/\/www.fiemg.com.br\/fiemg\/#\/schema\/logo\/image\/\"}}]}<\/script>\n<!-- \/ Yoast SEO plugin. -->","yoast_head_json":{"title":"FIEMG sedia evento sobre os impactos da Intelig\u00eancia Artificial na log\u00edstica - FIEMG","description":"Especialistas debatem tend\u00eancias, desafios e aplica\u00e7\u00f5es da tecnologia no setor log\u00edstico durante encontro promovido em parceria com a C\u00e2mara Italiana e a Ventana Serra","robots":{"index":"index","follow":"follow","max-snippet":"max-snippet:-1","max-image-preview":"max-image-preview:large","max-video-preview":"max-video-preview:-1"},"canonical":"https:\/\/www.fiemg.com.br\/fiemg\/noticias\/fiemg-sedia-evento-sobre-os-impactos-da-inteligencia-artificial-na-logistica\/","og_locale":"pt_BR","og_type":"article","og_title":"FIEMG sedia evento sobre os impactos da Intelig\u00eancia Artificial na log\u00edstica - FIEMG","og_description":"Especialistas debatem tend\u00eancias, desafios e aplica\u00e7\u00f5es da tecnologia no setor log\u00edstico durante encontro promovido em parceria com a C\u00e2mara Italiana e a Ventana Serra","og_url":"https:\/\/www.fiemg.com.br\/fiemg\/noticias\/fiemg-sedia-evento-sobre-os-impactos-da-inteligencia-artificial-na-logistica\/","og_site_name":"FIEMG","article_modified_time":"2025-08-07T17:09:56+00:00","og_image":[{"width":512,"height":512,"url":"https:\/\/www.fiemg.com.br\/fiemg\/wp-content\/uploads\/sites\/10\/2025\/08\/GT-LOGISTICA-2.png","type":"image\/png"}],"twitter_card":"summary_large_image","twitter_misc":{"Est. tempo de leitura":"2 minutos"},"schema":{"@context":"https:\/\/schema.org","@graph":[{"@type":"WebPage","@id":"https:\/\/www.fiemg.com.br\/fiemg\/noticias\/fiemg-sedia-evento-sobre-os-impactos-da-inteligencia-artificial-na-logistica\/","url":"https:\/\/www.fiemg.com.br\/fiemg\/noticias\/fiemg-sedia-evento-sobre-os-impactos-da-inteligencia-artificial-na-logistica\/","name":"FIEMG sedia evento sobre os impactos da Intelig\u00eancia Artificial na log\u00edstica - FIEMG","isPartOf":{"@id":"https:\/\/www.fiemg.com.br\/fiemg\/#website"},"primaryImageOfPage":{"@id":"https:\/\/www.fiemg.com.br\/fiemg\/noticias\/fiemg-sedia-evento-sobre-os-impactos-da-inteligencia-artificial-na-logistica\/#primaryimage"},"image":{"@id":"https:\/\/www.fiemg.com.br\/fiemg\/noticias\/fiemg-sedia-evento-sobre-os-impactos-da-inteligencia-artificial-na-logistica\/#primaryimage"},"thumbnailUrl":"https:\/\/www.fiemg.com.br\/fiemg\/wp-content\/uploads\/sites\/10\/2025\/08\/54704507103_3b215d59da_k.jpg","datePublished":"2025-08-07T15:35:09+00:00","dateModified":"2025-08-07T17:09:56+00:00","description":"Especialistas debatem tend\u00eancias, desafios e aplica\u00e7\u00f5es da tecnologia no setor log\u00edstico durante encontro promovido em parceria com a C\u00e2mara Italiana e a Ventana Serra","breadcrumb":{"@id":"https:\/\/www.fiemg.com.br\/fiemg\/noticias\/fiemg-sedia-evento-sobre-os-impactos-da-inteligencia-artificial-na-logistica\/#breadcrumb"},"inLanguage":"pt-BR","potentialAction":[{"@type":"ReadAction","target":["https:\/\/www.fiemg.com.br\/fiemg\/noticias\/fiemg-sedia-evento-sobre-os-impactos-da-inteligencia-artificial-na-logistica\/"]}]},{"@type":"ImageObject","inLanguage":"pt-BR","@id":"https:\/\/www.fiemg.com.br\/fiemg\/noticias\/fiemg-sedia-evento-sobre-os-impactos-da-inteligencia-artificial-na-logistica\/#primaryimage","url":"https:\/\/www.fiemg.com.br\/fiemg\/wp-content\/uploads\/sites\/10\/2025\/08\/54704507103_3b215d59da_k.jpg","contentUrl":"https:\/\/www.fiemg.com.br\/fiemg\/wp-content\/uploads\/sites\/10\/2025\/08\/54704507103_3b215d59da_k.jpg","width":2048,"height":1365},{"@type":"BreadcrumbList","@id":"https:\/\/www.fiemg.com.br\/fiemg\/noticias\/fiemg-sedia-evento-sobre-os-impactos-da-inteligencia-artificial-na-logistica\/#breadcrumb","itemListElement":[{"@type":"ListItem","position":1,"name":"In\u00edcio","item":"https:\/\/www.fiemg.com.br\/fiemg\/"},{"@type":"ListItem","position":2,"name":"FIEMG sedia evento sobre os impactos da Intelig\u00eancia Artificial na log\u00edstica"}]},{"@type":"WebSite","@id":"https:\/\/www.fiemg.com.br\/fiemg\/#website","url":"https:\/\/www.fiemg.com.br\/fiemg\/","name":"FIEMG","description":"Federa\u00e7\u00e3o das Ind\u00fastrias do Estado de Minas Gerais","publisher":{"@id":"https:\/\/www.fiemg.com.br\/fiemg\/#organization"},"potentialAction":[{"@type":"SearchAction","target":{"@type":"EntryPoint","urlTemplate":"https:\/\/www.fiemg.com.br\/fiemg\/?s={search_term_string}"},"query-input":{"@type":"PropertyValueSpecification","valueRequired":true,"valueName":"search_term_string"}}],"inLanguage":"pt-BR"},{"@type":"Organization","@id":"https:\/\/www.fiemg.com.br\/fiemg\/#organization","name":"FIEMG","url":"https:\/\/www.fiemg.com.br\/fiemg\/","logo":{"@type":"ImageObject","inLanguage":"pt-BR","@id":"https:\/\/www.fiemg.com.br\/fiemg\/#\/schema\/logo\/image\/","url":"https:\/\/www.fiemg.com.br\/fiemg\/wp-content\/uploads\/sites\/10\/2023\/02\/fiemg_branco.svg","contentUrl":"https:\/\/www.fiemg.com.br\/fiemg\/wp-content\/uploads\/sites\/10\/2023\/02\/fiemg_branco.svg","width":561,"height":147,"caption":"FIEMG"},"image":{"@id":"https:\/\/www.fiemg.com.br\/fiemg\/#\/schema\/logo\/image\/"}}]}},"_links":{"self":[{"href":"https:\/\/www.fiemg.com.br\/fiemg\/wp-json\/wp\/v2\/noticias\/9258","targetHints":{"allow":["GET"]}}],"collection":[{"href":"https:\/\/www.fiemg.com.br\/fiemg\/wp-json\/wp\/v2\/noticias"}],"about":[{"href":"https:\/\/www.fiemg.com.br\/fiemg\/wp-json\/wp\/v2\/types\/noticias"}],"wp:featuredmedia":[{"embeddable":true,"href":"https:\/\/www.fiemg.com.br\/fiemg\/wp-json\/wp\/v2\/media\/9263"}],"wp:attachment":[{"href":"https:\/\/www.fiemg.com.br\/fiemg\/wp-json\/wp\/v2\/media?parent=9258"}],"wp:term":[{"taxonomy":"category","embeddable":true,"href":"https:\/\/www.fiemg.com.br\/fiemg\/wp-json\/wp\/v2\/categories?post=9258"},{"taxonomy":"post_tag","embeddable":true,"href":"https:\/\/www.fiemg.com.br\/fiemg\/wp-json\/wp\/v2\/tags?post=9258"}],"curies":[{"name":"wp","href":"https:\/\/api.w.org\/{rel}","templated":true}]}}