{"id":9265,"date":"2025-08-01T14:57:44","date_gmt":"2025-08-01T17:57:44","guid":{"rendered":"https:\/\/www.fiemg.com.br\/fiemg\/noticias\/fiemg-lab-debate-propostas-comerciais-e-fidelizacao-de-clientes\/"},"modified":"2025-08-01T14:57:44","modified_gmt":"2025-08-01T17:57:44","slug":"fiemg-lab-debate-propostas-comerciais-e-fidelizacao-de-clientes","status":"publish","type":"noticias","link":"https:\/\/www.fiemg.com.br\/fiemg\/noticias\/fiemg-lab-debate-propostas-comerciais-e-fidelizacao-de-clientes\/","title":{"rendered":"FIEMG Lab debate propostas comerciais e fideliza\u00e7\u00e3o de clientes"},"content":{"rendered":"\n<p><br>A quinta edi\u00e7\u00e3o do <em>Expresso FIEMG Lab<\/em> reuniu especialistas na \u00faltima ter\u00e7a-feira, 29\/7, em Belo Horizonte, para discutir boas pr\u00e1ticas na elabora\u00e7\u00e3o de propostas comerciais e estrat\u00e9gias de fideliza\u00e7\u00e3o de clientes da ind\u00fastria. Promovido pelo hub de inova\u00e7\u00e3o aberta da FIEMG, o evento \u00e9 realizado mensalmente no P7 Criativo e integra o calend\u00e1rio de atividades do ecossistema com foco em networking, conte\u00fado pr\u00e1tico e trocas entre startups e grandes empresas.<\/p>\n\n\n\n<p>Com participa\u00e7\u00e3o de profissionais da comunidade do hub, o encontro trouxe como destaque a fala de Haline Laguardia, <em>head of sales<\/em> da startup Evcomx. A executiva ressaltou a import\u00e2ncia de personalizar as propostas e conduzir negocia\u00e7\u00f5es mais estrat\u00e9gicas e pr\u00f3ximas ao cliente. \u201cN\u00e3o tenham medo de fazer perguntas ao potencial cliente e saber qual \u00e9 or\u00e7amento daquele ano, como voc\u00ea pode facilitar a aprova\u00e7\u00e3o daquela proposta, se \u00e9 preciso um apoio t\u00e9cnico ao apresentar para a diretoria, entre outros aspectos\u201d, orientou.<\/p>\n\n\n\n<p>Haline tamb\u00e9m refor\u00e7ou a necessidade de apresentar a proposta comercial, e n\u00e3o apenas envi\u00e1-la por e-mail. Segundo ela, a comunica\u00e7\u00e3o direta contribui para alinhar expectativas com a ind\u00fastria e fortalece o relacionamento com o cliente ao longo do ciclo de vendas.<\/p>\n\n\n\n<figure class=\"wp-block-image aligncenter size-large is-resized\"><img fetchpriority=\"high\" decoding=\"async\" width=\"1024\" height=\"682\" src=\"https:\/\/www.fiemg.com.br\/fiemg\/wp-content\/uploads\/sites\/10\/2025\/08\/expresso3-1024x682.png\" alt=\"\" class=\"wp-image-9267\" style=\"width:698px;height:auto\" srcset=\"https:\/\/www.fiemg.com.br\/fiemg\/wp-content\/uploads\/sites\/10\/2025\/08\/expresso3-1024x682.png 1024w, https:\/\/www.fiemg.com.br\/fiemg\/wp-content\/uploads\/sites\/10\/2025\/08\/expresso3-300x200.png 300w, https:\/\/www.fiemg.com.br\/fiemg\/wp-content\/uploads\/sites\/10\/2025\/08\/expresso3-768x512.png 768w, https:\/\/www.fiemg.com.br\/fiemg\/wp-content\/uploads\/sites\/10\/2025\/08\/expresso3-1536x1024.png 1536w, https:\/\/www.fiemg.com.br\/fiemg\/wp-content\/uploads\/sites\/10\/2025\/08\/expresso3-2048x1365.png 2048w\" sizes=\"(max-width: 1024px) 100vw, 1024px\" \/><\/figure>\n\n\n\n<p>Na sequ\u00eancia, o coordenador do FIEMG Lab, Igor Esp\u00edrito Santo, compartilhou as \u201cDez formas de melhorar a reten\u00e7\u00e3o de clientes\u201d, com dicas pr\u00e1ticas como apresentar a miss\u00e3o da empresa, gerar prova social, apresentar resultados, formar uma comunidade, cumprir promessas e manter o follow-up em dia. \u201cQuando tratar da negocia\u00e7\u00e3o, fale da miss\u00e3o da sua empresa para o cliente. As pessoas se identificam e se conectam com isso, como prop\u00f3sito\u201d, afirmou.<\/p>\n\n\n\n<p>Os convidados foram apresentados ao <em>Caf\u00e9 com Ind\u00fastria<\/em>, com uma din\u00e2mica de pitch reverso entre startups da comunidade Impulso FIEMG Lab e representantes da Vale \u2013 Ind\u00fastria do Futuro. Al\u00e9m disso, o p\u00fablico foi apresentado ao Pr\u00eamio FIEMG de Economia, que est\u00e1 em sua primeira edi\u00e7\u00e3o.<\/p>\n\n\n\n<p>A pr\u00f3xima edi\u00e7\u00e3o do Expresso FIEMG Lab est\u00e1 agendada para o dia 28 de agosto, tamb\u00e9m no P7 Criativo.<\/p>\n\n\n\n<p><strong>Imprensa FIEMG<\/strong><\/p>\n","protected":false},"featured_media":2185,"template":"","categories":[],"tags":[],"class_list":["post-9265","noticias","type-noticias","status-publish","has-post-thumbnail","hentry"],"acf":[],"yoast_head":"<!-- This site is optimized with the Yoast SEO plugin v26.2 - https:\/\/yoast.com\/wordpress\/plugins\/seo\/ -->\n<title>FIEMG Lab debate propostas comerciais e fideliza\u00e7\u00e3o de clientes - FIEMG<\/title>\n<meta name=\"robots\" content=\"index, follow, max-snippet:-1, max-image-preview:large, max-video-preview:-1\" \/>\n<link rel=\"canonical\" href=\"https:\/\/www.fiemg.com.br\/fiemg\/noticias\/fiemg-lab-debate-propostas-comerciais-e-fidelizacao-de-clientes\/\" \/>\n<meta property=\"og:locale\" content=\"pt_BR\" \/>\n<meta property=\"og:type\" content=\"article\" \/>\n<meta property=\"og:title\" content=\"FIEMG Lab debate propostas comerciais e fideliza\u00e7\u00e3o de clientes - FIEMG\" \/>\n<meta property=\"og:description\" content=\"A quinta edi\u00e7\u00e3o do Expresso FIEMG Lab reuniu especialistas na \u00faltima ter\u00e7a-feira, 29\/7, em Belo Horizonte, para discutir boas pr\u00e1ticas na elabora\u00e7\u00e3o de propostas comerciais e estrat\u00e9gias de fideliza\u00e7\u00e3o de clientes da ind\u00fastria. Promovido pelo hub de inova\u00e7\u00e3o aberta da FIEMG, o evento \u00e9 realizado mensalmente no P7 Criativo e integra o calend\u00e1rio de atividades [&hellip;]\" \/>\n<meta property=\"og:url\" content=\"https:\/\/www.fiemg.com.br\/fiemg\/noticias\/fiemg-lab-debate-propostas-comerciais-e-fidelizacao-de-clientes\/\" \/>\n<meta property=\"og:site_name\" content=\"FIEMG\" \/>\n<meta property=\"og:image\" content=\"https:\/\/www.fiemg.com.br\/fiemg\/wp-content\/uploads\/sites\/10\/2023\/08\/default.png\" \/>\n\t<meta property=\"og:image:width\" content=\"300\" \/>\n\t<meta property=\"og:image:height\" content=\"300\" \/>\n\t<meta property=\"og:image:type\" content=\"image\/png\" \/>\n<meta name=\"twitter:card\" content=\"summary_large_image\" \/>\n<meta name=\"twitter:label1\" content=\"Est. tempo de leitura\" \/>\n\t<meta name=\"twitter:data1\" content=\"3 minutos\" \/>\n<script type=\"application\/ld+json\" class=\"yoast-schema-graph\">{\"@context\":\"https:\/\/schema.org\",\"@graph\":[{\"@type\":\"WebPage\",\"@id\":\"https:\/\/www.fiemg.com.br\/fiemg\/noticias\/fiemg-lab-debate-propostas-comerciais-e-fidelizacao-de-clientes\/\",\"url\":\"https:\/\/www.fiemg.com.br\/fiemg\/noticias\/fiemg-lab-debate-propostas-comerciais-e-fidelizacao-de-clientes\/\",\"name\":\"FIEMG Lab debate propostas comerciais e fideliza\u00e7\u00e3o de clientes - FIEMG\",\"isPartOf\":{\"@id\":\"https:\/\/www.fiemg.com.br\/fiemg\/#website\"},\"primaryImageOfPage\":{\"@id\":\"https:\/\/www.fiemg.com.br\/fiemg\/noticias\/fiemg-lab-debate-propostas-comerciais-e-fidelizacao-de-clientes\/#primaryimage\"},\"image\":{\"@id\":\"https:\/\/www.fiemg.com.br\/fiemg\/noticias\/fiemg-lab-debate-propostas-comerciais-e-fidelizacao-de-clientes\/#primaryimage\"},\"thumbnailUrl\":\"https:\/\/www.fiemg.com.br\/fiemg\/wp-content\/uploads\/sites\/10\/2023\/08\/default.png\",\"datePublished\":\"2025-08-01T17:57:44+00:00\",\"breadcrumb\":{\"@id\":\"https:\/\/www.fiemg.com.br\/fiemg\/noticias\/fiemg-lab-debate-propostas-comerciais-e-fidelizacao-de-clientes\/#breadcrumb\"},\"inLanguage\":\"pt-BR\",\"potentialAction\":[{\"@type\":\"ReadAction\",\"target\":[\"https:\/\/www.fiemg.com.br\/fiemg\/noticias\/fiemg-lab-debate-propostas-comerciais-e-fidelizacao-de-clientes\/\"]}]},{\"@type\":\"ImageObject\",\"inLanguage\":\"pt-BR\",\"@id\":\"https:\/\/www.fiemg.com.br\/fiemg\/noticias\/fiemg-lab-debate-propostas-comerciais-e-fidelizacao-de-clientes\/#primaryimage\",\"url\":\"https:\/\/www.fiemg.com.br\/fiemg\/wp-content\/uploads\/sites\/10\/2023\/08\/default.png\",\"contentUrl\":\"https:\/\/www.fiemg.com.br\/fiemg\/wp-content\/uploads\/sites\/10\/2023\/08\/default.png\",\"width\":300,\"height\":300},{\"@type\":\"BreadcrumbList\",\"@id\":\"https:\/\/www.fiemg.com.br\/fiemg\/noticias\/fiemg-lab-debate-propostas-comerciais-e-fidelizacao-de-clientes\/#breadcrumb\",\"itemListElement\":[{\"@type\":\"ListItem\",\"position\":1,\"name\":\"In\u00edcio\",\"item\":\"https:\/\/www.fiemg.com.br\/fiemg\/\"},{\"@type\":\"ListItem\",\"position\":2,\"name\":\"FIEMG Lab debate propostas comerciais e fideliza\u00e7\u00e3o de clientes\"}]},{\"@type\":\"WebSite\",\"@id\":\"https:\/\/www.fiemg.com.br\/fiemg\/#website\",\"url\":\"https:\/\/www.fiemg.com.br\/fiemg\/\",\"name\":\"FIEMG\",\"description\":\"Federa\u00e7\u00e3o das Ind\u00fastrias do Estado de Minas Gerais\",\"publisher\":{\"@id\":\"https:\/\/www.fiemg.com.br\/fiemg\/#organization\"},\"potentialAction\":[{\"@type\":\"SearchAction\",\"target\":{\"@type\":\"EntryPoint\",\"urlTemplate\":\"https:\/\/www.fiemg.com.br\/fiemg\/?s={search_term_string}\"},\"query-input\":{\"@type\":\"PropertyValueSpecification\",\"valueRequired\":true,\"valueName\":\"search_term_string\"}}],\"inLanguage\":\"pt-BR\"},{\"@type\":\"Organization\",\"@id\":\"https:\/\/www.fiemg.com.br\/fiemg\/#organization\",\"name\":\"FIEMG\",\"url\":\"https:\/\/www.fiemg.com.br\/fiemg\/\",\"logo\":{\"@type\":\"ImageObject\",\"inLanguage\":\"pt-BR\",\"@id\":\"https:\/\/www.fiemg.com.br\/fiemg\/#\/schema\/logo\/image\/\",\"url\":\"https:\/\/www.fiemg.com.br\/fiemg\/wp-content\/uploads\/sites\/10\/2023\/02\/fiemg_branco.svg\",\"contentUrl\":\"https:\/\/www.fiemg.com.br\/fiemg\/wp-content\/uploads\/sites\/10\/2023\/02\/fiemg_branco.svg\",\"width\":561,\"height\":147,\"caption\":\"FIEMG\"},\"image\":{\"@id\":\"https:\/\/www.fiemg.com.br\/fiemg\/#\/schema\/logo\/image\/\"}}]}<\/script>\n<!-- \/ Yoast SEO plugin. -->","yoast_head_json":{"title":"FIEMG Lab debate propostas comerciais e fideliza\u00e7\u00e3o de clientes - FIEMG","robots":{"index":"index","follow":"follow","max-snippet":"max-snippet:-1","max-image-preview":"max-image-preview:large","max-video-preview":"max-video-preview:-1"},"canonical":"https:\/\/www.fiemg.com.br\/fiemg\/noticias\/fiemg-lab-debate-propostas-comerciais-e-fidelizacao-de-clientes\/","og_locale":"pt_BR","og_type":"article","og_title":"FIEMG Lab debate propostas comerciais e fideliza\u00e7\u00e3o de clientes - FIEMG","og_description":"A quinta edi\u00e7\u00e3o do Expresso FIEMG Lab reuniu especialistas na \u00faltima ter\u00e7a-feira, 29\/7, em Belo Horizonte, para discutir boas pr\u00e1ticas na elabora\u00e7\u00e3o de propostas comerciais e estrat\u00e9gias de fideliza\u00e7\u00e3o de clientes da ind\u00fastria. Promovido pelo hub de inova\u00e7\u00e3o aberta da FIEMG, o evento \u00e9 realizado mensalmente no P7 Criativo e integra o calend\u00e1rio de atividades [&hellip;]","og_url":"https:\/\/www.fiemg.com.br\/fiemg\/noticias\/fiemg-lab-debate-propostas-comerciais-e-fidelizacao-de-clientes\/","og_site_name":"FIEMG","og_image":[{"width":300,"height":300,"url":"https:\/\/www.fiemg.com.br\/fiemg\/wp-content\/uploads\/sites\/10\/2023\/08\/default.png","type":"image\/png"}],"twitter_card":"summary_large_image","twitter_misc":{"Est. tempo de leitura":"3 minutos"},"schema":{"@context":"https:\/\/schema.org","@graph":[{"@type":"WebPage","@id":"https:\/\/www.fiemg.com.br\/fiemg\/noticias\/fiemg-lab-debate-propostas-comerciais-e-fidelizacao-de-clientes\/","url":"https:\/\/www.fiemg.com.br\/fiemg\/noticias\/fiemg-lab-debate-propostas-comerciais-e-fidelizacao-de-clientes\/","name":"FIEMG Lab debate propostas comerciais e fideliza\u00e7\u00e3o de clientes - FIEMG","isPartOf":{"@id":"https:\/\/www.fiemg.com.br\/fiemg\/#website"},"primaryImageOfPage":{"@id":"https:\/\/www.fiemg.com.br\/fiemg\/noticias\/fiemg-lab-debate-propostas-comerciais-e-fidelizacao-de-clientes\/#primaryimage"},"image":{"@id":"https:\/\/www.fiemg.com.br\/fiemg\/noticias\/fiemg-lab-debate-propostas-comerciais-e-fidelizacao-de-clientes\/#primaryimage"},"thumbnailUrl":"https:\/\/www.fiemg.com.br\/fiemg\/wp-content\/uploads\/sites\/10\/2023\/08\/default.png","datePublished":"2025-08-01T17:57:44+00:00","breadcrumb":{"@id":"https:\/\/www.fiemg.com.br\/fiemg\/noticias\/fiemg-lab-debate-propostas-comerciais-e-fidelizacao-de-clientes\/#breadcrumb"},"inLanguage":"pt-BR","potentialAction":[{"@type":"ReadAction","target":["https:\/\/www.fiemg.com.br\/fiemg\/noticias\/fiemg-lab-debate-propostas-comerciais-e-fidelizacao-de-clientes\/"]}]},{"@type":"ImageObject","inLanguage":"pt-BR","@id":"https:\/\/www.fiemg.com.br\/fiemg\/noticias\/fiemg-lab-debate-propostas-comerciais-e-fidelizacao-de-clientes\/#primaryimage","url":"https:\/\/www.fiemg.com.br\/fiemg\/wp-content\/uploads\/sites\/10\/2023\/08\/default.png","contentUrl":"https:\/\/www.fiemg.com.br\/fiemg\/wp-content\/uploads\/sites\/10\/2023\/08\/default.png","width":300,"height":300},{"@type":"BreadcrumbList","@id":"https:\/\/www.fiemg.com.br\/fiemg\/noticias\/fiemg-lab-debate-propostas-comerciais-e-fidelizacao-de-clientes\/#breadcrumb","itemListElement":[{"@type":"ListItem","position":1,"name":"In\u00edcio","item":"https:\/\/www.fiemg.com.br\/fiemg\/"},{"@type":"ListItem","position":2,"name":"FIEMG Lab debate propostas comerciais e fideliza\u00e7\u00e3o de clientes"}]},{"@type":"WebSite","@id":"https:\/\/www.fiemg.com.br\/fiemg\/#website","url":"https:\/\/www.fiemg.com.br\/fiemg\/","name":"FIEMG","description":"Federa\u00e7\u00e3o das Ind\u00fastrias do Estado de Minas Gerais","publisher":{"@id":"https:\/\/www.fiemg.com.br\/fiemg\/#organization"},"potentialAction":[{"@type":"SearchAction","target":{"@type":"EntryPoint","urlTemplate":"https:\/\/www.fiemg.com.br\/fiemg\/?s={search_term_string}"},"query-input":{"@type":"PropertyValueSpecification","valueRequired":true,"valueName":"search_term_string"}}],"inLanguage":"pt-BR"},{"@type":"Organization","@id":"https:\/\/www.fiemg.com.br\/fiemg\/#organization","name":"FIEMG","url":"https:\/\/www.fiemg.com.br\/fiemg\/","logo":{"@type":"ImageObject","inLanguage":"pt-BR","@id":"https:\/\/www.fiemg.com.br\/fiemg\/#\/schema\/logo\/image\/","url":"https:\/\/www.fiemg.com.br\/fiemg\/wp-content\/uploads\/sites\/10\/2023\/02\/fiemg_branco.svg","contentUrl":"https:\/\/www.fiemg.com.br\/fiemg\/wp-content\/uploads\/sites\/10\/2023\/02\/fiemg_branco.svg","width":561,"height":147,"caption":"FIEMG"},"image":{"@id":"https:\/\/www.fiemg.com.br\/fiemg\/#\/schema\/logo\/image\/"}}]}},"_links":{"self":[{"href":"https:\/\/www.fiemg.com.br\/fiemg\/wp-json\/wp\/v2\/noticias\/9265","targetHints":{"allow":["GET"]}}],"collection":[{"href":"https:\/\/www.fiemg.com.br\/fiemg\/wp-json\/wp\/v2\/noticias"}],"about":[{"href":"https:\/\/www.fiemg.com.br\/fiemg\/wp-json\/wp\/v2\/types\/noticias"}],"wp:featuredmedia":[{"embeddable":true,"href":"https:\/\/www.fiemg.com.br\/fiemg\/wp-json\/wp\/v2\/media\/2185"}],"wp:attachment":[{"href":"https:\/\/www.fiemg.com.br\/fiemg\/wp-json\/wp\/v2\/media?parent=9265"}],"wp:term":[{"taxonomy":"category","embeddable":true,"href":"https:\/\/www.fiemg.com.br\/fiemg\/wp-json\/wp\/v2\/categories?post=9265"},{"taxonomy":"post_tag","embeddable":true,"href":"https:\/\/www.fiemg.com.br\/fiemg\/wp-json\/wp\/v2\/tags?post=9265"}],"curies":[{"name":"wp","href":"https:\/\/api.w.org\/{rel}","templated":true}]}}