{"id":9273,"date":"2025-08-08T08:21:41","date_gmt":"2025-08-08T11:21:41","guid":{"rendered":"https:\/\/www.fiemg.com.br\/fiemg\/noticias\/finc-2025-movimenta-cataguases-com-recorde-de-expositores-e-programacao-gratuita\/"},"modified":"2025-08-08T08:21:43","modified_gmt":"2025-08-08T11:21:43","slug":"finc-2025-movimenta-cataguases-com-recorde-de-expositores-e-programacao-gratuita","status":"publish","type":"noticias","link":"https:\/\/www.fiemg.com.br\/fiemg\/noticias\/finc-2025-movimenta-cataguases-com-recorde-de-expositores-e-programacao-gratuita\/","title":{"rendered":"FINC 2025 movimenta Cataguases com recorde de expositores e programa\u00e7\u00e3o gratuita"},"content":{"rendered":"\n<p>A cidade de Cataguases viveu quatro dias de conex\u00f5es, oportunidades e celebra\u00e7\u00e3o do desenvolvimento regional com a realiza\u00e7\u00e3o da FINC 2025 \u2013 Feira Industrial e Comercial de Cataguases, entre os dias 31 de julho e 3 de agosto, no hist\u00f3rico pr\u00e9dio da Companhia Manufatora de Tecidos (Algod\u00e3o Apolo). Com o tema \u201cConectando pessoas e impulsionando neg\u00f3cios\u201d, o evento teve entrada gratuita e reuniu cerca de 13 mil visitantes, 66 empresas expositoras, 11 atra\u00e7\u00f5es musicais, 10 tendas gastron\u00f4micas e uma programa\u00e7\u00e3o especial com palestras e rodadas de networking.<\/p>\n\n\n\n<p>A feira \u00e9 uma realiza\u00e7\u00e3o do SIEEL (Sindicato Intermunicipal das Ind\u00fastrias de Energia El\u00e9trica e Empresas Prestadoras de Servi\u00e7o no Setor El\u00e9trico), em parceria com a FIEMG, SESI, SENAI e Sebrae-MG, contando tamb\u00e9m com o apoio institucional da Prefeitura de Cataguases e da Secretaria Municipal de Desenvolvimento Econ\u00f4mico e Gest\u00e3o Institucional.<\/p>\n\n\n\n<p>A cerim\u00f4nia de abertura, realizada na noite do dia 31 de julho, foi marcada pela participa\u00e7\u00e3o de diversas autoridades, entre elas o prefeito de Cataguases, Jos\u00e9 Henriques; o presidente do SIEEL, Ricardo Mattos; o gerente regional SESI\/SENAI Zona da Mata, Humberto Rezende; o superintendente de Micro e Pequenas Empresas da Secretaria de Desenvolvimento de Minas Gerais, Marco Ant\u00f4nio Gaspar; o representante do Invest Minas, Igor Bukowski; e o representante do Sebrae-MG, Marco Ant\u00f4nio Mendon\u00e7a.<\/p>\n\n\n\n<p>Durante a solenidade, o presidente do SIEEL e coordenador da FINC, Ricardo Mattos, destacou a import\u00e2ncia do evento para a economia local e agradeceu aos parceiros pelo apoio. \u201cEste evento mostra a for\u00e7a das empresas locais e o quanto o setor produtivo pode impulsionar o desenvolvimento da nossa regi\u00e3o. A FINC \u00e9 hoje a maior feira regional multissetorial da Zona da Mata, e isso s\u00f3 \u00e9 poss\u00edvel gra\u00e7as ao trabalho conjunto entre sindicatos, institui\u00e7\u00f5es e empresas que acreditam no associativismo e na ind\u00fastria como caminho para o crescimento\u201d, afirmou.<\/p>\n\n\n\n<p>O prefeito Jos\u00e9 Henriques aproveitou a ocasi\u00e3o para anunciar o lan\u00e7amento do aplicativo \u201cCataguases Mais\u201d, desenvolvido pela Prefeitura para aproximar os cidad\u00e3os dos servi\u00e7os p\u00fablicos, com funcionalidades que incluem solicita\u00e7\u00e3o de atendimentos, sugest\u00f5es, den\u00fancias e at\u00e9 busca por oportunidades de trabalho.<\/p>\n\n\n\n<p>A fala do representante do Invest Minas, Igor Bukowski, tamb\u00e9m trouxe dados relevantes para o momento: \u201cMinas Gerais alcan\u00e7ou a marca de 1 milh\u00e3o de trabalhadores empregados. Isso representa 25% da popula\u00e7\u00e3o ativa do estado, e eventos como a FINC s\u00e3o fundamentais para a gera\u00e7\u00e3o de empregos e a movimenta\u00e7\u00e3o da economia regional\u201d, ressaltou.<\/p>\n\n\n\n<p>Em seguida, foi realizada a Palestra Magna da Feira, com o tema \u201cConex\u00f5es que geram resultados\u201d, ministrada pelo CEO da Tecidos Cataguases, Tiago Peixoto, que compartilhou a trajet\u00f3ria de quase 90 anos da empresa e sua vis\u00e3o sobre inova\u00e7\u00e3o e perman\u00eancia no mercado.<\/p>\n\n\n\n<p>Outro ponto alto da FINC foi a presen\u00e7a do SESI e SENAI Cataguases, que montaram um estande na feira e apresentaram suas solu\u00e7\u00f5es educacionais voltadas \u00e0 forma\u00e7\u00e3o b\u00e1sica e profissional de excel\u00eancia, refor\u00e7ando o papel das institui\u00e7\u00f5es no desenvolvimento da regi\u00e3o. Sobre o SENAI, o diretor Cl\u00e1udio Rutz destacou: \u201cO SENAI est\u00e1 presente na hist\u00f3ria de Cataguases h\u00e1 75 anos, formando pessoas para o mercado de trabalho. Conhecemos fam\u00edlias em que v\u00e1rias gera\u00e7\u00f5es estudaram no SENAI e somos um pilar do desenvolvimento industrial da cidade.\u201d, disse.<\/p>\n\n\n\n<p>Cl\u00e1udio Rutz refor\u00e7a que o trabalho do SENAI est\u00e1 alinhado \u00e0s demandas das ind\u00fastrias. Desenvolvemos nos cursos com base nas necessidades do mercado de trabalho e para isso investimos em tecnologia e inova\u00e7\u00e3o, oferecendo sempre uma forma\u00e7\u00e3o de qualidade e atualizada\u201d, explicou.<\/p>\n\n\n\n<p>A FINC 2025 foi contemplada pelo Edital de Feiras da \u00e1rea de Desenvolvimento Sindical da FIEMG, iniciativa que incentiva o fortalecimento dos sindicatos por meio da realiza\u00e7\u00e3o de eventos estrat\u00e9gicos. \u201cTemos que agradecer ao presidente da FIEMG, Fl\u00e1vio Roscoe, por promover a\u00e7\u00f5es que aproximam os sindicatos de suas bases. A feira \u00e9 resultado direto dessa vis\u00e3o e j\u00e1 \u00e9 um sucesso consolidado\u201d, destacou Ricardo Mattos.<\/p>\n\n\n\n<p>Al\u00e9m das exposi\u00e7\u00f5es e estandes multissetoriais, o evento promoveu cinco palestras gratuitas voltadas para o desenvolvimento pessoal e profissional, com inscri\u00e7\u00f5es abertas online e tamb\u00e9m no local. A pra\u00e7a de alimenta\u00e7\u00e3o e os shows ao vivo garantiram lazer e entretenimento para toda a fam\u00edlia, promovendo um ambiente acess\u00edvel, colaborativo e inspirador.<\/p>\n\n\n\n<p>Para a presidente da FIEMG Regional Zona da Mata e do Sindicato das Ind\u00fastrias do Vestu\u00e1rio de Juiz de Fora e Governador Valadares (Sindivest JF-GV), Mari\u00e2ngela Marcon, a Feira apresenta n\u00fameros expressivos e excelente receptividade do p\u00fablico. \u201cDesta forma, a FINC 2025 se consolida como um dos maiores eventos de neg\u00f3cios, cultura e inova\u00e7\u00e3o da Zona da Mata, abrindo caminhos para novas parcerias, gera\u00e7\u00e3o de empregos e fortalecimento do setor produtivo local\u201d, destaca.<\/p>\n\n\n\n<p><em>Graciele Vianna<br><\/em><strong>Imprensa FIEMG<\/strong><\/p>\n\n\n\n<p><em>Colabora\u00e7\u00e3o: Site do Marcelo Lopes<\/em><a href=\"https:\/\/www.fiemg.com.br\/regional-zona-da-mata\/wp-content\/uploads\/sites\/26\/2025\/08\/finc-2025-4.jpg\"><\/a><\/p>\n","protected":false},"featured_media":9274,"template":"","categories":[15],"tags":[78,1290],"class_list":["post-9273","noticias","type-noticias","status-publish","has-post-thumbnail","hentry","category-desenvolvimento-industrial","tag-fiemg","tag-regional-zona-da-mata"],"acf":[],"yoast_head":"<!-- This site is optimized with the Yoast SEO plugin v26.2 - https:\/\/yoast.com\/wordpress\/plugins\/seo\/ -->\n<title>FINC 2025 movimenta Cataguases com recorde de expositores e programa\u00e7\u00e3o gratuita - FIEMG<\/title>\n<meta name=\"description\" content=\"Evento multissetorial reuniu cerca de 13 mil visitantes e reafirmou o papel da ind\u00fastria como motor de transforma\u00e7\u00e3o na Zona da Mata\" \/>\n<meta name=\"robots\" content=\"index, follow, max-snippet:-1, max-image-preview:large, max-video-preview:-1\" \/>\n<link rel=\"canonical\" href=\"https:\/\/www.fiemg.com.br\/fiemg\/noticias\/finc-2025-movimenta-cataguases-com-recorde-de-expositores-e-programacao-gratuita\/\" \/>\n<meta property=\"og:locale\" content=\"pt_BR\" \/>\n<meta property=\"og:type\" content=\"article\" \/>\n<meta property=\"og:title\" content=\"FINC 2025 movimenta Cataguases com recorde de expositores e programa\u00e7\u00e3o gratuita - FIEMG\" \/>\n<meta property=\"og:description\" content=\"Evento multissetorial reuniu cerca de 13 mil visitantes e reafirmou o papel da ind\u00fastria como motor de transforma\u00e7\u00e3o na Zona da Mata\" \/>\n<meta property=\"og:url\" content=\"https:\/\/www.fiemg.com.br\/fiemg\/noticias\/finc-2025-movimenta-cataguases-com-recorde-de-expositores-e-programacao-gratuita\/\" \/>\n<meta property=\"og:site_name\" content=\"FIEMG\" \/>\n<meta property=\"article:modified_time\" content=\"2025-08-08T11:21:43+00:00\" \/>\n<meta property=\"og:image\" content=\"https:\/\/www.fiemg.com.br\/fiemg\/wp-content\/uploads\/sites\/10\/2025\/08\/REGIONAL-ZONA-DA-MATA-1-2.png\" \/>\n\t<meta property=\"og:image:width\" content=\"512\" \/>\n\t<meta property=\"og:image:height\" content=\"512\" \/>\n\t<meta property=\"og:image:type\" content=\"image\/png\" \/>\n<meta name=\"twitter:card\" content=\"summary_large_image\" \/>\n<meta name=\"twitter:label1\" content=\"Est. tempo de leitura\" \/>\n\t<meta name=\"twitter:data1\" content=\"5 minutos\" \/>\n<script type=\"application\/ld+json\" class=\"yoast-schema-graph\">{\"@context\":\"https:\/\/schema.org\",\"@graph\":[{\"@type\":\"WebPage\",\"@id\":\"https:\/\/www.fiemg.com.br\/fiemg\/noticias\/finc-2025-movimenta-cataguases-com-recorde-de-expositores-e-programacao-gratuita\/\",\"url\":\"https:\/\/www.fiemg.com.br\/fiemg\/noticias\/finc-2025-movimenta-cataguases-com-recorde-de-expositores-e-programacao-gratuita\/\",\"name\":\"FINC 2025 movimenta Cataguases com recorde de expositores e programa\u00e7\u00e3o gratuita - FIEMG\",\"isPartOf\":{\"@id\":\"https:\/\/www.fiemg.com.br\/fiemg\/#website\"},\"primaryImageOfPage\":{\"@id\":\"https:\/\/www.fiemg.com.br\/fiemg\/noticias\/finc-2025-movimenta-cataguases-com-recorde-de-expositores-e-programacao-gratuita\/#primaryimage\"},\"image\":{\"@id\":\"https:\/\/www.fiemg.com.br\/fiemg\/noticias\/finc-2025-movimenta-cataguases-com-recorde-de-expositores-e-programacao-gratuita\/#primaryimage\"},\"thumbnailUrl\":\"https:\/\/www.fiemg.com.br\/fiemg\/wp-content\/uploads\/sites\/10\/2025\/08\/REGIONAL-ZONA-DA-MATA-1-2.png\",\"datePublished\":\"2025-08-08T11:21:41+00:00\",\"dateModified\":\"2025-08-08T11:21:43+00:00\",\"description\":\"Evento multissetorial reuniu cerca de 13 mil visitantes e reafirmou o papel da ind\u00fastria como motor de transforma\u00e7\u00e3o na Zona da Mata\",\"breadcrumb\":{\"@id\":\"https:\/\/www.fiemg.com.br\/fiemg\/noticias\/finc-2025-movimenta-cataguases-com-recorde-de-expositores-e-programacao-gratuita\/#breadcrumb\"},\"inLanguage\":\"pt-BR\",\"potentialAction\":[{\"@type\":\"ReadAction\",\"target\":[\"https:\/\/www.fiemg.com.br\/fiemg\/noticias\/finc-2025-movimenta-cataguases-com-recorde-de-expositores-e-programacao-gratuita\/\"]}]},{\"@type\":\"ImageObject\",\"inLanguage\":\"pt-BR\",\"@id\":\"https:\/\/www.fiemg.com.br\/fiemg\/noticias\/finc-2025-movimenta-cataguases-com-recorde-de-expositores-e-programacao-gratuita\/#primaryimage\",\"url\":\"https:\/\/www.fiemg.com.br\/fiemg\/wp-content\/uploads\/sites\/10\/2025\/08\/REGIONAL-ZONA-DA-MATA-1-2.png\",\"contentUrl\":\"https:\/\/www.fiemg.com.br\/fiemg\/wp-content\/uploads\/sites\/10\/2025\/08\/REGIONAL-ZONA-DA-MATA-1-2.png\",\"width\":512,\"height\":512},{\"@type\":\"BreadcrumbList\",\"@id\":\"https:\/\/www.fiemg.com.br\/fiemg\/noticias\/finc-2025-movimenta-cataguases-com-recorde-de-expositores-e-programacao-gratuita\/#breadcrumb\",\"itemListElement\":[{\"@type\":\"ListItem\",\"position\":1,\"name\":\"In\u00edcio\",\"item\":\"https:\/\/www.fiemg.com.br\/fiemg\/\"},{\"@type\":\"ListItem\",\"position\":2,\"name\":\"FINC 2025 movimenta Cataguases com recorde de expositores e programa\u00e7\u00e3o gratuita\"}]},{\"@type\":\"WebSite\",\"@id\":\"https:\/\/www.fiemg.com.br\/fiemg\/#website\",\"url\":\"https:\/\/www.fiemg.com.br\/fiemg\/\",\"name\":\"FIEMG\",\"description\":\"Federa\u00e7\u00e3o das Ind\u00fastrias do Estado de Minas Gerais\",\"publisher\":{\"@id\":\"https:\/\/www.fiemg.com.br\/fiemg\/#organization\"},\"potentialAction\":[{\"@type\":\"SearchAction\",\"target\":{\"@type\":\"EntryPoint\",\"urlTemplate\":\"https:\/\/www.fiemg.com.br\/fiemg\/?s={search_term_string}\"},\"query-input\":{\"@type\":\"PropertyValueSpecification\",\"valueRequired\":true,\"valueName\":\"search_term_string\"}}],\"inLanguage\":\"pt-BR\"},{\"@type\":\"Organization\",\"@id\":\"https:\/\/www.fiemg.com.br\/fiemg\/#organization\",\"name\":\"FIEMG\",\"url\":\"https:\/\/www.fiemg.com.br\/fiemg\/\",\"logo\":{\"@type\":\"ImageObject\",\"inLanguage\":\"pt-BR\",\"@id\":\"https:\/\/www.fiemg.com.br\/fiemg\/#\/schema\/logo\/image\/\",\"url\":\"https:\/\/www.fiemg.com.br\/fiemg\/wp-content\/uploads\/sites\/10\/2023\/02\/fiemg_branco.svg\",\"contentUrl\":\"https:\/\/www.fiemg.com.br\/fiemg\/wp-content\/uploads\/sites\/10\/2023\/02\/fiemg_branco.svg\",\"width\":561,\"height\":147,\"caption\":\"FIEMG\"},\"image\":{\"@id\":\"https:\/\/www.fiemg.com.br\/fiemg\/#\/schema\/logo\/image\/\"}}]}<\/script>\n<!-- \/ Yoast SEO plugin. -->","yoast_head_json":{"title":"FINC 2025 movimenta Cataguases com recorde de expositores e programa\u00e7\u00e3o gratuita - FIEMG","description":"Evento multissetorial reuniu cerca de 13 mil visitantes e reafirmou o papel da ind\u00fastria como motor de transforma\u00e7\u00e3o na Zona da Mata","robots":{"index":"index","follow":"follow","max-snippet":"max-snippet:-1","max-image-preview":"max-image-preview:large","max-video-preview":"max-video-preview:-1"},"canonical":"https:\/\/www.fiemg.com.br\/fiemg\/noticias\/finc-2025-movimenta-cataguases-com-recorde-de-expositores-e-programacao-gratuita\/","og_locale":"pt_BR","og_type":"article","og_title":"FINC 2025 movimenta Cataguases com recorde de expositores e programa\u00e7\u00e3o gratuita - FIEMG","og_description":"Evento multissetorial reuniu cerca de 13 mil visitantes e reafirmou o papel da ind\u00fastria como motor de transforma\u00e7\u00e3o na Zona da Mata","og_url":"https:\/\/www.fiemg.com.br\/fiemg\/noticias\/finc-2025-movimenta-cataguases-com-recorde-de-expositores-e-programacao-gratuita\/","og_site_name":"FIEMG","article_modified_time":"2025-08-08T11:21:43+00:00","og_image":[{"width":512,"height":512,"url":"https:\/\/www.fiemg.com.br\/fiemg\/wp-content\/uploads\/sites\/10\/2025\/08\/REGIONAL-ZONA-DA-MATA-1-2.png","type":"image\/png"}],"twitter_card":"summary_large_image","twitter_misc":{"Est. tempo de leitura":"5 minutos"},"schema":{"@context":"https:\/\/schema.org","@graph":[{"@type":"WebPage","@id":"https:\/\/www.fiemg.com.br\/fiemg\/noticias\/finc-2025-movimenta-cataguases-com-recorde-de-expositores-e-programacao-gratuita\/","url":"https:\/\/www.fiemg.com.br\/fiemg\/noticias\/finc-2025-movimenta-cataguases-com-recorde-de-expositores-e-programacao-gratuita\/","name":"FINC 2025 movimenta Cataguases com recorde de expositores e programa\u00e7\u00e3o gratuita - FIEMG","isPartOf":{"@id":"https:\/\/www.fiemg.com.br\/fiemg\/#website"},"primaryImageOfPage":{"@id":"https:\/\/www.fiemg.com.br\/fiemg\/noticias\/finc-2025-movimenta-cataguases-com-recorde-de-expositores-e-programacao-gratuita\/#primaryimage"},"image":{"@id":"https:\/\/www.fiemg.com.br\/fiemg\/noticias\/finc-2025-movimenta-cataguases-com-recorde-de-expositores-e-programacao-gratuita\/#primaryimage"},"thumbnailUrl":"https:\/\/www.fiemg.com.br\/fiemg\/wp-content\/uploads\/sites\/10\/2025\/08\/REGIONAL-ZONA-DA-MATA-1-2.png","datePublished":"2025-08-08T11:21:41+00:00","dateModified":"2025-08-08T11:21:43+00:00","description":"Evento multissetorial reuniu cerca de 13 mil visitantes e reafirmou o papel da ind\u00fastria como motor de transforma\u00e7\u00e3o na Zona da Mata","breadcrumb":{"@id":"https:\/\/www.fiemg.com.br\/fiemg\/noticias\/finc-2025-movimenta-cataguases-com-recorde-de-expositores-e-programacao-gratuita\/#breadcrumb"},"inLanguage":"pt-BR","potentialAction":[{"@type":"ReadAction","target":["https:\/\/www.fiemg.com.br\/fiemg\/noticias\/finc-2025-movimenta-cataguases-com-recorde-de-expositores-e-programacao-gratuita\/"]}]},{"@type":"ImageObject","inLanguage":"pt-BR","@id":"https:\/\/www.fiemg.com.br\/fiemg\/noticias\/finc-2025-movimenta-cataguases-com-recorde-de-expositores-e-programacao-gratuita\/#primaryimage","url":"https:\/\/www.fiemg.com.br\/fiemg\/wp-content\/uploads\/sites\/10\/2025\/08\/REGIONAL-ZONA-DA-MATA-1-2.png","contentUrl":"https:\/\/www.fiemg.com.br\/fiemg\/wp-content\/uploads\/sites\/10\/2025\/08\/REGIONAL-ZONA-DA-MATA-1-2.png","width":512,"height":512},{"@type":"BreadcrumbList","@id":"https:\/\/www.fiemg.com.br\/fiemg\/noticias\/finc-2025-movimenta-cataguases-com-recorde-de-expositores-e-programacao-gratuita\/#breadcrumb","itemListElement":[{"@type":"ListItem","position":1,"name":"In\u00edcio","item":"https:\/\/www.fiemg.com.br\/fiemg\/"},{"@type":"ListItem","position":2,"name":"FINC 2025 movimenta Cataguases com recorde de expositores e programa\u00e7\u00e3o gratuita"}]},{"@type":"WebSite","@id":"https:\/\/www.fiemg.com.br\/fiemg\/#website","url":"https:\/\/www.fiemg.com.br\/fiemg\/","name":"FIEMG","description":"Federa\u00e7\u00e3o das Ind\u00fastrias do Estado de Minas Gerais","publisher":{"@id":"https:\/\/www.fiemg.com.br\/fiemg\/#organization"},"potentialAction":[{"@type":"SearchAction","target":{"@type":"EntryPoint","urlTemplate":"https:\/\/www.fiemg.com.br\/fiemg\/?s={search_term_string}"},"query-input":{"@type":"PropertyValueSpecification","valueRequired":true,"valueName":"search_term_string"}}],"inLanguage":"pt-BR"},{"@type":"Organization","@id":"https:\/\/www.fiemg.com.br\/fiemg\/#organization","name":"FIEMG","url":"https:\/\/www.fiemg.com.br\/fiemg\/","logo":{"@type":"ImageObject","inLanguage":"pt-BR","@id":"https:\/\/www.fiemg.com.br\/fiemg\/#\/schema\/logo\/image\/","url":"https:\/\/www.fiemg.com.br\/fiemg\/wp-content\/uploads\/sites\/10\/2023\/02\/fiemg_branco.svg","contentUrl":"https:\/\/www.fiemg.com.br\/fiemg\/wp-content\/uploads\/sites\/10\/2023\/02\/fiemg_branco.svg","width":561,"height":147,"caption":"FIEMG"},"image":{"@id":"https:\/\/www.fiemg.com.br\/fiemg\/#\/schema\/logo\/image\/"}}]}},"_links":{"self":[{"href":"https:\/\/www.fiemg.com.br\/fiemg\/wp-json\/wp\/v2\/noticias\/9273","targetHints":{"allow":["GET"]}}],"collection":[{"href":"https:\/\/www.fiemg.com.br\/fiemg\/wp-json\/wp\/v2\/noticias"}],"about":[{"href":"https:\/\/www.fiemg.com.br\/fiemg\/wp-json\/wp\/v2\/types\/noticias"}],"wp:featuredmedia":[{"embeddable":true,"href":"https:\/\/www.fiemg.com.br\/fiemg\/wp-json\/wp\/v2\/media\/9274"}],"wp:attachment":[{"href":"https:\/\/www.fiemg.com.br\/fiemg\/wp-json\/wp\/v2\/media?parent=9273"}],"wp:term":[{"taxonomy":"category","embeddable":true,"href":"https:\/\/www.fiemg.com.br\/fiemg\/wp-json\/wp\/v2\/categories?post=9273"},{"taxonomy":"post_tag","embeddable":true,"href":"https:\/\/www.fiemg.com.br\/fiemg\/wp-json\/wp\/v2\/tags?post=9273"}],"curies":[{"name":"wp","href":"https:\/\/api.w.org\/{rel}","templated":true}]}}