{"id":9315,"date":"2025-08-13T11:55:36","date_gmt":"2025-08-13T14:55:36","guid":{"rendered":"https:\/\/www.fiemg.com.br\/fiemg\/noticias\/fiemg-vale-do-aco-e-industrias-lancam-campanha-de-prevencao-a-incendios-florestais\/"},"modified":"2025-08-13T14:46:34","modified_gmt":"2025-08-13T17:46:34","slug":"fiemg-vale-do-aco-e-industrias-lancam-campanha-de-prevencao-a-incendios-florestais","status":"publish","type":"noticias","link":"https:\/\/www.fiemg.com.br\/fiemg\/noticias\/fiemg-vale-do-aco-e-industrias-lancam-campanha-de-prevencao-a-incendios-florestais\/","title":{"rendered":"FIEMG Vale do A\u00e7o e ind\u00fastrias lan\u00e7am campanha de preven\u00e7\u00e3o a inc\u00eandios florestais"},"content":{"rendered":"\n<p>Com o mote \u201cOnde h\u00e1 fogo fora de controle, h\u00e1 destrui\u00e7\u00e3o. Preserve, n\u00e3o destrua\u201d, a FIEMG Regional Vale do A\u00e7o, Aperam, Cenibra e Usiminas, por meio do grupo t\u00e9cnico de Comunica\u00e7\u00e3o Corporativa do Conselho Estrat\u00e9gico da entidade, lan\u00e7am nesta ter\u00e7a-feira, 12\/08, a campanha de preven\u00e7\u00e3o a inc\u00eandios florestais.<\/p>\n\n\n\n<p>O objetivo \u00e9 alertar a popula\u00e7\u00e3o tanto urbana, quanto rural, empregados das ind\u00fastrias, dependentes e estudantes sobre os danos causados pelos inc\u00eandios florestais e como a emiss\u00e3o da fuma\u00e7a proveniente dessa a\u00e7\u00e3o gera impactos ambientais, sociais e econ\u00f4micos, al\u00e9m de riscos \u00e0 sa\u00fade humana.<\/p>\n\n\n\n<p>\u201cO trabalho preventivo e proativo contra a ocorr\u00eancia e propaga\u00e7\u00e3o de inc\u00eandios, no campo e na cidade, \u00e9 uma constante preocupa\u00e7\u00e3o das ind\u00fastrias e o envolvimento e a coopera\u00e7\u00e3o juntamente com \u00f3rg\u00e3os p\u00fablicos, atestam a necessidade dessa conscientiza\u00e7\u00e3o. O aumento de inc\u00eandios na regi\u00e3o vem crescendo e por isso contamos com a ampla divulga\u00e7\u00e3o dessa iniciativa para que tenhamos \u00eaxito e menos impactos irrevers\u00edveis\u201d, pontua Jo\u00e3o Batista Alves, Presidente da FIEMG Vale do A\u00e7o.<\/p>\n\n\n\n<p><strong><em>Principais efeitos causados pelos inc\u00eandios florestais:<\/em><\/strong><\/p>\n\n\n\n<ul class=\"wp-block-list\">\n<li>Perda de biodiversidade, visto que isso afeta tanto a flora, quanto a fauna.<\/li>\n\n\n\n<li>Assoreamento de rios e cursos d\u2019\u00e1gua e o secamento de nascentes, agravando a qualidade da \u00e1gua e a crise h\u00eddrica.<\/li>\n<\/ul>\n\n\n\n<ul class=\"wp-block-list\">\n<li>Redu\u00e7\u00e3o do volume de nutrientes presentes no solo, afetando diretamente a vegeta\u00e7\u00e3o. O solo pode tamb\u00e9m ficar enfraquecido e mais suscet\u00edvel \u00e0 eros\u00e3o.<\/li>\n\n\n\n<li>Aumento da emiss\u00e3o de gases poluentes na atmosfera, o que impacta tanto a qualidade do ar nas \u00e1reas atingidas, em curto prazo, e as condi\u00e7\u00f5es do clima, a longo prazo.<\/li>\n\n\n\n<li>Destrui\u00e7\u00e3o de infraestrutura como estradas, linhas de transmiss\u00e3o de energia, pr\u00e9dios e casas situadas nas proximidades.<\/li>\n\n\n\n<li>Perdas materiais, com a destrui\u00e7\u00e3o do patrim\u00f4nio das pessoas que vivem em \u00e1reas atingidas.<\/li>\n\n\n\n<li>Pessoas desabrigadas e mortes tanto pela a\u00e7\u00e3o direta do fogo, quanto da fuma\u00e7a.<\/li>\n\n\n\n<li>Amea\u00e7a \u00e0 sa\u00fade da popula\u00e7\u00e3o, com o agravamento de doen\u00e7as respirat\u00f3rias, al\u00e9m do risco direto \u00e0s comunidades e \u00e1reas industriais.<\/li>\n<\/ul>\n\n\n\n<p>A campanha ocorrer\u00e1 durante os meses de agosto e setembro com pautas relacionadas ao tema, al\u00e9m de divulga\u00e7\u00f5es em m\u00eddias regionais. Em caso de inc\u00eandios florestais, acione o Corpo de Bombeiros \u2013 telefone 193.<\/p>\n\n\n\n<p><strong>Imprensa FIEMG<\/strong><\/p>\n","protected":false},"featured_media":9316,"template":"","categories":[15],"tags":[78,1294],"class_list":["post-9315","noticias","type-noticias","status-publish","has-post-thumbnail","hentry","category-desenvolvimento-industrial","tag-fiemg","tag-regional-vale-do-aco"],"acf":[],"yoast_head":"<!-- This site is optimized with the Yoast SEO plugin v26.2 - https:\/\/yoast.com\/wordpress\/plugins\/seo\/ -->\n<title>FIEMG Vale do A\u00e7o e ind\u00fastrias lan\u00e7am campanha de preven\u00e7\u00e3o a inc\u00eandios florestais - FIEMG<\/title>\n<meta name=\"description\" content=\"Objetivo \u00e9 alertar e conscientizar a popula\u00e7\u00e3o urbana e rural dos impactos ambientais, sociais, econ\u00f4micos e riscos \u00e0 sa\u00fade humana\" \/>\n<meta name=\"robots\" content=\"index, follow, max-snippet:-1, max-image-preview:large, max-video-preview:-1\" \/>\n<link rel=\"canonical\" href=\"https:\/\/www.fiemg.com.br\/fiemg\/noticias\/fiemg-vale-do-aco-e-industrias-lancam-campanha-de-prevencao-a-incendios-florestais\/\" \/>\n<meta property=\"og:locale\" content=\"pt_BR\" \/>\n<meta property=\"og:type\" content=\"article\" \/>\n<meta property=\"og:title\" content=\"FIEMG Vale do A\u00e7o e ind\u00fastrias lan\u00e7am campanha de preven\u00e7\u00e3o a inc\u00eandios florestais - FIEMG\" \/>\n<meta property=\"og:description\" content=\"Objetivo \u00e9 alertar e conscientizar a popula\u00e7\u00e3o urbana e rural dos impactos ambientais, sociais, econ\u00f4micos e riscos \u00e0 sa\u00fade humana\" \/>\n<meta property=\"og:url\" content=\"https:\/\/www.fiemg.com.br\/fiemg\/noticias\/fiemg-vale-do-aco-e-industrias-lancam-campanha-de-prevencao-a-incendios-florestais\/\" \/>\n<meta property=\"og:site_name\" content=\"FIEMG\" \/>\n<meta property=\"article:modified_time\" content=\"2025-08-13T17:46:34+00:00\" \/>\n<meta property=\"og:image\" content=\"https:\/\/www.fiemg.com.br\/fiemg\/wp-content\/uploads\/sites\/10\/2025\/08\/REGIONAL-VALE-DO-ACO-1-1.png\" \/>\n\t<meta property=\"og:image:width\" content=\"512\" \/>\n\t<meta property=\"og:image:height\" content=\"512\" \/>\n\t<meta property=\"og:image:type\" content=\"image\/png\" \/>\n<meta name=\"twitter:card\" content=\"summary_large_image\" \/>\n<meta name=\"twitter:label1\" content=\"Est. tempo de leitura\" \/>\n\t<meta name=\"twitter:data1\" content=\"3 minutos\" \/>\n<script type=\"application\/ld+json\" class=\"yoast-schema-graph\">{\"@context\":\"https:\/\/schema.org\",\"@graph\":[{\"@type\":\"WebPage\",\"@id\":\"https:\/\/www.fiemg.com.br\/fiemg\/noticias\/fiemg-vale-do-aco-e-industrias-lancam-campanha-de-prevencao-a-incendios-florestais\/\",\"url\":\"https:\/\/www.fiemg.com.br\/fiemg\/noticias\/fiemg-vale-do-aco-e-industrias-lancam-campanha-de-prevencao-a-incendios-florestais\/\",\"name\":\"FIEMG Vale do A\u00e7o e ind\u00fastrias lan\u00e7am campanha de preven\u00e7\u00e3o a inc\u00eandios florestais - FIEMG\",\"isPartOf\":{\"@id\":\"https:\/\/www.fiemg.com.br\/fiemg\/#website\"},\"primaryImageOfPage\":{\"@id\":\"https:\/\/www.fiemg.com.br\/fiemg\/noticias\/fiemg-vale-do-aco-e-industrias-lancam-campanha-de-prevencao-a-incendios-florestais\/#primaryimage\"},\"image\":{\"@id\":\"https:\/\/www.fiemg.com.br\/fiemg\/noticias\/fiemg-vale-do-aco-e-industrias-lancam-campanha-de-prevencao-a-incendios-florestais\/#primaryimage\"},\"thumbnailUrl\":\"https:\/\/www.fiemg.com.br\/fiemg\/wp-content\/uploads\/sites\/10\/2025\/08\/REGIONAL-VALE-DO-ACO-1-1.png\",\"datePublished\":\"2025-08-13T14:55:36+00:00\",\"dateModified\":\"2025-08-13T17:46:34+00:00\",\"description\":\"Objetivo \u00e9 alertar e conscientizar a popula\u00e7\u00e3o urbana e rural dos impactos ambientais, sociais, econ\u00f4micos e riscos \u00e0 sa\u00fade humana\",\"breadcrumb\":{\"@id\":\"https:\/\/www.fiemg.com.br\/fiemg\/noticias\/fiemg-vale-do-aco-e-industrias-lancam-campanha-de-prevencao-a-incendios-florestais\/#breadcrumb\"},\"inLanguage\":\"pt-BR\",\"potentialAction\":[{\"@type\":\"ReadAction\",\"target\":[\"https:\/\/www.fiemg.com.br\/fiemg\/noticias\/fiemg-vale-do-aco-e-industrias-lancam-campanha-de-prevencao-a-incendios-florestais\/\"]}]},{\"@type\":\"ImageObject\",\"inLanguage\":\"pt-BR\",\"@id\":\"https:\/\/www.fiemg.com.br\/fiemg\/noticias\/fiemg-vale-do-aco-e-industrias-lancam-campanha-de-prevencao-a-incendios-florestais\/#primaryimage\",\"url\":\"https:\/\/www.fiemg.com.br\/fiemg\/wp-content\/uploads\/sites\/10\/2025\/08\/REGIONAL-VALE-DO-ACO-1-1.png\",\"contentUrl\":\"https:\/\/www.fiemg.com.br\/fiemg\/wp-content\/uploads\/sites\/10\/2025\/08\/REGIONAL-VALE-DO-ACO-1-1.png\",\"width\":512,\"height\":512},{\"@type\":\"BreadcrumbList\",\"@id\":\"https:\/\/www.fiemg.com.br\/fiemg\/noticias\/fiemg-vale-do-aco-e-industrias-lancam-campanha-de-prevencao-a-incendios-florestais\/#breadcrumb\",\"itemListElement\":[{\"@type\":\"ListItem\",\"position\":1,\"name\":\"In\u00edcio\",\"item\":\"https:\/\/www.fiemg.com.br\/fiemg\/\"},{\"@type\":\"ListItem\",\"position\":2,\"name\":\"FIEMG Vale do A\u00e7o e ind\u00fastrias lan\u00e7am campanha de preven\u00e7\u00e3o a inc\u00eandios florestais\"}]},{\"@type\":\"WebSite\",\"@id\":\"https:\/\/www.fiemg.com.br\/fiemg\/#website\",\"url\":\"https:\/\/www.fiemg.com.br\/fiemg\/\",\"name\":\"FIEMG\",\"description\":\"Federa\u00e7\u00e3o das Ind\u00fastrias do Estado de Minas Gerais\",\"publisher\":{\"@id\":\"https:\/\/www.fiemg.com.br\/fiemg\/#organization\"},\"potentialAction\":[{\"@type\":\"SearchAction\",\"target\":{\"@type\":\"EntryPoint\",\"urlTemplate\":\"https:\/\/www.fiemg.com.br\/fiemg\/?s={search_term_string}\"},\"query-input\":{\"@type\":\"PropertyValueSpecification\",\"valueRequired\":true,\"valueName\":\"search_term_string\"}}],\"inLanguage\":\"pt-BR\"},{\"@type\":\"Organization\",\"@id\":\"https:\/\/www.fiemg.com.br\/fiemg\/#organization\",\"name\":\"FIEMG\",\"url\":\"https:\/\/www.fiemg.com.br\/fiemg\/\",\"logo\":{\"@type\":\"ImageObject\",\"inLanguage\":\"pt-BR\",\"@id\":\"https:\/\/www.fiemg.com.br\/fiemg\/#\/schema\/logo\/image\/\",\"url\":\"https:\/\/www.fiemg.com.br\/fiemg\/wp-content\/uploads\/sites\/10\/2023\/02\/fiemg_branco.svg\",\"contentUrl\":\"https:\/\/www.fiemg.com.br\/fiemg\/wp-content\/uploads\/sites\/10\/2023\/02\/fiemg_branco.svg\",\"width\":561,\"height\":147,\"caption\":\"FIEMG\"},\"image\":{\"@id\":\"https:\/\/www.fiemg.com.br\/fiemg\/#\/schema\/logo\/image\/\"}}]}<\/script>\n<!-- \/ Yoast SEO plugin. -->","yoast_head_json":{"title":"FIEMG Vale do A\u00e7o e ind\u00fastrias lan\u00e7am campanha de preven\u00e7\u00e3o a inc\u00eandios florestais - FIEMG","description":"Objetivo \u00e9 alertar e conscientizar a popula\u00e7\u00e3o urbana e rural dos impactos ambientais, sociais, econ\u00f4micos e riscos \u00e0 sa\u00fade humana","robots":{"index":"index","follow":"follow","max-snippet":"max-snippet:-1","max-image-preview":"max-image-preview:large","max-video-preview":"max-video-preview:-1"},"canonical":"https:\/\/www.fiemg.com.br\/fiemg\/noticias\/fiemg-vale-do-aco-e-industrias-lancam-campanha-de-prevencao-a-incendios-florestais\/","og_locale":"pt_BR","og_type":"article","og_title":"FIEMG Vale do A\u00e7o e ind\u00fastrias lan\u00e7am campanha de preven\u00e7\u00e3o a inc\u00eandios florestais - FIEMG","og_description":"Objetivo \u00e9 alertar e conscientizar a popula\u00e7\u00e3o urbana e rural dos impactos ambientais, sociais, econ\u00f4micos e riscos \u00e0 sa\u00fade humana","og_url":"https:\/\/www.fiemg.com.br\/fiemg\/noticias\/fiemg-vale-do-aco-e-industrias-lancam-campanha-de-prevencao-a-incendios-florestais\/","og_site_name":"FIEMG","article_modified_time":"2025-08-13T17:46:34+00:00","og_image":[{"width":512,"height":512,"url":"https:\/\/www.fiemg.com.br\/fiemg\/wp-content\/uploads\/sites\/10\/2025\/08\/REGIONAL-VALE-DO-ACO-1-1.png","type":"image\/png"}],"twitter_card":"summary_large_image","twitter_misc":{"Est. tempo de leitura":"3 minutos"},"schema":{"@context":"https:\/\/schema.org","@graph":[{"@type":"WebPage","@id":"https:\/\/www.fiemg.com.br\/fiemg\/noticias\/fiemg-vale-do-aco-e-industrias-lancam-campanha-de-prevencao-a-incendios-florestais\/","url":"https:\/\/www.fiemg.com.br\/fiemg\/noticias\/fiemg-vale-do-aco-e-industrias-lancam-campanha-de-prevencao-a-incendios-florestais\/","name":"FIEMG Vale do A\u00e7o e ind\u00fastrias lan\u00e7am campanha de preven\u00e7\u00e3o a inc\u00eandios florestais - FIEMG","isPartOf":{"@id":"https:\/\/www.fiemg.com.br\/fiemg\/#website"},"primaryImageOfPage":{"@id":"https:\/\/www.fiemg.com.br\/fiemg\/noticias\/fiemg-vale-do-aco-e-industrias-lancam-campanha-de-prevencao-a-incendios-florestais\/#primaryimage"},"image":{"@id":"https:\/\/www.fiemg.com.br\/fiemg\/noticias\/fiemg-vale-do-aco-e-industrias-lancam-campanha-de-prevencao-a-incendios-florestais\/#primaryimage"},"thumbnailUrl":"https:\/\/www.fiemg.com.br\/fiemg\/wp-content\/uploads\/sites\/10\/2025\/08\/REGIONAL-VALE-DO-ACO-1-1.png","datePublished":"2025-08-13T14:55:36+00:00","dateModified":"2025-08-13T17:46:34+00:00","description":"Objetivo \u00e9 alertar e conscientizar a popula\u00e7\u00e3o urbana e rural dos impactos ambientais, sociais, econ\u00f4micos e riscos \u00e0 sa\u00fade humana","breadcrumb":{"@id":"https:\/\/www.fiemg.com.br\/fiemg\/noticias\/fiemg-vale-do-aco-e-industrias-lancam-campanha-de-prevencao-a-incendios-florestais\/#breadcrumb"},"inLanguage":"pt-BR","potentialAction":[{"@type":"ReadAction","target":["https:\/\/www.fiemg.com.br\/fiemg\/noticias\/fiemg-vale-do-aco-e-industrias-lancam-campanha-de-prevencao-a-incendios-florestais\/"]}]},{"@type":"ImageObject","inLanguage":"pt-BR","@id":"https:\/\/www.fiemg.com.br\/fiemg\/noticias\/fiemg-vale-do-aco-e-industrias-lancam-campanha-de-prevencao-a-incendios-florestais\/#primaryimage","url":"https:\/\/www.fiemg.com.br\/fiemg\/wp-content\/uploads\/sites\/10\/2025\/08\/REGIONAL-VALE-DO-ACO-1-1.png","contentUrl":"https:\/\/www.fiemg.com.br\/fiemg\/wp-content\/uploads\/sites\/10\/2025\/08\/REGIONAL-VALE-DO-ACO-1-1.png","width":512,"height":512},{"@type":"BreadcrumbList","@id":"https:\/\/www.fiemg.com.br\/fiemg\/noticias\/fiemg-vale-do-aco-e-industrias-lancam-campanha-de-prevencao-a-incendios-florestais\/#breadcrumb","itemListElement":[{"@type":"ListItem","position":1,"name":"In\u00edcio","item":"https:\/\/www.fiemg.com.br\/fiemg\/"},{"@type":"ListItem","position":2,"name":"FIEMG Vale do A\u00e7o e ind\u00fastrias lan\u00e7am campanha de preven\u00e7\u00e3o a inc\u00eandios florestais"}]},{"@type":"WebSite","@id":"https:\/\/www.fiemg.com.br\/fiemg\/#website","url":"https:\/\/www.fiemg.com.br\/fiemg\/","name":"FIEMG","description":"Federa\u00e7\u00e3o das Ind\u00fastrias do Estado de Minas Gerais","publisher":{"@id":"https:\/\/www.fiemg.com.br\/fiemg\/#organization"},"potentialAction":[{"@type":"SearchAction","target":{"@type":"EntryPoint","urlTemplate":"https:\/\/www.fiemg.com.br\/fiemg\/?s={search_term_string}"},"query-input":{"@type":"PropertyValueSpecification","valueRequired":true,"valueName":"search_term_string"}}],"inLanguage":"pt-BR"},{"@type":"Organization","@id":"https:\/\/www.fiemg.com.br\/fiemg\/#organization","name":"FIEMG","url":"https:\/\/www.fiemg.com.br\/fiemg\/","logo":{"@type":"ImageObject","inLanguage":"pt-BR","@id":"https:\/\/www.fiemg.com.br\/fiemg\/#\/schema\/logo\/image\/","url":"https:\/\/www.fiemg.com.br\/fiemg\/wp-content\/uploads\/sites\/10\/2023\/02\/fiemg_branco.svg","contentUrl":"https:\/\/www.fiemg.com.br\/fiemg\/wp-content\/uploads\/sites\/10\/2023\/02\/fiemg_branco.svg","width":561,"height":147,"caption":"FIEMG"},"image":{"@id":"https:\/\/www.fiemg.com.br\/fiemg\/#\/schema\/logo\/image\/"}}]}},"_links":{"self":[{"href":"https:\/\/www.fiemg.com.br\/fiemg\/wp-json\/wp\/v2\/noticias\/9315","targetHints":{"allow":["GET"]}}],"collection":[{"href":"https:\/\/www.fiemg.com.br\/fiemg\/wp-json\/wp\/v2\/noticias"}],"about":[{"href":"https:\/\/www.fiemg.com.br\/fiemg\/wp-json\/wp\/v2\/types\/noticias"}],"wp:featuredmedia":[{"embeddable":true,"href":"https:\/\/www.fiemg.com.br\/fiemg\/wp-json\/wp\/v2\/media\/9316"}],"wp:attachment":[{"href":"https:\/\/www.fiemg.com.br\/fiemg\/wp-json\/wp\/v2\/media?parent=9315"}],"wp:term":[{"taxonomy":"category","embeddable":true,"href":"https:\/\/www.fiemg.com.br\/fiemg\/wp-json\/wp\/v2\/categories?post=9315"},{"taxonomy":"post_tag","embeddable":true,"href":"https:\/\/www.fiemg.com.br\/fiemg\/wp-json\/wp\/v2\/tags?post=9315"}],"curies":[{"name":"wp","href":"https:\/\/api.w.org\/{rel}","templated":true}]}}