{"id":9321,"date":"2025-08-14T16:31:00","date_gmt":"2025-08-14T19:31:00","guid":{"rendered":"https:\/\/www.fiemg.com.br\/fiemg\/noticias\/conselho-de-relacoes-internacionais-da-fiemg-debate-iniciativas-e-cenarios-para-a-industria-e-o-mercado-de-trabalho\/"},"modified":"2025-08-14T16:31:02","modified_gmt":"2025-08-14T19:31:02","slug":"conselho-de-relacoes-internacionais-da-fiemg-debate-iniciativas-e-cenarios-para-a-industria-e-o-mercado-de-trabalho","status":"publish","type":"noticias","link":"https:\/\/www.fiemg.com.br\/fiemg\/noticias\/conselho-de-relacoes-internacionais-da-fiemg-debate-iniciativas-e-cenarios-para-a-industria-e-o-mercado-de-trabalho\/","title":{"rendered":"Conselho de Rela\u00e7\u00f5es Internacionais da FIEMG debate iniciativas e cen\u00e1rios para a ind\u00fastria e o mercado de trabalho"},"content":{"rendered":"\n<p>A sede da Federa\u00e7\u00e3o das Ind\u00fastrias de Minas Gerais (FIEMG) recebeu, nesta segunda-feira (11\/08), mais uma reuni\u00e3o do Conselho de Rela\u00e7\u00f5es Internacionais. O encontro reuniu representantes da ind\u00fastria, especialistas e autoridades para discutir pautas voltadas ao fortalecimento da educa\u00e7\u00e3o profissional, ao desenvolvimento de compet\u00eancias e \u00e0 prepara\u00e7\u00e3o da m\u00e3o de obra para atender \u00e0s demandas do setor produtivo.<\/p>\n\n\n\n<p>A abertura foi conduzida pelo presidente do Colegiado, Alexandre Mello, que apresentou um panorama sobre os impactos das tarifas aplicadas a setores estrat\u00e9gicos de Minas Gerais e ressaltou a import\u00e2ncia de diversificar mercados. \u201cEstimativas indicam que setores relevantes da economia mineira est\u00e3o sujeitos a tarifas que podem afetar a competitividade, como caf\u00e9, carnes, produtos el\u00e9tricos, joias, entre outros\u201d, afirmou. Ele destacou que \u201ca \u00cdndia desponta como um mercado promissor, com potencial de se tornar a terceira maior economia do mundo em dois anos e alcan\u00e7ar a segunda posi\u00e7\u00e3o at\u00e9 2050\u201d.<\/p>\n\n\n\n<p>Ao comentar o chamado \u201ctarifa\u00e7o\u201d, Mello refor\u00e7ou o posicionamento institucional da FIEMG. A Federa\u00e7\u00e3o das Ind\u00fastrias do Estado de Minas Gerais (FIEMG) reconhece que as medidas do Plano Brasil Soberano, anunciadas nesta quarta-feira (13\/08) pelo governo federal, representam um esfor\u00e7o para conter parte dos preju\u00edzos com as tarifas adicionais impostas pelo presidente dos Estados Unidos, Donald Trump, sobre produtos brasileiros. Mas, segundo a entidade, o impacto real sobre a preserva\u00e7\u00e3o da competitividade industrial depender\u00e1 da agilidade na execu\u00e7\u00e3o e da elimina\u00e7\u00e3o de barreiras burocr\u00e1ticas que atrasam a chegada do apoio ao setor produtivo. Para o presidente da FIEMG, Fl\u00e1vio Roscoe, \u201cas medidas podem dar algum f\u00f4lego \u00e0s empresas, mas n\u00e3o resolvem a raiz do problema. \u00c9 urgente que o Brasil mantenha negocia\u00e7\u00f5es firmes e produtivas com o governo norte-americano, buscando reverter as tarifas e resguardar uma rela\u00e7\u00e3o comercial estrat\u00e9gica. Se n\u00e3o houver rapidez na implementa\u00e7\u00e3o e clareza nas regras, o risco \u00e9 que os recursos e incentivos fiquem no papel\u201d. A entidade continuar\u00e1 monitorando a execu\u00e7\u00e3o das a\u00e7\u00f5es e cobrando posicionamento efetivo do governo federal, para que os interesses da ind\u00fastria sejam defendidos com firmeza no cen\u00e1rio internacional.<\/p>\n\n\n\n<p>A gerente de Com\u00e9rcio e Integra\u00e7\u00e3o Internacional da Confedera\u00e7\u00e3o Nacional da Ind\u00fastria (CNI), Constanza Negrini Biasutti, apresentou um panorama sobre a aplica\u00e7\u00e3o de tarifas nos Estados Unidos e seus reflexos sobre setores espec\u00edficos. Ela ressaltou que \u201ca atua\u00e7\u00e3o da CNI est\u00e1 focada na produ\u00e7\u00e3o de dados e estudos para subsidiar a tomada de decis\u00e3o e na articula\u00e7\u00e3o com o governo brasileiro, entidades setoriais e contrapartes internacionais para reduzir barreiras comerciais e ampliar as oportunidades para as empresas brasileiras\u201d.<\/p>\n\n\n\n<p>O diretor de Pol\u00edticas P\u00fablicas e Rela\u00e7\u00f5es Governamentais da Amcham Brasil, Fabrizio Sardelli Panzini, refor\u00e7ou a import\u00e2ncia de intensificar as estrat\u00e9gias de articula\u00e7\u00e3o e negocia\u00e7\u00e3o entre empresas e entidades dos dois pa\u00edses. \u201cO di\u00e1logo bilateral \u00e9 essencial para construirmos alternativas que sejam positivas para ambos os mercados\u201d, afirmou.<\/p>\n\n\n\n<p>O encontro tamb\u00e9m contou com apresenta\u00e7\u00f5es sobre iniciativas educacionais, an\u00e1lises de mercado e propostas de integra\u00e7\u00e3o entre a ind\u00fastria e institui\u00e7\u00f5es de ensino. As discuss\u00f5es reafirmaram o compromisso do Conselho de Rela\u00e7\u00f5es Internacionais da FIEMG com a qualifica\u00e7\u00e3o profissional, a inova\u00e7\u00e3o e a competitividade da ind\u00fastria mineira.<\/p>\n\n\n\n<p>Confira as fotos do encontro no <a href=\"https:\/\/www.flickr.com\/photos\/sistemafiemg\/albums\/72177720328379643\/\">Flickr da FIEMG<\/a><\/p>\n\n\n\n<p><em>Fernanda Borges<br><\/em><strong>Imprensa FIEMG<\/strong><\/p>\n\n\n\n<p><\/p>\n","protected":false},"featured_media":9322,"template":"","categories":[15],"tags":[91,78,1468],"class_list":["post-9321","noticias","type-noticias","status-publish","has-post-thumbnail","hentry","category-desenvolvimento-industrial","tag-conselho","tag-fiemg","tag-relacoes-internacionais"],"acf":[],"yoast_head":"<!-- This site is optimized with the Yoast SEO plugin v26.2 - https:\/\/yoast.com\/wordpress\/plugins\/seo\/ -->\n<title>Conselho de Rela\u00e7\u00f5es Internacionais da FIEMG debate iniciativas e cen\u00e1rios para a ind\u00fastria e o mercado de trabalho - FIEMG<\/title>\n<meta name=\"description\" content=\"Encontro apresentou an\u00e1lises sobre o cen\u00e1rio internacional, destacou oportunidades estrat\u00e9gicas e refor\u00e7ou o compromisso com a qualifica\u00e7\u00e3o profissional\" \/>\n<meta name=\"robots\" content=\"index, follow, max-snippet:-1, max-image-preview:large, max-video-preview:-1\" \/>\n<link rel=\"canonical\" href=\"https:\/\/www.fiemg.com.br\/fiemg\/noticias\/conselho-de-relacoes-internacionais-da-fiemg-debate-iniciativas-e-cenarios-para-a-industria-e-o-mercado-de-trabalho\/\" \/>\n<meta property=\"og:locale\" content=\"pt_BR\" \/>\n<meta property=\"og:type\" content=\"article\" \/>\n<meta property=\"og:title\" content=\"Conselho de Rela\u00e7\u00f5es Internacionais da FIEMG debate iniciativas e cen\u00e1rios para a ind\u00fastria e o mercado de trabalho - FIEMG\" \/>\n<meta property=\"og:description\" content=\"Encontro apresentou an\u00e1lises sobre o cen\u00e1rio internacional, destacou oportunidades estrat\u00e9gicas e refor\u00e7ou o compromisso com a qualifica\u00e7\u00e3o profissional\" \/>\n<meta property=\"og:url\" content=\"https:\/\/www.fiemg.com.br\/fiemg\/noticias\/conselho-de-relacoes-internacionais-da-fiemg-debate-iniciativas-e-cenarios-para-a-industria-e-o-mercado-de-trabalho\/\" \/>\n<meta property=\"og:site_name\" content=\"FIEMG\" \/>\n<meta property=\"article:modified_time\" content=\"2025-08-14T19:31:02+00:00\" \/>\n<meta property=\"og:image\" content=\"https:\/\/www.fiemg.com.br\/fiemg\/wp-content\/uploads\/sites\/10\/2025\/08\/Conselho-de-Relacoes-Internacionais-1.png\" \/>\n\t<meta property=\"og:image:width\" content=\"512\" \/>\n\t<meta property=\"og:image:height\" content=\"512\" \/>\n\t<meta property=\"og:image:type\" content=\"image\/png\" \/>\n<meta name=\"twitter:card\" content=\"summary_large_image\" \/>\n<meta name=\"twitter:label1\" content=\"Est. tempo de leitura\" \/>\n\t<meta name=\"twitter:data1\" content=\"4 minutos\" \/>\n<script type=\"application\/ld+json\" class=\"yoast-schema-graph\">{\"@context\":\"https:\/\/schema.org\",\"@graph\":[{\"@type\":\"WebPage\",\"@id\":\"https:\/\/www.fiemg.com.br\/fiemg\/noticias\/conselho-de-relacoes-internacionais-da-fiemg-debate-iniciativas-e-cenarios-para-a-industria-e-o-mercado-de-trabalho\/\",\"url\":\"https:\/\/www.fiemg.com.br\/fiemg\/noticias\/conselho-de-relacoes-internacionais-da-fiemg-debate-iniciativas-e-cenarios-para-a-industria-e-o-mercado-de-trabalho\/\",\"name\":\"Conselho de Rela\u00e7\u00f5es Internacionais da FIEMG debate iniciativas e cen\u00e1rios para a ind\u00fastria e o mercado de trabalho - FIEMG\",\"isPartOf\":{\"@id\":\"https:\/\/www.fiemg.com.br\/fiemg\/#website\"},\"primaryImageOfPage\":{\"@id\":\"https:\/\/www.fiemg.com.br\/fiemg\/noticias\/conselho-de-relacoes-internacionais-da-fiemg-debate-iniciativas-e-cenarios-para-a-industria-e-o-mercado-de-trabalho\/#primaryimage\"},\"image\":{\"@id\":\"https:\/\/www.fiemg.com.br\/fiemg\/noticias\/conselho-de-relacoes-internacionais-da-fiemg-debate-iniciativas-e-cenarios-para-a-industria-e-o-mercado-de-trabalho\/#primaryimage\"},\"thumbnailUrl\":\"https:\/\/www.fiemg.com.br\/fiemg\/wp-content\/uploads\/sites\/10\/2025\/08\/Conselho-de-Relacoes-Internacionais-1.png\",\"datePublished\":\"2025-08-14T19:31:00+00:00\",\"dateModified\":\"2025-08-14T19:31:02+00:00\",\"description\":\"Encontro apresentou an\u00e1lises sobre o cen\u00e1rio internacional, destacou oportunidades estrat\u00e9gicas e refor\u00e7ou o compromisso com a qualifica\u00e7\u00e3o profissional\",\"breadcrumb\":{\"@id\":\"https:\/\/www.fiemg.com.br\/fiemg\/noticias\/conselho-de-relacoes-internacionais-da-fiemg-debate-iniciativas-e-cenarios-para-a-industria-e-o-mercado-de-trabalho\/#breadcrumb\"},\"inLanguage\":\"pt-BR\",\"potentialAction\":[{\"@type\":\"ReadAction\",\"target\":[\"https:\/\/www.fiemg.com.br\/fiemg\/noticias\/conselho-de-relacoes-internacionais-da-fiemg-debate-iniciativas-e-cenarios-para-a-industria-e-o-mercado-de-trabalho\/\"]}]},{\"@type\":\"ImageObject\",\"inLanguage\":\"pt-BR\",\"@id\":\"https:\/\/www.fiemg.com.br\/fiemg\/noticias\/conselho-de-relacoes-internacionais-da-fiemg-debate-iniciativas-e-cenarios-para-a-industria-e-o-mercado-de-trabalho\/#primaryimage\",\"url\":\"https:\/\/www.fiemg.com.br\/fiemg\/wp-content\/uploads\/sites\/10\/2025\/08\/Conselho-de-Relacoes-Internacionais-1.png\",\"contentUrl\":\"https:\/\/www.fiemg.com.br\/fiemg\/wp-content\/uploads\/sites\/10\/2025\/08\/Conselho-de-Relacoes-Internacionais-1.png\",\"width\":512,\"height\":512},{\"@type\":\"BreadcrumbList\",\"@id\":\"https:\/\/www.fiemg.com.br\/fiemg\/noticias\/conselho-de-relacoes-internacionais-da-fiemg-debate-iniciativas-e-cenarios-para-a-industria-e-o-mercado-de-trabalho\/#breadcrumb\",\"itemListElement\":[{\"@type\":\"ListItem\",\"position\":1,\"name\":\"In\u00edcio\",\"item\":\"https:\/\/www.fiemg.com.br\/fiemg\/\"},{\"@type\":\"ListItem\",\"position\":2,\"name\":\"Conselho de Rela\u00e7\u00f5es Internacionais da FIEMG debate iniciativas e cen\u00e1rios para a ind\u00fastria e o mercado de trabalho\"}]},{\"@type\":\"WebSite\",\"@id\":\"https:\/\/www.fiemg.com.br\/fiemg\/#website\",\"url\":\"https:\/\/www.fiemg.com.br\/fiemg\/\",\"name\":\"FIEMG\",\"description\":\"Federa\u00e7\u00e3o das Ind\u00fastrias do Estado de Minas Gerais\",\"publisher\":{\"@id\":\"https:\/\/www.fiemg.com.br\/fiemg\/#organization\"},\"potentialAction\":[{\"@type\":\"SearchAction\",\"target\":{\"@type\":\"EntryPoint\",\"urlTemplate\":\"https:\/\/www.fiemg.com.br\/fiemg\/?s={search_term_string}\"},\"query-input\":{\"@type\":\"PropertyValueSpecification\",\"valueRequired\":true,\"valueName\":\"search_term_string\"}}],\"inLanguage\":\"pt-BR\"},{\"@type\":\"Organization\",\"@id\":\"https:\/\/www.fiemg.com.br\/fiemg\/#organization\",\"name\":\"FIEMG\",\"url\":\"https:\/\/www.fiemg.com.br\/fiemg\/\",\"logo\":{\"@type\":\"ImageObject\",\"inLanguage\":\"pt-BR\",\"@id\":\"https:\/\/www.fiemg.com.br\/fiemg\/#\/schema\/logo\/image\/\",\"url\":\"https:\/\/www.fiemg.com.br\/fiemg\/wp-content\/uploads\/sites\/10\/2023\/02\/fiemg_branco.svg\",\"contentUrl\":\"https:\/\/www.fiemg.com.br\/fiemg\/wp-content\/uploads\/sites\/10\/2023\/02\/fiemg_branco.svg\",\"width\":561,\"height\":147,\"caption\":\"FIEMG\"},\"image\":{\"@id\":\"https:\/\/www.fiemg.com.br\/fiemg\/#\/schema\/logo\/image\/\"}}]}<\/script>\n<!-- \/ Yoast SEO plugin. -->","yoast_head_json":{"title":"Conselho de Rela\u00e7\u00f5es Internacionais da FIEMG debate iniciativas e cen\u00e1rios para a ind\u00fastria e o mercado de trabalho - FIEMG","description":"Encontro apresentou an\u00e1lises sobre o cen\u00e1rio internacional, destacou oportunidades estrat\u00e9gicas e refor\u00e7ou o compromisso com a qualifica\u00e7\u00e3o profissional","robots":{"index":"index","follow":"follow","max-snippet":"max-snippet:-1","max-image-preview":"max-image-preview:large","max-video-preview":"max-video-preview:-1"},"canonical":"https:\/\/www.fiemg.com.br\/fiemg\/noticias\/conselho-de-relacoes-internacionais-da-fiemg-debate-iniciativas-e-cenarios-para-a-industria-e-o-mercado-de-trabalho\/","og_locale":"pt_BR","og_type":"article","og_title":"Conselho de Rela\u00e7\u00f5es Internacionais da FIEMG debate iniciativas e cen\u00e1rios para a ind\u00fastria e o mercado de trabalho - FIEMG","og_description":"Encontro apresentou an\u00e1lises sobre o cen\u00e1rio internacional, destacou oportunidades estrat\u00e9gicas e refor\u00e7ou o compromisso com a qualifica\u00e7\u00e3o profissional","og_url":"https:\/\/www.fiemg.com.br\/fiemg\/noticias\/conselho-de-relacoes-internacionais-da-fiemg-debate-iniciativas-e-cenarios-para-a-industria-e-o-mercado-de-trabalho\/","og_site_name":"FIEMG","article_modified_time":"2025-08-14T19:31:02+00:00","og_image":[{"width":512,"height":512,"url":"https:\/\/www.fiemg.com.br\/fiemg\/wp-content\/uploads\/sites\/10\/2025\/08\/Conselho-de-Relacoes-Internacionais-1.png","type":"image\/png"}],"twitter_card":"summary_large_image","twitter_misc":{"Est. tempo de leitura":"4 minutos"},"schema":{"@context":"https:\/\/schema.org","@graph":[{"@type":"WebPage","@id":"https:\/\/www.fiemg.com.br\/fiemg\/noticias\/conselho-de-relacoes-internacionais-da-fiemg-debate-iniciativas-e-cenarios-para-a-industria-e-o-mercado-de-trabalho\/","url":"https:\/\/www.fiemg.com.br\/fiemg\/noticias\/conselho-de-relacoes-internacionais-da-fiemg-debate-iniciativas-e-cenarios-para-a-industria-e-o-mercado-de-trabalho\/","name":"Conselho de Rela\u00e7\u00f5es Internacionais da FIEMG debate iniciativas e cen\u00e1rios para a ind\u00fastria e o mercado de trabalho - FIEMG","isPartOf":{"@id":"https:\/\/www.fiemg.com.br\/fiemg\/#website"},"primaryImageOfPage":{"@id":"https:\/\/www.fiemg.com.br\/fiemg\/noticias\/conselho-de-relacoes-internacionais-da-fiemg-debate-iniciativas-e-cenarios-para-a-industria-e-o-mercado-de-trabalho\/#primaryimage"},"image":{"@id":"https:\/\/www.fiemg.com.br\/fiemg\/noticias\/conselho-de-relacoes-internacionais-da-fiemg-debate-iniciativas-e-cenarios-para-a-industria-e-o-mercado-de-trabalho\/#primaryimage"},"thumbnailUrl":"https:\/\/www.fiemg.com.br\/fiemg\/wp-content\/uploads\/sites\/10\/2025\/08\/Conselho-de-Relacoes-Internacionais-1.png","datePublished":"2025-08-14T19:31:00+00:00","dateModified":"2025-08-14T19:31:02+00:00","description":"Encontro apresentou an\u00e1lises sobre o cen\u00e1rio internacional, destacou oportunidades estrat\u00e9gicas e refor\u00e7ou o compromisso com a qualifica\u00e7\u00e3o profissional","breadcrumb":{"@id":"https:\/\/www.fiemg.com.br\/fiemg\/noticias\/conselho-de-relacoes-internacionais-da-fiemg-debate-iniciativas-e-cenarios-para-a-industria-e-o-mercado-de-trabalho\/#breadcrumb"},"inLanguage":"pt-BR","potentialAction":[{"@type":"ReadAction","target":["https:\/\/www.fiemg.com.br\/fiemg\/noticias\/conselho-de-relacoes-internacionais-da-fiemg-debate-iniciativas-e-cenarios-para-a-industria-e-o-mercado-de-trabalho\/"]}]},{"@type":"ImageObject","inLanguage":"pt-BR","@id":"https:\/\/www.fiemg.com.br\/fiemg\/noticias\/conselho-de-relacoes-internacionais-da-fiemg-debate-iniciativas-e-cenarios-para-a-industria-e-o-mercado-de-trabalho\/#primaryimage","url":"https:\/\/www.fiemg.com.br\/fiemg\/wp-content\/uploads\/sites\/10\/2025\/08\/Conselho-de-Relacoes-Internacionais-1.png","contentUrl":"https:\/\/www.fiemg.com.br\/fiemg\/wp-content\/uploads\/sites\/10\/2025\/08\/Conselho-de-Relacoes-Internacionais-1.png","width":512,"height":512},{"@type":"BreadcrumbList","@id":"https:\/\/www.fiemg.com.br\/fiemg\/noticias\/conselho-de-relacoes-internacionais-da-fiemg-debate-iniciativas-e-cenarios-para-a-industria-e-o-mercado-de-trabalho\/#breadcrumb","itemListElement":[{"@type":"ListItem","position":1,"name":"In\u00edcio","item":"https:\/\/www.fiemg.com.br\/fiemg\/"},{"@type":"ListItem","position":2,"name":"Conselho de Rela\u00e7\u00f5es Internacionais da FIEMG debate iniciativas e cen\u00e1rios para a ind\u00fastria e o mercado de trabalho"}]},{"@type":"WebSite","@id":"https:\/\/www.fiemg.com.br\/fiemg\/#website","url":"https:\/\/www.fiemg.com.br\/fiemg\/","name":"FIEMG","description":"Federa\u00e7\u00e3o das Ind\u00fastrias do Estado de Minas Gerais","publisher":{"@id":"https:\/\/www.fiemg.com.br\/fiemg\/#organization"},"potentialAction":[{"@type":"SearchAction","target":{"@type":"EntryPoint","urlTemplate":"https:\/\/www.fiemg.com.br\/fiemg\/?s={search_term_string}"},"query-input":{"@type":"PropertyValueSpecification","valueRequired":true,"valueName":"search_term_string"}}],"inLanguage":"pt-BR"},{"@type":"Organization","@id":"https:\/\/www.fiemg.com.br\/fiemg\/#organization","name":"FIEMG","url":"https:\/\/www.fiemg.com.br\/fiemg\/","logo":{"@type":"ImageObject","inLanguage":"pt-BR","@id":"https:\/\/www.fiemg.com.br\/fiemg\/#\/schema\/logo\/image\/","url":"https:\/\/www.fiemg.com.br\/fiemg\/wp-content\/uploads\/sites\/10\/2023\/02\/fiemg_branco.svg","contentUrl":"https:\/\/www.fiemg.com.br\/fiemg\/wp-content\/uploads\/sites\/10\/2023\/02\/fiemg_branco.svg","width":561,"height":147,"caption":"FIEMG"},"image":{"@id":"https:\/\/www.fiemg.com.br\/fiemg\/#\/schema\/logo\/image\/"}}]}},"_links":{"self":[{"href":"https:\/\/www.fiemg.com.br\/fiemg\/wp-json\/wp\/v2\/noticias\/9321","targetHints":{"allow":["GET"]}}],"collection":[{"href":"https:\/\/www.fiemg.com.br\/fiemg\/wp-json\/wp\/v2\/noticias"}],"about":[{"href":"https:\/\/www.fiemg.com.br\/fiemg\/wp-json\/wp\/v2\/types\/noticias"}],"wp:featuredmedia":[{"embeddable":true,"href":"https:\/\/www.fiemg.com.br\/fiemg\/wp-json\/wp\/v2\/media\/9322"}],"wp:attachment":[{"href":"https:\/\/www.fiemg.com.br\/fiemg\/wp-json\/wp\/v2\/media?parent=9321"}],"wp:term":[{"taxonomy":"category","embeddable":true,"href":"https:\/\/www.fiemg.com.br\/fiemg\/wp-json\/wp\/v2\/categories?post=9321"},{"taxonomy":"post_tag","embeddable":true,"href":"https:\/\/www.fiemg.com.br\/fiemg\/wp-json\/wp\/v2\/tags?post=9321"}],"curies":[{"name":"wp","href":"https:\/\/api.w.org\/{rel}","templated":true}]}}