{"id":9378,"date":"2025-08-20T13:50:03","date_gmt":"2025-08-20T16:50:03","guid":{"rendered":"https:\/\/www.fiemg.com.br\/fiemg\/noticias\/estudantes-do-senai-mg-participam-das-etapas-nacionais-da-worldskills-2025\/"},"modified":"2025-08-20T13:50:07","modified_gmt":"2025-08-20T16:50:07","slug":"estudantes-do-senai-mg-participam-das-etapas-nacionais-da-worldskills-2025","status":"publish","type":"noticias","link":"https:\/\/www.fiemg.com.br\/fiemg\/noticias\/estudantes-do-senai-mg-participam-das-etapas-nacionais-da-worldskills-2025\/","title":{"rendered":"Estudantes do SENAI MG participam das etapas nacionais da WorldSkills 2025"},"content":{"rendered":"\n<p><\/p>\n\n\n\n<p>Cinquenta estudantes do Servi\u00e7o Nacional de Aprendizagem Industrial de Minas Gerais (SENAI MG) participam a partir deste m\u00eas de agosto das 4 etapas nacionais da WorldSkills 2025, maior competi\u00e7\u00e3o de educa\u00e7\u00e3o profissional do mundo.<\/p>\n\n\n\n<p>Minas ser\u00e1 representada em 44 ocupa\u00e7\u00f5es e, em cada uma das etapas, ser\u00e3o classificados tr\u00eas estudantes (Ouro, Prata e Bronze). No entanto, os jovens premiados e as cores das medalhas de cada um ser\u00e3o conhecidos apenas na etapa final, que acontecer\u00e1 entre 23 e 28 de setembro, em Bras\u00edlia.<\/p>\n\n\n\n<p>A primeira etapa tem in\u00edcio j\u00e1 na pr\u00f3xima semana e acontecer\u00e1 at\u00e9 o dia 29 em formato on-line, ou seja, cada competidor fica em seu Estado fazendo prova sendo monitorado por c\u00e2meras. Nesta primeira etapa, Minas participar\u00e1 em 3 das 4 ocupa\u00e7\u00f5es: 05 &#8211; Desenho Mec\u00e2nico em CAD; 17 &#8211; Tecnologia Web; 53 &#8211; Computa\u00e7\u00e3o em Nuvem.<\/p>\n\n\n\n<p>A segunda etapa acontecer\u00e1 entre 1\u00ba e 5 de setembro em S\u00e3o Paulo, e Minas ser\u00e1 representada em 16 das 17 ocupa\u00e7\u00f5es da competi\u00e7\u00e3o. J\u00e1 a terceira etapa ser\u00e1 entre os dias 8 e 12 de setembro em Minas Gerais. A disputa acontecer\u00e1 em 4 unidades do SENAI da Grande BH e contar\u00e1 com 9 ocupa\u00e7\u00f5es. Em todas elas, haver\u00e1 representantes mineiros competindo.<\/p>\n\n\n\n<p>A etapa final da WorldSkills no Brasil, que acontecer\u00e1 em Bras\u00edlia, contar\u00e1 com 16 ocupa\u00e7\u00f5es e Minas ser\u00e1 representada em todas as ocupa\u00e7\u00f5es da competi\u00e7\u00e3o. A partir dela, ser\u00e3o conhecidos os primeiros colocados em cada uma das ocupa\u00e7\u00f5es e que estar\u00e3o aptos a participar da etapa mundial da WorldSkills, que acontecer\u00e1 em setembro do ano que vem em Xangai, na China.<\/p>\n\n\n\n<p>A WorldSkills Brasil 2025 tem patroc\u00ednio master da ROMI; patroc\u00ednio diamante da FESTO, SCHUNK, ASCONGRAPH, SAINT-GOBAIN; patroc\u00ednio ouro da Finder, ISCAR, CNH, John Deere, lingopass, R&amp;DAMASCO, Exxer; patroc\u00ednio prata da Danfoss, Autodesk, ETC Brasil; patroc\u00ednio bronze da EAATA Brasil, Mitutoyo, PPG, INDASA; e participa\u00e7\u00e3o especial da Abicor Binzel, A-H Miniaturas, Quimatic, Betacavi.<\/p>\n\n\n\n<p><strong>Sobre a WorldSkills<\/strong><\/p>\n\n\n\n<p>A WorldSkills \u00e9 a maior competi\u00e7\u00e3o internacional de educa\u00e7\u00e3o profissional do mundo. Realizada a cada dois anos, re\u00fane jovens talentos para demonstrarem suas habilidades em dezenas de ocupa\u00e7\u00f5es t\u00e9cnicas e pr\u00e1ticas. No Brasil, o SENAI organiza as etapas nacionais que classificam os melhores competidores para a edi\u00e7\u00e3o global que ocorrer\u00e1 ano que vem, em Xangai.<\/p>\n\n\n\n<p>A WorldSkills Brasil 2025 \u00e9 mais do que uma disputa t\u00e9cnica: \u00e9 uma celebra\u00e7\u00e3o do talento, da excel\u00eancia e da inova\u00e7\u00e3o. Envolve oficinas, exposi\u00e7\u00f5es e viv\u00eancias que transformam a percep\u00e7\u00e3o sobre as profiss\u00f5es t\u00e9cnicas e seu impacto no desenvolvimento econ\u00f4mico e social.<\/p>\n\n\n\n<p><em>Tha\u00eds Mota<\/em><br><strong>Imprensa FIEMG<\/strong><\/p>\n","protected":false},"featured_media":9379,"template":"","categories":[666],"tags":[278,773,890,280],"class_list":["post-9378","noticias","type-noticias","status-publish","has-post-thumbnail","hentry","category-senai","tag-competicao","tag-estudantes","tag-senai-mg","tag-worldskills"],"acf":[],"yoast_head":"<!-- This site is optimized with the Yoast SEO plugin v26.2 - https:\/\/yoast.com\/wordpress\/plugins\/seo\/ -->\n<title>Estudantes do SENAI MG participam das etapas nacionais da WorldSkills 2025 - FIEMG<\/title>\n<meta name=\"description\" content=\"Primeira etapa da competi\u00e7\u00e3o nacional tem in\u00edcio na pr\u00f3xima semana; classificados participam da etapa mundial, que acontecer\u00e1 no ano que vem em Xangai, na China\" \/>\n<meta name=\"robots\" content=\"index, follow, max-snippet:-1, max-image-preview:large, max-video-preview:-1\" \/>\n<link rel=\"canonical\" href=\"https:\/\/www.fiemg.com.br\/fiemg\/noticias\/estudantes-do-senai-mg-participam-das-etapas-nacionais-da-worldskills-2025\/\" \/>\n<meta property=\"og:locale\" content=\"pt_BR\" \/>\n<meta property=\"og:type\" content=\"article\" \/>\n<meta property=\"og:title\" content=\"Estudantes do SENAI MG participam das etapas nacionais da WorldSkills 2025 - FIEMG\" \/>\n<meta property=\"og:description\" content=\"Primeira etapa da competi\u00e7\u00e3o nacional tem in\u00edcio na pr\u00f3xima semana; classificados participam da etapa mundial, que acontecer\u00e1 no ano que vem em Xangai, na China\" \/>\n<meta property=\"og:url\" content=\"https:\/\/www.fiemg.com.br\/fiemg\/noticias\/estudantes-do-senai-mg-participam-das-etapas-nacionais-da-worldskills-2025\/\" \/>\n<meta property=\"og:site_name\" content=\"FIEMG\" \/>\n<meta property=\"article:modified_time\" content=\"2025-08-20T16:50:07+00:00\" \/>\n<meta property=\"og:image\" content=\"https:\/\/www.fiemg.com.br\/fiemg\/wp-content\/uploads\/sites\/10\/2025\/08\/EA001425J_BANNER_WORLDSKILLS_512x512.jpg\" \/>\n\t<meta property=\"og:image:width\" content=\"683\" \/>\n\t<meta property=\"og:image:height\" content=\"683\" \/>\n\t<meta property=\"og:image:type\" content=\"image\/jpeg\" \/>\n<meta name=\"twitter:card\" content=\"summary_large_image\" \/>\n<meta name=\"twitter:label1\" content=\"Est. tempo de leitura\" \/>\n\t<meta name=\"twitter:data1\" content=\"3 minutos\" \/>\n<script type=\"application\/ld+json\" class=\"yoast-schema-graph\">{\"@context\":\"https:\/\/schema.org\",\"@graph\":[{\"@type\":\"WebPage\",\"@id\":\"https:\/\/www.fiemg.com.br\/fiemg\/noticias\/estudantes-do-senai-mg-participam-das-etapas-nacionais-da-worldskills-2025\/\",\"url\":\"https:\/\/www.fiemg.com.br\/fiemg\/noticias\/estudantes-do-senai-mg-participam-das-etapas-nacionais-da-worldskills-2025\/\",\"name\":\"Estudantes do SENAI MG participam das etapas nacionais da WorldSkills 2025 - FIEMG\",\"isPartOf\":{\"@id\":\"https:\/\/www.fiemg.com.br\/fiemg\/#website\"},\"primaryImageOfPage\":{\"@id\":\"https:\/\/www.fiemg.com.br\/fiemg\/noticias\/estudantes-do-senai-mg-participam-das-etapas-nacionais-da-worldskills-2025\/#primaryimage\"},\"image\":{\"@id\":\"https:\/\/www.fiemg.com.br\/fiemg\/noticias\/estudantes-do-senai-mg-participam-das-etapas-nacionais-da-worldskills-2025\/#primaryimage\"},\"thumbnailUrl\":\"https:\/\/www.fiemg.com.br\/fiemg\/wp-content\/uploads\/sites\/10\/2025\/08\/EA001425J_BANNER_WORLDSKILLS_512x512.jpg\",\"datePublished\":\"2025-08-20T16:50:03+00:00\",\"dateModified\":\"2025-08-20T16:50:07+00:00\",\"description\":\"Primeira etapa da competi\u00e7\u00e3o nacional tem in\u00edcio na pr\u00f3xima semana; classificados participam da etapa mundial, que acontecer\u00e1 no ano que vem em Xangai, na China\",\"breadcrumb\":{\"@id\":\"https:\/\/www.fiemg.com.br\/fiemg\/noticias\/estudantes-do-senai-mg-participam-das-etapas-nacionais-da-worldskills-2025\/#breadcrumb\"},\"inLanguage\":\"pt-BR\",\"potentialAction\":[{\"@type\":\"ReadAction\",\"target\":[\"https:\/\/www.fiemg.com.br\/fiemg\/noticias\/estudantes-do-senai-mg-participam-das-etapas-nacionais-da-worldskills-2025\/\"]}]},{\"@type\":\"ImageObject\",\"inLanguage\":\"pt-BR\",\"@id\":\"https:\/\/www.fiemg.com.br\/fiemg\/noticias\/estudantes-do-senai-mg-participam-das-etapas-nacionais-da-worldskills-2025\/#primaryimage\",\"url\":\"https:\/\/www.fiemg.com.br\/fiemg\/wp-content\/uploads\/sites\/10\/2025\/08\/EA001425J_BANNER_WORLDSKILLS_512x512.jpg\",\"contentUrl\":\"https:\/\/www.fiemg.com.br\/fiemg\/wp-content\/uploads\/sites\/10\/2025\/08\/EA001425J_BANNER_WORLDSKILLS_512x512.jpg\",\"width\":683,\"height\":683},{\"@type\":\"BreadcrumbList\",\"@id\":\"https:\/\/www.fiemg.com.br\/fiemg\/noticias\/estudantes-do-senai-mg-participam-das-etapas-nacionais-da-worldskills-2025\/#breadcrumb\",\"itemListElement\":[{\"@type\":\"ListItem\",\"position\":1,\"name\":\"In\u00edcio\",\"item\":\"https:\/\/www.fiemg.com.br\/fiemg\/\"},{\"@type\":\"ListItem\",\"position\":2,\"name\":\"Estudantes do SENAI MG participam das etapas nacionais da WorldSkills 2025\"}]},{\"@type\":\"WebSite\",\"@id\":\"https:\/\/www.fiemg.com.br\/fiemg\/#website\",\"url\":\"https:\/\/www.fiemg.com.br\/fiemg\/\",\"name\":\"FIEMG\",\"description\":\"Federa\u00e7\u00e3o das Ind\u00fastrias do Estado de Minas Gerais\",\"publisher\":{\"@id\":\"https:\/\/www.fiemg.com.br\/fiemg\/#organization\"},\"potentialAction\":[{\"@type\":\"SearchAction\",\"target\":{\"@type\":\"EntryPoint\",\"urlTemplate\":\"https:\/\/www.fiemg.com.br\/fiemg\/?s={search_term_string}\"},\"query-input\":{\"@type\":\"PropertyValueSpecification\",\"valueRequired\":true,\"valueName\":\"search_term_string\"}}],\"inLanguage\":\"pt-BR\"},{\"@type\":\"Organization\",\"@id\":\"https:\/\/www.fiemg.com.br\/fiemg\/#organization\",\"name\":\"FIEMG\",\"url\":\"https:\/\/www.fiemg.com.br\/fiemg\/\",\"logo\":{\"@type\":\"ImageObject\",\"inLanguage\":\"pt-BR\",\"@id\":\"https:\/\/www.fiemg.com.br\/fiemg\/#\/schema\/logo\/image\/\",\"url\":\"https:\/\/www.fiemg.com.br\/fiemg\/wp-content\/uploads\/sites\/10\/2023\/02\/fiemg_branco.svg\",\"contentUrl\":\"https:\/\/www.fiemg.com.br\/fiemg\/wp-content\/uploads\/sites\/10\/2023\/02\/fiemg_branco.svg\",\"width\":561,\"height\":147,\"caption\":\"FIEMG\"},\"image\":{\"@id\":\"https:\/\/www.fiemg.com.br\/fiemg\/#\/schema\/logo\/image\/\"}}]}<\/script>\n<!-- \/ Yoast SEO plugin. -->","yoast_head_json":{"title":"Estudantes do SENAI MG participam das etapas nacionais da WorldSkills 2025 - FIEMG","description":"Primeira etapa da competi\u00e7\u00e3o nacional tem in\u00edcio na pr\u00f3xima semana; classificados participam da etapa mundial, que acontecer\u00e1 no ano que vem em Xangai, na China","robots":{"index":"index","follow":"follow","max-snippet":"max-snippet:-1","max-image-preview":"max-image-preview:large","max-video-preview":"max-video-preview:-1"},"canonical":"https:\/\/www.fiemg.com.br\/fiemg\/noticias\/estudantes-do-senai-mg-participam-das-etapas-nacionais-da-worldskills-2025\/","og_locale":"pt_BR","og_type":"article","og_title":"Estudantes do SENAI MG participam das etapas nacionais da WorldSkills 2025 - FIEMG","og_description":"Primeira etapa da competi\u00e7\u00e3o nacional tem in\u00edcio na pr\u00f3xima semana; classificados participam da etapa mundial, que acontecer\u00e1 no ano que vem em Xangai, na China","og_url":"https:\/\/www.fiemg.com.br\/fiemg\/noticias\/estudantes-do-senai-mg-participam-das-etapas-nacionais-da-worldskills-2025\/","og_site_name":"FIEMG","article_modified_time":"2025-08-20T16:50:07+00:00","og_image":[{"width":683,"height":683,"url":"https:\/\/www.fiemg.com.br\/fiemg\/wp-content\/uploads\/sites\/10\/2025\/08\/EA001425J_BANNER_WORLDSKILLS_512x512.jpg","type":"image\/jpeg"}],"twitter_card":"summary_large_image","twitter_misc":{"Est. tempo de leitura":"3 minutos"},"schema":{"@context":"https:\/\/schema.org","@graph":[{"@type":"WebPage","@id":"https:\/\/www.fiemg.com.br\/fiemg\/noticias\/estudantes-do-senai-mg-participam-das-etapas-nacionais-da-worldskills-2025\/","url":"https:\/\/www.fiemg.com.br\/fiemg\/noticias\/estudantes-do-senai-mg-participam-das-etapas-nacionais-da-worldskills-2025\/","name":"Estudantes do SENAI MG participam das etapas nacionais da WorldSkills 2025 - FIEMG","isPartOf":{"@id":"https:\/\/www.fiemg.com.br\/fiemg\/#website"},"primaryImageOfPage":{"@id":"https:\/\/www.fiemg.com.br\/fiemg\/noticias\/estudantes-do-senai-mg-participam-das-etapas-nacionais-da-worldskills-2025\/#primaryimage"},"image":{"@id":"https:\/\/www.fiemg.com.br\/fiemg\/noticias\/estudantes-do-senai-mg-participam-das-etapas-nacionais-da-worldskills-2025\/#primaryimage"},"thumbnailUrl":"https:\/\/www.fiemg.com.br\/fiemg\/wp-content\/uploads\/sites\/10\/2025\/08\/EA001425J_BANNER_WORLDSKILLS_512x512.jpg","datePublished":"2025-08-20T16:50:03+00:00","dateModified":"2025-08-20T16:50:07+00:00","description":"Primeira etapa da competi\u00e7\u00e3o nacional tem in\u00edcio na pr\u00f3xima semana; classificados participam da etapa mundial, que acontecer\u00e1 no ano que vem em Xangai, na China","breadcrumb":{"@id":"https:\/\/www.fiemg.com.br\/fiemg\/noticias\/estudantes-do-senai-mg-participam-das-etapas-nacionais-da-worldskills-2025\/#breadcrumb"},"inLanguage":"pt-BR","potentialAction":[{"@type":"ReadAction","target":["https:\/\/www.fiemg.com.br\/fiemg\/noticias\/estudantes-do-senai-mg-participam-das-etapas-nacionais-da-worldskills-2025\/"]}]},{"@type":"ImageObject","inLanguage":"pt-BR","@id":"https:\/\/www.fiemg.com.br\/fiemg\/noticias\/estudantes-do-senai-mg-participam-das-etapas-nacionais-da-worldskills-2025\/#primaryimage","url":"https:\/\/www.fiemg.com.br\/fiemg\/wp-content\/uploads\/sites\/10\/2025\/08\/EA001425J_BANNER_WORLDSKILLS_512x512.jpg","contentUrl":"https:\/\/www.fiemg.com.br\/fiemg\/wp-content\/uploads\/sites\/10\/2025\/08\/EA001425J_BANNER_WORLDSKILLS_512x512.jpg","width":683,"height":683},{"@type":"BreadcrumbList","@id":"https:\/\/www.fiemg.com.br\/fiemg\/noticias\/estudantes-do-senai-mg-participam-das-etapas-nacionais-da-worldskills-2025\/#breadcrumb","itemListElement":[{"@type":"ListItem","position":1,"name":"In\u00edcio","item":"https:\/\/www.fiemg.com.br\/fiemg\/"},{"@type":"ListItem","position":2,"name":"Estudantes do SENAI MG participam das etapas nacionais da WorldSkills 2025"}]},{"@type":"WebSite","@id":"https:\/\/www.fiemg.com.br\/fiemg\/#website","url":"https:\/\/www.fiemg.com.br\/fiemg\/","name":"FIEMG","description":"Federa\u00e7\u00e3o das Ind\u00fastrias do Estado de Minas Gerais","publisher":{"@id":"https:\/\/www.fiemg.com.br\/fiemg\/#organization"},"potentialAction":[{"@type":"SearchAction","target":{"@type":"EntryPoint","urlTemplate":"https:\/\/www.fiemg.com.br\/fiemg\/?s={search_term_string}"},"query-input":{"@type":"PropertyValueSpecification","valueRequired":true,"valueName":"search_term_string"}}],"inLanguage":"pt-BR"},{"@type":"Organization","@id":"https:\/\/www.fiemg.com.br\/fiemg\/#organization","name":"FIEMG","url":"https:\/\/www.fiemg.com.br\/fiemg\/","logo":{"@type":"ImageObject","inLanguage":"pt-BR","@id":"https:\/\/www.fiemg.com.br\/fiemg\/#\/schema\/logo\/image\/","url":"https:\/\/www.fiemg.com.br\/fiemg\/wp-content\/uploads\/sites\/10\/2023\/02\/fiemg_branco.svg","contentUrl":"https:\/\/www.fiemg.com.br\/fiemg\/wp-content\/uploads\/sites\/10\/2023\/02\/fiemg_branco.svg","width":561,"height":147,"caption":"FIEMG"},"image":{"@id":"https:\/\/www.fiemg.com.br\/fiemg\/#\/schema\/logo\/image\/"}}]}},"_links":{"self":[{"href":"https:\/\/www.fiemg.com.br\/fiemg\/wp-json\/wp\/v2\/noticias\/9378","targetHints":{"allow":["GET"]}}],"collection":[{"href":"https:\/\/www.fiemg.com.br\/fiemg\/wp-json\/wp\/v2\/noticias"}],"about":[{"href":"https:\/\/www.fiemg.com.br\/fiemg\/wp-json\/wp\/v2\/types\/noticias"}],"wp:featuredmedia":[{"embeddable":true,"href":"https:\/\/www.fiemg.com.br\/fiemg\/wp-json\/wp\/v2\/media\/9379"}],"wp:attachment":[{"href":"https:\/\/www.fiemg.com.br\/fiemg\/wp-json\/wp\/v2\/media?parent=9378"}],"wp:term":[{"taxonomy":"category","embeddable":true,"href":"https:\/\/www.fiemg.com.br\/fiemg\/wp-json\/wp\/v2\/categories?post=9378"},{"taxonomy":"post_tag","embeddable":true,"href":"https:\/\/www.fiemg.com.br\/fiemg\/wp-json\/wp\/v2\/tags?post=9378"}],"curies":[{"name":"wp","href":"https:\/\/api.w.org\/{rel}","templated":true}]}}