{"id":9388,"date":"2025-08-21T11:54:40","date_gmt":"2025-08-21T14:54:40","guid":{"rendered":"https:\/\/www.fiemg.com.br\/fiemg\/noticias\/senai-realiza-formatura-do-programa-trilhas-de-futuro-iv-em-juiz-de-fora\/"},"modified":"2025-08-21T13:38:27","modified_gmt":"2025-08-21T16:38:27","slug":"senai-realiza-formatura-do-programa-trilhas-de-futuro-iv-em-juiz-de-fora","status":"publish","type":"noticias","link":"https:\/\/www.fiemg.com.br\/fiemg\/noticias\/senai-realiza-formatura-do-programa-trilhas-de-futuro-iv-em-juiz-de-fora\/","title":{"rendered":"SENAI realiza formatura do Programa Trilhas de Futuro IV em Juiz de Fora"},"content":{"rendered":"\n<p>O SENAI Jos\u00e9 Fagundes Netto realizou, em Juiz de Fora, a formatura da 4\u00aa edi\u00e7\u00e3o do Programa Trilhas de Futuro. O evento aconteceu nos dias 07 e 08 de agosto, no audit\u00f3rio da Escola SESI Granbery, e reuniu familiares, amigos, professores e autoridades para celebrar a conquista dos alunos.<\/p>\n\n\n\n<p>A divis\u00e3o da cerim\u00f4nia em duas noites possibilitou que todos os formandos tivessem seu momento de destaque. No primeiro dia receberam o diploma os alunos dos cursos t\u00e9cnicos em Eletroeletr\u00f4nica e Manuten\u00e7\u00e3o de M\u00e1quinas Industriais. J\u00e1 no segundo dia, a festa foi para os concluintes de Modelagem do Vestu\u00e1rio e novamente de Manuten\u00e7\u00e3o de M\u00e1quinas Industriais. Ao todo, 91 jovens finalizaram sua jornada de estudos e se preparam para ingressar no mercado de trabalho.<\/p>\n\n\n\n<h3 class=\"wp-block-heading\"><strong>Educa\u00e7\u00e3o transformadora<\/strong><\/h3>\n\n\n\n<p>Mais que uma cerim\u00f4nia de conclus\u00e3o, a formatura representou a realiza\u00e7\u00e3o de sonhos e a abertura de novas oportunidades para os alunos. O Trilhas de Futuro, criado pelo Governo de Minas, em parceria com institui\u00e7\u00f5es de ensino de excel\u00eancia como o SENAI, tem como prop\u00f3sito ampliar o acesso \u00e0 educa\u00e7\u00e3o profissional gratuita e de qualidade, garantindo que jovens de diferentes realidades possam construir um futuro s\u00f3lido atrav\u00e9s da capacita\u00e7\u00e3o.<\/p>\n\n\n\n<p>Durante o evento, foi ressaltada a import\u00e2ncia da forma\u00e7\u00e3o t\u00e9cnica em setores estrat\u00e9gicos para a ind\u00fastria e a sociedade. Al\u00e9m da qualifica\u00e7\u00e3o profissional, o programa promove valores como disciplina, dedica\u00e7\u00e3o e responsabilidade, compet\u00eancias fundamentais para a vida pessoal e profissional dos formandos.<\/p>\n\n\n\n<h3 class=\"wp-block-heading\"><strong>Mensagens de inspira\u00e7\u00e3o<\/strong><\/h3>\n\n\n\n<p>O gerente das unidades SENAI em Juiz de Fora, Andr\u00e9 Leandro Fonseca Pimentel, destacou a relev\u00e2ncia de acreditar nos sonhos e de construir o futuro a partir das escolhas do presente. \u201cN\u00f3s somos seres humanos movidos a futuro. Constru\u00edmos no presente aquilo que entendemos como sendo a escada para chegar ao amanh\u00e3. O sonho \u00e9 parte fundamental desse processo, mas n\u00e3o no sentido de del\u00edrio, e sim como desejo, algo a ser buscado, constru\u00eddo no cotidiano, feito passo a passo. A carreira, assim como o sonho, \u00e9 um horizonte: n\u00e3o \u00e9 um ponto de chegada, mas algo que nos impulsiona a continuar caminhando\u201d, afirmou.<\/p>\n\n\n\n<p>A presidente da FIEMG Regional Zona da Mata e do Sindicato das Ind\u00fastrias do Vestu\u00e1rio de Juiz de Fora e Governador Valadares (Sindivest JF-GV), Mari\u00e2ngela Miranda Marcon, paraninfa das turmas, refor\u00e7ou o orgulho em apadrinhar os formandos e a relev\u00e2ncia da qualifica\u00e7\u00e3o t\u00e9cnica para transformar vidas e fortalecer a ind\u00fastria. \u201cAqui est\u00e1 presente parte de uma juventude respons\u00e1vel, focada, que busca capacita\u00e7\u00e3o t\u00e9cnica e tem vis\u00e3o de futuro. O diploma recebido hoje marca o fim de um curso, mas tamb\u00e9m o in\u00edcio de uma jornada que exigir\u00e1 resili\u00eancia, \u00e9tica e atualiza\u00e7\u00e3o constante\u201d, disse.<\/p>\n\n\n\n<p>Ela destacou ainda que o SENAI entrega ao mercado profissionais completos e preparados. \u201cQuem se forma em nossa escola tem um diploma s\u00e9rio e \u00e9 visto como sendo um profissional que vai ter uma expertise, porque o aprendizado transcende o conhecimento t\u00e9cnico, indo para o comportamental, o que ajuda na forma\u00e7\u00e3o integral do profissional. Esta \u00e9 uma grande conquista, uma celebra\u00e7\u00e3o de uma hist\u00f3ria vitoriosa, porque cada um destes formandos sabe o que passou para chegar at\u00e9 aqui\u201d, afirmou.<\/p>\n\n\n\n<h3 class=\"wp-block-heading\"><strong>Futuro em constru\u00e7\u00e3o<\/strong><\/h3>\n\n\n\n<p>A cerim\u00f4nia foi marcada por momentos de emo\u00e7\u00e3o: discursos de oradores e paraninfos, o tradicional juramento dos alunos e a alegria das fam\u00edlias que acompanharam de perto o esfor\u00e7o e a dedica\u00e7\u00e3o de cada formando. Para muitos, esse foi o primeiro diploma de n\u00edvel t\u00e9cnico da fam\u00edlia, o que refor\u00e7a o papel social e transformador do Trilhas de Futuro.<\/p>\n\n\n\n<p>Com a entrega dos certificados, os 91 novos t\u00e9cnicos passam a integrar um seleto grupo de profissionais preparados para atender \u00e0s demandas da ind\u00fastria, contribuindo para a inova\u00e7\u00e3o e o crescimento econ\u00f4mico da regi\u00e3o.<\/p>\n\n\n\n<p>O SENAI reafirma, assim, sua miss\u00e3o de formar pessoas, transformar realidades e impulsionar a ind\u00fastria mineira, construindo caminhos para um futuro mais promissor para Juiz de Fora e toda a Zona da Mata.<\/p>\n\n\n\n<p>.<\/p>\n\n\n\n<p><em>Graciele Vianna<\/em><\/p>\n\n\n\n<p><strong>Imprensa FIEMG<\/strong><\/p>\n\n\n\n<p><\/p>\n","protected":false},"featured_media":9389,"template":"","categories":[16,666],"tags":[],"class_list":["post-9388","noticias","type-noticias","status-publish","has-post-thumbnail","hentry","category-educacao","category-senai"],"acf":[],"yoast_head":"<!-- This site is optimized with the Yoast SEO plugin v26.2 - https:\/\/yoast.com\/wordpress\/plugins\/seo\/ -->\n<title>SENAI realiza formatura do Programa Trilhas de Futuro IV em Juiz de Fora - FIEMG<\/title>\n<meta name=\"robots\" content=\"index, follow, max-snippet:-1, max-image-preview:large, max-video-preview:-1\" \/>\n<link rel=\"canonical\" href=\"https:\/\/www.fiemg.com.br\/fiemg\/noticias\/senai-realiza-formatura-do-programa-trilhas-de-futuro-iv-em-juiz-de-fora\/\" \/>\n<meta property=\"og:locale\" content=\"pt_BR\" \/>\n<meta property=\"og:type\" content=\"article\" \/>\n<meta property=\"og:title\" content=\"SENAI realiza formatura do Programa Trilhas de Futuro IV em Juiz de Fora - FIEMG\" \/>\n<meta property=\"og:description\" content=\"O SENAI Jos\u00e9 Fagundes Netto realizou, em Juiz de Fora, a formatura da 4\u00aa edi\u00e7\u00e3o do Programa Trilhas de Futuro. O evento aconteceu nos dias 07 e 08 de agosto, no audit\u00f3rio da Escola SESI Granbery, e reuniu familiares, amigos, professores e autoridades para celebrar a conquista dos alunos. A divis\u00e3o da cerim\u00f4nia em duas [&hellip;]\" \/>\n<meta property=\"og:url\" content=\"https:\/\/www.fiemg.com.br\/fiemg\/noticias\/senai-realiza-formatura-do-programa-trilhas-de-futuro-iv-em-juiz-de-fora\/\" \/>\n<meta property=\"og:site_name\" content=\"FIEMG\" \/>\n<meta property=\"article:modified_time\" content=\"2025-08-21T16:38:27+00:00\" \/>\n<meta property=\"og:image\" content=\"https:\/\/www.fiemg.com.br\/fiemg\/wp-content\/uploads\/sites\/10\/2025\/08\/Fornmatura-Trilhas-JFN-5-corte.png\" \/>\n\t<meta property=\"og:image:width\" content=\"1301\" \/>\n\t<meta property=\"og:image:height\" content=\"1202\" \/>\n\t<meta property=\"og:image:type\" content=\"image\/png\" \/>\n<meta name=\"twitter:card\" content=\"summary_large_image\" \/>\n<meta name=\"twitter:label1\" content=\"Est. tempo de leitura\" \/>\n\t<meta name=\"twitter:data1\" content=\"4 minutos\" \/>\n<script type=\"application\/ld+json\" class=\"yoast-schema-graph\">{\"@context\":\"https:\/\/schema.org\",\"@graph\":[{\"@type\":\"WebPage\",\"@id\":\"https:\/\/www.fiemg.com.br\/fiemg\/noticias\/senai-realiza-formatura-do-programa-trilhas-de-futuro-iv-em-juiz-de-fora\/\",\"url\":\"https:\/\/www.fiemg.com.br\/fiemg\/noticias\/senai-realiza-formatura-do-programa-trilhas-de-futuro-iv-em-juiz-de-fora\/\",\"name\":\"SENAI realiza formatura do Programa Trilhas de Futuro IV em Juiz de Fora - FIEMG\",\"isPartOf\":{\"@id\":\"https:\/\/www.fiemg.com.br\/fiemg\/#website\"},\"primaryImageOfPage\":{\"@id\":\"https:\/\/www.fiemg.com.br\/fiemg\/noticias\/senai-realiza-formatura-do-programa-trilhas-de-futuro-iv-em-juiz-de-fora\/#primaryimage\"},\"image\":{\"@id\":\"https:\/\/www.fiemg.com.br\/fiemg\/noticias\/senai-realiza-formatura-do-programa-trilhas-de-futuro-iv-em-juiz-de-fora\/#primaryimage\"},\"thumbnailUrl\":\"https:\/\/www.fiemg.com.br\/fiemg\/wp-content\/uploads\/sites\/10\/2025\/08\/Fornmatura-Trilhas-JFN-5-corte.png\",\"datePublished\":\"2025-08-21T14:54:40+00:00\",\"dateModified\":\"2025-08-21T16:38:27+00:00\",\"breadcrumb\":{\"@id\":\"https:\/\/www.fiemg.com.br\/fiemg\/noticias\/senai-realiza-formatura-do-programa-trilhas-de-futuro-iv-em-juiz-de-fora\/#breadcrumb\"},\"inLanguage\":\"pt-BR\",\"potentialAction\":[{\"@type\":\"ReadAction\",\"target\":[\"https:\/\/www.fiemg.com.br\/fiemg\/noticias\/senai-realiza-formatura-do-programa-trilhas-de-futuro-iv-em-juiz-de-fora\/\"]}]},{\"@type\":\"ImageObject\",\"inLanguage\":\"pt-BR\",\"@id\":\"https:\/\/www.fiemg.com.br\/fiemg\/noticias\/senai-realiza-formatura-do-programa-trilhas-de-futuro-iv-em-juiz-de-fora\/#primaryimage\",\"url\":\"https:\/\/www.fiemg.com.br\/fiemg\/wp-content\/uploads\/sites\/10\/2025\/08\/Fornmatura-Trilhas-JFN-5-corte.png\",\"contentUrl\":\"https:\/\/www.fiemg.com.br\/fiemg\/wp-content\/uploads\/sites\/10\/2025\/08\/Fornmatura-Trilhas-JFN-5-corte.png\",\"width\":1301,\"height\":1202},{\"@type\":\"BreadcrumbList\",\"@id\":\"https:\/\/www.fiemg.com.br\/fiemg\/noticias\/senai-realiza-formatura-do-programa-trilhas-de-futuro-iv-em-juiz-de-fora\/#breadcrumb\",\"itemListElement\":[{\"@type\":\"ListItem\",\"position\":1,\"name\":\"In\u00edcio\",\"item\":\"https:\/\/www.fiemg.com.br\/fiemg\/\"},{\"@type\":\"ListItem\",\"position\":2,\"name\":\"SENAI realiza formatura do Programa Trilhas de Futuro IV em Juiz de Fora\"}]},{\"@type\":\"WebSite\",\"@id\":\"https:\/\/www.fiemg.com.br\/fiemg\/#website\",\"url\":\"https:\/\/www.fiemg.com.br\/fiemg\/\",\"name\":\"FIEMG\",\"description\":\"Federa\u00e7\u00e3o das Ind\u00fastrias do Estado de Minas Gerais\",\"publisher\":{\"@id\":\"https:\/\/www.fiemg.com.br\/fiemg\/#organization\"},\"potentialAction\":[{\"@type\":\"SearchAction\",\"target\":{\"@type\":\"EntryPoint\",\"urlTemplate\":\"https:\/\/www.fiemg.com.br\/fiemg\/?s={search_term_string}\"},\"query-input\":{\"@type\":\"PropertyValueSpecification\",\"valueRequired\":true,\"valueName\":\"search_term_string\"}}],\"inLanguage\":\"pt-BR\"},{\"@type\":\"Organization\",\"@id\":\"https:\/\/www.fiemg.com.br\/fiemg\/#organization\",\"name\":\"FIEMG\",\"url\":\"https:\/\/www.fiemg.com.br\/fiemg\/\",\"logo\":{\"@type\":\"ImageObject\",\"inLanguage\":\"pt-BR\",\"@id\":\"https:\/\/www.fiemg.com.br\/fiemg\/#\/schema\/logo\/image\/\",\"url\":\"https:\/\/www.fiemg.com.br\/fiemg\/wp-content\/uploads\/sites\/10\/2023\/02\/fiemg_branco.svg\",\"contentUrl\":\"https:\/\/www.fiemg.com.br\/fiemg\/wp-content\/uploads\/sites\/10\/2023\/02\/fiemg_branco.svg\",\"width\":561,\"height\":147,\"caption\":\"FIEMG\"},\"image\":{\"@id\":\"https:\/\/www.fiemg.com.br\/fiemg\/#\/schema\/logo\/image\/\"}}]}<\/script>\n<!-- \/ Yoast SEO plugin. -->","yoast_head_json":{"title":"SENAI realiza formatura do Programa Trilhas de Futuro IV em Juiz de Fora - FIEMG","robots":{"index":"index","follow":"follow","max-snippet":"max-snippet:-1","max-image-preview":"max-image-preview:large","max-video-preview":"max-video-preview:-1"},"canonical":"https:\/\/www.fiemg.com.br\/fiemg\/noticias\/senai-realiza-formatura-do-programa-trilhas-de-futuro-iv-em-juiz-de-fora\/","og_locale":"pt_BR","og_type":"article","og_title":"SENAI realiza formatura do Programa Trilhas de Futuro IV em Juiz de Fora - FIEMG","og_description":"O SENAI Jos\u00e9 Fagundes Netto realizou, em Juiz de Fora, a formatura da 4\u00aa edi\u00e7\u00e3o do Programa Trilhas de Futuro. O evento aconteceu nos dias 07 e 08 de agosto, no audit\u00f3rio da Escola SESI Granbery, e reuniu familiares, amigos, professores e autoridades para celebrar a conquista dos alunos. A divis\u00e3o da cerim\u00f4nia em duas [&hellip;]","og_url":"https:\/\/www.fiemg.com.br\/fiemg\/noticias\/senai-realiza-formatura-do-programa-trilhas-de-futuro-iv-em-juiz-de-fora\/","og_site_name":"FIEMG","article_modified_time":"2025-08-21T16:38:27+00:00","og_image":[{"width":1301,"height":1202,"url":"https:\/\/www.fiemg.com.br\/fiemg\/wp-content\/uploads\/sites\/10\/2025\/08\/Fornmatura-Trilhas-JFN-5-corte.png","type":"image\/png"}],"twitter_card":"summary_large_image","twitter_misc":{"Est. tempo de leitura":"4 minutos"},"schema":{"@context":"https:\/\/schema.org","@graph":[{"@type":"WebPage","@id":"https:\/\/www.fiemg.com.br\/fiemg\/noticias\/senai-realiza-formatura-do-programa-trilhas-de-futuro-iv-em-juiz-de-fora\/","url":"https:\/\/www.fiemg.com.br\/fiemg\/noticias\/senai-realiza-formatura-do-programa-trilhas-de-futuro-iv-em-juiz-de-fora\/","name":"SENAI realiza formatura do Programa Trilhas de Futuro IV em Juiz de Fora - FIEMG","isPartOf":{"@id":"https:\/\/www.fiemg.com.br\/fiemg\/#website"},"primaryImageOfPage":{"@id":"https:\/\/www.fiemg.com.br\/fiemg\/noticias\/senai-realiza-formatura-do-programa-trilhas-de-futuro-iv-em-juiz-de-fora\/#primaryimage"},"image":{"@id":"https:\/\/www.fiemg.com.br\/fiemg\/noticias\/senai-realiza-formatura-do-programa-trilhas-de-futuro-iv-em-juiz-de-fora\/#primaryimage"},"thumbnailUrl":"https:\/\/www.fiemg.com.br\/fiemg\/wp-content\/uploads\/sites\/10\/2025\/08\/Fornmatura-Trilhas-JFN-5-corte.png","datePublished":"2025-08-21T14:54:40+00:00","dateModified":"2025-08-21T16:38:27+00:00","breadcrumb":{"@id":"https:\/\/www.fiemg.com.br\/fiemg\/noticias\/senai-realiza-formatura-do-programa-trilhas-de-futuro-iv-em-juiz-de-fora\/#breadcrumb"},"inLanguage":"pt-BR","potentialAction":[{"@type":"ReadAction","target":["https:\/\/www.fiemg.com.br\/fiemg\/noticias\/senai-realiza-formatura-do-programa-trilhas-de-futuro-iv-em-juiz-de-fora\/"]}]},{"@type":"ImageObject","inLanguage":"pt-BR","@id":"https:\/\/www.fiemg.com.br\/fiemg\/noticias\/senai-realiza-formatura-do-programa-trilhas-de-futuro-iv-em-juiz-de-fora\/#primaryimage","url":"https:\/\/www.fiemg.com.br\/fiemg\/wp-content\/uploads\/sites\/10\/2025\/08\/Fornmatura-Trilhas-JFN-5-corte.png","contentUrl":"https:\/\/www.fiemg.com.br\/fiemg\/wp-content\/uploads\/sites\/10\/2025\/08\/Fornmatura-Trilhas-JFN-5-corte.png","width":1301,"height":1202},{"@type":"BreadcrumbList","@id":"https:\/\/www.fiemg.com.br\/fiemg\/noticias\/senai-realiza-formatura-do-programa-trilhas-de-futuro-iv-em-juiz-de-fora\/#breadcrumb","itemListElement":[{"@type":"ListItem","position":1,"name":"In\u00edcio","item":"https:\/\/www.fiemg.com.br\/fiemg\/"},{"@type":"ListItem","position":2,"name":"SENAI realiza formatura do Programa Trilhas de Futuro IV em Juiz de Fora"}]},{"@type":"WebSite","@id":"https:\/\/www.fiemg.com.br\/fiemg\/#website","url":"https:\/\/www.fiemg.com.br\/fiemg\/","name":"FIEMG","description":"Federa\u00e7\u00e3o das Ind\u00fastrias do Estado de Minas Gerais","publisher":{"@id":"https:\/\/www.fiemg.com.br\/fiemg\/#organization"},"potentialAction":[{"@type":"SearchAction","target":{"@type":"EntryPoint","urlTemplate":"https:\/\/www.fiemg.com.br\/fiemg\/?s={search_term_string}"},"query-input":{"@type":"PropertyValueSpecification","valueRequired":true,"valueName":"search_term_string"}}],"inLanguage":"pt-BR"},{"@type":"Organization","@id":"https:\/\/www.fiemg.com.br\/fiemg\/#organization","name":"FIEMG","url":"https:\/\/www.fiemg.com.br\/fiemg\/","logo":{"@type":"ImageObject","inLanguage":"pt-BR","@id":"https:\/\/www.fiemg.com.br\/fiemg\/#\/schema\/logo\/image\/","url":"https:\/\/www.fiemg.com.br\/fiemg\/wp-content\/uploads\/sites\/10\/2023\/02\/fiemg_branco.svg","contentUrl":"https:\/\/www.fiemg.com.br\/fiemg\/wp-content\/uploads\/sites\/10\/2023\/02\/fiemg_branco.svg","width":561,"height":147,"caption":"FIEMG"},"image":{"@id":"https:\/\/www.fiemg.com.br\/fiemg\/#\/schema\/logo\/image\/"}}]}},"_links":{"self":[{"href":"https:\/\/www.fiemg.com.br\/fiemg\/wp-json\/wp\/v2\/noticias\/9388","targetHints":{"allow":["GET"]}}],"collection":[{"href":"https:\/\/www.fiemg.com.br\/fiemg\/wp-json\/wp\/v2\/noticias"}],"about":[{"href":"https:\/\/www.fiemg.com.br\/fiemg\/wp-json\/wp\/v2\/types\/noticias"}],"wp:featuredmedia":[{"embeddable":true,"href":"https:\/\/www.fiemg.com.br\/fiemg\/wp-json\/wp\/v2\/media\/9389"}],"wp:attachment":[{"href":"https:\/\/www.fiemg.com.br\/fiemg\/wp-json\/wp\/v2\/media?parent=9388"}],"wp:term":[{"taxonomy":"category","embeddable":true,"href":"https:\/\/www.fiemg.com.br\/fiemg\/wp-json\/wp\/v2\/categories?post=9388"},{"taxonomy":"post_tag","embeddable":true,"href":"https:\/\/www.fiemg.com.br\/fiemg\/wp-json\/wp\/v2\/tags?post=9388"}],"curies":[{"name":"wp","href":"https:\/\/api.w.org\/{rel}","templated":true}]}}