{"id":9407,"date":"2025-08-21T17:43:33","date_gmt":"2025-08-21T20:43:33","guid":{"rendered":"https:\/\/www.fiemg.com.br\/fiemg\/noticias\/senai-reune-representantes-de-todo-o-pais-no-1o-encontro-de-interlocutores-da-aprendizagem-industrial\/"},"modified":"2025-08-22T13:50:15","modified_gmt":"2025-08-22T16:50:15","slug":"senai-reune-representantes-de-todo-o-pais-no-1o-encontro-de-interlocutores-da-aprendizagem-industrial","status":"publish","type":"noticias","link":"https:\/\/www.fiemg.com.br\/fiemg\/noticias\/senai-reune-representantes-de-todo-o-pais-no-1o-encontro-de-interlocutores-da-aprendizagem-industrial\/","title":{"rendered":"SENAI re\u00fane representantes de todo o pa\u00eds no 1\u00ba Encontro de Interlocutores da Aprendizagem Industrial"},"content":{"rendered":"\n<p><\/p>\n\n\n\n<p>Nos dias 20 e 21 de agosto, o SENAI Minas Gerais recebeu o 1\u00ba Encontro de Interlocutores da Aprendizagem Industrial, promovido pelo Departamento Nacional do SENAI e sediado pelo SENAI Minas Gerais. O evento reuniu cerca de 40 representantes dos Departamentos Regionais de todo o pa\u00eds que atuam diretamente como interlocutores do programa.<\/p>\n\n\n\n<p>O encontro teve como objetivo fortalecer a Aprendizagem Industrial em \u00e2mbito nacional, promovendo alinhamento de estrat\u00e9gias, troca de experi\u00eancias e a constru\u00e7\u00e3o de solu\u00e7\u00f5es para ampliar o alcance do programa em todo o Brasil.<\/p>\n\n\n\n<p>Segundo Felipe Morgado, superintendente de Educa\u00e7\u00e3o Profissional e Superior do SENAI (Departamento Nacional), a aprendizagem representa o que h\u00e1 de mais avan\u00e7ado na Educa\u00e7\u00e3o Profissional: \u201cA aprendizagem \u00e9 o estado da arte da Educa\u00e7\u00e3o Profissional, porque al\u00e9m de formar o jovem, oferece um trabalho. E reunir todos os estados para troca de experi\u00eancias e alinhamentos visa ampliar a oferta no Brasil. Al\u00e9m de conectar os jovens a oportunidades de emprego, quando realizada em parceria com a ind\u00fastria, a aprendizagem possibilita a eleva\u00e7\u00e3o da competitividade, da transfer\u00eancia de inova\u00e7\u00e3o e tecnologia, impulsionando a ind\u00fastria e contribuindo para o desenvolvimento social\u201d, disse.<\/p>\n\n\n\n<p>A programa\u00e7\u00e3o tamb\u00e9m contou com a participa\u00e7\u00e3o de empresas parceiras, como Bosch e TSEA Energia, que apresentaram cases de sucesso sobre a execu\u00e7\u00e3o do programa em seus quadros. Ambas destacaram como o modelo de atendimento customizado do SENAI \u00e0s empresas tem impactado diretamente na reten\u00e7\u00e3o de talentos e na constru\u00e7\u00e3o de trajet\u00f3rias profissionais mais s\u00f3lidas para os jovens aprendizes.<\/p>\n\n\n\n<p>\u201cA aprendizagem, al\u00e9m de conectar os jovens a oportunidades de emprego, quando realizada em parceria com a ind\u00fastria, possibilita a eleva\u00e7\u00e3o de sua competitividade, da transfer\u00eancia de inova\u00e7\u00e3o e tecnologia, impulsionando a ind\u00fastria e contribuindo para o desenvolvimento social\u201d, destacou o chefe de Treinamento da Bosch, Fabio Silveira.<\/p>\n\n\n\n<p>J\u00e1 a coordenadora de Atra\u00e7\u00e3o e Desenvolvimento da TSEA, Flaviane Ambr\u00f3sio,&nbsp; ressaltou o qu\u00e3o enriquecedora foi a experi\u00eancia. \u201cReafirmamos aqui nosso compromisso em investir no desenvolvimento de talentos e na abertura de caminhos para jovens que desejam construir uma carreira no setor industrial&nbsp; especialmente em um cen\u00e1rio de escassez de m\u00e3o de obra qualificada. Sentimos orgulho em fazer parte dessa jornada, pois acreditamos no poder transformador da educa\u00e7\u00e3o e na for\u00e7a da parceria entre empresa e institui\u00e7\u00e3o de ensino para preparar profissionais que far\u00e3o a diferen\u00e7a no futuro da ind\u00fastria&#8221;, concluiu.<\/p>\n\n\n\n<p>De acordo com Ricardo Aloysio, gerente de Educa\u00e7\u00e3o e Tecnologia do SENAI MG, o encontro reflete o reconhecimento da atua\u00e7\u00e3o mineira no tema. \u201cO evento contou com a participa\u00e7\u00e3o dos 27 estados da Federa\u00e7\u00e3o mais o Departamento Nacional, e Minas foi escolhido para sedi\u00e1-lo justamente pelos resultados do nosso programa de aprendizagem industrial, que \u00e9 refer\u00eancia para v\u00e1rios outros estados. O objetivo foi nivelar informa\u00e7\u00f5es sobre as novas resolu\u00e7\u00f5es e indicadores da aprendizagem, al\u00e9m de tra\u00e7ar estrat\u00e9gias para melhor atender a ind\u00fastria. Tivemos tamb\u00e9m uma rica troca de boas pr\u00e1ticas, que ocupou boa parte da programa\u00e7\u00e3o\u201d, disse.<\/p>\n\n\n\n<p>Com a realiza\u00e7\u00e3o do encontro, o SENAI reafirma seu compromisso de aproximar educa\u00e7\u00e3o e ind\u00fastria, garantindo que a Aprendizagem Industrial siga como um instrumento essencial para o desenvolvimento social e para a forma\u00e7\u00e3o de m\u00e3o de obra qualificada em todo o pa\u00eds.<\/p>\n\n\n\n<p><em>Tha\u00eds Mota<\/em><br><strong>Imprensa FIEMG<\/strong><\/p>\n","protected":false},"featured_media":9408,"template":"","categories":[],"tags":[1473,100,1474],"class_list":["post-9407","noticias","type-noticias","status-publish","has-post-thumbnail","hentry","tag-1o-encontro-de-interlocutores-da-aprendizagem-industrial","tag-senai","tag-tsea-energia"],"acf":[],"yoast_head":"<!-- This site is optimized with the Yoast SEO plugin v26.2 - https:\/\/yoast.com\/wordpress\/plugins\/seo\/ -->\n<title>SENAI re\u00fane representantes de todo o pa\u00eds no 1\u00ba Encontro de Interlocutores da Aprendizagem Industrial - FIEMG<\/title>\n<meta name=\"description\" content=\"Encontro teve como objetivo fortalecer a Aprendizagem Industrial em \u00e2mbito nacional, promovendo alinhamento de estrat\u00e9gias e troca de experi\u00eancias\u00a0\" \/>\n<meta name=\"robots\" content=\"index, follow, max-snippet:-1, max-image-preview:large, max-video-preview:-1\" \/>\n<link rel=\"canonical\" href=\"https:\/\/www.fiemg.com.br\/fiemg\/noticias\/senai-reune-representantes-de-todo-o-pais-no-1o-encontro-de-interlocutores-da-aprendizagem-industrial\/\" \/>\n<meta property=\"og:locale\" content=\"pt_BR\" \/>\n<meta property=\"og:type\" content=\"article\" \/>\n<meta property=\"og:title\" content=\"SENAI re\u00fane representantes de todo o pa\u00eds no 1\u00ba Encontro de Interlocutores da Aprendizagem Industrial - FIEMG\" \/>\n<meta property=\"og:description\" content=\"Encontro teve como objetivo fortalecer a Aprendizagem Industrial em \u00e2mbito nacional, promovendo alinhamento de estrat\u00e9gias e troca de experi\u00eancias\u00a0\" \/>\n<meta property=\"og:url\" content=\"https:\/\/www.fiemg.com.br\/fiemg\/noticias\/senai-reune-representantes-de-todo-o-pais-no-1o-encontro-de-interlocutores-da-aprendizagem-industrial\/\" \/>\n<meta property=\"og:site_name\" content=\"FIEMG\" \/>\n<meta property=\"article:modified_time\" content=\"2025-08-22T16:50:15+00:00\" \/>\n<meta property=\"og:image\" content=\"https:\/\/www.fiemg.com.br\/fiemg\/wp-content\/uploads\/sites\/10\/2025\/08\/Senai-Interlocutores-1.jpg\" \/>\n\t<meta property=\"og:image:width\" content=\"512\" \/>\n\t<meta property=\"og:image:height\" content=\"512\" \/>\n\t<meta property=\"og:image:type\" content=\"image\/jpeg\" \/>\n<meta name=\"twitter:card\" content=\"summary_large_image\" \/>\n<meta name=\"twitter:label1\" content=\"Est. tempo de leitura\" \/>\n\t<meta name=\"twitter:data1\" content=\"4 minutos\" \/>\n<script type=\"application\/ld+json\" class=\"yoast-schema-graph\">{\"@context\":\"https:\/\/schema.org\",\"@graph\":[{\"@type\":\"WebPage\",\"@id\":\"https:\/\/www.fiemg.com.br\/fiemg\/noticias\/senai-reune-representantes-de-todo-o-pais-no-1o-encontro-de-interlocutores-da-aprendizagem-industrial\/\",\"url\":\"https:\/\/www.fiemg.com.br\/fiemg\/noticias\/senai-reune-representantes-de-todo-o-pais-no-1o-encontro-de-interlocutores-da-aprendizagem-industrial\/\",\"name\":\"SENAI re\u00fane representantes de todo o pa\u00eds no 1\u00ba Encontro de Interlocutores da Aprendizagem Industrial - FIEMG\",\"isPartOf\":{\"@id\":\"https:\/\/www.fiemg.com.br\/fiemg\/#website\"},\"primaryImageOfPage\":{\"@id\":\"https:\/\/www.fiemg.com.br\/fiemg\/noticias\/senai-reune-representantes-de-todo-o-pais-no-1o-encontro-de-interlocutores-da-aprendizagem-industrial\/#primaryimage\"},\"image\":{\"@id\":\"https:\/\/www.fiemg.com.br\/fiemg\/noticias\/senai-reune-representantes-de-todo-o-pais-no-1o-encontro-de-interlocutores-da-aprendizagem-industrial\/#primaryimage\"},\"thumbnailUrl\":\"https:\/\/www.fiemg.com.br\/fiemg\/wp-content\/uploads\/sites\/10\/2025\/08\/Senai-Interlocutores-1.jpg\",\"datePublished\":\"2025-08-21T20:43:33+00:00\",\"dateModified\":\"2025-08-22T16:50:15+00:00\",\"description\":\"Encontro teve como objetivo fortalecer a Aprendizagem Industrial em \u00e2mbito nacional, promovendo alinhamento de estrat\u00e9gias e troca de experi\u00eancias\u00a0\",\"breadcrumb\":{\"@id\":\"https:\/\/www.fiemg.com.br\/fiemg\/noticias\/senai-reune-representantes-de-todo-o-pais-no-1o-encontro-de-interlocutores-da-aprendizagem-industrial\/#breadcrumb\"},\"inLanguage\":\"pt-BR\",\"potentialAction\":[{\"@type\":\"ReadAction\",\"target\":[\"https:\/\/www.fiemg.com.br\/fiemg\/noticias\/senai-reune-representantes-de-todo-o-pais-no-1o-encontro-de-interlocutores-da-aprendizagem-industrial\/\"]}]},{\"@type\":\"ImageObject\",\"inLanguage\":\"pt-BR\",\"@id\":\"https:\/\/www.fiemg.com.br\/fiemg\/noticias\/senai-reune-representantes-de-todo-o-pais-no-1o-encontro-de-interlocutores-da-aprendizagem-industrial\/#primaryimage\",\"url\":\"https:\/\/www.fiemg.com.br\/fiemg\/wp-content\/uploads\/sites\/10\/2025\/08\/Senai-Interlocutores-1.jpg\",\"contentUrl\":\"https:\/\/www.fiemg.com.br\/fiemg\/wp-content\/uploads\/sites\/10\/2025\/08\/Senai-Interlocutores-1.jpg\",\"width\":512,\"height\":512},{\"@type\":\"BreadcrumbList\",\"@id\":\"https:\/\/www.fiemg.com.br\/fiemg\/noticias\/senai-reune-representantes-de-todo-o-pais-no-1o-encontro-de-interlocutores-da-aprendizagem-industrial\/#breadcrumb\",\"itemListElement\":[{\"@type\":\"ListItem\",\"position\":1,\"name\":\"In\u00edcio\",\"item\":\"https:\/\/www.fiemg.com.br\/fiemg\/\"},{\"@type\":\"ListItem\",\"position\":2,\"name\":\"SENAI re\u00fane representantes de todo o pa\u00eds no 1\u00ba Encontro de Interlocutores da Aprendizagem Industrial\"}]},{\"@type\":\"WebSite\",\"@id\":\"https:\/\/www.fiemg.com.br\/fiemg\/#website\",\"url\":\"https:\/\/www.fiemg.com.br\/fiemg\/\",\"name\":\"FIEMG\",\"description\":\"Federa\u00e7\u00e3o das Ind\u00fastrias do Estado de Minas Gerais\",\"publisher\":{\"@id\":\"https:\/\/www.fiemg.com.br\/fiemg\/#organization\"},\"potentialAction\":[{\"@type\":\"SearchAction\",\"target\":{\"@type\":\"EntryPoint\",\"urlTemplate\":\"https:\/\/www.fiemg.com.br\/fiemg\/?s={search_term_string}\"},\"query-input\":{\"@type\":\"PropertyValueSpecification\",\"valueRequired\":true,\"valueName\":\"search_term_string\"}}],\"inLanguage\":\"pt-BR\"},{\"@type\":\"Organization\",\"@id\":\"https:\/\/www.fiemg.com.br\/fiemg\/#organization\",\"name\":\"FIEMG\",\"url\":\"https:\/\/www.fiemg.com.br\/fiemg\/\",\"logo\":{\"@type\":\"ImageObject\",\"inLanguage\":\"pt-BR\",\"@id\":\"https:\/\/www.fiemg.com.br\/fiemg\/#\/schema\/logo\/image\/\",\"url\":\"https:\/\/www.fiemg.com.br\/fiemg\/wp-content\/uploads\/sites\/10\/2023\/02\/fiemg_branco.svg\",\"contentUrl\":\"https:\/\/www.fiemg.com.br\/fiemg\/wp-content\/uploads\/sites\/10\/2023\/02\/fiemg_branco.svg\",\"width\":561,\"height\":147,\"caption\":\"FIEMG\"},\"image\":{\"@id\":\"https:\/\/www.fiemg.com.br\/fiemg\/#\/schema\/logo\/image\/\"}}]}<\/script>\n<!-- \/ Yoast SEO plugin. -->","yoast_head_json":{"title":"SENAI re\u00fane representantes de todo o pa\u00eds no 1\u00ba Encontro de Interlocutores da Aprendizagem Industrial - FIEMG","description":"Encontro teve como objetivo fortalecer a Aprendizagem Industrial em \u00e2mbito nacional, promovendo alinhamento de estrat\u00e9gias e troca de experi\u00eancias\u00a0","robots":{"index":"index","follow":"follow","max-snippet":"max-snippet:-1","max-image-preview":"max-image-preview:large","max-video-preview":"max-video-preview:-1"},"canonical":"https:\/\/www.fiemg.com.br\/fiemg\/noticias\/senai-reune-representantes-de-todo-o-pais-no-1o-encontro-de-interlocutores-da-aprendizagem-industrial\/","og_locale":"pt_BR","og_type":"article","og_title":"SENAI re\u00fane representantes de todo o pa\u00eds no 1\u00ba Encontro de Interlocutores da Aprendizagem Industrial - FIEMG","og_description":"Encontro teve como objetivo fortalecer a Aprendizagem Industrial em \u00e2mbito nacional, promovendo alinhamento de estrat\u00e9gias e troca de experi\u00eancias\u00a0","og_url":"https:\/\/www.fiemg.com.br\/fiemg\/noticias\/senai-reune-representantes-de-todo-o-pais-no-1o-encontro-de-interlocutores-da-aprendizagem-industrial\/","og_site_name":"FIEMG","article_modified_time":"2025-08-22T16:50:15+00:00","og_image":[{"width":512,"height":512,"url":"https:\/\/www.fiemg.com.br\/fiemg\/wp-content\/uploads\/sites\/10\/2025\/08\/Senai-Interlocutores-1.jpg","type":"image\/jpeg"}],"twitter_card":"summary_large_image","twitter_misc":{"Est. tempo de leitura":"4 minutos"},"schema":{"@context":"https:\/\/schema.org","@graph":[{"@type":"WebPage","@id":"https:\/\/www.fiemg.com.br\/fiemg\/noticias\/senai-reune-representantes-de-todo-o-pais-no-1o-encontro-de-interlocutores-da-aprendizagem-industrial\/","url":"https:\/\/www.fiemg.com.br\/fiemg\/noticias\/senai-reune-representantes-de-todo-o-pais-no-1o-encontro-de-interlocutores-da-aprendizagem-industrial\/","name":"SENAI re\u00fane representantes de todo o pa\u00eds no 1\u00ba Encontro de Interlocutores da Aprendizagem Industrial - FIEMG","isPartOf":{"@id":"https:\/\/www.fiemg.com.br\/fiemg\/#website"},"primaryImageOfPage":{"@id":"https:\/\/www.fiemg.com.br\/fiemg\/noticias\/senai-reune-representantes-de-todo-o-pais-no-1o-encontro-de-interlocutores-da-aprendizagem-industrial\/#primaryimage"},"image":{"@id":"https:\/\/www.fiemg.com.br\/fiemg\/noticias\/senai-reune-representantes-de-todo-o-pais-no-1o-encontro-de-interlocutores-da-aprendizagem-industrial\/#primaryimage"},"thumbnailUrl":"https:\/\/www.fiemg.com.br\/fiemg\/wp-content\/uploads\/sites\/10\/2025\/08\/Senai-Interlocutores-1.jpg","datePublished":"2025-08-21T20:43:33+00:00","dateModified":"2025-08-22T16:50:15+00:00","description":"Encontro teve como objetivo fortalecer a Aprendizagem Industrial em \u00e2mbito nacional, promovendo alinhamento de estrat\u00e9gias e troca de experi\u00eancias\u00a0","breadcrumb":{"@id":"https:\/\/www.fiemg.com.br\/fiemg\/noticias\/senai-reune-representantes-de-todo-o-pais-no-1o-encontro-de-interlocutores-da-aprendizagem-industrial\/#breadcrumb"},"inLanguage":"pt-BR","potentialAction":[{"@type":"ReadAction","target":["https:\/\/www.fiemg.com.br\/fiemg\/noticias\/senai-reune-representantes-de-todo-o-pais-no-1o-encontro-de-interlocutores-da-aprendizagem-industrial\/"]}]},{"@type":"ImageObject","inLanguage":"pt-BR","@id":"https:\/\/www.fiemg.com.br\/fiemg\/noticias\/senai-reune-representantes-de-todo-o-pais-no-1o-encontro-de-interlocutores-da-aprendizagem-industrial\/#primaryimage","url":"https:\/\/www.fiemg.com.br\/fiemg\/wp-content\/uploads\/sites\/10\/2025\/08\/Senai-Interlocutores-1.jpg","contentUrl":"https:\/\/www.fiemg.com.br\/fiemg\/wp-content\/uploads\/sites\/10\/2025\/08\/Senai-Interlocutores-1.jpg","width":512,"height":512},{"@type":"BreadcrumbList","@id":"https:\/\/www.fiemg.com.br\/fiemg\/noticias\/senai-reune-representantes-de-todo-o-pais-no-1o-encontro-de-interlocutores-da-aprendizagem-industrial\/#breadcrumb","itemListElement":[{"@type":"ListItem","position":1,"name":"In\u00edcio","item":"https:\/\/www.fiemg.com.br\/fiemg\/"},{"@type":"ListItem","position":2,"name":"SENAI re\u00fane representantes de todo o pa\u00eds no 1\u00ba Encontro de Interlocutores da Aprendizagem Industrial"}]},{"@type":"WebSite","@id":"https:\/\/www.fiemg.com.br\/fiemg\/#website","url":"https:\/\/www.fiemg.com.br\/fiemg\/","name":"FIEMG","description":"Federa\u00e7\u00e3o das Ind\u00fastrias do Estado de Minas Gerais","publisher":{"@id":"https:\/\/www.fiemg.com.br\/fiemg\/#organization"},"potentialAction":[{"@type":"SearchAction","target":{"@type":"EntryPoint","urlTemplate":"https:\/\/www.fiemg.com.br\/fiemg\/?s={search_term_string}"},"query-input":{"@type":"PropertyValueSpecification","valueRequired":true,"valueName":"search_term_string"}}],"inLanguage":"pt-BR"},{"@type":"Organization","@id":"https:\/\/www.fiemg.com.br\/fiemg\/#organization","name":"FIEMG","url":"https:\/\/www.fiemg.com.br\/fiemg\/","logo":{"@type":"ImageObject","inLanguage":"pt-BR","@id":"https:\/\/www.fiemg.com.br\/fiemg\/#\/schema\/logo\/image\/","url":"https:\/\/www.fiemg.com.br\/fiemg\/wp-content\/uploads\/sites\/10\/2023\/02\/fiemg_branco.svg","contentUrl":"https:\/\/www.fiemg.com.br\/fiemg\/wp-content\/uploads\/sites\/10\/2023\/02\/fiemg_branco.svg","width":561,"height":147,"caption":"FIEMG"},"image":{"@id":"https:\/\/www.fiemg.com.br\/fiemg\/#\/schema\/logo\/image\/"}}]}},"_links":{"self":[{"href":"https:\/\/www.fiemg.com.br\/fiemg\/wp-json\/wp\/v2\/noticias\/9407","targetHints":{"allow":["GET"]}}],"collection":[{"href":"https:\/\/www.fiemg.com.br\/fiemg\/wp-json\/wp\/v2\/noticias"}],"about":[{"href":"https:\/\/www.fiemg.com.br\/fiemg\/wp-json\/wp\/v2\/types\/noticias"}],"wp:featuredmedia":[{"embeddable":true,"href":"https:\/\/www.fiemg.com.br\/fiemg\/wp-json\/wp\/v2\/media\/9408"}],"wp:attachment":[{"href":"https:\/\/www.fiemg.com.br\/fiemg\/wp-json\/wp\/v2\/media?parent=9407"}],"wp:term":[{"taxonomy":"category","embeddable":true,"href":"https:\/\/www.fiemg.com.br\/fiemg\/wp-json\/wp\/v2\/categories?post=9407"},{"taxonomy":"post_tag","embeddable":true,"href":"https:\/\/www.fiemg.com.br\/fiemg\/wp-json\/wp\/v2\/tags?post=9407"}],"curies":[{"name":"wp","href":"https:\/\/api.w.org\/{rel}","templated":true}]}}