{"id":9458,"date":"2025-08-27T10:19:57","date_gmt":"2025-08-27T13:19:57","guid":{"rendered":"https:\/\/www.fiemg.com.br\/fiemg\/noticias\/sesi-mg-apresenta-solucoes-educacionais-para-38-municipios-da-regiao\/"},"modified":"2025-08-27T10:57:40","modified_gmt":"2025-08-27T13:57:40","slug":"sesi-mg-apresenta-solucoes-educacionais-para-38-municipios-da-regiao","status":"publish","type":"noticias","link":"https:\/\/www.fiemg.com.br\/fiemg\/noticias\/sesi-mg-apresenta-solucoes-educacionais-para-38-municipios-da-regiao\/","title":{"rendered":"SESI MG apresenta solu\u00e7\u00f5es educacionais para 38 munic\u00edpios da regi\u00e3o"},"content":{"rendered":"\n<p>A FIEMG Regional Vale do A\u00e7o e o SESI MG receberam nessa ter\u00e7a-feira, 26\/08, na sede da entidade, em Ipatinga, prefeitos e secret\u00e1rios de educa\u00e7\u00e3o de 38 munic\u00edpios para apresentar o portf\u00f3lio de solu\u00e7\u00f5es educacionais voltadas \u00e0 melhoria da rede p\u00fablica municipal de ensino.<\/p>\n\n\n\n<p>Entre as iniciativas apresentadas, o Sistema de Ensino SESI MG foi um dos destaques. Estruturado para atender \u00e0s demandas da educa\u00e7\u00e3o b\u00e1sica, o sistema oferece material did\u00e1tico alinhado \u00e0 Base Nacional Comum Curricular (BNCC), consultoria pedag\u00f3gica cont\u00ednua e trilhas formativas para professores, garantindo suporte completo para gestores, coordenadores e docentes na condu\u00e7\u00e3o de suas redes.<\/p>\n\n\n\n<p>Outra solu\u00e7\u00e3o apresentada foi a Rob\u00f3tica Educacional, que estimula o aprendizado de forma pr\u00e1tica e interdisciplinar, desenvolvendo nos alunos habilidades como criatividade, racioc\u00ednio l\u00f3gico, resolu\u00e7\u00e3o de problemas e trabalho em equipe. A metodologia, j\u00e1 aplicada em diversas escolas do SESI e tamb\u00e9m da rede p\u00fablica, tem mostrado resultados significativos no engajamento dos estudantes e na prepara\u00e7\u00e3o para os desafios do futuro.<\/p>\n\n\n\n<p>Fl\u00e1via Bento, gerente de Educa\u00e7\u00e3o B\u00e1sica do SESI MG, destacou o papel da parceria com os munic\u00edpios. \u201cNosso objetivo \u00e9 oferecer ferramentas que auxiliem as prefeituras a enfrentarem os desafios da educa\u00e7\u00e3o p\u00fablica, sempre com foco na aprendizagem dos estudantes e na valoriza\u00e7\u00e3o dos professores<em>\u201d<\/em>, pontuou.<\/p>\n\n\n\n<p>Essas iniciativas se somam \u00e0s orienta\u00e7\u00f5es t\u00e9cnicas para capta\u00e7\u00e3o de recursos federais e demais consultorias voltadas \u00e0 gest\u00e3o educacional, compondo um portf\u00f3lio de solu\u00e7\u00f5es que busca apoiar os munic\u00edpios na melhoria dos indicadores de aprendizagem e na valoriza\u00e7\u00e3o dos profissionais da educa\u00e7\u00e3o.<\/p>\n\n\n\n<p>Na oportunidade, o Presidente da FIEMG Vale do A\u00e7o, Jo\u00e3o Batista Alves, refor\u00e7ou a atua\u00e7\u00e3o do Agente de Relacionamento com Mercado, Fernando Almeida, respons\u00e1vel por fazer a interlocu\u00e7\u00e3o com as prefeituras da regi\u00e3o e colocou a entidade \u00e0 disposi\u00e7\u00e3o dos \u00f3rg\u00e3os p\u00fablicos.<\/p>\n\n\n\n<p>\u201cAcreditamos que a educa\u00e7\u00e3o \u00e9 o alicerce para um mundo mais consciente, justo, inovador, sustent\u00e1vel e com mais oportunidades para todos e a Editora SESI busca n\u00e3o apenas educar, mas tamb\u00e9m inspirar e transformar vidas. Que possamos disseminar essas solu\u00e7\u00f5es e oferecer \u00e0s redes municipais uma gest\u00e3o p\u00fablica inovadora, com servi\u00e7os educacionais capazes de gerar resultados concretos\u201d, disse.<\/p>\n","protected":false},"featured_media":9459,"template":"","categories":[],"tags":[],"class_list":["post-9458","noticias","type-noticias","status-publish","has-post-thumbnail","hentry"],"acf":[],"yoast_head":"<!-- This site is optimized with the Yoast SEO plugin v26.2 - https:\/\/yoast.com\/wordpress\/plugins\/seo\/ -->\n<title>SESI MG apresenta solu\u00e7\u00f5es educacionais para 38 munic\u00edpios da regi\u00e3o - FIEMG<\/title>\n<meta name=\"robots\" content=\"index, follow, max-snippet:-1, max-image-preview:large, max-video-preview:-1\" \/>\n<link rel=\"canonical\" href=\"https:\/\/www.fiemg.com.br\/fiemg\/noticias\/sesi-mg-apresenta-solucoes-educacionais-para-38-municipios-da-regiao\/\" \/>\n<meta property=\"og:locale\" content=\"pt_BR\" \/>\n<meta property=\"og:type\" content=\"article\" \/>\n<meta property=\"og:title\" content=\"SESI MG apresenta solu\u00e7\u00f5es educacionais para 38 munic\u00edpios da regi\u00e3o - FIEMG\" \/>\n<meta property=\"og:description\" content=\"A FIEMG Regional Vale do A\u00e7o e o SESI MG receberam nessa ter\u00e7a-feira, 26\/08, na sede da entidade, em Ipatinga, prefeitos e secret\u00e1rios de educa\u00e7\u00e3o de 38 munic\u00edpios para apresentar o portf\u00f3lio de solu\u00e7\u00f5es educacionais voltadas \u00e0 melhoria da rede p\u00fablica municipal de ensino. Entre as iniciativas apresentadas, o Sistema de Ensino SESI MG foi [&hellip;]\" \/>\n<meta property=\"og:url\" content=\"https:\/\/www.fiemg.com.br\/fiemg\/noticias\/sesi-mg-apresenta-solucoes-educacionais-para-38-municipios-da-regiao\/\" \/>\n<meta property=\"og:site_name\" content=\"FIEMG\" \/>\n<meta property=\"article:modified_time\" content=\"2025-08-27T13:57:40+00:00\" \/>\n<meta property=\"og:image\" content=\"https:\/\/www.fiemg.com.br\/fiemg\/wp-content\/uploads\/sites\/10\/2025\/08\/IMG_4707-scaled.jpg\" \/>\n\t<meta property=\"og:image:width\" content=\"2560\" \/>\n\t<meta property=\"og:image:height\" content=\"1707\" \/>\n\t<meta property=\"og:image:type\" content=\"image\/jpeg\" \/>\n<meta name=\"twitter:card\" content=\"summary_large_image\" \/>\n<meta name=\"twitter:label1\" content=\"Est. tempo de leitura\" \/>\n\t<meta name=\"twitter:data1\" content=\"3 minutos\" \/>\n<script type=\"application\/ld+json\" class=\"yoast-schema-graph\">{\"@context\":\"https:\/\/schema.org\",\"@graph\":[{\"@type\":\"WebPage\",\"@id\":\"https:\/\/www.fiemg.com.br\/fiemg\/noticias\/sesi-mg-apresenta-solucoes-educacionais-para-38-municipios-da-regiao\/\",\"url\":\"https:\/\/www.fiemg.com.br\/fiemg\/noticias\/sesi-mg-apresenta-solucoes-educacionais-para-38-municipios-da-regiao\/\",\"name\":\"SESI MG apresenta solu\u00e7\u00f5es educacionais para 38 munic\u00edpios da regi\u00e3o - FIEMG\",\"isPartOf\":{\"@id\":\"https:\/\/www.fiemg.com.br\/fiemg\/#website\"},\"primaryImageOfPage\":{\"@id\":\"https:\/\/www.fiemg.com.br\/fiemg\/noticias\/sesi-mg-apresenta-solucoes-educacionais-para-38-municipios-da-regiao\/#primaryimage\"},\"image\":{\"@id\":\"https:\/\/www.fiemg.com.br\/fiemg\/noticias\/sesi-mg-apresenta-solucoes-educacionais-para-38-municipios-da-regiao\/#primaryimage\"},\"thumbnailUrl\":\"https:\/\/www.fiemg.com.br\/fiemg\/wp-content\/uploads\/sites\/10\/2025\/08\/IMG_4707-scaled.jpg\",\"datePublished\":\"2025-08-27T13:19:57+00:00\",\"dateModified\":\"2025-08-27T13:57:40+00:00\",\"breadcrumb\":{\"@id\":\"https:\/\/www.fiemg.com.br\/fiemg\/noticias\/sesi-mg-apresenta-solucoes-educacionais-para-38-municipios-da-regiao\/#breadcrumb\"},\"inLanguage\":\"pt-BR\",\"potentialAction\":[{\"@type\":\"ReadAction\",\"target\":[\"https:\/\/www.fiemg.com.br\/fiemg\/noticias\/sesi-mg-apresenta-solucoes-educacionais-para-38-municipios-da-regiao\/\"]}]},{\"@type\":\"ImageObject\",\"inLanguage\":\"pt-BR\",\"@id\":\"https:\/\/www.fiemg.com.br\/fiemg\/noticias\/sesi-mg-apresenta-solucoes-educacionais-para-38-municipios-da-regiao\/#primaryimage\",\"url\":\"https:\/\/www.fiemg.com.br\/fiemg\/wp-content\/uploads\/sites\/10\/2025\/08\/IMG_4707-scaled.jpg\",\"contentUrl\":\"https:\/\/www.fiemg.com.br\/fiemg\/wp-content\/uploads\/sites\/10\/2025\/08\/IMG_4707-scaled.jpg\",\"width\":2560,\"height\":1707},{\"@type\":\"BreadcrumbList\",\"@id\":\"https:\/\/www.fiemg.com.br\/fiemg\/noticias\/sesi-mg-apresenta-solucoes-educacionais-para-38-municipios-da-regiao\/#breadcrumb\",\"itemListElement\":[{\"@type\":\"ListItem\",\"position\":1,\"name\":\"In\u00edcio\",\"item\":\"https:\/\/www.fiemg.com.br\/fiemg\/\"},{\"@type\":\"ListItem\",\"position\":2,\"name\":\"SESI MG apresenta solu\u00e7\u00f5es educacionais para 38 munic\u00edpios da regi\u00e3o\"}]},{\"@type\":\"WebSite\",\"@id\":\"https:\/\/www.fiemg.com.br\/fiemg\/#website\",\"url\":\"https:\/\/www.fiemg.com.br\/fiemg\/\",\"name\":\"FIEMG\",\"description\":\"Federa\u00e7\u00e3o das Ind\u00fastrias do Estado de Minas Gerais\",\"publisher\":{\"@id\":\"https:\/\/www.fiemg.com.br\/fiemg\/#organization\"},\"potentialAction\":[{\"@type\":\"SearchAction\",\"target\":{\"@type\":\"EntryPoint\",\"urlTemplate\":\"https:\/\/www.fiemg.com.br\/fiemg\/?s={search_term_string}\"},\"query-input\":{\"@type\":\"PropertyValueSpecification\",\"valueRequired\":true,\"valueName\":\"search_term_string\"}}],\"inLanguage\":\"pt-BR\"},{\"@type\":\"Organization\",\"@id\":\"https:\/\/www.fiemg.com.br\/fiemg\/#organization\",\"name\":\"FIEMG\",\"url\":\"https:\/\/www.fiemg.com.br\/fiemg\/\",\"logo\":{\"@type\":\"ImageObject\",\"inLanguage\":\"pt-BR\",\"@id\":\"https:\/\/www.fiemg.com.br\/fiemg\/#\/schema\/logo\/image\/\",\"url\":\"https:\/\/www.fiemg.com.br\/fiemg\/wp-content\/uploads\/sites\/10\/2023\/02\/fiemg_branco.svg\",\"contentUrl\":\"https:\/\/www.fiemg.com.br\/fiemg\/wp-content\/uploads\/sites\/10\/2023\/02\/fiemg_branco.svg\",\"width\":561,\"height\":147,\"caption\":\"FIEMG\"},\"image\":{\"@id\":\"https:\/\/www.fiemg.com.br\/fiemg\/#\/schema\/logo\/image\/\"}}]}<\/script>\n<!-- \/ Yoast SEO plugin. -->","yoast_head_json":{"title":"SESI MG apresenta solu\u00e7\u00f5es educacionais para 38 munic\u00edpios da regi\u00e3o - FIEMG","robots":{"index":"index","follow":"follow","max-snippet":"max-snippet:-1","max-image-preview":"max-image-preview:large","max-video-preview":"max-video-preview:-1"},"canonical":"https:\/\/www.fiemg.com.br\/fiemg\/noticias\/sesi-mg-apresenta-solucoes-educacionais-para-38-municipios-da-regiao\/","og_locale":"pt_BR","og_type":"article","og_title":"SESI MG apresenta solu\u00e7\u00f5es educacionais para 38 munic\u00edpios da regi\u00e3o - FIEMG","og_description":"A FIEMG Regional Vale do A\u00e7o e o SESI MG receberam nessa ter\u00e7a-feira, 26\/08, na sede da entidade, em Ipatinga, prefeitos e secret\u00e1rios de educa\u00e7\u00e3o de 38 munic\u00edpios para apresentar o portf\u00f3lio de solu\u00e7\u00f5es educacionais voltadas \u00e0 melhoria da rede p\u00fablica municipal de ensino. Entre as iniciativas apresentadas, o Sistema de Ensino SESI MG foi [&hellip;]","og_url":"https:\/\/www.fiemg.com.br\/fiemg\/noticias\/sesi-mg-apresenta-solucoes-educacionais-para-38-municipios-da-regiao\/","og_site_name":"FIEMG","article_modified_time":"2025-08-27T13:57:40+00:00","og_image":[{"width":2560,"height":1707,"url":"https:\/\/www.fiemg.com.br\/fiemg\/wp-content\/uploads\/sites\/10\/2025\/08\/IMG_4707-scaled.jpg","type":"image\/jpeg"}],"twitter_card":"summary_large_image","twitter_misc":{"Est. tempo de leitura":"3 minutos"},"schema":{"@context":"https:\/\/schema.org","@graph":[{"@type":"WebPage","@id":"https:\/\/www.fiemg.com.br\/fiemg\/noticias\/sesi-mg-apresenta-solucoes-educacionais-para-38-municipios-da-regiao\/","url":"https:\/\/www.fiemg.com.br\/fiemg\/noticias\/sesi-mg-apresenta-solucoes-educacionais-para-38-municipios-da-regiao\/","name":"SESI MG apresenta solu\u00e7\u00f5es educacionais para 38 munic\u00edpios da regi\u00e3o - FIEMG","isPartOf":{"@id":"https:\/\/www.fiemg.com.br\/fiemg\/#website"},"primaryImageOfPage":{"@id":"https:\/\/www.fiemg.com.br\/fiemg\/noticias\/sesi-mg-apresenta-solucoes-educacionais-para-38-municipios-da-regiao\/#primaryimage"},"image":{"@id":"https:\/\/www.fiemg.com.br\/fiemg\/noticias\/sesi-mg-apresenta-solucoes-educacionais-para-38-municipios-da-regiao\/#primaryimage"},"thumbnailUrl":"https:\/\/www.fiemg.com.br\/fiemg\/wp-content\/uploads\/sites\/10\/2025\/08\/IMG_4707-scaled.jpg","datePublished":"2025-08-27T13:19:57+00:00","dateModified":"2025-08-27T13:57:40+00:00","breadcrumb":{"@id":"https:\/\/www.fiemg.com.br\/fiemg\/noticias\/sesi-mg-apresenta-solucoes-educacionais-para-38-municipios-da-regiao\/#breadcrumb"},"inLanguage":"pt-BR","potentialAction":[{"@type":"ReadAction","target":["https:\/\/www.fiemg.com.br\/fiemg\/noticias\/sesi-mg-apresenta-solucoes-educacionais-para-38-municipios-da-regiao\/"]}]},{"@type":"ImageObject","inLanguage":"pt-BR","@id":"https:\/\/www.fiemg.com.br\/fiemg\/noticias\/sesi-mg-apresenta-solucoes-educacionais-para-38-municipios-da-regiao\/#primaryimage","url":"https:\/\/www.fiemg.com.br\/fiemg\/wp-content\/uploads\/sites\/10\/2025\/08\/IMG_4707-scaled.jpg","contentUrl":"https:\/\/www.fiemg.com.br\/fiemg\/wp-content\/uploads\/sites\/10\/2025\/08\/IMG_4707-scaled.jpg","width":2560,"height":1707},{"@type":"BreadcrumbList","@id":"https:\/\/www.fiemg.com.br\/fiemg\/noticias\/sesi-mg-apresenta-solucoes-educacionais-para-38-municipios-da-regiao\/#breadcrumb","itemListElement":[{"@type":"ListItem","position":1,"name":"In\u00edcio","item":"https:\/\/www.fiemg.com.br\/fiemg\/"},{"@type":"ListItem","position":2,"name":"SESI MG apresenta solu\u00e7\u00f5es educacionais para 38 munic\u00edpios da regi\u00e3o"}]},{"@type":"WebSite","@id":"https:\/\/www.fiemg.com.br\/fiemg\/#website","url":"https:\/\/www.fiemg.com.br\/fiemg\/","name":"FIEMG","description":"Federa\u00e7\u00e3o das Ind\u00fastrias do Estado de Minas Gerais","publisher":{"@id":"https:\/\/www.fiemg.com.br\/fiemg\/#organization"},"potentialAction":[{"@type":"SearchAction","target":{"@type":"EntryPoint","urlTemplate":"https:\/\/www.fiemg.com.br\/fiemg\/?s={search_term_string}"},"query-input":{"@type":"PropertyValueSpecification","valueRequired":true,"valueName":"search_term_string"}}],"inLanguage":"pt-BR"},{"@type":"Organization","@id":"https:\/\/www.fiemg.com.br\/fiemg\/#organization","name":"FIEMG","url":"https:\/\/www.fiemg.com.br\/fiemg\/","logo":{"@type":"ImageObject","inLanguage":"pt-BR","@id":"https:\/\/www.fiemg.com.br\/fiemg\/#\/schema\/logo\/image\/","url":"https:\/\/www.fiemg.com.br\/fiemg\/wp-content\/uploads\/sites\/10\/2023\/02\/fiemg_branco.svg","contentUrl":"https:\/\/www.fiemg.com.br\/fiemg\/wp-content\/uploads\/sites\/10\/2023\/02\/fiemg_branco.svg","width":561,"height":147,"caption":"FIEMG"},"image":{"@id":"https:\/\/www.fiemg.com.br\/fiemg\/#\/schema\/logo\/image\/"}}]}},"_links":{"self":[{"href":"https:\/\/www.fiemg.com.br\/fiemg\/wp-json\/wp\/v2\/noticias\/9458","targetHints":{"allow":["GET"]}}],"collection":[{"href":"https:\/\/www.fiemg.com.br\/fiemg\/wp-json\/wp\/v2\/noticias"}],"about":[{"href":"https:\/\/www.fiemg.com.br\/fiemg\/wp-json\/wp\/v2\/types\/noticias"}],"wp:featuredmedia":[{"embeddable":true,"href":"https:\/\/www.fiemg.com.br\/fiemg\/wp-json\/wp\/v2\/media\/9459"}],"wp:attachment":[{"href":"https:\/\/www.fiemg.com.br\/fiemg\/wp-json\/wp\/v2\/media?parent=9458"}],"wp:term":[{"taxonomy":"category","embeddable":true,"href":"https:\/\/www.fiemg.com.br\/fiemg\/wp-json\/wp\/v2\/categories?post=9458"},{"taxonomy":"post_tag","embeddable":true,"href":"https:\/\/www.fiemg.com.br\/fiemg\/wp-json\/wp\/v2\/tags?post=9458"}],"curies":[{"name":"wp","href":"https:\/\/api.w.org\/{rel}","templated":true}]}}