{"id":9497,"date":"2025-09-02T14:39:33","date_gmt":"2025-09-02T17:39:33","guid":{"rendered":"https:\/\/www.fiemg.com.br\/fiemg\/noticias\/estudantes-do-senai-mg-destacam-desempenho-na-etapa-on-line-da-worldskills-2025\/"},"modified":"2025-09-02T14:39:45","modified_gmt":"2025-09-02T17:39:45","slug":"estudantes-do-senai-mg-destacam-desempenho-na-etapa-on-line-da-worldskills-2025","status":"publish","type":"noticias","link":"https:\/\/www.fiemg.com.br\/fiemg\/noticias\/estudantes-do-senai-mg-destacam-desempenho-na-etapa-on-line-da-worldskills-2025\/","title":{"rendered":"Estudantes do SENAI-MG destacam desempenho na etapa on-line da WorldSkills 2025"},"content":{"rendered":"\n<p><\/p>\n\n\n\n<p>A etapa digital da WorldSkills Brasil 2025 foi realizada entre os dias 25 e 29 de agosto, reunindo competidores de todo o pa\u00eds em provas on-line monitoradas por c\u00e2meras. Em Minas Gerais, tr\u00eas estudantes do SENAI-MG representaram o Estado em tr\u00eas das quatro ocupa\u00e7\u00f5es disputadas nesta fase: Desenho Mec\u00e2nico em CAD, Tecnologia Web e Computa\u00e7\u00e3o em Nuvem.<\/p>\n\n\n\n<p>Welinton Staleng Mendon\u00e7a participou da competi\u00e7\u00e3o na Ocupa\u00e7\u00e3o #05 \u2013 Desenho Mec\u00e2nico em CAD e destacou como foi a prova. \u201cTive boas entregas e agora estamos esperando os resultados. Foi uma semana bem intensa e corrida, mas fiz um bom trabalho\u201d, disse.<\/p>\n\n\n\n<p>J\u00e1 Vinicius Kendy Munhoz de Souza, competidor na Ocupa\u00e7\u00e3o #17 \u2013 Tecnologia Web, contou um pouco sobre sua experi\u00eancia na WorldSkills. \u201cAcabamos a competi\u00e7\u00e3o nacional, foram quatro dias muito intensos. Na segunda-feira tivemos a ambienta\u00e7\u00e3o, e de ter\u00e7a a quinta foram dois m\u00f3dulos de provas. Para mim foi uma das experi\u00eancias mais \u00fanicas da minha vida. Acho que nunca vivenciei algo t\u00e3o diferente como a intensidade que a WorldSkills traz e o conhecimento que a gente adquire ao longo do treinamento, que s\u00e3o horas e horas fazendo provas\u201d, relatou<\/p>\n\n\n\n<p>Gabriel Gomes Sousa, que disputou a Ocupa\u00e7\u00e3o #53 \u2013 Computa\u00e7\u00e3o em Nuvem, j\u00e1 tinha alguma experi\u00eancia na competi\u00e7\u00e3o, mas afirmou que foi surpreendido ao longo da prova. \u201cEu j\u00e1 tinha tido a experi\u00eancia de competir no ano passado, mas neste ano a prova foi um pouco diferente do que eu esperava, mas estou confiante no resultado. Dei o meu melhor, apesar de ter sido uma semana dif\u00edcil\u201d, contou.<\/p>\n\n\n\n<p><strong>Pr\u00f3ximos desafios<\/strong><\/p>\n\n\n\n<p>Ap\u00f3s a fase on-line, a WorldSkills segue agora para as etapas presenciais. Nesta segunda-feira (1\u00b0), teve in\u00edcio a etapa de S\u00e3o Paulo, em que o SENAI MG ser\u00e1 representado em 16 das 17 ocupa\u00e7\u00f5es da competi\u00e7\u00e3o. J\u00e1 entre 8 e 12 de setembro, ser\u00e1 a vez de Minas receber nove ocupa\u00e7\u00f5es em quatro unidades do SENAI na Grande BH.<\/p>\n\n\n\n<p>A etapa final acontece em Bras\u00edlia, no fim de setembro, quando ser\u00e3o definidos os estudantes que representar\u00e3o o Brasil na WorldSkills 2026, em Xangai, na China.<\/p>\n\n\n\n<p>A WorldSkills Brasil 2025 conta com patroc\u00ednio master da ROMI; patroc\u00ednio diamante da FESTO, SCHUNK, ASCONGRAPH, SAINT-GOBAIN; patroc\u00ednio ouro da Finder, ISCAR, CNH, John Deere, Lingopass, R&amp;DAMASCO, Exxer; patroc\u00ednio prata da Danfoss, Autodesk, ETC Brasil; patroc\u00ednio bronze da EAATA Brasil, Mitutoyo, PPG, INDASA; e participa\u00e7\u00e3o especial da Abicor Binzel, A-H Miniaturas, Quimatic, Betacavi.<\/p>\n\n\n\n<p><strong>Sobre a WorldSkills<\/strong><\/p>\n\n\n\n<p>Realizada a cada dois anos, a WorldSkills \u00e9 a maior competi\u00e7\u00e3o internacional de educa\u00e7\u00e3o profissional do mundo. O evento re\u00fane jovens talentos para demonstrarem suas habilidades em dezenas de ocupa\u00e7\u00f5es t\u00e9cnicas e pr\u00e1ticas. No Brasil, a organiza\u00e7\u00e3o das etapas nacionais \u00e9 feita pelo SENAI, respons\u00e1vel por preparar e selecionar os representantes para a disputa global.<\/p>\n\n\n\n<p><strong>Leia tamb\u00e9m:<\/strong><\/p>\n\n\n\n<p>&#8211;<a href=\"https:\/\/www.fiemg.com.br\/noticias\/worldskills-brasil-2025-inicia-etapa-presencial-em-sao-paulo-com-participacao-mineira\/\"> WorldSkills Brasil 2025 inicia etapa presencial em S\u00e3o Paulo com participa\u00e7\u00e3o mineira<\/a><br>\u2013\u00a0<a href=\"https:\/\/www.fiemg.com.br\/noticias\/senai-mg-participa-da-primeira-etapa-nacional-da-worldskills-2025\/\">SENAI-MG participa da primeira etapa nacional da WorldSkills 202<\/a><a href=\"https:\/\/www.fiemg.com.br\/noticias\/senai-mg-participa-da-primeira-etapa-nacional-da-worldskills-2025\/\" target=\"_blank\" rel=\"noreferrer noopener\">5<\/a><br>\u2013\u00a0<a href=\"https:\/\/www.fiemg.com.br\/noticias\/estudantes-do-senai-mg-participam-das-etapas-nacionais-da-worldskills-2025\/\" target=\"_blank\" rel=\"noreferrer noopener\">Estudantes do SENAI MG participam das etapas nacionais da WorldSkills 2025<\/a><\/p>\n\n\n\n<p><\/p>\n\n\n\n<p><em>Tha\u00eds Mota<\/em><br><strong>Imprensa FIEMG<\/strong><\/p>\n","protected":false},"featured_media":9498,"template":"","categories":[666],"tags":[1488,280],"class_list":["post-9497","noticias","type-noticias","status-publish","has-post-thumbnail","hentry","category-senai","tag-etapa-online","tag-worldskills"],"acf":[],"yoast_head":"<!-- This site is optimized with the Yoast SEO plugin v26.2 - https:\/\/yoast.com\/wordpress\/plugins\/seo\/ -->\n<title>Estudantes do SENAI-MG destacam desempenho na etapa on-line da WorldSkills 2025 - FIEMG<\/title>\n<meta name=\"description\" content=\"Competi\u00e7\u00e3o foi realizada entre os dias 25 e 29 de agosto e contou com a participa\u00e7\u00e3o de tr\u00eas mineiros em ocupa\u00e7\u00f5es estrat\u00e9gicas\" \/>\n<meta name=\"robots\" content=\"index, follow, max-snippet:-1, max-image-preview:large, max-video-preview:-1\" \/>\n<link rel=\"canonical\" href=\"https:\/\/www.fiemg.com.br\/fiemg\/noticias\/estudantes-do-senai-mg-destacam-desempenho-na-etapa-on-line-da-worldskills-2025\/\" \/>\n<meta property=\"og:locale\" content=\"pt_BR\" \/>\n<meta property=\"og:type\" content=\"article\" \/>\n<meta property=\"og:title\" content=\"Estudantes do SENAI-MG destacam desempenho na etapa on-line da WorldSkills 2025 - FIEMG\" \/>\n<meta property=\"og:description\" content=\"Competi\u00e7\u00e3o foi realizada entre os dias 25 e 29 de agosto e contou com a participa\u00e7\u00e3o de tr\u00eas mineiros em ocupa\u00e7\u00f5es estrat\u00e9gicas\" \/>\n<meta property=\"og:url\" content=\"https:\/\/www.fiemg.com.br\/fiemg\/noticias\/estudantes-do-senai-mg-destacam-desempenho-na-etapa-on-line-da-worldskills-2025\/\" \/>\n<meta property=\"og:site_name\" content=\"FIEMG\" \/>\n<meta property=\"article:modified_time\" content=\"2025-09-02T17:39:45+00:00\" \/>\n<meta property=\"og:image\" content=\"https:\/\/www.fiemg.com.br\/fiemg\/wp-content\/uploads\/sites\/10\/2025\/09\/Thumb-nova-512-x-512.jpg\" \/>\n\t<meta property=\"og:image:width\" content=\"512\" \/>\n\t<meta property=\"og:image:height\" content=\"512\" \/>\n\t<meta property=\"og:image:type\" content=\"image\/jpeg\" \/>\n<meta name=\"twitter:card\" content=\"summary_large_image\" \/>\n<meta name=\"twitter:label1\" content=\"Est. tempo de leitura\" \/>\n\t<meta name=\"twitter:data1\" content=\"3 minutos\" \/>\n<script type=\"application\/ld+json\" class=\"yoast-schema-graph\">{\"@context\":\"https:\/\/schema.org\",\"@graph\":[{\"@type\":\"WebPage\",\"@id\":\"https:\/\/www.fiemg.com.br\/fiemg\/noticias\/estudantes-do-senai-mg-destacam-desempenho-na-etapa-on-line-da-worldskills-2025\/\",\"url\":\"https:\/\/www.fiemg.com.br\/fiemg\/noticias\/estudantes-do-senai-mg-destacam-desempenho-na-etapa-on-line-da-worldskills-2025\/\",\"name\":\"Estudantes do SENAI-MG destacam desempenho na etapa on-line da WorldSkills 2025 - FIEMG\",\"isPartOf\":{\"@id\":\"https:\/\/www.fiemg.com.br\/fiemg\/#website\"},\"primaryImageOfPage\":{\"@id\":\"https:\/\/www.fiemg.com.br\/fiemg\/noticias\/estudantes-do-senai-mg-destacam-desempenho-na-etapa-on-line-da-worldskills-2025\/#primaryimage\"},\"image\":{\"@id\":\"https:\/\/www.fiemg.com.br\/fiemg\/noticias\/estudantes-do-senai-mg-destacam-desempenho-na-etapa-on-line-da-worldskills-2025\/#primaryimage\"},\"thumbnailUrl\":\"https:\/\/www.fiemg.com.br\/fiemg\/wp-content\/uploads\/sites\/10\/2025\/09\/Thumb-nova-512-x-512.jpg\",\"datePublished\":\"2025-09-02T17:39:33+00:00\",\"dateModified\":\"2025-09-02T17:39:45+00:00\",\"description\":\"Competi\u00e7\u00e3o foi realizada entre os dias 25 e 29 de agosto e contou com a participa\u00e7\u00e3o de tr\u00eas mineiros em ocupa\u00e7\u00f5es estrat\u00e9gicas\",\"breadcrumb\":{\"@id\":\"https:\/\/www.fiemg.com.br\/fiemg\/noticias\/estudantes-do-senai-mg-destacam-desempenho-na-etapa-on-line-da-worldskills-2025\/#breadcrumb\"},\"inLanguage\":\"pt-BR\",\"potentialAction\":[{\"@type\":\"ReadAction\",\"target\":[\"https:\/\/www.fiemg.com.br\/fiemg\/noticias\/estudantes-do-senai-mg-destacam-desempenho-na-etapa-on-line-da-worldskills-2025\/\"]}]},{\"@type\":\"ImageObject\",\"inLanguage\":\"pt-BR\",\"@id\":\"https:\/\/www.fiemg.com.br\/fiemg\/noticias\/estudantes-do-senai-mg-destacam-desempenho-na-etapa-on-line-da-worldskills-2025\/#primaryimage\",\"url\":\"https:\/\/www.fiemg.com.br\/fiemg\/wp-content\/uploads\/sites\/10\/2025\/09\/Thumb-nova-512-x-512.jpg\",\"contentUrl\":\"https:\/\/www.fiemg.com.br\/fiemg\/wp-content\/uploads\/sites\/10\/2025\/09\/Thumb-nova-512-x-512.jpg\",\"width\":512,\"height\":512},{\"@type\":\"BreadcrumbList\",\"@id\":\"https:\/\/www.fiemg.com.br\/fiemg\/noticias\/estudantes-do-senai-mg-destacam-desempenho-na-etapa-on-line-da-worldskills-2025\/#breadcrumb\",\"itemListElement\":[{\"@type\":\"ListItem\",\"position\":1,\"name\":\"In\u00edcio\",\"item\":\"https:\/\/www.fiemg.com.br\/fiemg\/\"},{\"@type\":\"ListItem\",\"position\":2,\"name\":\"Estudantes do SENAI-MG destacam desempenho na etapa on-line da WorldSkills 2025\"}]},{\"@type\":\"WebSite\",\"@id\":\"https:\/\/www.fiemg.com.br\/fiemg\/#website\",\"url\":\"https:\/\/www.fiemg.com.br\/fiemg\/\",\"name\":\"FIEMG\",\"description\":\"Federa\u00e7\u00e3o das Ind\u00fastrias do Estado de Minas Gerais\",\"publisher\":{\"@id\":\"https:\/\/www.fiemg.com.br\/fiemg\/#organization\"},\"potentialAction\":[{\"@type\":\"SearchAction\",\"target\":{\"@type\":\"EntryPoint\",\"urlTemplate\":\"https:\/\/www.fiemg.com.br\/fiemg\/?s={search_term_string}\"},\"query-input\":{\"@type\":\"PropertyValueSpecification\",\"valueRequired\":true,\"valueName\":\"search_term_string\"}}],\"inLanguage\":\"pt-BR\"},{\"@type\":\"Organization\",\"@id\":\"https:\/\/www.fiemg.com.br\/fiemg\/#organization\",\"name\":\"FIEMG\",\"url\":\"https:\/\/www.fiemg.com.br\/fiemg\/\",\"logo\":{\"@type\":\"ImageObject\",\"inLanguage\":\"pt-BR\",\"@id\":\"https:\/\/www.fiemg.com.br\/fiemg\/#\/schema\/logo\/image\/\",\"url\":\"https:\/\/www.fiemg.com.br\/fiemg\/wp-content\/uploads\/sites\/10\/2023\/02\/fiemg_branco.svg\",\"contentUrl\":\"https:\/\/www.fiemg.com.br\/fiemg\/wp-content\/uploads\/sites\/10\/2023\/02\/fiemg_branco.svg\",\"width\":561,\"height\":147,\"caption\":\"FIEMG\"},\"image\":{\"@id\":\"https:\/\/www.fiemg.com.br\/fiemg\/#\/schema\/logo\/image\/\"}}]}<\/script>\n<!-- \/ Yoast SEO plugin. -->","yoast_head_json":{"title":"Estudantes do SENAI-MG destacam desempenho na etapa on-line da WorldSkills 2025 - FIEMG","description":"Competi\u00e7\u00e3o foi realizada entre os dias 25 e 29 de agosto e contou com a participa\u00e7\u00e3o de tr\u00eas mineiros em ocupa\u00e7\u00f5es estrat\u00e9gicas","robots":{"index":"index","follow":"follow","max-snippet":"max-snippet:-1","max-image-preview":"max-image-preview:large","max-video-preview":"max-video-preview:-1"},"canonical":"https:\/\/www.fiemg.com.br\/fiemg\/noticias\/estudantes-do-senai-mg-destacam-desempenho-na-etapa-on-line-da-worldskills-2025\/","og_locale":"pt_BR","og_type":"article","og_title":"Estudantes do SENAI-MG destacam desempenho na etapa on-line da WorldSkills 2025 - FIEMG","og_description":"Competi\u00e7\u00e3o foi realizada entre os dias 25 e 29 de agosto e contou com a participa\u00e7\u00e3o de tr\u00eas mineiros em ocupa\u00e7\u00f5es estrat\u00e9gicas","og_url":"https:\/\/www.fiemg.com.br\/fiemg\/noticias\/estudantes-do-senai-mg-destacam-desempenho-na-etapa-on-line-da-worldskills-2025\/","og_site_name":"FIEMG","article_modified_time":"2025-09-02T17:39:45+00:00","og_image":[{"width":512,"height":512,"url":"https:\/\/www.fiemg.com.br\/fiemg\/wp-content\/uploads\/sites\/10\/2025\/09\/Thumb-nova-512-x-512.jpg","type":"image\/jpeg"}],"twitter_card":"summary_large_image","twitter_misc":{"Est. tempo de leitura":"3 minutos"},"schema":{"@context":"https:\/\/schema.org","@graph":[{"@type":"WebPage","@id":"https:\/\/www.fiemg.com.br\/fiemg\/noticias\/estudantes-do-senai-mg-destacam-desempenho-na-etapa-on-line-da-worldskills-2025\/","url":"https:\/\/www.fiemg.com.br\/fiemg\/noticias\/estudantes-do-senai-mg-destacam-desempenho-na-etapa-on-line-da-worldskills-2025\/","name":"Estudantes do SENAI-MG destacam desempenho na etapa on-line da WorldSkills 2025 - FIEMG","isPartOf":{"@id":"https:\/\/www.fiemg.com.br\/fiemg\/#website"},"primaryImageOfPage":{"@id":"https:\/\/www.fiemg.com.br\/fiemg\/noticias\/estudantes-do-senai-mg-destacam-desempenho-na-etapa-on-line-da-worldskills-2025\/#primaryimage"},"image":{"@id":"https:\/\/www.fiemg.com.br\/fiemg\/noticias\/estudantes-do-senai-mg-destacam-desempenho-na-etapa-on-line-da-worldskills-2025\/#primaryimage"},"thumbnailUrl":"https:\/\/www.fiemg.com.br\/fiemg\/wp-content\/uploads\/sites\/10\/2025\/09\/Thumb-nova-512-x-512.jpg","datePublished":"2025-09-02T17:39:33+00:00","dateModified":"2025-09-02T17:39:45+00:00","description":"Competi\u00e7\u00e3o foi realizada entre os dias 25 e 29 de agosto e contou com a participa\u00e7\u00e3o de tr\u00eas mineiros em ocupa\u00e7\u00f5es estrat\u00e9gicas","breadcrumb":{"@id":"https:\/\/www.fiemg.com.br\/fiemg\/noticias\/estudantes-do-senai-mg-destacam-desempenho-na-etapa-on-line-da-worldskills-2025\/#breadcrumb"},"inLanguage":"pt-BR","potentialAction":[{"@type":"ReadAction","target":["https:\/\/www.fiemg.com.br\/fiemg\/noticias\/estudantes-do-senai-mg-destacam-desempenho-na-etapa-on-line-da-worldskills-2025\/"]}]},{"@type":"ImageObject","inLanguage":"pt-BR","@id":"https:\/\/www.fiemg.com.br\/fiemg\/noticias\/estudantes-do-senai-mg-destacam-desempenho-na-etapa-on-line-da-worldskills-2025\/#primaryimage","url":"https:\/\/www.fiemg.com.br\/fiemg\/wp-content\/uploads\/sites\/10\/2025\/09\/Thumb-nova-512-x-512.jpg","contentUrl":"https:\/\/www.fiemg.com.br\/fiemg\/wp-content\/uploads\/sites\/10\/2025\/09\/Thumb-nova-512-x-512.jpg","width":512,"height":512},{"@type":"BreadcrumbList","@id":"https:\/\/www.fiemg.com.br\/fiemg\/noticias\/estudantes-do-senai-mg-destacam-desempenho-na-etapa-on-line-da-worldskills-2025\/#breadcrumb","itemListElement":[{"@type":"ListItem","position":1,"name":"In\u00edcio","item":"https:\/\/www.fiemg.com.br\/fiemg\/"},{"@type":"ListItem","position":2,"name":"Estudantes do SENAI-MG destacam desempenho na etapa on-line da WorldSkills 2025"}]},{"@type":"WebSite","@id":"https:\/\/www.fiemg.com.br\/fiemg\/#website","url":"https:\/\/www.fiemg.com.br\/fiemg\/","name":"FIEMG","description":"Federa\u00e7\u00e3o das Ind\u00fastrias do Estado de Minas Gerais","publisher":{"@id":"https:\/\/www.fiemg.com.br\/fiemg\/#organization"},"potentialAction":[{"@type":"SearchAction","target":{"@type":"EntryPoint","urlTemplate":"https:\/\/www.fiemg.com.br\/fiemg\/?s={search_term_string}"},"query-input":{"@type":"PropertyValueSpecification","valueRequired":true,"valueName":"search_term_string"}}],"inLanguage":"pt-BR"},{"@type":"Organization","@id":"https:\/\/www.fiemg.com.br\/fiemg\/#organization","name":"FIEMG","url":"https:\/\/www.fiemg.com.br\/fiemg\/","logo":{"@type":"ImageObject","inLanguage":"pt-BR","@id":"https:\/\/www.fiemg.com.br\/fiemg\/#\/schema\/logo\/image\/","url":"https:\/\/www.fiemg.com.br\/fiemg\/wp-content\/uploads\/sites\/10\/2023\/02\/fiemg_branco.svg","contentUrl":"https:\/\/www.fiemg.com.br\/fiemg\/wp-content\/uploads\/sites\/10\/2023\/02\/fiemg_branco.svg","width":561,"height":147,"caption":"FIEMG"},"image":{"@id":"https:\/\/www.fiemg.com.br\/fiemg\/#\/schema\/logo\/image\/"}}]}},"_links":{"self":[{"href":"https:\/\/www.fiemg.com.br\/fiemg\/wp-json\/wp\/v2\/noticias\/9497","targetHints":{"allow":["GET"]}}],"collection":[{"href":"https:\/\/www.fiemg.com.br\/fiemg\/wp-json\/wp\/v2\/noticias"}],"about":[{"href":"https:\/\/www.fiemg.com.br\/fiemg\/wp-json\/wp\/v2\/types\/noticias"}],"wp:featuredmedia":[{"embeddable":true,"href":"https:\/\/www.fiemg.com.br\/fiemg\/wp-json\/wp\/v2\/media\/9498"}],"wp:attachment":[{"href":"https:\/\/www.fiemg.com.br\/fiemg\/wp-json\/wp\/v2\/media?parent=9497"}],"wp:term":[{"taxonomy":"category","embeddable":true,"href":"https:\/\/www.fiemg.com.br\/fiemg\/wp-json\/wp\/v2\/categories?post=9497"},{"taxonomy":"post_tag","embeddable":true,"href":"https:\/\/www.fiemg.com.br\/fiemg\/wp-json\/wp\/v2\/tags?post=9497"}],"curies":[{"name":"wp","href":"https:\/\/api.w.org\/{rel}","templated":true}]}}