{"id":9594,"date":"2025-09-16T10:16:14","date_gmt":"2025-09-16T13:16:14","guid":{"rendered":"https:\/\/www.fiemg.com.br\/fiemg\/noticias\/fiemg-promove-evento-sobre-o-valor-da-neurodiversidade-nas-organizacoes\/"},"modified":"2025-09-16T10:16:17","modified_gmt":"2025-09-16T13:16:17","slug":"fiemg-promove-evento-sobre-o-valor-da-neurodiversidade-nas-organizacoes","status":"publish","type":"noticias","link":"https:\/\/www.fiemg.com.br\/fiemg\/noticias\/fiemg-promove-evento-sobre-o-valor-da-neurodiversidade-nas-organizacoes\/","title":{"rendered":"FIEMG promove evento sobre o valor da neurodiversidade nas organiza\u00e7\u00f5es"},"content":{"rendered":"\n<p>No dia <strong>17 de setembro, \u00e0s 16h<\/strong>, ser\u00e1 realizado o evento online <em>\u201cIncluir \u00e9 Estrat\u00e9gico: O Valor da Neurodiversidade nas Organiza\u00e7\u00f5es\u201d<\/em>. A iniciativa da FIEMG marca o lan\u00e7amento de um guia pr\u00e1tico e a apresenta\u00e7\u00e3o de cases inspiradores de empresas que transformaram seus ambientes ao apostar na neurodiversidade como caminho para <strong>inova\u00e7\u00e3o, desempenho e cultura inclusiva<\/strong>.<\/p>\n\n\n\n<p>A programa\u00e7\u00e3o contar\u00e1 com a participa\u00e7\u00e3o de <strong>Gabriel Paz<\/strong>, gerente de Diversidade, Equidade e Inclus\u00e3o da Danone, formado em Comunica\u00e7\u00e3o pela Universidade de Bras\u00edlia e p\u00f3s-graduado em Direitos Humanos, Inclus\u00e3o e Arte. Com quase 10 anos de experi\u00eancia em comunica\u00e7\u00e3o, marketing e RH, ele j\u00e1 atuou em empresas como Caixa Seguradora, Via Varejo e Ultragaz, al\u00e9m de integrar grupos de discuss\u00e3o sobre masculinidades, sa\u00fade mental e responsabilidade.<\/p>\n\n\n\n<p>Tamb\u00e9m participa do encontro <strong>Mariana Novo Dias<\/strong>, especialista em Diversidade e Inclus\u00e3o da FIEMG. Psic\u00f3loga pela PUC Minas e com especializa\u00e7\u00e3o em Psicologia do Trabalho pela UFMG, Mariana possui trajet\u00f3ria consolidada em DEI, Responsabilidade Social Corporativa, Cultura Organizacional e Gest\u00e3o de Projetos, com foco na promo\u00e7\u00e3o de ambientes inclusivos e no desenvolvimento de estrat\u00e9gias de valoriza\u00e7\u00e3o das pessoas.<\/p>\n\n\n\n<p>O evento \u00e9 aberto ao p\u00fablico e tem como objetivo <strong>estimular reflex\u00f5es sobre o papel estrat\u00e9gico da inclus\u00e3o<\/strong> e a import\u00e2ncia de valorizar diferentes formas de pensar dentro das organiza\u00e7\u00f5es.<\/p>\n\n\n\n<h3 class=\"wp-block-heading\">Servi\u00e7o<\/h3>\n\n\n\n<p><strong>Evento:<\/strong> Incluir \u00e9 Estrat\u00e9gico: O Valor da Neurodiversidade nas Organiza\u00e7\u00f5es<br><strong>Data:<\/strong> 17 de setembro<br><strong>Hor\u00e1rio:<\/strong> 16h<br><strong>Inscri\u00e7\u00f5es: <\/strong> Clique <a href=\"https:\/\/www.sympla.com.br\/evento-online\/incluir-e-estrategico-o-valor-da-neurodiversidade-nas-organizacoes\/3075818\">aqui<\/a><\/p>\n\n\n\n<p><strong>Imprensa FIEMG<\/strong><\/p>\n","protected":false},"featured_media":9595,"template":"","categories":[15],"tags":[78],"class_list":["post-9594","noticias","type-noticias","status-publish","has-post-thumbnail","hentry","category-desenvolvimento-industrial","tag-fiemg"],"acf":[],"yoast_head":"<!-- This site is optimized with the Yoast SEO plugin v26.2 - https:\/\/yoast.com\/wordpress\/plugins\/seo\/ -->\n<title>FIEMG promove evento sobre o valor da neurodiversidade nas organiza\u00e7\u00f5es - FIEMG<\/title>\n<meta name=\"description\" content=\"Encontro destaca o papel estrat\u00e9gico da neurodiversidade para transformar a cultura organizacional.\" \/>\n<meta name=\"robots\" content=\"index, follow, max-snippet:-1, max-image-preview:large, max-video-preview:-1\" \/>\n<link rel=\"canonical\" href=\"https:\/\/www.fiemg.com.br\/fiemg\/noticias\/fiemg-promove-evento-sobre-o-valor-da-neurodiversidade-nas-organizacoes\/\" \/>\n<meta property=\"og:locale\" content=\"pt_BR\" \/>\n<meta property=\"og:type\" content=\"article\" \/>\n<meta property=\"og:title\" content=\"FIEMG promove evento sobre o valor da neurodiversidade nas organiza\u00e7\u00f5es - FIEMG\" \/>\n<meta property=\"og:description\" content=\"Encontro destaca o papel estrat\u00e9gico da neurodiversidade para transformar a cultura organizacional.\" \/>\n<meta property=\"og:url\" content=\"https:\/\/www.fiemg.com.br\/fiemg\/noticias\/fiemg-promove-evento-sobre-o-valor-da-neurodiversidade-nas-organizacoes\/\" \/>\n<meta property=\"og:site_name\" content=\"FIEMG\" \/>\n<meta property=\"article:modified_time\" content=\"2025-09-16T13:16:17+00:00\" \/>\n<meta property=\"og:image\" content=\"https:\/\/www.fiemg.com.br\/fiemg\/wp-content\/uploads\/sites\/10\/2025\/09\/INDUSTRIA-RESPONSAVEL-1.png\" \/>\n\t<meta property=\"og:image:width\" content=\"520\" \/>\n\t<meta property=\"og:image:height\" content=\"493\" \/>\n\t<meta property=\"og:image:type\" content=\"image\/png\" \/>\n<meta name=\"twitter:card\" content=\"summary_large_image\" \/>\n<meta name=\"twitter:label1\" content=\"Est. tempo de leitura\" \/>\n\t<meta name=\"twitter:data1\" content=\"2 minutos\" \/>\n<script type=\"application\/ld+json\" class=\"yoast-schema-graph\">{\"@context\":\"https:\/\/schema.org\",\"@graph\":[{\"@type\":\"WebPage\",\"@id\":\"https:\/\/www.fiemg.com.br\/fiemg\/noticias\/fiemg-promove-evento-sobre-o-valor-da-neurodiversidade-nas-organizacoes\/\",\"url\":\"https:\/\/www.fiemg.com.br\/fiemg\/noticias\/fiemg-promove-evento-sobre-o-valor-da-neurodiversidade-nas-organizacoes\/\",\"name\":\"FIEMG promove evento sobre o valor da neurodiversidade nas organiza\u00e7\u00f5es - FIEMG\",\"isPartOf\":{\"@id\":\"https:\/\/www.fiemg.com.br\/fiemg\/#website\"},\"primaryImageOfPage\":{\"@id\":\"https:\/\/www.fiemg.com.br\/fiemg\/noticias\/fiemg-promove-evento-sobre-o-valor-da-neurodiversidade-nas-organizacoes\/#primaryimage\"},\"image\":{\"@id\":\"https:\/\/www.fiemg.com.br\/fiemg\/noticias\/fiemg-promove-evento-sobre-o-valor-da-neurodiversidade-nas-organizacoes\/#primaryimage\"},\"thumbnailUrl\":\"https:\/\/www.fiemg.com.br\/fiemg\/wp-content\/uploads\/sites\/10\/2025\/09\/INDUSTRIA-RESPONSAVEL-1.png\",\"datePublished\":\"2025-09-16T13:16:14+00:00\",\"dateModified\":\"2025-09-16T13:16:17+00:00\",\"description\":\"Encontro destaca o papel estrat\u00e9gico da neurodiversidade para transformar a cultura organizacional.\",\"breadcrumb\":{\"@id\":\"https:\/\/www.fiemg.com.br\/fiemg\/noticias\/fiemg-promove-evento-sobre-o-valor-da-neurodiversidade-nas-organizacoes\/#breadcrumb\"},\"inLanguage\":\"pt-BR\",\"potentialAction\":[{\"@type\":\"ReadAction\",\"target\":[\"https:\/\/www.fiemg.com.br\/fiemg\/noticias\/fiemg-promove-evento-sobre-o-valor-da-neurodiversidade-nas-organizacoes\/\"]}]},{\"@type\":\"ImageObject\",\"inLanguage\":\"pt-BR\",\"@id\":\"https:\/\/www.fiemg.com.br\/fiemg\/noticias\/fiemg-promove-evento-sobre-o-valor-da-neurodiversidade-nas-organizacoes\/#primaryimage\",\"url\":\"https:\/\/www.fiemg.com.br\/fiemg\/wp-content\/uploads\/sites\/10\/2025\/09\/INDUSTRIA-RESPONSAVEL-1.png\",\"contentUrl\":\"https:\/\/www.fiemg.com.br\/fiemg\/wp-content\/uploads\/sites\/10\/2025\/09\/INDUSTRIA-RESPONSAVEL-1.png\",\"width\":520,\"height\":493},{\"@type\":\"BreadcrumbList\",\"@id\":\"https:\/\/www.fiemg.com.br\/fiemg\/noticias\/fiemg-promove-evento-sobre-o-valor-da-neurodiversidade-nas-organizacoes\/#breadcrumb\",\"itemListElement\":[{\"@type\":\"ListItem\",\"position\":1,\"name\":\"In\u00edcio\",\"item\":\"https:\/\/www.fiemg.com.br\/fiemg\/\"},{\"@type\":\"ListItem\",\"position\":2,\"name\":\"FIEMG promove evento sobre o valor da neurodiversidade nas organiza\u00e7\u00f5es\"}]},{\"@type\":\"WebSite\",\"@id\":\"https:\/\/www.fiemg.com.br\/fiemg\/#website\",\"url\":\"https:\/\/www.fiemg.com.br\/fiemg\/\",\"name\":\"FIEMG\",\"description\":\"Federa\u00e7\u00e3o das Ind\u00fastrias do Estado de Minas Gerais\",\"publisher\":{\"@id\":\"https:\/\/www.fiemg.com.br\/fiemg\/#organization\"},\"potentialAction\":[{\"@type\":\"SearchAction\",\"target\":{\"@type\":\"EntryPoint\",\"urlTemplate\":\"https:\/\/www.fiemg.com.br\/fiemg\/?s={search_term_string}\"},\"query-input\":{\"@type\":\"PropertyValueSpecification\",\"valueRequired\":true,\"valueName\":\"search_term_string\"}}],\"inLanguage\":\"pt-BR\"},{\"@type\":\"Organization\",\"@id\":\"https:\/\/www.fiemg.com.br\/fiemg\/#organization\",\"name\":\"FIEMG\",\"url\":\"https:\/\/www.fiemg.com.br\/fiemg\/\",\"logo\":{\"@type\":\"ImageObject\",\"inLanguage\":\"pt-BR\",\"@id\":\"https:\/\/www.fiemg.com.br\/fiemg\/#\/schema\/logo\/image\/\",\"url\":\"https:\/\/www.fiemg.com.br\/fiemg\/wp-content\/uploads\/sites\/10\/2023\/02\/fiemg_branco.svg\",\"contentUrl\":\"https:\/\/www.fiemg.com.br\/fiemg\/wp-content\/uploads\/sites\/10\/2023\/02\/fiemg_branco.svg\",\"width\":561,\"height\":147,\"caption\":\"FIEMG\"},\"image\":{\"@id\":\"https:\/\/www.fiemg.com.br\/fiemg\/#\/schema\/logo\/image\/\"}}]}<\/script>\n<!-- \/ Yoast SEO plugin. -->","yoast_head_json":{"title":"FIEMG promove evento sobre o valor da neurodiversidade nas organiza\u00e7\u00f5es - FIEMG","description":"Encontro destaca o papel estrat\u00e9gico da neurodiversidade para transformar a cultura organizacional.","robots":{"index":"index","follow":"follow","max-snippet":"max-snippet:-1","max-image-preview":"max-image-preview:large","max-video-preview":"max-video-preview:-1"},"canonical":"https:\/\/www.fiemg.com.br\/fiemg\/noticias\/fiemg-promove-evento-sobre-o-valor-da-neurodiversidade-nas-organizacoes\/","og_locale":"pt_BR","og_type":"article","og_title":"FIEMG promove evento sobre o valor da neurodiversidade nas organiza\u00e7\u00f5es - FIEMG","og_description":"Encontro destaca o papel estrat\u00e9gico da neurodiversidade para transformar a cultura organizacional.","og_url":"https:\/\/www.fiemg.com.br\/fiemg\/noticias\/fiemg-promove-evento-sobre-o-valor-da-neurodiversidade-nas-organizacoes\/","og_site_name":"FIEMG","article_modified_time":"2025-09-16T13:16:17+00:00","og_image":[{"width":520,"height":493,"url":"https:\/\/www.fiemg.com.br\/fiemg\/wp-content\/uploads\/sites\/10\/2025\/09\/INDUSTRIA-RESPONSAVEL-1.png","type":"image\/png"}],"twitter_card":"summary_large_image","twitter_misc":{"Est. tempo de leitura":"2 minutos"},"schema":{"@context":"https:\/\/schema.org","@graph":[{"@type":"WebPage","@id":"https:\/\/www.fiemg.com.br\/fiemg\/noticias\/fiemg-promove-evento-sobre-o-valor-da-neurodiversidade-nas-organizacoes\/","url":"https:\/\/www.fiemg.com.br\/fiemg\/noticias\/fiemg-promove-evento-sobre-o-valor-da-neurodiversidade-nas-organizacoes\/","name":"FIEMG promove evento sobre o valor da neurodiversidade nas organiza\u00e7\u00f5es - FIEMG","isPartOf":{"@id":"https:\/\/www.fiemg.com.br\/fiemg\/#website"},"primaryImageOfPage":{"@id":"https:\/\/www.fiemg.com.br\/fiemg\/noticias\/fiemg-promove-evento-sobre-o-valor-da-neurodiversidade-nas-organizacoes\/#primaryimage"},"image":{"@id":"https:\/\/www.fiemg.com.br\/fiemg\/noticias\/fiemg-promove-evento-sobre-o-valor-da-neurodiversidade-nas-organizacoes\/#primaryimage"},"thumbnailUrl":"https:\/\/www.fiemg.com.br\/fiemg\/wp-content\/uploads\/sites\/10\/2025\/09\/INDUSTRIA-RESPONSAVEL-1.png","datePublished":"2025-09-16T13:16:14+00:00","dateModified":"2025-09-16T13:16:17+00:00","description":"Encontro destaca o papel estrat\u00e9gico da neurodiversidade para transformar a cultura organizacional.","breadcrumb":{"@id":"https:\/\/www.fiemg.com.br\/fiemg\/noticias\/fiemg-promove-evento-sobre-o-valor-da-neurodiversidade-nas-organizacoes\/#breadcrumb"},"inLanguage":"pt-BR","potentialAction":[{"@type":"ReadAction","target":["https:\/\/www.fiemg.com.br\/fiemg\/noticias\/fiemg-promove-evento-sobre-o-valor-da-neurodiversidade-nas-organizacoes\/"]}]},{"@type":"ImageObject","inLanguage":"pt-BR","@id":"https:\/\/www.fiemg.com.br\/fiemg\/noticias\/fiemg-promove-evento-sobre-o-valor-da-neurodiversidade-nas-organizacoes\/#primaryimage","url":"https:\/\/www.fiemg.com.br\/fiemg\/wp-content\/uploads\/sites\/10\/2025\/09\/INDUSTRIA-RESPONSAVEL-1.png","contentUrl":"https:\/\/www.fiemg.com.br\/fiemg\/wp-content\/uploads\/sites\/10\/2025\/09\/INDUSTRIA-RESPONSAVEL-1.png","width":520,"height":493},{"@type":"BreadcrumbList","@id":"https:\/\/www.fiemg.com.br\/fiemg\/noticias\/fiemg-promove-evento-sobre-o-valor-da-neurodiversidade-nas-organizacoes\/#breadcrumb","itemListElement":[{"@type":"ListItem","position":1,"name":"In\u00edcio","item":"https:\/\/www.fiemg.com.br\/fiemg\/"},{"@type":"ListItem","position":2,"name":"FIEMG promove evento sobre o valor da neurodiversidade nas organiza\u00e7\u00f5es"}]},{"@type":"WebSite","@id":"https:\/\/www.fiemg.com.br\/fiemg\/#website","url":"https:\/\/www.fiemg.com.br\/fiemg\/","name":"FIEMG","description":"Federa\u00e7\u00e3o das Ind\u00fastrias do Estado de Minas Gerais","publisher":{"@id":"https:\/\/www.fiemg.com.br\/fiemg\/#organization"},"potentialAction":[{"@type":"SearchAction","target":{"@type":"EntryPoint","urlTemplate":"https:\/\/www.fiemg.com.br\/fiemg\/?s={search_term_string}"},"query-input":{"@type":"PropertyValueSpecification","valueRequired":true,"valueName":"search_term_string"}}],"inLanguage":"pt-BR"},{"@type":"Organization","@id":"https:\/\/www.fiemg.com.br\/fiemg\/#organization","name":"FIEMG","url":"https:\/\/www.fiemg.com.br\/fiemg\/","logo":{"@type":"ImageObject","inLanguage":"pt-BR","@id":"https:\/\/www.fiemg.com.br\/fiemg\/#\/schema\/logo\/image\/","url":"https:\/\/www.fiemg.com.br\/fiemg\/wp-content\/uploads\/sites\/10\/2023\/02\/fiemg_branco.svg","contentUrl":"https:\/\/www.fiemg.com.br\/fiemg\/wp-content\/uploads\/sites\/10\/2023\/02\/fiemg_branco.svg","width":561,"height":147,"caption":"FIEMG"},"image":{"@id":"https:\/\/www.fiemg.com.br\/fiemg\/#\/schema\/logo\/image\/"}}]}},"_links":{"self":[{"href":"https:\/\/www.fiemg.com.br\/fiemg\/wp-json\/wp\/v2\/noticias\/9594","targetHints":{"allow":["GET"]}}],"collection":[{"href":"https:\/\/www.fiemg.com.br\/fiemg\/wp-json\/wp\/v2\/noticias"}],"about":[{"href":"https:\/\/www.fiemg.com.br\/fiemg\/wp-json\/wp\/v2\/types\/noticias"}],"wp:featuredmedia":[{"embeddable":true,"href":"https:\/\/www.fiemg.com.br\/fiemg\/wp-json\/wp\/v2\/media\/9595"}],"wp:attachment":[{"href":"https:\/\/www.fiemg.com.br\/fiemg\/wp-json\/wp\/v2\/media?parent=9594"}],"wp:term":[{"taxonomy":"category","embeddable":true,"href":"https:\/\/www.fiemg.com.br\/fiemg\/wp-json\/wp\/v2\/categories?post=9594"},{"taxonomy":"post_tag","embeddable":true,"href":"https:\/\/www.fiemg.com.br\/fiemg\/wp-json\/wp\/v2\/tags?post=9594"}],"curies":[{"name":"wp","href":"https:\/\/api.w.org\/{rel}","templated":true}]}}